{"id":34322,"date":"2017-06-19T14:00:55","date_gmt":"2017-06-19T12:00:55","guid":{"rendered":"http:\/\/www.wallendorff.com\/belogue\/?p=34322"},"modified":"2017-06-19T14:00:55","modified_gmt":"2017-06-19T12:00:55","slug":"into-the-wide-98-99","status":"publish","type":"post","link":"https:\/\/www.wallendorff.com\/belogue\/2017\/06\/19\/into-the-wide-98-99\/","title":{"rendered":"Into the wide #98, 99."},"content":{"rendered":"\n<div id=\"photo\">\n<p><img decoding=\"async\" src=\"https:\/\/www.wallendorff.com\/belogue\/wp-content\/uploads\/2017\/06\/20170619-01.jpg\"><br \/>\nSlottsparken, Oslo, 6 mai.<\/p>\n<\/div>\n<div id=\"photo2\">\n<p><img decoding=\"async\" src=\"https:\/\/www.wallendorff.com\/belogue\/wp-content\/uploads\/2017\/06\/20170619-02.jpg\"><\/p>\n<\/div>\n<div id=\"bandeson\">\n<p><img decoding=\"async\" src=\"https:\/\/www.wallendorff.com\/belogue\/photo\/pochettes\/r\/royal_blood-how_did_we_get_so_dark.jpg\" align=\"left\" \/><a style=\"font-weight:normal\" id=\"lienmp3\" href=\"#\"><em>Sleep<\/em><\/a><br \/>\n<a href=\"https:\/\/www.royalbloodband.com\">Royal Blood<\/a><\/p>\n<\/div>\n","protected":false},"excerpt":{"rendered":"<p>Slottsparken, Oslo, 6 mai. Sleep Royal Blood<\/p>\n","protected":false},"author":1,"featured_media":34328,"comment_status":"open","ping_status":"open","sticky":false,"template":"","format":"standard","meta":{"_acf_changed":false,"ngg_post_thumbnail":0,"jetpack_post_was_ever_published":false,"_jetpack_newsletter_access":"","_jetpack_dont_email_post_to_subs":false,"_jetpack_newsletter_tier_id":0,"_jetpack_memberships_contains_paywalled_content":false,"_jetpack_memberships_contains_paid_content":false,"footnotes":"","jetpack_publicize_message":"","jetpack_publicize_feature_enabled":true,"jetpack_social_post_already_shared":true,"jetpack_social_options":{"image_generator_settings":{"template":"highway","default_image_id":0,"font":"","enabled":false},"version":2}},"categories":[7356],"tags":[8170,8351,13825,10326,4026,2357,2398,13926,11323,10592,2624,10227,10687,13879],"class_list":["post-34322","post","type-post","status-publish","format-standard","has-post-thumbnail","hentry","category-into-the-wide","tag-ef-24-70-mm-f2-8l-ii-usm","tag-eos-6d","tag-comte-doslo","tag-crepuscule","tag-jean-baptiste-jules-bernadotte","tag-norvege","tag-oslo","tag-palais-royal-doslo","tag-panoramique","tag-pose-longue","tag-slottsparken","tag-statue","tag-statue-equestre","tag-ostlandet"],"acf":[],"geo":{"latitude":59.9165993,"longitude":10.7286968,"description":"Oslo, Oslo, 0908, NO"},"jetpack_publicize_connections":[],"jetpack_featured_media_url":"https:\/\/www.wallendorff.com\/belogue\/wp-content\/uploads\/2017\/06\/20170619-01.jpg","jetpack_shortlink":"https:\/\/wp.me\/p3b35P-8VA","jetpack_sharing_enabled":true,"jetpack-related-posts":[{"id":3706,"url":"https:\/\/www.wallendorff.com\/belogue\/2008\/12\/24\/wide-awake-in-a-mere-ricard\/","url_meta":{"origin":34322,"position":0},"title":"Wide awake in a mere Ricard.","author":"dpc","date":"24 d\u00e9cembre 2008","format":false,"excerpt":"Slottsparken, Oslo, 18 novembre. Dans la longue liste de d\u00e9fauts qui m'affectent, figure en bonne place la sale manie de r\u00e9\u00e9couter de vieux U2 d\u00e8s qu'un semblant d'hiver fait mine de se montrer. U2 \u2013 Bad (live)","rel":"","context":"Dans &quot;DPC&quot;","block_context":{"text":"DPC","link":"https:\/\/www.wallendorff.com\/belogue\/category\/dpc\/"},"img":{"alt_text":"","src":"https:\/\/i0.wp.com\/www.wallendorff.com\/belogue\/wp-content\/uploads\/2015\/04\/200812241.jpg?resize=350%2C200&ssl=1","width":350,"height":200,"srcset":"https:\/\/i0.wp.com\/www.wallendorff.com\/belogue\/wp-content\/uploads\/2015\/04\/200812241.jpg?resize=350%2C200&ssl=1 1x, https:\/\/i0.wp.com\/www.wallendorff.com\/belogue\/wp-content\/uploads\/2015\/04\/200812241.jpg?resize=525%2C300&ssl=1 1.5x, https:\/\/i0.wp.com\/www.wallendorff.com\/belogue\/wp-content\/uploads\/2015\/04\/200812241.jpg?resize=700%2C400&ssl=1 2x"},"classes":[]},{"id":34315,"url":"https:\/\/www.wallendorff.com\/belogue\/2017\/06\/16\/les-yeux-dans-le-bleu\/","url_meta":{"origin":34322,"position":1},"title":"Les yeux dans le bleu.","author":"dpc","date":"16 juin 2017","format":false,"excerpt":"Op\u00e9ra d'Oslo, 6 mai. Oh Woman, Oh ManLondon Grammar","rel":"","context":"Dans &quot;DPC&quot;","block_context":{"text":"DPC","link":"https:\/\/www.wallendorff.com\/belogue\/category\/dpc\/"},"img":{"alt_text":"","src":"https:\/\/i0.wp.com\/www.wallendorff.com\/belogue\/wp-content\/uploads\/2017\/06\/20170616.jpg?resize=350%2C200&ssl=1","width":350,"height":200,"srcset":"https:\/\/i0.wp.com\/www.wallendorff.com\/belogue\/wp-content\/uploads\/2017\/06\/20170616.jpg?resize=350%2C200&ssl=1 1x, https:\/\/i0.wp.com\/www.wallendorff.com\/belogue\/wp-content\/uploads\/2017\/06\/20170616.jpg?resize=525%2C300&ssl=1 1.5x"},"classes":[]},{"id":34341,"url":"https:\/\/www.wallendorff.com\/belogue\/2017\/06\/22\/into-the-wide-101\/","url_meta":{"origin":34322,"position":2},"title":"Into the wide #101.","author":"dpc","date":"22 juin 2017","format":false,"excerpt":"Parlement de Norv\u00e8ge, Oslo, 6 mai. Adeline\u0394","rel":"","context":"Dans &quot;Into the wide&quot;","block_context":{"text":"Into the wide","link":"https:\/\/www.wallendorff.com\/belogue\/category\/into-the-wide\/"},"img":{"alt_text":"","src":"https:\/\/i0.wp.com\/www.wallendorff.com\/belogue\/wp-content\/uploads\/2017\/06\/20170622.jpg?resize=350%2C200&ssl=1","width":350,"height":200,"srcset":"https:\/\/i0.wp.com\/www.wallendorff.com\/belogue\/wp-content\/uploads\/2017\/06\/20170622.jpg?resize=350%2C200&ssl=1 1x, https:\/\/i0.wp.com\/www.wallendorff.com\/belogue\/wp-content\/uploads\/2017\/06\/20170622.jpg?resize=525%2C300&ssl=1 1.5x, https:\/\/i0.wp.com\/www.wallendorff.com\/belogue\/wp-content\/uploads\/2017\/06\/20170622.jpg?resize=700%2C400&ssl=1 2x, https:\/\/i0.wp.com\/www.wallendorff.com\/belogue\/wp-content\/uploads\/2017\/06\/20170622.jpg?resize=1050%2C600&ssl=1 3x"},"classes":[]},{"id":34346,"url":"https:\/\/www.wallendorff.com\/belogue\/2017\/06\/23\/into-the-wide-102\/","url_meta":{"origin":34322,"position":3},"title":"Into the wide #102.","author":"dpc","date":"23 juin 2017","format":false,"excerpt":"Rosenkrantz' gate, Oslo, 6 mai. Cherrybomb Dan Auerbach","rel":"","context":"Dans &quot;Into the wide&quot;","block_context":{"text":"Into the wide","link":"https:\/\/www.wallendorff.com\/belogue\/category\/into-the-wide\/"},"img":{"alt_text":"","src":"https:\/\/i0.wp.com\/www.wallendorff.com\/belogue\/wp-content\/uploads\/2017\/06\/20170623.jpg?resize=350%2C200&ssl=1","width":350,"height":200,"srcset":"https:\/\/i0.wp.com\/www.wallendorff.com\/belogue\/wp-content\/uploads\/2017\/06\/20170623.jpg?resize=350%2C200&ssl=1 1x, https:\/\/i0.wp.com\/www.wallendorff.com\/belogue\/wp-content\/uploads\/2017\/06\/20170623.jpg?resize=525%2C300&ssl=1 1.5x, https:\/\/i0.wp.com\/www.wallendorff.com\/belogue\/wp-content\/uploads\/2017\/06\/20170623.jpg?resize=700%2C400&ssl=1 2x, https:\/\/i0.wp.com\/www.wallendorff.com\/belogue\/wp-content\/uploads\/2017\/06\/20170623.jpg?resize=1050%2C600&ssl=1 3x"},"classes":[]},{"id":34351,"url":"https:\/\/www.wallendorff.com\/belogue\/2017\/06\/28\/into-the-wide-103\/","url_meta":{"origin":34322,"position":4},"title":"Into the wide #103.","author":"dpc","date":"28 juin 2017","format":false,"excerpt":"Fridtjof Nansens Plass, Oslo, 7 mai. Wait (non-electric) The Kills","rel":"","context":"Dans &quot;Into the wide&quot;","block_context":{"text":"Into the wide","link":"https:\/\/www.wallendorff.com\/belogue\/category\/into-the-wide\/"},"img":{"alt_text":"","src":"https:\/\/i0.wp.com\/www.wallendorff.com\/belogue\/wp-content\/uploads\/2017\/06\/20170628.jpg?resize=350%2C200&ssl=1","width":350,"height":200,"srcset":"https:\/\/i0.wp.com\/www.wallendorff.com\/belogue\/wp-content\/uploads\/2017\/06\/20170628.jpg?resize=350%2C200&ssl=1 1x, https:\/\/i0.wp.com\/www.wallendorff.com\/belogue\/wp-content\/uploads\/2017\/06\/20170628.jpg?resize=525%2C300&ssl=1 1.5x, https:\/\/i0.wp.com\/www.wallendorff.com\/belogue\/wp-content\/uploads\/2017\/06\/20170628.jpg?resize=700%2C400&ssl=1 2x, https:\/\/i0.wp.com\/www.wallendorff.com\/belogue\/wp-content\/uploads\/2017\/06\/20170628.jpg?resize=1050%2C600&ssl=1 3x"},"classes":[]},{"id":34359,"url":"https:\/\/www.wallendorff.com\/belogue\/2017\/07\/03\/chaises-ticulations\/","url_meta":{"origin":34322,"position":5},"title":"Chaises-ticulations.","author":"dpc","date":"3 juillet 2017","format":false,"excerpt":"H\u00f4tel de ville d'Oslo, 8 mai. Ill Ray (The King) Kasabian","rel":"","context":"Dans &quot;DPC&quot;","block_context":{"text":"DPC","link":"https:\/\/www.wallendorff.com\/belogue\/category\/dpc\/"},"img":{"alt_text":"","src":"https:\/\/i0.wp.com\/www.wallendorff.com\/belogue\/wp-content\/uploads\/2017\/07\/20170703.jpg?resize=350%2C200&ssl=1","width":350,"height":200,"srcset":"https:\/\/i0.wp.com\/www.wallendorff.com\/belogue\/wp-content\/uploads\/2017\/07\/20170703.jpg?resize=350%2C200&ssl=1 1x, https:\/\/i0.wp.com\/www.wallendorff.com\/belogue\/wp-content\/uploads\/2017\/07\/20170703.jpg?resize=525%2C300&ssl=1 1.5x, https:\/\/i0.wp.com\/www.wallendorff.com\/belogue\/wp-content\/uploads\/2017\/07\/20170703.jpg?resize=700%2C400&ssl=1 2x"},"classes":[]}],"_links":{"self":[{"href":"https:\/\/www.wallendorff.com\/belogue\/wp-json\/wp\/v2\/posts\/34322","targetHints":{"allow":["GET"]}}],"collection":[{"href":"https:\/\/www.wallendorff.com\/belogue\/wp-json\/wp\/v2\/posts"}],"about":[{"href":"https:\/\/www.wallendorff.com\/belogue\/wp-json\/wp\/v2\/types\/post"}],"author":[{"embeddable":true,"href":"https:\/\/www.wallendorff.com\/belogue\/wp-json\/wp\/v2\/users\/1"}],"replies":[{"embeddable":true,"href":"https:\/\/www.wallendorff.com\/belogue\/wp-json\/wp\/v2\/comments?post=34322"}],"version-history":[{"count":3,"href":"https:\/\/www.wallendorff.com\/belogue\/wp-json\/wp\/v2\/posts\/34322\/revisions"}],"predecessor-version":[{"id":34330,"href":"https:\/\/www.wallendorff.com\/belogue\/wp-json\/wp\/v2\/posts\/34322\/revisions\/34330"}],"wp:featuredmedia":[{"embeddable":true,"href":"https:\/\/www.wallendorff.com\/belogue\/wp-json\/wp\/v2\/media\/34328"}],"wp:attachment":[{"href":"https:\/\/www.wallendorff.com\/belogue\/wp-json\/wp\/v2\/media?parent=34322"}],"wp:term":[{"taxonomy":"category","embeddable":true,"href":"https:\/\/www.wallendorff.com\/belogue\/wp-json\/wp\/v2\/categories?post=34322"},{"taxonomy":"post_tag","embeddable":true,"href":"https:\/\/www.wallendorff.com\/belogue\/wp-json\/wp\/v2\/tags?post=34322"}],"curies":[{"name":"wp","href":"https:\/\/api.w.org\/{rel}","templated":true}]}}