{"id":34132,"date":"2017-06-02T13:59:00","date_gmt":"2017-06-02T11:59:00","guid":{"rendered":"http:\/\/www.wallendorff.com\/belogue\/?p=34132"},"modified":"2018-05-23T08:19:38","modified_gmt":"2018-05-23T06:19:38","slug":"rade-et-paquerettes","status":"publish","type":"post","link":"https:\/\/www.wallendorff.com\/belogue\/2017\/06\/02\/rade-et-paquerettes\/","title":{"rendered":"Rade et p\u00e2querettes."},"content":{"rendered":"\n<div id=\"photo\">\n<p><img decoding=\"async\" src=\"https:\/\/www.wallendorff.com\/belogue\/wp-content\/uploads\/2017\/06\/20170602.jpg\"><br \/>\nPointe du Raz, 14 avril.<\/p>\n<\/p><\/div>\n<div id=\"bandeson\">\n<p><img decoding=\"async\" src=\"https:\/\/www.wallendorff.com\/belogue\/photo\/pochettes\/p\/pwr_bttm-pageant.jpg\" align=\"left\" \/><a style=\"font-weight:normal\" id=\"lienmp3\" a href=\"http:\/\/www.youtube.com\/watch?v=YeUicPiT82g\"><em>Big Beautiful Day<\/em><\/a><br \/>\n<a href=\"https:\/\/pwrbttmband.com\/\">PWR BTTM<\/a><\/p>\n<\/div>\n","protected":false},"excerpt":{"rendered":"<p>Pointe du Raz, 14 avril. Big Beautiful Day PWR BTTM<\/p>\n","protected":false},"author":1,"featured_media":34133,"comment_status":"open","ping_status":"open","sticky":false,"template":"","format":"standard","meta":{"_acf_changed":false,"ngg_post_thumbnail":0,"jetpack_post_was_ever_published":false,"_jetpack_newsletter_access":"","_jetpack_dont_email_post_to_subs":false,"_jetpack_newsletter_tier_id":0,"_jetpack_memberships_contains_paywalled_content":false,"_jetpack_memberships_contains_paid_content":false,"footnotes":"","jetpack_publicize_message":"","jetpack_publicize_feature_enabled":true,"jetpack_social_post_already_shared":true,"jetpack_social_options":{"image_generator_settings":{"template":"highway","default_image_id":0,"font":"","enabled":false},"version":2}},"categories":[3],"tags":[13788,10791,8751,8351,10311,4157,10120,10483,4163,14390,10817,4216,4176,13787],"class_list":["post-34132","post","type-post","status-publish","format-standard","has-post-thumbnail","hentry","category-dpc","tag-big-beautiful-day","tag-bretagne","tag-ef-70-300mm-f4-5-6-is-usm","tag-eos-6d","tag-dos","tag-finistere","tag-france","tag-mer","tag-ocean-atlantique","tag-pageant","tag-phare","tag-phare-de-la-vieille","tag-pointe-du-raz","tag-pwr-bttm"],"acf":[],"geo":{"latitude":48.0397949,"longitude":-4.7379398,"description":null},"jetpack_publicize_connections":[],"jetpack_featured_media_url":"https:\/\/www.wallendorff.com\/belogue\/wp-content\/uploads\/2017\/06\/20170602.jpg","jetpack_shortlink":"https:\/\/wp.me\/p3b35P-8Sw","jetpack_sharing_enabled":true,"jetpack-related-posts":[{"id":33986,"url":"https:\/\/www.wallendorff.com\/belogue\/2017\/04\/30\/avril-2017\/","url_meta":{"origin":34132,"position":0},"title":"Avril 2017.","author":"dpc","date":"30 avril 2017","format":false,"excerpt":"Un bar, un enfant, un Bercy, des coulisses, un chat pr\u00e9nomm\u00e9 Clyst\u00e8re, un concert, un concours de vin, un cr\u00e9puscule, un bar \u00e0 cocktail, un anniversaire, un train, un th\u00e9\u00e2tre, un num\u00e9ro, une pointe, un champ, un phare, un J\u00e9sus, une grosse bo\u00eete, une pointe, un phare, un graffiti, des\u2026","rel":"","context":"Dans &quot;Blog-note&quot;","block_context":{"text":"Blog-note","link":"https:\/\/www.wallendorff.com\/belogue\/category\/blog-note\/"},"img":{"alt_text":"","src":"https:\/\/i0.wp.com\/www.wallendorff.com\/belogue\/wp-content\/uploads\/2017\/04\/20170516-30.jpg?resize=350%2C200&ssl=1","width":350,"height":200,"srcset":"https:\/\/i0.wp.com\/www.wallendorff.com\/belogue\/wp-content\/uploads\/2017\/04\/20170516-30.jpg?resize=350%2C200&ssl=1 1x, https:\/\/i0.wp.com\/www.wallendorff.com\/belogue\/wp-content\/uploads\/2017\/04\/20170516-30.jpg?resize=525%2C300&ssl=1 1.5x, https:\/\/i0.wp.com\/www.wallendorff.com\/belogue\/wp-content\/uploads\/2017\/04\/20170516-30.jpg?resize=700%2C400&ssl=1 2x"},"classes":[]},{"id":9047,"url":"https:\/\/www.wallendorff.com\/belogue\/2010\/09\/16\/mire-ou-menent-iles\/","url_meta":{"origin":34132,"position":1},"title":"Mire o\u00f9 m\u00e8nent \u00eeles.","author":"dpc","date":"16 septembre 2010","format":false,"excerpt":"Pointe du Raz, 24 juillet. Mission accomplie. \u00a0Sad Day for Puppets \u2013 Tingle in My Hand","rel":"","context":"Dans &quot;DPC&quot;","block_context":{"text":"DPC","link":"https:\/\/www.wallendorff.com\/belogue\/category\/dpc\/"},"img":{"alt_text":"","src":"https:\/\/i0.wp.com\/www.wallendorff.com\/belogue\/wp-content\/uploads\/2015\/04\/201009161.jpg?resize=350%2C200&ssl=1","width":350,"height":200,"srcset":"https:\/\/i0.wp.com\/www.wallendorff.com\/belogue\/wp-content\/uploads\/2015\/04\/201009161.jpg?resize=350%2C200&ssl=1 1x, https:\/\/i0.wp.com\/www.wallendorff.com\/belogue\/wp-content\/uploads\/2015\/04\/201009161.jpg?resize=525%2C300&ssl=1 1.5x, https:\/\/i0.wp.com\/www.wallendorff.com\/belogue\/wp-content\/uploads\/2015\/04\/201009161.jpg?resize=700%2C400&ssl=1 2x"},"classes":[]},{"id":13290,"url":"https:\/\/www.wallendorff.com\/belogue\/2011\/09\/20\/phare-y-tasse1\/","url_meta":{"origin":34132,"position":2},"title":"Phare, y tasse1.","author":"dpc","date":"20 septembre 2011","format":false,"excerpt":"Penfret, 6 ao\u00fbt. ... Ou Guiriden, 6 ao\u00fbt, peut-\u00eatre, parce que s'il s'agit bien d'une photo de Penfret, elle a \u00e9t\u00e9 prise de Guiriden. Ce qui nous plonge dans le m\u00eame d\u00e9bat cosmique que l'ann\u00e9e derni\u00e8re avec la pointe du Van et la pointe du Raz [mais avec pas le\u2026","rel":"","context":"Dans &quot;DPC&quot;","block_context":{"text":"DPC","link":"https:\/\/www.wallendorff.com\/belogue\/category\/dpc\/"},"img":{"alt_text":"","src":"https:\/\/i0.wp.com\/www.wallendorff.com\/belogue\/wp-content\/uploads\/2015\/04\/201109201.jpg?resize=350%2C200&ssl=1","width":350,"height":200},"classes":[]},{"id":9041,"url":"https:\/\/www.wallendorff.com\/belogue\/2010\/09\/15\/mont-galets\/","url_meta":{"origin":34132,"position":3},"title":"Mont-galets.","author":"dpc","date":"15 septembre 2010","format":false,"excerpt":"Pointe du Raz, 24 juillet. Un tel choix de titre apr\u00e8s celui-l\u00e0 m'oblige donc \u00e0 trouver un troisi\u00e8me jeu de mot en station de m\u00e9tro pour demain parce que jamais deux sans trois [mais tout le temps un sans deux, paradoxalement]. Ahah tellement trop facile, vous imaginez pas comme tout\u2026","rel":"","context":"Dans &quot;DPC&quot;","block_context":{"text":"DPC","link":"https:\/\/www.wallendorff.com\/belogue\/category\/dpc\/"},"img":{"alt_text":"","src":"https:\/\/i0.wp.com\/www.wallendorff.com\/belogue\/wp-content\/uploads\/2015\/04\/201009151.jpg?resize=350%2C200&ssl=1","width":350,"height":200},"classes":[]},{"id":8766,"url":"https:\/\/www.wallendorff.com\/belogue\/2010\/09\/08\/raz-vire-a-van-rave-hein\/","url_meta":{"origin":34132,"position":4},"title":"Raz vire \u00e0 Van rave, hein.","author":"dpc","date":"8 septembre 2010","format":false,"excerpt":"Pointe du Raz, 24 juillet. Ou pointe du Van aussi. Le probl\u00e8me avec les t\u00e9l\u00e9objectifs qui zoument loin loin c'est que vient un moment o\u00f9 l'on se trouve avec une telle distance entre le l\u00e0 o\u00f9 vont les yeux et le l\u00e0 o\u00f9 restent les pieds que l'on ne sait\u2026","rel":"","context":"Dans &quot;DPC&quot;","block_context":{"text":"DPC","link":"https:\/\/www.wallendorff.com\/belogue\/category\/dpc\/"},"img":{"alt_text":"","src":"https:\/\/i0.wp.com\/www.wallendorff.com\/belogue\/wp-content\/uploads\/2015\/04\/201009081.jpg?resize=350%2C200&ssl=1","width":350,"height":200},"classes":[]},{"id":36843,"url":"https:\/\/www.wallendorff.com\/belogue\/2017\/12\/30\/2017-en-3\/","url_meta":{"origin":34132,"position":5},"title":"2017 en&#8230; #3.","author":"dpc","date":"30 d\u00e9cembre 2017","format":false,"excerpt":"2017 en 20 bandes-sons. \u00a0Nothing to Find The War on Drugs A Deeper Understanding, 25 ao\u00fbt [en photo \u2192] \u00a0 \u00a0Yuk Foo Wolf Alice Visions of a Life, 29 septembre \u00a0 \u00a0 \u00a0Stoned and Alone Findlay Forgotten Pleasures, 3 mars [en photo \u2192] \u00a0 \u00a0Arc of Bar Japandroids Near to\u2026","rel":"","context":"Dans &quot;DPC&quot;","block_context":{"text":"DPC","link":"https:\/\/www.wallendorff.com\/belogue\/category\/dpc\/"},"img":{"alt_text":"","src":"https:\/\/i0.wp.com\/www.wallendorff.com\/belogue\/wp-content\/uploads\/2017\/12\/20171230.png?resize=350%2C200&ssl=1","width":350,"height":200,"srcset":"https:\/\/i0.wp.com\/www.wallendorff.com\/belogue\/wp-content\/uploads\/2017\/12\/20171230.png?resize=350%2C200&ssl=1 1x, https:\/\/i0.wp.com\/www.wallendorff.com\/belogue\/wp-content\/uploads\/2017\/12\/20171230.png?resize=525%2C300&ssl=1 1.5x, https:\/\/i0.wp.com\/www.wallendorff.com\/belogue\/wp-content\/uploads\/2017\/12\/20171230.png?resize=700%2C400&ssl=1 2x, https:\/\/i0.wp.com\/www.wallendorff.com\/belogue\/wp-content\/uploads\/2017\/12\/20171230.png?resize=1050%2C600&ssl=1 3x"},"classes":[]}],"_links":{"self":[{"href":"https:\/\/www.wallendorff.com\/belogue\/wp-json\/wp\/v2\/posts\/34132","targetHints":{"allow":["GET"]}}],"collection":[{"href":"https:\/\/www.wallendorff.com\/belogue\/wp-json\/wp\/v2\/posts"}],"about":[{"href":"https:\/\/www.wallendorff.com\/belogue\/wp-json\/wp\/v2\/types\/post"}],"author":[{"embeddable":true,"href":"https:\/\/www.wallendorff.com\/belogue\/wp-json\/wp\/v2\/users\/1"}],"replies":[{"embeddable":true,"href":"https:\/\/www.wallendorff.com\/belogue\/wp-json\/wp\/v2\/comments?post=34132"}],"version-history":[{"count":3,"href":"https:\/\/www.wallendorff.com\/belogue\/wp-json\/wp\/v2\/posts\/34132\/revisions"}],"predecessor-version":[{"id":34136,"href":"https:\/\/www.wallendorff.com\/belogue\/wp-json\/wp\/v2\/posts\/34132\/revisions\/34136"}],"wp:featuredmedia":[{"embeddable":true,"href":"https:\/\/www.wallendorff.com\/belogue\/wp-json\/wp\/v2\/media\/34133"}],"wp:attachment":[{"href":"https:\/\/www.wallendorff.com\/belogue\/wp-json\/wp\/v2\/media?parent=34132"}],"wp:term":[{"taxonomy":"category","embeddable":true,"href":"https:\/\/www.wallendorff.com\/belogue\/wp-json\/wp\/v2\/categories?post=34132"},{"taxonomy":"post_tag","embeddable":true,"href":"https:\/\/www.wallendorff.com\/belogue\/wp-json\/wp\/v2\/tags?post=34132"}],"curies":[{"name":"wp","href":"https:\/\/api.w.org\/{rel}","templated":true}]}}