{"id":34126,"date":"2017-06-01T15:47:06","date_gmt":"2017-06-01T13:47:06","guid":{"rendered":"http:\/\/www.wallendorff.com\/belogue\/?p=34126"},"modified":"2018-05-23T08:19:38","modified_gmt":"2018-05-23T06:19:38","slug":"greve-de-la-fin-2","status":"publish","type":"post","link":"https:\/\/www.wallendorff.com\/belogue\/2017\/06\/01\/greve-de-la-fin-2\/","title":{"rendered":"Gr\u00e8ve de la fin."},"content":{"rendered":"\n<div id=\"photo\">\n<p><img decoding=\"async\" src=\"https:\/\/www.wallendorff.com\/belogue\/wp-content\/uploads\/2017\/06\/20170601.jpg\"><br \/>\nPhare d&rsquo;Eckm\u00fchl, Penmac&rsquo;h, 14 avril.<\/p>\n<\/p><\/div>\n<div id=\"bandeson\">\n<p><img decoding=\"async\" src=\"https:\/\/www.wallendorff.com\/belogue\/photo\/pochettes\/a\/auerbach_dan-waiting_on_a_song.jpg\" align=\"left\" \/><a style=\"font-weight:normal\" id=\"lienmp3\" href=\"http:\/\/www.youtube.com\/watch?v=FfVRCDb0G8Q\"><em>Shine on Me<\/em><\/a><br \/>\n<a href=\"#\">Dan Auerbach<\/a><\/p>\n<\/div>\n","protected":false},"excerpt":{"rendered":"<p>Phare d&rsquo;Eckm\u00fchl, Penmac&rsquo;h, 14 avril. Shine on Me Dan Auerbach<\/p>\n","protected":false},"author":1,"featured_media":34127,"comment_status":"open","ping_status":"open","sticky":false,"template":"","format":"standard","meta":{"_acf_changed":false,"ngg_post_thumbnail":0,"jetpack_post_was_ever_published":false,"_jetpack_newsletter_access":"","_jetpack_dont_email_post_to_subs":false,"_jetpack_newsletter_tier_id":0,"_jetpack_memberships_contains_paywalled_content":false,"_jetpack_memberships_contains_paid_content":false,"footnotes":"","jetpack_publicize_message":"","jetpack_publicize_feature_enabled":true,"jetpack_social_post_already_shared":true,"jetpack_social_options":{"image_generator_settings":{"template":"highway","default_image_id":0,"font":"","enabled":false},"version":2}},"categories":[3],"tags":[10791,8170,8351,10511,4157,10120,10483,5221,5217,10714,13786,14397],"class_list":["post-34126","post","type-post","status-publish","format-standard","has-post-thumbnail","hentry","category-dpc","tag-bretagne","tag-ef-24-70-mm-f2-8l-ii-usm","tag-eos-6d","tag-dan-auerbach","tag-finistere","tag-france","tag-mer","tag-penmach","tag-phare-deckmuhl","tag-plage","tag-shine-on-me","tag-waiting-on-a-song-album"],"acf":[],"geo":{"latitude":47.7981911,"longitude":-4.3727651,"description":"Penmarch, Bretagne, 29760, FR"},"jetpack_publicize_connections":[],"jetpack_featured_media_url":"https:\/\/www.wallendorff.com\/belogue\/wp-content\/uploads\/2017\/06\/20170601.jpg","jetpack_shortlink":"https:\/\/wp.me\/p3b35P-8Sq","jetpack_sharing_enabled":true,"jetpack-related-posts":[{"id":34346,"url":"https:\/\/www.wallendorff.com\/belogue\/2017\/06\/23\/into-the-wide-102\/","url_meta":{"origin":34126,"position":0},"title":"Into the wide #102.","author":"dpc","date":"23 juin 2017","format":false,"excerpt":"Rosenkrantz' gate, Oslo, 6 mai. Cherrybomb Dan Auerbach","rel":"","context":"Dans &quot;Into the wide&quot;","block_context":{"text":"Into the wide","link":"https:\/\/www.wallendorff.com\/belogue\/category\/into-the-wide\/"},"img":{"alt_text":"","src":"https:\/\/i0.wp.com\/www.wallendorff.com\/belogue\/wp-content\/uploads\/2017\/06\/20170623.jpg?resize=350%2C200&ssl=1","width":350,"height":200,"srcset":"https:\/\/i0.wp.com\/www.wallendorff.com\/belogue\/wp-content\/uploads\/2017\/06\/20170623.jpg?resize=350%2C200&ssl=1 1x, https:\/\/i0.wp.com\/www.wallendorff.com\/belogue\/wp-content\/uploads\/2017\/06\/20170623.jpg?resize=525%2C300&ssl=1 1.5x, https:\/\/i0.wp.com\/www.wallendorff.com\/belogue\/wp-content\/uploads\/2017\/06\/20170623.jpg?resize=700%2C400&ssl=1 2x, https:\/\/i0.wp.com\/www.wallendorff.com\/belogue\/wp-content\/uploads\/2017\/06\/20170623.jpg?resize=1050%2C600&ssl=1 3x"},"classes":[]},{"id":35263,"url":"https:\/\/www.wallendorff.com\/belogue\/2017\/08\/14\/35263\/","url_meta":{"origin":34126,"position":1},"title":"Into the wide #105.","author":"dpc","date":"14 ao\u00fbt 2017","format":false,"excerpt":"Maria-Theresien-Platz, Vienne, 20 mai. Waiting on a SongDan Auerbach","rel":"","context":"Dans &quot;Into the wide&quot;","block_context":{"text":"Into the wide","link":"https:\/\/www.wallendorff.com\/belogue\/category\/into-the-wide\/"},"img":{"alt_text":"","src":"https:\/\/i0.wp.com\/www.wallendorff.com\/belogue\/wp-content\/uploads\/2017\/08\/20170814.jpg?resize=350%2C200&ssl=1","width":350,"height":200,"srcset":"https:\/\/i0.wp.com\/www.wallendorff.com\/belogue\/wp-content\/uploads\/2017\/08\/20170814.jpg?resize=350%2C200&ssl=1 1x, https:\/\/i0.wp.com\/www.wallendorff.com\/belogue\/wp-content\/uploads\/2017\/08\/20170814.jpg?resize=525%2C300&ssl=1 1.5x, https:\/\/i0.wp.com\/www.wallendorff.com\/belogue\/wp-content\/uploads\/2017\/08\/20170814.jpg?resize=700%2C400&ssl=1 2x"},"classes":[]},{"id":35892,"url":"https:\/\/www.wallendorff.com\/belogue\/2017\/09\/22\/gravit-cimes\/","url_meta":{"origin":34126,"position":2},"title":"Gravit cimes.","author":"dpc","date":"22 septembre 2017","format":false,"excerpt":"H\u00f4tel de Soubise, Paris, 17 juin. Livin' in SinDan Auerbach","rel":"","context":"Dans &quot;DPC&quot;","block_context":{"text":"DPC","link":"https:\/\/www.wallendorff.com\/belogue\/category\/dpc\/"},"img":{"alt_text":"","src":"https:\/\/i0.wp.com\/www.wallendorff.com\/belogue\/wp-content\/uploads\/2017\/09\/20170922.jpg?resize=350%2C200&ssl=1","width":350,"height":200,"srcset":"https:\/\/i0.wp.com\/www.wallendorff.com\/belogue\/wp-content\/uploads\/2017\/09\/20170922.jpg?resize=350%2C200&ssl=1 1x, https:\/\/i0.wp.com\/www.wallendorff.com\/belogue\/wp-content\/uploads\/2017\/09\/20170922.jpg?resize=525%2C300&ssl=1 1.5x"},"classes":[]},{"id":3848,"url":"https:\/\/www.wallendorff.com\/belogue\/2009\/01\/28\/im-a-crypte-i-meus-verte-eau\/","url_meta":{"origin":34126,"position":3},"title":"I&rsquo;m a crypte, I meus verte eau1.","author":"dpc","date":"28 janvier 2009","format":false,"excerpt":"Cimeti\u00e8re du P\u00e8re-Lachaise, Paris, 4 janvier. Dan Auerbach \u2013 The Prowl Creep qui, avec Seven Nation Army, figure parmi ces morceaux que tout le monde aime sauf moi, sans que je puisse l'expliquer. [Dieu que tout cela est encore follement int\u00e9ressant.] _____ 1 Je sais, je devrais avoir honte de\u2026","rel":"","context":"Dans &quot;DPC&quot;","block_context":{"text":"DPC","link":"https:\/\/www.wallendorff.com\/belogue\/category\/dpc\/"},"img":{"alt_text":"","src":"https:\/\/i0.wp.com\/www.wallendorff.com\/belogue\/wp-content\/uploads\/2015\/04\/200901281.jpg?resize=350%2C200&ssl=1","width":350,"height":200},"classes":[]},{"id":20047,"url":"https:\/\/www.wallendorff.com\/belogue\/2013\/01\/08\/phare-away\/","url_meta":{"origin":34126,"position":4},"title":"Phare, away.","author":"dpc","date":"8 janvier 2013","format":false,"excerpt":"Jet\u00e9e des P\u00e2quis, Gen\u00e8ve, 11 novembre 2012. Someone Told Me Jake Bugg","rel":"","context":"Dans &quot;DPC&quot;","block_context":{"text":"DPC","link":"https:\/\/www.wallendorff.com\/belogue\/category\/dpc\/"},"img":{"alt_text":"","src":"https:\/\/i0.wp.com\/www.wallendorff.com\/belogue\/wp-content\/uploads\/2015\/04\/201301081.jpg?resize=350%2C200&ssl=1","width":350,"height":200,"srcset":"https:\/\/i0.wp.com\/www.wallendorff.com\/belogue\/wp-content\/uploads\/2015\/04\/201301081.jpg?resize=350%2C200&ssl=1 1x, https:\/\/i0.wp.com\/www.wallendorff.com\/belogue\/wp-content\/uploads\/2015\/04\/201301081.jpg?resize=525%2C300&ssl=1 1.5x, https:\/\/i0.wp.com\/www.wallendorff.com\/belogue\/wp-content\/uploads\/2015\/04\/201301081.jpg?resize=700%2C400&ssl=1 2x"},"classes":[]},{"id":906,"url":"https:\/\/www.wallendorff.com\/belogue\/2007\/03\/02\/the-black-keys-la-cigale-paris\/","url_meta":{"origin":34126,"position":5},"title":"The Black Keys @ la Cigale, Paris.","author":"dpc","date":"2 mars 2007","format":false,"excerpt":"Bi\u00e8res perdues, cheveux gras \u00e0 perte de vue. Au milieu le duo d'Akron, Ohio, sorte de White Stripes en moins bicolore et moins mammaire. Pendant une heure, Auerbach et Carney d\u00e9roulent un blues bien bien roots qui suinte bon le garage \u2015\u00a0enfin plut\u00f4t l'usine \u00e0 pneus d\u00e9saffect\u00e9e, pour \u00eatre pr\u00e9cis,\u2026","rel":"","context":"Dans &quot;Alive&quot;","block_context":{"text":"Alive","link":"https:\/\/www.wallendorff.com\/belogue\/category\/alive\/"},"img":{"alt_text":"","src":"https:\/\/i0.wp.com\/www.wallendorff.com\/belogue\/wp-content\/uploads\/2015\/04\/200703021.jpg?resize=350%2C200&ssl=1","width":350,"height":200,"srcset":"https:\/\/i0.wp.com\/www.wallendorff.com\/belogue\/wp-content\/uploads\/2015\/04\/200703021.jpg?resize=350%2C200&ssl=1 1x, https:\/\/i0.wp.com\/www.wallendorff.com\/belogue\/wp-content\/uploads\/2015\/04\/200703021.jpg?resize=525%2C300&ssl=1 1.5x, https:\/\/i0.wp.com\/www.wallendorff.com\/belogue\/wp-content\/uploads\/2015\/04\/200703021.jpg?resize=700%2C400&ssl=1 2x"},"classes":[]}],"_links":{"self":[{"href":"https:\/\/www.wallendorff.com\/belogue\/wp-json\/wp\/v2\/posts\/34126","targetHints":{"allow":["GET"]}}],"collection":[{"href":"https:\/\/www.wallendorff.com\/belogue\/wp-json\/wp\/v2\/posts"}],"about":[{"href":"https:\/\/www.wallendorff.com\/belogue\/wp-json\/wp\/v2\/types\/post"}],"author":[{"embeddable":true,"href":"https:\/\/www.wallendorff.com\/belogue\/wp-json\/wp\/v2\/users\/1"}],"replies":[{"embeddable":true,"href":"https:\/\/www.wallendorff.com\/belogue\/wp-json\/wp\/v2\/comments?post=34126"}],"version-history":[{"count":4,"href":"https:\/\/www.wallendorff.com\/belogue\/wp-json\/wp\/v2\/posts\/34126\/revisions"}],"predecessor-version":[{"id":34348,"href":"https:\/\/www.wallendorff.com\/belogue\/wp-json\/wp\/v2\/posts\/34126\/revisions\/34348"}],"wp:featuredmedia":[{"embeddable":true,"href":"https:\/\/www.wallendorff.com\/belogue\/wp-json\/wp\/v2\/media\/34127"}],"wp:attachment":[{"href":"https:\/\/www.wallendorff.com\/belogue\/wp-json\/wp\/v2\/media?parent=34126"}],"wp:term":[{"taxonomy":"category","embeddable":true,"href":"https:\/\/www.wallendorff.com\/belogue\/wp-json\/wp\/v2\/categories?post=34126"},{"taxonomy":"post_tag","embeddable":true,"href":"https:\/\/www.wallendorff.com\/belogue\/wp-json\/wp\/v2\/tags?post=34126"}],"curies":[{"name":"wp","href":"https:\/\/api.w.org\/{rel}","templated":true}]}}