{"id":34091,"date":"2017-05-24T11:32:25","date_gmt":"2017-05-24T09:32:25","guid":{"rendered":"http:\/\/www.wallendorff.com\/belogue\/?p=34091"},"modified":"2018-05-23T08:02:47","modified_gmt":"2018-05-23T06:02:47","slug":"into-the-wide-96","status":"publish","type":"post","link":"https:\/\/www.wallendorff.com\/belogue\/2017\/05\/24\/into-the-wide-96\/","title":{"rendered":"Into the wide #96."},"content":{"rendered":"\n<div id=\"photo\">\n<p><img decoding=\"async\" src=\"https:\/\/www.wallendorff.com\/belogue\/wp-content\/uploads\/2017\/05\/20170524.jpg\"><br \/>\nVoie George-Pompidou, Paris, 5 avril.<\/p>\n<\/div>\n<div id=\"bandeson\">\n<p><img decoding=\"async\" src=\"https:\/\/www.wallendorff.com\/belogue\/photo\/pochettes\/b\/bnqt-volume_1.jpg\" align=\"left\" \/><em>Hey Banana<\/em><br \/>\n<a href=\"http:\/\/bnqtband.wixsite.com\/bnqtband\">BNQT<\/a><\/p>\n<\/div>\n","protected":false},"excerpt":{"rendered":"<p>Voie George-Pompidou, Paris, 5 avril. Hey Banana BNQT<\/p>\n","protected":false},"author":1,"featured_media":34095,"comment_status":"open","ping_status":"open","sticky":false,"template":"","format":"standard","meta":{"_acf_changed":false,"ngg_post_thumbnail":0,"jetpack_post_was_ever_published":false,"_jetpack_newsletter_access":"","_jetpack_dont_email_post_to_subs":false,"_jetpack_newsletter_tier_id":0,"_jetpack_memberships_contains_paywalled_content":false,"_jetpack_memberships_contains_paid_content":false,"footnotes":"","jetpack_publicize_message":"","jetpack_publicize_feature_enabled":true,"jetpack_social_post_already_shared":true,"jetpack_social_options":{"image_generator_settings":{"template":"highway","default_image_id":0,"font":"","enabled":false},"version":2}},"categories":[7356],"tags":[10277,13737,13733,8351,10743,931,10326,10120,13784,10121,11323,10098,10592,13178,11894],"class_list":["post-34091","post","type-post","status-publish","format-standard","has-post-thumbnail","hentry","category-into-the-wide","tag-10277","tag-bnqt","tag-ef-28-mm-f1-8-usm","tag-eos-6d","tag-cathedrale","tag-cathedrale-notre-dame-de-paris","tag-crepuscule","tag-france","tag-hey-banana","tag-ile-de-france","tag-panoramique","tag-paris","tag-pose-longue","tag-quai-aux-fleurs","tag-voie-georges-pompidou"],"acf":[],"geo":{"latitude":48.854847,"longitude":2.3529706,"description":"Paris, \u00cele-de-France, 75020, FR"},"jetpack_publicize_connections":[],"jetpack_featured_media_url":"https:\/\/www.wallendorff.com\/belogue\/wp-content\/uploads\/2017\/05\/20170524.jpg","jetpack_shortlink":"https:\/\/wp.me\/p3b35P-8RR","jetpack_sharing_enabled":true,"jetpack-related-posts":[{"id":36261,"url":"https:\/\/www.wallendorff.com\/belogue\/2017\/11\/04\/bnqt-le-cafe-de-la-danse-paris-30-octobre\/","url_meta":{"origin":34091,"position":0},"title":"BNQT @ le Caf\u00e9 de la Danse, Paris, 30 octobre.","author":"dpc","date":"4 novembre 2017","format":false,"excerpt":"\u00a0 Hey Banana BNQT","rel":"","context":"Dans &quot;Alive&quot;","block_context":{"text":"Alive","link":"https:\/\/www.wallendorff.com\/belogue\/category\/alive\/"},"img":{"alt_text":"","src":"https:\/\/i0.wp.com\/www.wallendorff.com\/belogue\/wp-content\/uploads\/2017\/11\/20171104-10.jpg?resize=350%2C200&ssl=1","width":350,"height":200,"srcset":"https:\/\/i0.wp.com\/www.wallendorff.com\/belogue\/wp-content\/uploads\/2017\/11\/20171104-10.jpg?resize=350%2C200&ssl=1 1x, https:\/\/i0.wp.com\/www.wallendorff.com\/belogue\/wp-content\/uploads\/2017\/11\/20171104-10.jpg?resize=525%2C300&ssl=1 1.5x, https:\/\/i0.wp.com\/www.wallendorff.com\/belogue\/wp-content\/uploads\/2017\/11\/20171104-10.jpg?resize=700%2C400&ssl=1 2x"},"classes":[]},{"id":33980,"url":"https:\/\/www.wallendorff.com\/belogue\/2017\/05\/11\/into-the-wide-94\/","url_meta":{"origin":34091,"position":1},"title":"Into the wide #94.","author":"dpc","date":"11 mai 2017","format":false,"excerpt":"Voie George-Pompidou, Paris, 18 mars. Elle a du bon, cette interdiction des voies sur berges aux voitures. PetrichorTall Ships","rel":"","context":"Dans &quot;Into the wide&quot;","block_context":{"text":"Into the wide","link":"https:\/\/www.wallendorff.com\/belogue\/category\/into-the-wide\/"},"img":{"alt_text":"","src":"https:\/\/i0.wp.com\/www.wallendorff.com\/belogue\/wp-content\/uploads\/2017\/05\/20170511.jpg?resize=350%2C200&ssl=1","width":350,"height":200,"srcset":"https:\/\/i0.wp.com\/www.wallendorff.com\/belogue\/wp-content\/uploads\/2017\/05\/20170511.jpg?resize=350%2C200&ssl=1 1x, https:\/\/i0.wp.com\/www.wallendorff.com\/belogue\/wp-content\/uploads\/2017\/05\/20170511.jpg?resize=525%2C300&ssl=1 1.5x, https:\/\/i0.wp.com\/www.wallendorff.com\/belogue\/wp-content\/uploads\/2017\/05\/20170511.jpg?resize=700%2C400&ssl=1 2x"},"classes":[]},{"id":11257,"url":"https:\/\/www.wallendorff.com\/belogue\/2011\/01\/07\/lennui-au-musee-2\/","url_meta":{"origin":34091,"position":2},"title":"L&rsquo;ennui au mus\u00e9e 2.","author":"dpc","date":"7 janvier 2011","format":false,"excerpt":"Centre Pompidou-Metz, Metz, 8 novembre 2010. Woodsman \u2013 Insects","rel":"","context":"Dans &quot;DPC&quot;","block_context":{"text":"DPC","link":"https:\/\/www.wallendorff.com\/belogue\/category\/dpc\/"},"img":{"alt_text":"","src":"https:\/\/i0.wp.com\/www.wallendorff.com\/belogue\/wp-content\/uploads\/2015\/04\/201101071.jpg?resize=350%2C200&ssl=1","width":350,"height":200,"srcset":"https:\/\/i0.wp.com\/www.wallendorff.com\/belogue\/wp-content\/uploads\/2015\/04\/201101071.jpg?resize=350%2C200&ssl=1 1x, https:\/\/i0.wp.com\/www.wallendorff.com\/belogue\/wp-content\/uploads\/2015\/04\/201101071.jpg?resize=525%2C300&ssl=1 1.5x, https:\/\/i0.wp.com\/www.wallendorff.com\/belogue\/wp-content\/uploads\/2015\/04\/201101071.jpg?resize=700%2C400&ssl=1 2x"},"classes":[]},{"id":11329,"url":"https:\/\/www.wallendorff.com\/belogue\/2011\/01\/10\/la-loupe\/","url_meta":{"origin":34091,"position":3},"title":"La loupe.","author":"dpc","date":"10 janvier 2011","format":false,"excerpt":"Centre Pompidou-Metz, Metz, 8 novembre 2010. Et plus tu t'\u00e9loignes et plus la cath\u00e9drale devient \u00e9norme au point de vouloir te manger [ou un truc comme \u00e7a]. Je sais pas comment ils ont fait leur truc, mais c'trop bath. \u00a0Fredrik \u2013 White on White","rel":"","context":"Dans &quot;DPC&quot;","block_context":{"text":"DPC","link":"https:\/\/www.wallendorff.com\/belogue\/category\/dpc\/"},"img":{"alt_text":"","src":"https:\/\/i0.wp.com\/www.wallendorff.com\/belogue\/wp-content\/uploads\/2015\/04\/201101101.jpg?resize=350%2C200&ssl=1","width":350,"height":200},"classes":[]},{"id":33876,"url":"https:\/\/www.wallendorff.com\/belogue\/2017\/04\/24\/into-the-wide-93\/","url_meta":{"origin":34091,"position":4},"title":"Into the wide #93.","author":"dpc","date":"24 avril 2017","format":false,"excerpt":"Arc de Triomphe, Paris, 12 mars. J'eusse aim\u00e9 faire une pose lente, propre, pour remplacer tous ces stagnants v\u00e9hicules par de jolies train\u00e9es rouges et jaunes concentriques du plus bel effet. Mais les tr\u00e9pieds sont interdits sur le toit de l'arc. C'est con. Restart BNQT","rel":"","context":"Dans &quot;Into the wide&quot;","block_context":{"text":"Into the wide","link":"https:\/\/www.wallendorff.com\/belogue\/category\/into-the-wide\/"},"img":{"alt_text":"","src":"https:\/\/i0.wp.com\/www.wallendorff.com\/belogue\/wp-content\/uploads\/2017\/04\/20170424.jpg?resize=350%2C200&ssl=1","width":350,"height":200,"srcset":"https:\/\/i0.wp.com\/www.wallendorff.com\/belogue\/wp-content\/uploads\/2017\/04\/20170424.jpg?resize=350%2C200&ssl=1 1x, https:\/\/i0.wp.com\/www.wallendorff.com\/belogue\/wp-content\/uploads\/2017\/04\/20170424.jpg?resize=525%2C300&ssl=1 1.5x, https:\/\/i0.wp.com\/www.wallendorff.com\/belogue\/wp-content\/uploads\/2017\/04\/20170424.jpg?resize=700%2C400&ssl=1 2x"},"classes":[]},{"id":41584,"url":"https:\/\/www.wallendorff.com\/belogue\/2019\/04\/16\/lenfer\/","url_meta":{"origin":34091,"position":5},"title":"L&rsquo;enfer.","author":"dpc","date":"16 avril 2019","format":false,"excerpt":"Je ne pouvais pas ne pas y aller\u00a0; je ne pouvais pas ne pas garder une trace de \u00e7a. Une fois sur place, j'ai tourn\u00e9 autour de l'\u00eele de la Cit\u00e9 sans pouvoir me r\u00e9soudre \u00e0 rentrer. Ces b\u00e2timents sont con\u00e7us pour rester debout quoi qu'il arrive [c'est la raison\u2026","rel":"","context":"Dans &quot;DPC&quot;","block_context":{"text":"DPC","link":"https:\/\/www.wallendorff.com\/belogue\/category\/dpc\/"},"img":{"alt_text":"","src":"https:\/\/i0.wp.com\/www.wallendorff.com\/belogue\/wp-content\/uploads\/2019\/04\/20190416-01.jpg?resize=350%2C200&ssl=1","width":350,"height":200,"srcset":"https:\/\/i0.wp.com\/www.wallendorff.com\/belogue\/wp-content\/uploads\/2019\/04\/20190416-01.jpg?resize=350%2C200&ssl=1 1x, https:\/\/i0.wp.com\/www.wallendorff.com\/belogue\/wp-content\/uploads\/2019\/04\/20190416-01.jpg?resize=525%2C300&ssl=1 1.5x, https:\/\/i0.wp.com\/www.wallendorff.com\/belogue\/wp-content\/uploads\/2019\/04\/20190416-01.jpg?resize=700%2C400&ssl=1 2x, https:\/\/i0.wp.com\/www.wallendorff.com\/belogue\/wp-content\/uploads\/2019\/04\/20190416-01.jpg?resize=1050%2C600&ssl=1 3x"},"classes":[]}],"_links":{"self":[{"href":"https:\/\/www.wallendorff.com\/belogue\/wp-json\/wp\/v2\/posts\/34091","targetHints":{"allow":["GET"]}}],"collection":[{"href":"https:\/\/www.wallendorff.com\/belogue\/wp-json\/wp\/v2\/posts"}],"about":[{"href":"https:\/\/www.wallendorff.com\/belogue\/wp-json\/wp\/v2\/types\/post"}],"author":[{"embeddable":true,"href":"https:\/\/www.wallendorff.com\/belogue\/wp-json\/wp\/v2\/users\/1"}],"replies":[{"embeddable":true,"href":"https:\/\/www.wallendorff.com\/belogue\/wp-json\/wp\/v2\/comments?post=34091"}],"version-history":[{"count":2,"href":"https:\/\/www.wallendorff.com\/belogue\/wp-json\/wp\/v2\/posts\/34091\/revisions"}],"predecessor-version":[{"id":34094,"href":"https:\/\/www.wallendorff.com\/belogue\/wp-json\/wp\/v2\/posts\/34091\/revisions\/34094"}],"wp:featuredmedia":[{"embeddable":true,"href":"https:\/\/www.wallendorff.com\/belogue\/wp-json\/wp\/v2\/media\/34095"}],"wp:attachment":[{"href":"https:\/\/www.wallendorff.com\/belogue\/wp-json\/wp\/v2\/media?parent=34091"}],"wp:term":[{"taxonomy":"category","embeddable":true,"href":"https:\/\/www.wallendorff.com\/belogue\/wp-json\/wp\/v2\/categories?post=34091"},{"taxonomy":"post_tag","embeddable":true,"href":"https:\/\/www.wallendorff.com\/belogue\/wp-json\/wp\/v2\/tags?post=34091"}],"curies":[{"name":"wp","href":"https:\/\/api.w.org\/{rel}","templated":true}]}}