{"id":34062,"date":"2017-05-19T11:04:48","date_gmt":"2017-05-19T09:04:48","guid":{"rendered":"http:\/\/www.wallendorff.com\/belogue\/?p=34062"},"modified":"2018-05-23T08:02:48","modified_gmt":"2018-05-23T06:02:48","slug":"into-the-wide-95-x-pis-a-prisme-44","status":"publish","type":"post","link":"https:\/\/www.wallendorff.com\/belogue\/2017\/05\/19\/into-the-wide-95-x-pis-a-prisme-44\/","title":{"rendered":"Into the wide #95 \u00d7 Pis \u00e0 prisme #44."},"content":{"rendered":"\n<div id=\"photo\">\n<p><img decoding=\"async\" src=\"https:\/\/www.wallendorff.com\/belogue\/wp-content\/uploads\/2017\/05\/20170519.jpg\"><br \/>\nPont de Bir-Hakeim, Paris, 19 mars.<\/p>\n<\/div>\n<p style=\"text-align:right\">[Esp\u00e9rons que personne ne remarquera que ce num\u00e9ro 95\u00d744 montre \u00e0 peu pr\u00e8s la m\u00eame photo que le <a href=\"https:\/\/www.wallendorff.com\/belogue\/2013\/08\/19\/into-the-wide-16-%c3%97-pis-a-prismes-33\/\">num\u00e9ro 16\u00d733<\/a>, mais prise d&rsquo;un autre angle, ce toujours avec la fistule anale de Louis XIV en t\u00eate depuis <a href=\"https:\/\/www.wallendorff.com\/belogue\/2011\/02\/11\/pis-a-prismes-24\/\">ce jour-l\u00e0<\/a>.]<\/p>\n<div id=\"bandeson\">\n<p><img decoding=\"async\" src=\"https:\/\/www.wallendorff.com\/belogue\/photo\/pochettes\/f\/findlay-forgotten_pleasures.jpg\" align=\"left\"><a id=\"lienmp3\" style=\"font-weight: normal;\" href=\"http:\/\/www.youtube.com\/watch?v=HXBFTQHuW68\"><em>Stoned and Alone<\/em><\/a><br \/><a href=\"https:\/\/www.facebook.com\/FindlayMusic\/\">Findlay<\/a><\/p>\n<\/div>\n","protected":false},"excerpt":{"rendered":"<p>Pont de Bir-Hakeim, Paris, 19 mars. [Esp\u00e9rons que personne ne remarquera que ce num\u00e9ro 95\u00d744 montre \u00e0 peu pr\u00e8s la m\u00eame photo que le num\u00e9ro 16\u00d733, mais prise d&rsquo;un autre angle, ce toujours avec la fistule anale de Louis XIV en t\u00eate depuis ce jour-l\u00e0.] Stoned and AloneFindlay<\/p>\n","protected":false},"author":1,"featured_media":34064,"comment_status":"open","ping_status":"open","sticky":false,"template":"","format":"standard","meta":{"_acf_changed":false,"ngg_post_thumbnail":0,"jetpack_post_was_ever_published":false,"_jetpack_newsletter_access":"","_jetpack_dont_email_post_to_subs":false,"_jetpack_newsletter_tier_id":0,"_jetpack_memberships_contains_paywalled_content":false,"_jetpack_memberships_contains_paid_content":false,"footnotes":"","jetpack_publicize_message":"","jetpack_publicize_feature_enabled":true,"jetpack_social_post_already_shared":true,"jetpack_social_options":{"image_generator_settings":{"template":"highway","default_image_id":0,"font":"","enabled":false},"version":2}},"categories":[7356,13],"tags":[10243,10372,13733,8351,10326,11729,14401,10120,10121,4676,11323,10098,10850,10592,10227,13940,10236],"class_list":["post-34062","post","type-post","status-publish","format-standard","has-post-thumbnail","hentry","category-into-the-wide","category-pis-a-prismes","tag-10243","tag-10372","tag-ef-28-mm-f1-8-usm","tag-eos-6d","tag-crepuscule","tag-findlay","tag-forgotten-pleasures","tag-france","tag-ile-de-france","tag-la-france-renaissante","tag-panoramique","tag-paris","tag-pont-de-bir-hakeim","tag-pose-longue","tag-statue","tag-stoned-and-alone","tag-tour-eiffel"],"acf":[],"geo":{"latitude":48.8557053,"longitude":2.2877309,"description":"Pont de Bir-Hakeim, 75015 Paris, France"},"jetpack_publicize_connections":[],"jetpack_featured_media_url":"https:\/\/www.wallendorff.com\/belogue\/wp-content\/uploads\/2017\/05\/20170519.jpg","jetpack_shortlink":"https:\/\/wp.me\/p3b35P-8Ro","jetpack_sharing_enabled":true,"jetpack-related-posts":[{"id":21448,"url":"https:\/\/www.wallendorff.com\/belogue\/2013\/08\/19\/into-the-wide-16-x-pis-a-prismes-33\/","url_meta":{"origin":34062,"position":0},"title":"Into the wide #16 \u00d7 Pis \u00e0 prismes #33.","author":"dpc","date":"19 ao\u00fbt 2013","format":false,"excerpt":"Pont de Bir-Hakeim, Paris, 10 juin. Du m\u00eame endroit que la fameuseTour Eiffel \u00e0 la fistule anale de Louis XIV. The West Ty Segall","rel":"","context":"Dans &quot;Into the wide&quot;","block_context":{"text":"Into the wide","link":"https:\/\/www.wallendorff.com\/belogue\/category\/into-the-wide\/"},"img":{"alt_text":"","src":"https:\/\/i0.wp.com\/www.wallendorff.com\/belogue\/wp-content\/uploads\/2015\/04\/201308191.jpg?resize=350%2C200&ssl=1","width":350,"height":200,"srcset":"https:\/\/i0.wp.com\/www.wallendorff.com\/belogue\/wp-content\/uploads\/2015\/04\/201308191.jpg?resize=350%2C200&ssl=1 1x, https:\/\/i0.wp.com\/www.wallendorff.com\/belogue\/wp-content\/uploads\/2015\/04\/201308191.jpg?resize=525%2C300&ssl=1 1.5x, https:\/\/i0.wp.com\/www.wallendorff.com\/belogue\/wp-content\/uploads\/2015\/04\/201308191.jpg?resize=700%2C400&ssl=1 2x"},"classes":[]},{"id":12288,"url":"https:\/\/www.wallendorff.com\/belogue\/2011\/02\/14\/pis-a-prismes-25\/","url_meta":{"origin":34062,"position":1},"title":"Pis \u00e0 prismes #25.","author":"dpc","date":"14 f\u00e9vrier 2011","format":false,"excerpt":"Pont de Bir-Hakeim, Paris, 8 janvier. \u00a0I Am Kloot \u2013 From Your Favourite Sky","rel":"","context":"Dans &quot;Pis \u00e0 prismes&quot;","block_context":{"text":"Pis \u00e0 prismes","link":"https:\/\/www.wallendorff.com\/belogue\/category\/pis-a-prismes\/"},"img":{"alt_text":"","src":"https:\/\/i0.wp.com\/www.wallendorff.com\/belogue\/wp-content\/uploads\/2015\/04\/201102141.jpg?resize=350%2C200&ssl=1","width":350,"height":200},"classes":[]},{"id":12285,"url":"https:\/\/www.wallendorff.com\/belogue\/2011\/02\/11\/pis-a-prismes-24\/","url_meta":{"origin":34062,"position":2},"title":"Pis \u00e0 prismes #24.","author":"dpc","date":"11 f\u00e9vrier 2011","format":false,"excerpt":"Pont de Bir-Hakeim, Paris, 8 janvier. Ou Tour Eiffel \u00e0 la fistule anale de Louis XIV. [Du fait que l'heure que je passai sur Photoshop \u00e0 nettoyer le sol de la dite photo fut \u00e9galement consacr\u00e9e \u00e0 l'\u00e9coute d'un reportage de St\u00e9phane Bern d\u00e9taillant cette croustillante anecdote et qu'en cons\u00e9quence,\u2026","rel":"","context":"Dans &quot;Pis \u00e0 prismes&quot;","block_context":{"text":"Pis \u00e0 prismes","link":"https:\/\/www.wallendorff.com\/belogue\/category\/pis-a-prismes\/"},"img":{"alt_text":"","src":"https:\/\/i0.wp.com\/www.wallendorff.com\/belogue\/wp-content\/uploads\/2015\/04\/20110211.jpg?resize=350%2C200&ssl=1","width":350,"height":200,"srcset":"https:\/\/i0.wp.com\/www.wallendorff.com\/belogue\/wp-content\/uploads\/2015\/04\/20110211.jpg?resize=350%2C200&ssl=1 1x, https:\/\/i0.wp.com\/www.wallendorff.com\/belogue\/wp-content\/uploads\/2015\/04\/20110211.jpg?resize=525%2C300&ssl=1 1.5x, https:\/\/i0.wp.com\/www.wallendorff.com\/belogue\/wp-content\/uploads\/2015\/04\/20110211.jpg?resize=700%2C400&ssl=1 2x"},"classes":[]},{"id":12280,"url":"https:\/\/www.wallendorff.com\/belogue\/2011\/02\/10\/le-pont-de-la-riviere-kawai\/","url_meta":{"origin":34062,"position":3},"title":"Le pont de la rivi\u00e8re kawa\u00ef.","author":"dpc","date":"10 f\u00e9vrier 2011","format":false,"excerpt":"Pont de Bir-Hakeim, Paris, 8 janvier. \u00a0The Kills \u2013 Satellite [youtube]http:\/\/www.youtube.com\/watch?v=hniPVDz12bc[\/youtube]","rel":"","context":"Dans &quot;DPC&quot;","block_context":{"text":"DPC","link":"https:\/\/www.wallendorff.com\/belogue\/category\/dpc\/"},"img":{"alt_text":"","src":"https:\/\/i0.wp.com\/www.wallendorff.com\/belogue\/wp-content\/uploads\/2015\/04\/201102101.jpg?resize=350%2C200&ssl=1","width":350,"height":200},"classes":[]},{"id":45561,"url":"https:\/\/www.wallendorff.com\/belogue\/2020\/04\/27\/into-the-wide-194\/","url_meta":{"origin":34062,"position":4},"title":"Into the wide #194.","author":"dpc","date":"27 avril 2020","format":false,"excerpt":"Pont de Bir-Hakeim, Paris, 10 f\u00e9vrier 2020. Gloria The Lumineers","rel":"","context":"Dans &quot;Into the wide&quot;","block_context":{"text":"Into the wide","link":"https:\/\/www.wallendorff.com\/belogue\/category\/into-the-wide\/"},"img":{"alt_text":"Pont de Bir-Hakeim, Paris, 10 f\u00e9vrier 2020.","src":"https:\/\/i0.wp.com\/www.wallendorff.com\/belogue\/wp-content\/uploads\/2020\/04\/20200427.jpg?resize=350%2C200&ssl=1","width":350,"height":200,"srcset":"https:\/\/i0.wp.com\/www.wallendorff.com\/belogue\/wp-content\/uploads\/2020\/04\/20200427.jpg?resize=350%2C200&ssl=1 1x, https:\/\/i0.wp.com\/www.wallendorff.com\/belogue\/wp-content\/uploads\/2020\/04\/20200427.jpg?resize=525%2C300&ssl=1 1.5x, https:\/\/i0.wp.com\/www.wallendorff.com\/belogue\/wp-content\/uploads\/2020\/04\/20200427.jpg?resize=700%2C400&ssl=1 2x, https:\/\/i0.wp.com\/www.wallendorff.com\/belogue\/wp-content\/uploads\/2020\/04\/20200427.jpg?resize=1050%2C600&ssl=1 3x"},"classes":[]},{"id":51390,"url":"https:\/\/www.wallendorff.com\/belogue\/2022\/05\/06\/la-pont-tes-rose\/","url_meta":{"origin":34062,"position":5},"title":"L\u00e0, pont, t&rsquo;es rose.","author":"dpc","date":"6 mai 2022","format":false,"excerpt":"Pont de Bir-Hakeim, Paris, 19 mars 2022.","rel":"","context":"Dans &quot;DPC&quot;","block_context":{"text":"DPC","link":"https:\/\/www.wallendorff.com\/belogue\/category\/dpc\/"},"img":{"alt_text":"","src":"https:\/\/i0.wp.com\/www.wallendorff.com\/belogue\/wp-content\/uploads\/2022\/05\/20220506.jpg?resize=350%2C200&ssl=1","width":350,"height":200,"srcset":"https:\/\/i0.wp.com\/www.wallendorff.com\/belogue\/wp-content\/uploads\/2022\/05\/20220506.jpg?resize=350%2C200&ssl=1 1x, https:\/\/i0.wp.com\/www.wallendorff.com\/belogue\/wp-content\/uploads\/2022\/05\/20220506.jpg?resize=525%2C300&ssl=1 1.5x, https:\/\/i0.wp.com\/www.wallendorff.com\/belogue\/wp-content\/uploads\/2022\/05\/20220506.jpg?resize=700%2C400&ssl=1 2x, https:\/\/i0.wp.com\/www.wallendorff.com\/belogue\/wp-content\/uploads\/2022\/05\/20220506.jpg?resize=1050%2C600&ssl=1 3x"},"classes":[]}],"_links":{"self":[{"href":"https:\/\/www.wallendorff.com\/belogue\/wp-json\/wp\/v2\/posts\/34062","targetHints":{"allow":["GET"]}}],"collection":[{"href":"https:\/\/www.wallendorff.com\/belogue\/wp-json\/wp\/v2\/posts"}],"about":[{"href":"https:\/\/www.wallendorff.com\/belogue\/wp-json\/wp\/v2\/types\/post"}],"author":[{"embeddable":true,"href":"https:\/\/www.wallendorff.com\/belogue\/wp-json\/wp\/v2\/users\/1"}],"replies":[{"embeddable":true,"href":"https:\/\/www.wallendorff.com\/belogue\/wp-json\/wp\/v2\/comments?post=34062"}],"version-history":[{"count":5,"href":"https:\/\/www.wallendorff.com\/belogue\/wp-json\/wp\/v2\/posts\/34062\/revisions"}],"predecessor-version":[{"id":34068,"href":"https:\/\/www.wallendorff.com\/belogue\/wp-json\/wp\/v2\/posts\/34062\/revisions\/34068"}],"wp:featuredmedia":[{"embeddable":true,"href":"https:\/\/www.wallendorff.com\/belogue\/wp-json\/wp\/v2\/media\/34064"}],"wp:attachment":[{"href":"https:\/\/www.wallendorff.com\/belogue\/wp-json\/wp\/v2\/media?parent=34062"}],"wp:term":[{"taxonomy":"category","embeddable":true,"href":"https:\/\/www.wallendorff.com\/belogue\/wp-json\/wp\/v2\/categories?post=34062"},{"taxonomy":"post_tag","embeddable":true,"href":"https:\/\/www.wallendorff.com\/belogue\/wp-json\/wp\/v2\/tags?post=34062"}],"curies":[{"name":"wp","href":"https:\/\/api.w.org\/{rel}","templated":true}]}}