{"id":34,"date":"2006-07-13T13:22:49","date_gmt":"2006-07-13T13:22:49","guid":{"rendered":"http:\/\/www.po-l.com\/wordpress\/?p=34"},"modified":"2012-05-06T16:14:47","modified_gmt":"2012-05-06T14:14:47","slug":"tante-entend-temps-t-en-tentant-tant","status":"publish","type":"post","link":"https:\/\/www.wallendorff.com\/belogue\/2006\/07\/13\/tante-entend-temps-t-en-tentant-tant\/","title":{"rendered":"Tante entend temps, t&rsquo;en tentant tant."},"content":{"rendered":"\n<div id=\"photo\">\n<p><img decoding=\"async\" src=\"http:\/\/www.po-L.com\/belogue\/photo\/2006\/07\/20060713.jpg\" \/><br \/>\n          Poste du Louvre, Paris, 12 juillet.<\/p>\n<\/p><\/div>\n<div id=\"bandeson\">\n<p><img decoding=\"async\" src=\"https:\/\/www.wallendorff.com\/belogue\/photo\/pochettes\/s\/sonic_youth-rather_ripped.jpg\" align=\"left\" \/>&nbsp;<a href=\"http:\/\/www.sonicyouth.com\/\">Sonic Youth<\/a> &ndash; <em>Incinerate<\/em><\/p>\n<\/div>\n","protected":false},"excerpt":{"rendered":"<p>Poste du Louvre, Paris, 12 juillet. &nbsp;Sonic Youth &ndash; Incinerate<\/p>\n","protected":false},"author":1,"featured_media":23969,"comment_status":"open","ping_status":"open","sticky":false,"template":"","format":"standard","meta":{"_acf_changed":false,"ngg_post_thumbnail":0,"jetpack_post_was_ever_published":false,"_jetpack_newsletter_access":"","_jetpack_dont_email_post_to_subs":false,"_jetpack_newsletter_tier_id":0,"_jetpack_memberships_contains_paywalled_content":false,"_jetpack_memberships_contains_paid_content":false,"footnotes":"","jetpack_publicize_message":"","jetpack_publicize_feature_enabled":true,"jetpack_social_post_already_shared":false,"jetpack_social_options":{"image_generator_settings":{"template":"highway","default_image_id":0,"font":"","enabled":false},"version":2}},"categories":[3],"tags":[10251,142,132,10120,10309,10121,1683,143,10098,1495,1682],"class_list":["post-34","post","type-post","status-publish","format-standard","has-post-thumbnail","hentry","category-dpc","tag-10251","tag-ef-s-10-22-mm-f35-45-usm","tag-eos-20d","tag-france","tag-horloge","tag-ile-de-france","tag-incinerate","tag-noir-et-blanc","tag-paris","tag-poste-centrale-du-louvre","tag-sonic-youth"],"acf":[],"geo":{"latitude":48.8648415,"longitude":2.3429847,"description":null},"jetpack_publicize_connections":[],"jetpack_featured_media_url":"https:\/\/www.wallendorff.com\/belogue\/wp-content\/uploads\/2015\/04\/200607131.jpg","jetpack_shortlink":"https:\/\/wp.me\/p3b35P-y","jetpack_sharing_enabled":true,"jetpack-related-posts":[{"id":125717,"url":"https:\/\/www.wallendorff.com\/belogue\/2023\/07\/28\/losanges-laissent\/","url_meta":{"origin":34,"position":0},"title":"Losanges laissent.","author":"dpc","date":"28 juillet 2023","format":false,"excerpt":"Palais du Louvre, Paris, 12 mai 2023.","rel":"","context":"Dans &quot;DPC&quot;","block_context":{"text":"DPC","link":"https:\/\/www.wallendorff.com\/belogue\/category\/dpc-en\/"},"img":{"alt_text":"","src":"https:\/\/i0.wp.com\/www.wallendorff.com\/belogue\/wp-content\/uploads\/2023\/07\/20230728.jpg?resize=350%2C200&ssl=1","width":350,"height":200,"srcset":"https:\/\/i0.wp.com\/www.wallendorff.com\/belogue\/wp-content\/uploads\/2023\/07\/20230728.jpg?resize=350%2C200&ssl=1 1x, https:\/\/i0.wp.com\/www.wallendorff.com\/belogue\/wp-content\/uploads\/2023\/07\/20230728.jpg?resize=525%2C300&ssl=1 1.5x, https:\/\/i0.wp.com\/www.wallendorff.com\/belogue\/wp-content\/uploads\/2023\/07\/20230728.jpg?resize=700%2C400&ssl=1 2x, https:\/\/i0.wp.com\/www.wallendorff.com\/belogue\/wp-content\/uploads\/2023\/07\/20230728.jpg?resize=1050%2C600&ssl=1 3x"},"classes":[]},{"id":777,"url":"https:\/\/www.wallendorff.com\/belogue\/2006\/08\/31\/c-pas-sin-vedder-2\/","url_meta":{"origin":34,"position":1},"title":"C&rsquo;pas sin Vedder #2\u00b9.","author":"dpc","date":"31 ao\u00fbt 2006","format":false,"excerpt":"Poste du Louvre, Paris, 29 ao\u00fbt. Un avion d\u00e9colle, La f\u00eate est moins folle. \u00a0Snow Patrol \u2013 Somewhere a Clock Is Ticking _____ 1Le n\u00b01 c'\u00e9tait l\u00e0.","rel":"","context":"Dans &quot;DPC&quot;","block_context":{"text":"DPC","link":"https:\/\/www.wallendorff.com\/belogue\/category\/dpc\/"},"img":{"alt_text":"","src":"https:\/\/i0.wp.com\/www.wallendorff.com\/belogue\/wp-content\/uploads\/2015\/04\/200608311.jpg?resize=350%2C200&ssl=1","width":350,"height":200},"classes":[]},{"id":93,"url":"https:\/\/www.wallendorff.com\/belogue\/2006\/03\/05\/c-pas-sin-vedder\/","url_meta":{"origin":34,"position":2},"title":"C&rsquo;pas sin Vedder\u00b9.","author":"dpc","date":"5 mars 2006","format":false,"excerpt":"Poste du Louvre, Paris, 20 f\u00e9vrier, 23h01. \u00catre rock en 2006, c'est rentrer du concert d'Hard Fi et trouver dans sa bo\u00eete mail ch\u00e9rie gr\u00e2ce \u00e0 un ami qui me veut du bien un enregistrement de la premi\u00e8re mondiale en radio du nouveau single de Pearl Jam, propos\u00e9 en t\u00e9l\u00e9chargement\u2026","rel":"","context":"Dans &quot;DPC&quot;","block_context":{"text":"DPC","link":"https:\/\/www.wallendorff.com\/belogue\/category\/dpc\/"},"img":{"alt_text":"","src":"https:\/\/i0.wp.com\/www.wallendorff.com\/belogue\/wp-content\/uploads\/2015\/04\/200603051.jpg?resize=350%2C200&ssl=1","width":350,"height":200},"classes":[]},{"id":127662,"url":"https:\/\/www.wallendorff.com\/belogue\/2024\/04\/02\/lueur-des-soirs-2\/","url_meta":{"origin":34,"position":3},"title":"Lueur des soirs.","author":"dpc","date":"2 avril 2024","format":false,"excerpt":"Palais du Louvre, Paris, 8 f\u00e9vrier 2024.Toujours pris de toujours la m\u00eame flaque.","rel":"","context":"Dans &quot;DPC&quot;","block_context":{"text":"DPC","link":"https:\/\/www.wallendorff.com\/belogue\/category\/dpc\/"},"img":{"alt_text":"","src":"https:\/\/i0.wp.com\/www.wallendorff.com\/belogue\/wp-content\/uploads\/2024\/04\/20240402-scaled.jpg?resize=350%2C200&ssl=1","width":350,"height":200,"srcset":"https:\/\/i0.wp.com\/www.wallendorff.com\/belogue\/wp-content\/uploads\/2024\/04\/20240402-scaled.jpg?resize=350%2C200&ssl=1 1x, https:\/\/i0.wp.com\/www.wallendorff.com\/belogue\/wp-content\/uploads\/2024\/04\/20240402-scaled.jpg?resize=525%2C300&ssl=1 1.5x, https:\/\/i0.wp.com\/www.wallendorff.com\/belogue\/wp-content\/uploads\/2024\/04\/20240402-scaled.jpg?resize=700%2C400&ssl=1 2x, https:\/\/i0.wp.com\/www.wallendorff.com\/belogue\/wp-content\/uploads\/2024\/04\/20240402-scaled.jpg?resize=1050%2C600&ssl=1 3x, https:\/\/i0.wp.com\/www.wallendorff.com\/belogue\/wp-content\/uploads\/2024\/04\/20240402-scaled.jpg?resize=1400%2C800&ssl=1 4x"},"classes":[]},{"id":130583,"url":"https:\/\/www.wallendorff.com\/belogue\/2024\/08\/31\/aout-2024\/","url_meta":{"origin":34,"position":4},"title":"Ao\u00fbt 2024.","author":"dpc","date":"31 ao\u00fbt 2024","format":false,"excerpt":"Un ap\u00e9ro, une grosse boule, une pose, un coucher de soleil, une longue attente pour rien, un orage, des anneaux, une fanezone, une course de v\u00e9locip\u00e8de, un h\u00e9ros c\u00e9l\u00e8bre, un coucher de soleil, une grosse boule, un bout d'ombre, un tas de planches, un drapeau, des phryges, une grosse boule,\u2026","rel":"","context":"Dans &quot;Blog-note&quot;","block_context":{"text":"Blog-note","link":"https:\/\/www.wallendorff.com\/belogue\/category\/blog-note\/"},"img":{"alt_text":"","src":"https:\/\/i0.wp.com\/www.wallendorff.com\/belogue\/wp-content\/uploads\/2024\/09\/20240916-31.jpg?resize=350%2C200&ssl=1","width":350,"height":200,"srcset":"https:\/\/i0.wp.com\/www.wallendorff.com\/belogue\/wp-content\/uploads\/2024\/09\/20240916-31.jpg?resize=350%2C200&ssl=1 1x, https:\/\/i0.wp.com\/www.wallendorff.com\/belogue\/wp-content\/uploads\/2024\/09\/20240916-31.jpg?resize=525%2C300&ssl=1 1.5x, https:\/\/i0.wp.com\/www.wallendorff.com\/belogue\/wp-content\/uploads\/2024\/09\/20240916-31.jpg?resize=700%2C400&ssl=1 2x, https:\/\/i0.wp.com\/www.wallendorff.com\/belogue\/wp-content\/uploads\/2024\/09\/20240916-31.jpg?resize=1050%2C600&ssl=1 3x"},"classes":[]},{"id":127197,"url":"https:\/\/www.wallendorff.com\/belogue\/2024\/01\/29\/pis-kepis-cake-collegue-rame\/","url_meta":{"origin":34,"position":5},"title":"Pis k\u00e9pis, cake, coll\u00e8gue rame.","author":"dpc","date":"29 janvier 2024","format":false,"excerpt":"Palais du Louvre, 11 d\u00e9cembre 2023. Toujours depuis la m\u00eame flaque. Un jour, je ferai une s\u00e9rie rien que sur elle.","rel":"","context":"Dans &quot;DPC&quot;","block_context":{"text":"DPC","link":"https:\/\/www.wallendorff.com\/belogue\/category\/dpc\/"},"img":{"alt_text":"","src":"https:\/\/i0.wp.com\/www.wallendorff.com\/belogue\/wp-content\/uploads\/2024\/01\/20240129.jpg?resize=350%2C200&ssl=1","width":350,"height":200,"srcset":"https:\/\/i0.wp.com\/www.wallendorff.com\/belogue\/wp-content\/uploads\/2024\/01\/20240129.jpg?resize=350%2C200&ssl=1 1x, https:\/\/i0.wp.com\/www.wallendorff.com\/belogue\/wp-content\/uploads\/2024\/01\/20240129.jpg?resize=525%2C300&ssl=1 1.5x, https:\/\/i0.wp.com\/www.wallendorff.com\/belogue\/wp-content\/uploads\/2024\/01\/20240129.jpg?resize=700%2C400&ssl=1 2x, https:\/\/i0.wp.com\/www.wallendorff.com\/belogue\/wp-content\/uploads\/2024\/01\/20240129.jpg?resize=1050%2C600&ssl=1 3x"},"classes":[]}],"_links":{"self":[{"href":"https:\/\/www.wallendorff.com\/belogue\/wp-json\/wp\/v2\/posts\/34","targetHints":{"allow":["GET"]}}],"collection":[{"href":"https:\/\/www.wallendorff.com\/belogue\/wp-json\/wp\/v2\/posts"}],"about":[{"href":"https:\/\/www.wallendorff.com\/belogue\/wp-json\/wp\/v2\/types\/post"}],"author":[{"embeddable":true,"href":"https:\/\/www.wallendorff.com\/belogue\/wp-json\/wp\/v2\/users\/1"}],"replies":[{"embeddable":true,"href":"https:\/\/www.wallendorff.com\/belogue\/wp-json\/wp\/v2\/comments?post=34"}],"version-history":[{"count":1,"href":"https:\/\/www.wallendorff.com\/belogue\/wp-json\/wp\/v2\/posts\/34\/revisions"}],"predecessor-version":[{"id":17216,"href":"https:\/\/www.wallendorff.com\/belogue\/wp-json\/wp\/v2\/posts\/34\/revisions\/17216"}],"wp:featuredmedia":[{"embeddable":true,"href":"https:\/\/www.wallendorff.com\/belogue\/wp-json\/wp\/v2\/media\/23969"}],"wp:attachment":[{"href":"https:\/\/www.wallendorff.com\/belogue\/wp-json\/wp\/v2\/media?parent=34"}],"wp:term":[{"taxonomy":"category","embeddable":true,"href":"https:\/\/www.wallendorff.com\/belogue\/wp-json\/wp\/v2\/categories?post=34"},{"taxonomy":"post_tag","embeddable":true,"href":"https:\/\/www.wallendorff.com\/belogue\/wp-json\/wp\/v2\/tags?post=34"}],"curies":[{"name":"wp","href":"https:\/\/api.w.org\/{rel}","templated":true}]}}