{"id":33980,"date":"2017-05-11T14:06:04","date_gmt":"2017-05-11T12:06:04","guid":{"rendered":"http:\/\/www.wallendorff.com\/belogue\/?p=33980"},"modified":"2018-05-23T08:02:48","modified_gmt":"2018-05-23T06:02:48","slug":"into-the-wide-94","status":"publish","type":"post","link":"https:\/\/www.wallendorff.com\/belogue\/2017\/05\/11\/into-the-wide-94\/","title":{"rendered":"Into the wide #94."},"content":{"rendered":"\n<div id=\"photo\">\n<p><img decoding=\"async\" src=\"https:\/\/www.wallendorff.com\/belogue\/wp-content\/uploads\/2017\/05\/20170511.jpg\"><br \/>\nVoie George-Pompidou, Paris, 18 mars.<\/p>\n<\/div>\n<p style=\"text-align:right\">Elle a du bon, cette interdiction des voies sur berges aux voitures.<\/p>\n<div id=\"bandeson\">\n<p><img decoding=\"async\" src=\"https:\/\/www.wallendorff.com\/belogue\/photo\/pochettes\/t\/tall_ships-impressions.jpg\" align=\"left\"><a id=\"lienmp3\" style=\"font-weight: normal;\" href=\"https:\/\/www.youtube.com\/watch?v=ckP3we4RbBo\"><em>Petrichor<\/em><\/a><br \/><a href=\"http:\/\/wearetallships.co.uk\/\">Tall Ships<\/a><\/p>\n<\/div>\n","protected":false},"excerpt":{"rendered":"<p>Voie George-Pompidou, Paris, 18 mars. Elle a du bon, cette interdiction des voies sur berges aux voitures. PetrichorTall Ships<\/p>\n","protected":false},"author":1,"featured_media":33982,"comment_status":"open","ping_status":"open","sticky":false,"template":"","format":"standard","meta":{"_acf_changed":false,"ngg_post_thumbnail":0,"jetpack_post_was_ever_published":false,"_jetpack_newsletter_access":"","_jetpack_dont_email_post_to_subs":false,"_jetpack_newsletter_tier_id":0,"_jetpack_memberships_contains_paywalled_content":false,"_jetpack_memberships_contains_paid_content":false,"footnotes":"","jetpack_publicize_message":"","jetpack_publicize_feature_enabled":true,"jetpack_social_post_already_shared":true,"jetpack_social_options":{"image_generator_settings":{"template":"highway","default_image_id":0,"font":"","enabled":false},"version":2}},"categories":[7356],"tags":[10182,8170,8351,10484,10120,10121,14400,13679,11323,10098,13741,5810,10592,10287,13742,10673,10286,13705,11894],"class_list":["post-33980","post","type-post","status-publish","format-standard","has-post-thumbnail","hentry","category-into-the-wide","tag-10182","tag-ef-24-70-mm-f2-8l-ii-usm","tag-eos-6d","tag-eau","tag-france","tag-ile-de-france","tag-impressions","tag-palais-de-la-cite","tag-panoramique","tag-paris","tag-petrichor","tag-pont-au-change","tag-pose-longue","tag-quai","tag-quai-de-lhorloge","tag-riviere","tag-seine","tag-tall-ships","tag-voie-georges-pompidou"],"acf":[],"geo":{"latitude":48.8571968,"longitude":2.3466003,"description":"Paris 01, \u00cele-de-France, 75001, FR"},"jetpack_publicize_connections":[],"jetpack_featured_media_url":"https:\/\/www.wallendorff.com\/belogue\/wp-content\/uploads\/2017\/05\/20170511.jpg","jetpack_shortlink":"https:\/\/wp.me\/p3b35P-8Q4","jetpack_sharing_enabled":true,"jetpack-related-posts":[{"id":34091,"url":"https:\/\/www.wallendorff.com\/belogue\/2017\/05\/24\/into-the-wide-96\/","url_meta":{"origin":33980,"position":0},"title":"Into the wide #96.","author":"dpc","date":"24 mai 2017","format":false,"excerpt":"Voie George-Pompidou, Paris, 5 avril. Hey Banana BNQT","rel":"","context":"Dans &quot;Into the wide&quot;","block_context":{"text":"Into the wide","link":"https:\/\/www.wallendorff.com\/belogue\/category\/into-the-wide\/"},"img":{"alt_text":"","src":"https:\/\/i0.wp.com\/www.wallendorff.com\/belogue\/wp-content\/uploads\/2017\/05\/20170524.jpg?resize=350%2C200&ssl=1","width":350,"height":200,"srcset":"https:\/\/i0.wp.com\/www.wallendorff.com\/belogue\/wp-content\/uploads\/2017\/05\/20170524.jpg?resize=350%2C200&ssl=1 1x, https:\/\/i0.wp.com\/www.wallendorff.com\/belogue\/wp-content\/uploads\/2017\/05\/20170524.jpg?resize=525%2C300&ssl=1 1.5x, https:\/\/i0.wp.com\/www.wallendorff.com\/belogue\/wp-content\/uploads\/2017\/05\/20170524.jpg?resize=700%2C400&ssl=1 2x, https:\/\/i0.wp.com\/www.wallendorff.com\/belogue\/wp-content\/uploads\/2017\/05\/20170524.jpg?resize=1050%2C600&ssl=1 3x"},"classes":[]},{"id":45573,"url":"https:\/\/www.wallendorff.com\/belogue\/2020\/05\/03\/et-la-en-vide-nuit-quai\/","url_meta":{"origin":33980,"position":1},"title":"Et l\u00e0, en vide nuit : quai.","author":"dpc","date":"3 mai 2020","format":false,"excerpt":"Voie Georges-Pompidou, Paris, 14 f\u00e9vrier 2020. Lonely Hollow Days Feeder","rel":"","context":"Dans &quot;DPC&quot;","block_context":{"text":"DPC","link":"https:\/\/www.wallendorff.com\/belogue\/category\/dpc\/"},"img":{"alt_text":"","src":"https:\/\/i0.wp.com\/www.wallendorff.com\/belogue\/wp-content\/uploads\/2020\/05\/20200503.jpg?resize=350%2C200&ssl=1","width":350,"height":200,"srcset":"https:\/\/i0.wp.com\/www.wallendorff.com\/belogue\/wp-content\/uploads\/2020\/05\/20200503.jpg?resize=350%2C200&ssl=1 1x, https:\/\/i0.wp.com\/www.wallendorff.com\/belogue\/wp-content\/uploads\/2020\/05\/20200503.jpg?resize=525%2C300&ssl=1 1.5x, https:\/\/i0.wp.com\/www.wallendorff.com\/belogue\/wp-content\/uploads\/2020\/05\/20200503.jpg?resize=700%2C400&ssl=1 2x, https:\/\/i0.wp.com\/www.wallendorff.com\/belogue\/wp-content\/uploads\/2020\/05\/20200503.jpg?resize=1050%2C600&ssl=1 3x"},"classes":[]},{"id":47976,"url":"https:\/\/www.wallendorff.com\/belogue\/2021\/03\/08\/into-the-wide-216\/","url_meta":{"origin":33980,"position":2},"title":"Into the wide #216.","author":"dpc","date":"8 mars 2021","format":false,"excerpt":"Voie Georges-Pompidou, Paris, 4 d\u00e9cembre 2020. Breeze The Men","rel":"","context":"Dans &quot;Into the wide&quot;","block_context":{"text":"Into the wide","link":"https:\/\/www.wallendorff.com\/belogue\/category\/into-the-wide\/"},"img":{"alt_text":"","src":"https:\/\/i0.wp.com\/www.wallendorff.com\/belogue\/wp-content\/uploads\/2021\/03\/20210308.jpg?resize=350%2C200&ssl=1","width":350,"height":200,"srcset":"https:\/\/i0.wp.com\/www.wallendorff.com\/belogue\/wp-content\/uploads\/2021\/03\/20210308.jpg?resize=350%2C200&ssl=1 1x, https:\/\/i0.wp.com\/www.wallendorff.com\/belogue\/wp-content\/uploads\/2021\/03\/20210308.jpg?resize=525%2C300&ssl=1 1.5x, https:\/\/i0.wp.com\/www.wallendorff.com\/belogue\/wp-content\/uploads\/2021\/03\/20210308.jpg?resize=700%2C400&ssl=1 2x, https:\/\/i0.wp.com\/www.wallendorff.com\/belogue\/wp-content\/uploads\/2021\/03\/20210308.jpg?resize=1050%2C600&ssl=1 3x"},"classes":[]},{"id":48498,"url":"https:\/\/www.wallendorff.com\/belogue\/2021\/06\/03\/into-the-wide-223\/","url_meta":{"origin":33980,"position":3},"title":"Into the wide #223.","author":"dpc","date":"3 juin 2021","format":false,"excerpt":"Voie Georges-Pompidou, Paris, 27 mars 2021. Hours and Hours Bully\u00a0","rel":"","context":"Dans &quot;Into the wide&quot;","block_context":{"text":"Into the wide","link":"https:\/\/www.wallendorff.com\/belogue\/category\/into-the-wide\/"},"img":{"alt_text":"","src":"https:\/\/i0.wp.com\/www.wallendorff.com\/belogue\/wp-content\/uploads\/2021\/06\/20210603.jpg?resize=350%2C200&ssl=1","width":350,"height":200,"srcset":"https:\/\/i0.wp.com\/www.wallendorff.com\/belogue\/wp-content\/uploads\/2021\/06\/20210603.jpg?resize=350%2C200&ssl=1 1x, https:\/\/i0.wp.com\/www.wallendorff.com\/belogue\/wp-content\/uploads\/2021\/06\/20210603.jpg?resize=525%2C300&ssl=1 1.5x, https:\/\/i0.wp.com\/www.wallendorff.com\/belogue\/wp-content\/uploads\/2021\/06\/20210603.jpg?resize=700%2C400&ssl=1 2x, https:\/\/i0.wp.com\/www.wallendorff.com\/belogue\/wp-content\/uploads\/2021\/06\/20210603.jpg?resize=1050%2C600&ssl=1 3x"},"classes":[]},{"id":41584,"url":"https:\/\/www.wallendorff.com\/belogue\/2019\/04\/16\/lenfer\/","url_meta":{"origin":33980,"position":4},"title":"L&rsquo;enfer.","author":"dpc","date":"16 avril 2019","format":false,"excerpt":"Je ne pouvais pas ne pas y aller\u00a0; je ne pouvais pas ne pas garder une trace de \u00e7a. Une fois sur place, j'ai tourn\u00e9 autour de l'\u00eele de la Cit\u00e9 sans pouvoir me r\u00e9soudre \u00e0 rentrer. Ces b\u00e2timents sont con\u00e7us pour rester debout quoi qu'il arrive [c'est la raison\u2026","rel":"","context":"Dans &quot;DPC&quot;","block_context":{"text":"DPC","link":"https:\/\/www.wallendorff.com\/belogue\/category\/dpc\/"},"img":{"alt_text":"","src":"https:\/\/i0.wp.com\/www.wallendorff.com\/belogue\/wp-content\/uploads\/2019\/04\/20190416-01.jpg?resize=350%2C200&ssl=1","width":350,"height":200,"srcset":"https:\/\/i0.wp.com\/www.wallendorff.com\/belogue\/wp-content\/uploads\/2019\/04\/20190416-01.jpg?resize=350%2C200&ssl=1 1x, https:\/\/i0.wp.com\/www.wallendorff.com\/belogue\/wp-content\/uploads\/2019\/04\/20190416-01.jpg?resize=525%2C300&ssl=1 1.5x, https:\/\/i0.wp.com\/www.wallendorff.com\/belogue\/wp-content\/uploads\/2019\/04\/20190416-01.jpg?resize=700%2C400&ssl=1 2x, https:\/\/i0.wp.com\/www.wallendorff.com\/belogue\/wp-content\/uploads\/2019\/04\/20190416-01.jpg?resize=1050%2C600&ssl=1 3x"},"classes":[]},{"id":45908,"url":"https:\/\/www.wallendorff.com\/belogue\/2020\/06\/23\/into-the-wide-200\/","url_meta":{"origin":33980,"position":5},"title":"Into the wide #200.","author":"dpc","date":"23 juin 2020","format":false,"excerpt":"Voie Georges-Pompidou, Paris, 10 mars 2020. Et puisque qu'il s'agit du 200e \u2013\u00a0c'est la premi\u00e8re fois que j'emm\u00e8ne une s\u00e9rie si loin, d'ailleurs, And Counting mise \u00e0 part\u00a0\u2013, je vous ai pr\u00e9par\u00e9 ci-dessous un petit floril\u00e8ge de mes 20 pr\u00e9f\u00e9r\u00e9s. La s\u00e9rie compl\u00e8te, quant \u00e0 elle, est disponible par l\u00e0.\u2026","rel":"","context":"Dans &quot;Into the wide&quot;","block_context":{"text":"Into the wide","link":"https:\/\/www.wallendorff.com\/belogue\/category\/into-the-wide\/"},"img":{"alt_text":"","src":"https:\/\/i0.wp.com\/www.wallendorff.com\/belogue\/wp-content\/uploads\/2020\/06\/20200623.jpg?resize=350%2C200&ssl=1","width":350,"height":200,"srcset":"https:\/\/i0.wp.com\/www.wallendorff.com\/belogue\/wp-content\/uploads\/2020\/06\/20200623.jpg?resize=350%2C200&ssl=1 1x, https:\/\/i0.wp.com\/www.wallendorff.com\/belogue\/wp-content\/uploads\/2020\/06\/20200623.jpg?resize=525%2C300&ssl=1 1.5x, https:\/\/i0.wp.com\/www.wallendorff.com\/belogue\/wp-content\/uploads\/2020\/06\/20200623.jpg?resize=700%2C400&ssl=1 2x, https:\/\/i0.wp.com\/www.wallendorff.com\/belogue\/wp-content\/uploads\/2020\/06\/20200623.jpg?resize=1050%2C600&ssl=1 3x"},"classes":[]}],"_links":{"self":[{"href":"https:\/\/www.wallendorff.com\/belogue\/wp-json\/wp\/v2\/posts\/33980","targetHints":{"allow":["GET"]}}],"collection":[{"href":"https:\/\/www.wallendorff.com\/belogue\/wp-json\/wp\/v2\/posts"}],"about":[{"href":"https:\/\/www.wallendorff.com\/belogue\/wp-json\/wp\/v2\/types\/post"}],"author":[{"embeddable":true,"href":"https:\/\/www.wallendorff.com\/belogue\/wp-json\/wp\/v2\/users\/1"}],"replies":[{"embeddable":true,"href":"https:\/\/www.wallendorff.com\/belogue\/wp-json\/wp\/v2\/comments?post=33980"}],"version-history":[{"count":4,"href":"https:\/\/www.wallendorff.com\/belogue\/wp-json\/wp\/v2\/posts\/33980\/revisions"}],"predecessor-version":[{"id":34096,"href":"https:\/\/www.wallendorff.com\/belogue\/wp-json\/wp\/v2\/posts\/33980\/revisions\/34096"}],"wp:featuredmedia":[{"embeddable":true,"href":"https:\/\/www.wallendorff.com\/belogue\/wp-json\/wp\/v2\/media\/33982"}],"wp:attachment":[{"href":"https:\/\/www.wallendorff.com\/belogue\/wp-json\/wp\/v2\/media?parent=33980"}],"wp:term":[{"taxonomy":"category","embeddable":true,"href":"https:\/\/www.wallendorff.com\/belogue\/wp-json\/wp\/v2\/categories?post=33980"},{"taxonomy":"post_tag","embeddable":true,"href":"https:\/\/www.wallendorff.com\/belogue\/wp-json\/wp\/v2\/tags?post=33980"}],"curies":[{"name":"wp","href":"https:\/\/api.w.org\/{rel}","templated":true}]}}