{"id":33876,"date":"2017-04-24T11:50:57","date_gmt":"2017-04-24T09:50:57","guid":{"rendered":"http:\/\/www.wallendorff.com\/belogue\/?p=33876"},"modified":"2018-05-23T08:02:50","modified_gmt":"2018-05-23T06:02:50","slug":"into-the-wide-93","status":"publish","type":"post","link":"https:\/\/www.wallendorff.com\/belogue\/2017\/04\/24\/into-the-wide-93\/","title":{"rendered":"Into the wide #93."},"content":{"rendered":"\n<div id=\"photo\">\n<p><img decoding=\"async\" src=\"https:\/\/www.wallendorff.com\/belogue\/wp-content\/uploads\/2017\/04\/20170424.jpg\"><br \/>\nArc de Triomphe, Paris, 12 mars.<\/p>\n<\/div>\n<p style=\"text-align:right\">J&rsquo;eusse aim&eacute; faire une pose lente, propre, pour remplacer tous ces stagnants v\u00e9hicules par de jolies train&eacute;es rouges et jaunes concentriques du plus bel effet.<\/p>\n<p style=\"text-align:right\">Mais les tr&eacute;pieds sont interdits sur le toit de l&rsquo;arc.<\/p>\n<p style=\"text-align:right\">C&rsquo;est con.<\/p>\n<div id=\"bandeson\">\n<p><img decoding=\"async\" src=\"https:\/\/www.wallendorff.com\/belogue\/photo\/pochettes\/b\/bnqt-volume_1.jpg\" align=\"left\" \/><a style=\"font-weight:normal\" id=\"lienmp3\" href=\"http:\/\/www.youtube.com\/watch?v=izA3N4zWHAU\"><em>Restart<\/em><\/a><br \/>\n<a href=\"http:\/\/bnqtband.wixsite.com\/bnqtband\">BNQT<\/a><\/p>\n<\/div>\n","protected":false},"excerpt":{"rendered":"<p>Arc de Triomphe, Paris, 12 mars. J&rsquo;eusse aim&eacute; faire une pose lente, propre, pour remplacer tous ces stagnants v\u00e9hicules par de jolies train&eacute;es rouges et jaunes concentriques du plus bel effet. Mais les tr&eacute;pieds sont interdits sur le toit de l&rsquo;arc. C&rsquo;est con. Restart BNQT<\/p>\n","protected":false},"author":1,"featured_media":33877,"comment_status":"open","ping_status":"open","sticky":false,"template":"","format":"standard","meta":{"_acf_changed":false,"ngg_post_thumbnail":0,"jetpack_post_was_ever_published":false,"_jetpack_newsletter_access":"","_jetpack_dont_email_post_to_subs":false,"_jetpack_newsletter_tier_id":0,"_jetpack_memberships_contains_paywalled_content":false,"_jetpack_memberships_contains_paid_content":false,"footnotes":"","jetpack_publicize_message":"","jetpack_publicize_feature_enabled":true,"jetpack_social_post_already_shared":true,"jetpack_social_options":{"image_generator_settings":{"template":"highway","default_image_id":0,"font":"","enabled":false},"version":2}},"categories":[7356],"tags":[10237,10372,8016,13737,8170,8351,10326,10120,10121,10147,11323,10098,5416,13738,10596,10236],"class_list":["post-33876","post","type-post","status-publish","format-standard","has-post-thumbnail","hentry","category-into-the-wide","tag-10237","tag-10372","tag-arc-de-triomphe-de-letoile","tag-bnqt","tag-ef-24-70-mm-f2-8l-ii-usm","tag-eos-6d","tag-crepuscule","tag-france","tag-ile-de-france","tag-nuit","tag-panoramique","tag-paris","tag-place-charles-de-gaulle","tag-restart","tag-toit","tag-tour-eiffel"],"acf":[],"geo":{"latitude":48.8738289,"longitude":2.295007,"description":"Gare Charles de Gaulle - \u00c9toile, 75017 Paris, France"},"jetpack_publicize_connections":[],"jetpack_featured_media_url":"https:\/\/www.wallendorff.com\/belogue\/wp-content\/uploads\/2017\/04\/20170424.jpg","jetpack_shortlink":"https:\/\/wp.me\/p3b35P-8Oo","jetpack_sharing_enabled":true,"jetpack-related-posts":[{"id":33871,"url":"https:\/\/www.wallendorff.com\/belogue\/2017\/04\/20\/pis-a-prismes-43\/","url_meta":{"origin":33876,"position":0},"title":"Pis \u00e0 prismes #43.","author":"dpc","date":"20 avril 2017","format":false,"excerpt":"Arc de Triomphe de l'\u00c9toile, Paris, 12 mars. Hunt Me Down The Black Angels","rel":"","context":"Dans &quot;Pis \u00e0 prismes&quot;","block_context":{"text":"Pis \u00e0 prismes","link":"https:\/\/www.wallendorff.com\/belogue\/category\/pis-a-prismes\/"},"img":{"alt_text":"","src":"https:\/\/i0.wp.com\/www.wallendorff.com\/belogue\/wp-content\/uploads\/2017\/04\/20170420-1.jpg?resize=350%2C200&ssl=1","width":350,"height":200,"srcset":"https:\/\/i0.wp.com\/www.wallendorff.com\/belogue\/wp-content\/uploads\/2017\/04\/20170420-1.jpg?resize=350%2C200&ssl=1 1x, https:\/\/i0.wp.com\/www.wallendorff.com\/belogue\/wp-content\/uploads\/2017\/04\/20170420-1.jpg?resize=525%2C300&ssl=1 1.5x, https:\/\/i0.wp.com\/www.wallendorff.com\/belogue\/wp-content\/uploads\/2017\/04\/20170420-1.jpg?resize=700%2C400&ssl=1 2x"},"classes":[]},{"id":36261,"url":"https:\/\/www.wallendorff.com\/belogue\/2017\/11\/04\/bnqt-le-cafe-de-la-danse-paris-30-octobre\/","url_meta":{"origin":33876,"position":1},"title":"BNQT @ le Caf\u00e9 de la Danse, Paris, 30 octobre.","author":"dpc","date":"4 novembre 2017","format":false,"excerpt":"\u00a0 Hey Banana BNQT","rel":"","context":"Dans &quot;Alive&quot;","block_context":{"text":"Alive","link":"https:\/\/www.wallendorff.com\/belogue\/category\/alive\/"},"img":{"alt_text":"","src":"https:\/\/i0.wp.com\/www.wallendorff.com\/belogue\/wp-content\/uploads\/2017\/11\/20171104-10.jpg?resize=350%2C200&ssl=1","width":350,"height":200,"srcset":"https:\/\/i0.wp.com\/www.wallendorff.com\/belogue\/wp-content\/uploads\/2017\/11\/20171104-10.jpg?resize=350%2C200&ssl=1 1x, https:\/\/i0.wp.com\/www.wallendorff.com\/belogue\/wp-content\/uploads\/2017\/11\/20171104-10.jpg?resize=525%2C300&ssl=1 1.5x, https:\/\/i0.wp.com\/www.wallendorff.com\/belogue\/wp-content\/uploads\/2017\/11\/20171104-10.jpg?resize=700%2C400&ssl=1 2x"},"classes":[]},{"id":34091,"url":"https:\/\/www.wallendorff.com\/belogue\/2017\/05\/24\/into-the-wide-96\/","url_meta":{"origin":33876,"position":2},"title":"Into the wide #96.","author":"dpc","date":"24 mai 2017","format":false,"excerpt":"Voie George-Pompidou, Paris, 5 avril. Hey Banana BNQT","rel":"","context":"Dans &quot;Into the wide&quot;","block_context":{"text":"Into the wide","link":"https:\/\/www.wallendorff.com\/belogue\/category\/into-the-wide\/"},"img":{"alt_text":"","src":"https:\/\/i0.wp.com\/www.wallendorff.com\/belogue\/wp-content\/uploads\/2017\/05\/20170524.jpg?resize=350%2C200&ssl=1","width":350,"height":200,"srcset":"https:\/\/i0.wp.com\/www.wallendorff.com\/belogue\/wp-content\/uploads\/2017\/05\/20170524.jpg?resize=350%2C200&ssl=1 1x, https:\/\/i0.wp.com\/www.wallendorff.com\/belogue\/wp-content\/uploads\/2017\/05\/20170524.jpg?resize=525%2C300&ssl=1 1.5x, https:\/\/i0.wp.com\/www.wallendorff.com\/belogue\/wp-content\/uploads\/2017\/05\/20170524.jpg?resize=700%2C400&ssl=1 2x, https:\/\/i0.wp.com\/www.wallendorff.com\/belogue\/wp-content\/uploads\/2017\/05\/20170524.jpg?resize=1050%2C600&ssl=1 3x"},"classes":[]},{"id":33804,"url":"https:\/\/www.wallendorff.com\/belogue\/2017\/03\/31\/mars-2017\/","url_meta":{"origin":33876,"position":3},"title":"Mars 2017.","author":"dpc","date":"31 mars 2017","format":false,"excerpt":"Un toit, un quai, un studio, un canap\u00e9, un bus, un chat pr\u00e9nomm\u00e9 Kouign Amann, un b\u00e9b\u00e9, un chien, un couteau, un t\u00e9l\u00e9phone, un cactus, un atelier, une ruelle, un anniversaire, un autocollant, une avenue flou, une exposition, un concert, un concert, un coucher de soleil, un quai, une cath\u00e9drale,\u2026","rel":"","context":"Dans &quot;Blog-note&quot;","block_context":{"text":"Blog-note","link":"https:\/\/www.wallendorff.com\/belogue\/category\/blog-note\/"},"img":{"alt_text":"","src":"https:\/\/i0.wp.com\/www.wallendorff.com\/belogue\/wp-content\/uploads\/2017\/03\/20170413-31.jpg?resize=350%2C200&ssl=1","width":350,"height":200,"srcset":"https:\/\/i0.wp.com\/www.wallendorff.com\/belogue\/wp-content\/uploads\/2017\/03\/20170413-31.jpg?resize=350%2C200&ssl=1 1x, https:\/\/i0.wp.com\/www.wallendorff.com\/belogue\/wp-content\/uploads\/2017\/03\/20170413-31.jpg?resize=525%2C300&ssl=1 1.5x, https:\/\/i0.wp.com\/www.wallendorff.com\/belogue\/wp-content\/uploads\/2017\/03\/20170413-31.jpg?resize=700%2C400&ssl=1 2x"},"classes":[]},{"id":4045,"url":"https:\/\/www.wallendorff.com\/belogue\/2009\/03\/17\/ta-nielle-darc\/","url_meta":{"origin":33876,"position":4},"title":"Ta nielle d&rsquo;arc.","author":"dpc","date":"17 mars 2009","format":false,"excerpt":"Arc de Triomphe du Carrousel, Paris, 7 f\u00e9vrier. Arras et Ou\u00e8rt\u00e8re, ou comment l'union fait l'\u00e9conomie de charte grasphique. The Paybacks \u2013 Hot Shot","rel":"","context":"Dans &quot;DPC&quot;","block_context":{"text":"DPC","link":"https:\/\/www.wallendorff.com\/belogue\/category\/dpc\/"},"img":{"alt_text":"","src":"https:\/\/i0.wp.com\/www.wallendorff.com\/belogue\/wp-content\/uploads\/2015\/04\/200903171.jpg?resize=350%2C200&ssl=1","width":350,"height":200},"classes":[]},{"id":12331,"url":"https:\/\/www.wallendorff.com\/belogue\/2011\/02\/22\/un-parthe-houpa-lhaut-cintre\/","url_meta":{"origin":33876,"position":5},"title":"Un Parthe houpa l&rsquo;haut cintre.","author":"dpc","date":"22 f\u00e9vrier 2011","format":false,"excerpt":"Arc de Triomphe de l'\u00c9toile, Paris, 17 janvier. C'est magnifique. Je n'avais jamais post\u00e9 une telle photo. [Absolument jamais.] \u00a0The Dandy Warhols \u2013 Hells Bells (AC\/DC cover)","rel":"","context":"Dans &quot;DPC&quot;","block_context":{"text":"DPC","link":"https:\/\/www.wallendorff.com\/belogue\/category\/dpc\/"},"img":{"alt_text":"","src":"https:\/\/i0.wp.com\/www.wallendorff.com\/belogue\/wp-content\/uploads\/2015\/04\/201102221.jpg?resize=350%2C200&ssl=1","width":350,"height":200,"srcset":"https:\/\/i0.wp.com\/www.wallendorff.com\/belogue\/wp-content\/uploads\/2015\/04\/201102221.jpg?resize=350%2C200&ssl=1 1x, https:\/\/i0.wp.com\/www.wallendorff.com\/belogue\/wp-content\/uploads\/2015\/04\/201102221.jpg?resize=525%2C300&ssl=1 1.5x, https:\/\/i0.wp.com\/www.wallendorff.com\/belogue\/wp-content\/uploads\/2015\/04\/201102221.jpg?resize=700%2C400&ssl=1 2x"},"classes":[]}],"_links":{"self":[{"href":"https:\/\/www.wallendorff.com\/belogue\/wp-json\/wp\/v2\/posts\/33876","targetHints":{"allow":["GET"]}}],"collection":[{"href":"https:\/\/www.wallendorff.com\/belogue\/wp-json\/wp\/v2\/posts"}],"about":[{"href":"https:\/\/www.wallendorff.com\/belogue\/wp-json\/wp\/v2\/types\/post"}],"author":[{"embeddable":true,"href":"https:\/\/www.wallendorff.com\/belogue\/wp-json\/wp\/v2\/users\/1"}],"replies":[{"embeddable":true,"href":"https:\/\/www.wallendorff.com\/belogue\/wp-json\/wp\/v2\/comments?post=33876"}],"version-history":[{"count":5,"href":"https:\/\/www.wallendorff.com\/belogue\/wp-json\/wp\/v2\/posts\/33876\/revisions"}],"predecessor-version":[{"id":33882,"href":"https:\/\/www.wallendorff.com\/belogue\/wp-json\/wp\/v2\/posts\/33876\/revisions\/33882"}],"wp:featuredmedia":[{"embeddable":true,"href":"https:\/\/www.wallendorff.com\/belogue\/wp-json\/wp\/v2\/media\/33877"}],"wp:attachment":[{"href":"https:\/\/www.wallendorff.com\/belogue\/wp-json\/wp\/v2\/media?parent=33876"}],"wp:term":[{"taxonomy":"category","embeddable":true,"href":"https:\/\/www.wallendorff.com\/belogue\/wp-json\/wp\/v2\/categories?post=33876"},{"taxonomy":"post_tag","embeddable":true,"href":"https:\/\/www.wallendorff.com\/belogue\/wp-json\/wp\/v2\/tags?post=33876"}],"curies":[{"name":"wp","href":"https:\/\/api.w.org\/{rel}","templated":true}]}}