{"id":33866,"date":"2017-04-18T15:32:39","date_gmt":"2017-04-18T13:32:39","guid":{"rendered":"http:\/\/www.wallendorff.com\/belogue\/?p=33866"},"modified":"2018-05-23T08:02:51","modified_gmt":"2018-05-23T06:02:51","slug":"a-quai","status":"publish","type":"post","link":"https:\/\/www.wallendorff.com\/belogue\/2017\/04\/18\/a-quai\/","title":{"rendered":"\u00c0 quai."},"content":{"rendered":"<div id=\"photo\">\n<p><img decoding=\"async\" src=\"https:\/\/www.wallendorff.com\/belogue\/wp-content\/uploads\/2017\/04\/20170418.jpg\"><br \/>Station Boulogne \u2013 Pont de Saint-Cloud, Boulogne-Billancourt, 9 mars.<\/p>\n<\/div>\n<div id=\"bandeson\">\n<p><img decoding=\"async\" src=\"https:\/\/www.wallendorff.com\/belogue\/photo\/pochettes\/t\/tall_ships-impressions.jpg\" align=\"left\"><a id=\"lienmp3\" style=\"font-weight: normal;\" href=\"http:\/\/www.youtube.com\/watch?v=2jF4D4DuPPY\"><em>Day by Day<\/em><\/a><br \/>\n<a href=\"http:\/\/wearetallships.co.uk\/\">Tall Ships<\/a><\/p>\n<\/div>\n","protected":false},"excerpt":{"rendered":"<p>Station Boulogne \u2013 Pont de Saint-Cloud, Boulogne-Billancourt, 9 mars. Day by Day Tall Ships<\/p>\n","protected":false},"author":1,"featured_media":33868,"comment_status":"open","ping_status":"open","sticky":false,"template":"","format":"standard","meta":{"_acf_changed":false,"ngg_post_thumbnail":0,"jetpack_post_was_ever_published":false,"_jetpack_newsletter_access":"","_jetpack_dont_email_post_to_subs":false,"_jetpack_newsletter_tier_id":0,"_jetpack_memberships_contains_paywalled_content":false,"_jetpack_memberships_contains_paid_content":false,"footnotes":"","jetpack_publicize_message":"","jetpack_publicize_feature_enabled":true,"jetpack_social_post_already_shared":true,"jetpack_social_options":{"image_generator_settings":{"template":"highway","default_image_id":0,"font":"","enabled":false},"version":2}},"categories":[3],"tags":[13735,6419,13733,8351,13734,10120,10353,10121,14400,1218,10119,12546,143,10287,13705],"class_list":["post-33866","post","type-post","status-publish","format-standard","has-post-thumbnail","hentry","category-dpc","tag-boulogne-pont-de-saint-cloud","tag-boulogne-billancourt","tag-ef-28-mm-f1-8-usm","tag-eos-6d","tag-day-by-day","tag-france","tag-hauts-de-seine","tag-ile-de-france","tag-impressions","tag-ligne-10","tag-metro","tag-metro-de-paris","tag-noir-et-blanc","tag-quai","tag-tall-ships"],"acf":[],"geo":{"latitude":48.8407211,"longitude":2.2285454,"description":null},"jetpack_publicize_connections":[],"jetpack_featured_media_url":"https:\/\/www.wallendorff.com\/belogue\/wp-content\/uploads\/2017\/04\/20170418.jpg","jetpack_shortlink":"https:\/\/wp.me\/p3b35P-8Oe","jetpack_sharing_enabled":true,"jetpack-related-posts":[{"id":18870,"url":"https:\/\/www.wallendorff.com\/belogue\/2012\/09\/03\/not-even-gel\/","url_meta":{"origin":33866,"position":0},"title":"Not even gel.","author":"dpc","date":"3 septembre 2012","format":false,"excerpt":"Boulevard Jean-Jaur\u00e8s, Boulogne-Billancourt, 22 juin. Two Gallants \u2013 Sunday Souvenirs","rel":"","context":"Dans &quot;DPC&quot;","block_context":{"text":"DPC","link":"https:\/\/www.wallendorff.com\/belogue\/category\/dpc\/"},"img":{"alt_text":"","src":"https:\/\/i0.wp.com\/www.wallendorff.com\/belogue\/wp-content\/uploads\/2015\/04\/201209031.jpg?resize=350%2C200&ssl=1","width":350,"height":200},"classes":[]},{"id":23903,"url":"https:\/\/www.wallendorff.com\/belogue\/2015\/03\/23\/la-spirale-est-la-fournie\/","url_meta":{"origin":33866,"position":1},"title":"La spirale (est l\u00e0, fournie).","author":"dpc","date":"23 mars 2015","format":false,"excerpt":"Cour des Longs-Pr\u00e9s, Boulogne-Billancourt, 25 janvier. [On avait dit et redit et reredit et rereredit et rerereredit et rererereredit et rerererereredit et rererererereredit qu'il fallait que j'arr\u00eate avec les escaliers vides.] Freaky Teeth Noel Gallagher's High Flying Birds","rel":"","context":"Dans &quot;DPC&quot;","block_context":{"text":"DPC","link":"https:\/\/www.wallendorff.com\/belogue\/category\/dpc\/"},"img":{"alt_text":"","src":"https:\/\/i0.wp.com\/www.wallendorff.com\/belogue\/wp-content\/uploads\/2015\/04\/201503231.jpg?resize=350%2C200&ssl=1","width":350,"height":200,"srcset":"https:\/\/i0.wp.com\/www.wallendorff.com\/belogue\/wp-content\/uploads\/2015\/04\/201503231.jpg?resize=350%2C200&ssl=1 1x, https:\/\/i0.wp.com\/www.wallendorff.com\/belogue\/wp-content\/uploads\/2015\/04\/201503231.jpg?resize=525%2C300&ssl=1 1.5x"},"classes":[]},{"id":33111,"url":"https:\/\/www.wallendorff.com\/belogue\/2016\/11\/29\/shooting-people-128\/","url_meta":{"origin":33866,"position":2},"title":"Shooting people #128.","author":"dpc","date":"29 novembre 2016","format":false,"excerpt":"Canal Factory, Boulogne-Billancourt, 7 octobre. Portrait illustrant l\u2019interview par No\u00e9mie Lambert \u00e0 lire chez Soul Kitchen. 18\u00a0h 02. Pas facile de trouver un cadre calme et visuellement potable dans des coulisses de studio t\u00e9l\u00e9. Surtout quand les dits studios entament deux \u00e9missions en direct, diffus\u00e9es en m\u00eame temps. Surtout quand\u2026","rel":"","context":"Dans &quot;Portraits&quot;","block_context":{"text":"Portraits","link":"https:\/\/www.wallendorff.com\/belogue\/category\/portraits\/"},"img":{"alt_text":"","src":"https:\/\/i0.wp.com\/www.wallendorff.com\/belogue\/wp-content\/uploads\/2016\/11\/20161129-05-1.jpg?resize=350%2C200&ssl=1","width":350,"height":200,"srcset":"https:\/\/i0.wp.com\/www.wallendorff.com\/belogue\/wp-content\/uploads\/2016\/11\/20161129-05-1.jpg?resize=350%2C200&ssl=1 1x, https:\/\/i0.wp.com\/www.wallendorff.com\/belogue\/wp-content\/uploads\/2016\/11\/20161129-05-1.jpg?resize=525%2C300&ssl=1 1.5x, https:\/\/i0.wp.com\/www.wallendorff.com\/belogue\/wp-content\/uploads\/2016\/11\/20161129-05-1.jpg?resize=700%2C400&ssl=1 2x"},"classes":[]},{"id":50502,"url":"https:\/\/www.wallendorff.com\/belogue\/2021\/12\/31\/decembre-2021\/","url_meta":{"origin":33866,"position":3},"title":"D\u00e9cembre 2021.","author":"dpc","date":"31 d\u00e9cembre 2021","format":false,"excerpt":"Un caf\u00e9, une tour, une double clope, un passage, une flaque, un rayon de soleil, un naufrage, un concert, un ronflet, un a\u00e9roport, un lac, un ap\u00e9ro, une ruelle, un bar, une place, un pont, une ruelle, un bateau, un campanile, un vaporetto, un ap\u00e9ro, un embarcad\u00e8re, un restaurant, un\u2026","rel":"","context":"Dans &quot;Blog-note&quot;","block_context":{"text":"Blog-note","link":"https:\/\/www.wallendorff.com\/belogue\/category\/blog-note\/"},"img":{"alt_text":"","src":"https:\/\/i0.wp.com\/www.wallendorff.com\/belogue\/wp-content\/uploads\/2022\/01\/20220117-68.jpg?resize=350%2C200&ssl=1","width":350,"height":200,"srcset":"https:\/\/i0.wp.com\/www.wallendorff.com\/belogue\/wp-content\/uploads\/2022\/01\/20220117-68.jpg?resize=350%2C200&ssl=1 1x, https:\/\/i0.wp.com\/www.wallendorff.com\/belogue\/wp-content\/uploads\/2022\/01\/20220117-68.jpg?resize=525%2C300&ssl=1 1.5x, https:\/\/i0.wp.com\/www.wallendorff.com\/belogue\/wp-content\/uploads\/2022\/01\/20220117-68.jpg?resize=700%2C400&ssl=1 2x, https:\/\/i0.wp.com\/www.wallendorff.com\/belogue\/wp-content\/uploads\/2022\/01\/20220117-68.jpg?resize=1050%2C600&ssl=1 3x"},"classes":[]},{"id":50816,"url":"https:\/\/www.wallendorff.com\/belogue\/2022\/01\/31\/janvier-2022\/","url_meta":{"origin":33866,"position":4},"title":"Janvier 2022.","author":"dpc","date":"31 janvier 2022","format":false,"excerpt":"Un r\u00e9veillon, des cotillons, un billard, une for\u00eat \u00e0 miroirs, une ruine, une montagne, une voiture, un train, un ap\u00e9ro, une gare, une horloge, une tour bleue, une lampe, une expo, un quai, une t\u00e9l\u00e9, un c\u0153ur, une pyramide, un mus\u00e9e, une passerelle, un RER, des sapins, un m\u00e9tro, un\u2026","rel":"","context":"Dans &quot;Blog-note&quot;","block_context":{"text":"Blog-note","link":"https:\/\/www.wallendorff.com\/belogue\/category\/blog-note\/"},"img":{"alt_text":"","src":"https:\/\/i0.wp.com\/www.wallendorff.com\/belogue\/wp-content\/uploads\/2022\/02\/20220222-05.jpg?resize=350%2C200&ssl=1","width":350,"height":200,"srcset":"https:\/\/i0.wp.com\/www.wallendorff.com\/belogue\/wp-content\/uploads\/2022\/02\/20220222-05.jpg?resize=350%2C200&ssl=1 1x, https:\/\/i0.wp.com\/www.wallendorff.com\/belogue\/wp-content\/uploads\/2022\/02\/20220222-05.jpg?resize=525%2C300&ssl=1 1.5x, https:\/\/i0.wp.com\/www.wallendorff.com\/belogue\/wp-content\/uploads\/2022\/02\/20220222-05.jpg?resize=700%2C400&ssl=1 2x, https:\/\/i0.wp.com\/www.wallendorff.com\/belogue\/wp-content\/uploads\/2022\/02\/20220222-05.jpg?resize=1050%2C600&ssl=1 3x"},"classes":[]},{"id":40626,"url":"https:\/\/www.wallendorff.com\/belogue\/2018\/11\/30\/novembre-2018\/","url_meta":{"origin":33866,"position":5},"title":"Novembre 2018.","author":"dpc","date":"30 novembre 2018","format":false,"excerpt":"Un mus\u00e9e, une place, un concert, une expo, un parc, une passerelle, un num\u00e9ro, une pizza, un concert, un train, un num\u00e9ro, une gare, un hommage, une pizza, une vitrine, une passerelle, un couple, une station, une tour, une station, un escalator, un concert, une session, un concert, un plafond,\u2026","rel":"","context":"Dans &quot;Blog-note&quot;","block_context":{"text":"Blog-note","link":"https:\/\/www.wallendorff.com\/belogue\/category\/blog-note\/"},"img":{"alt_text":"","src":"https:\/\/i0.wp.com\/www.wallendorff.com\/belogue\/wp-content\/uploads\/2018\/12\/20181213-68.jpg?resize=350%2C200&ssl=1","width":350,"height":200,"srcset":"https:\/\/i0.wp.com\/www.wallendorff.com\/belogue\/wp-content\/uploads\/2018\/12\/20181213-68.jpg?resize=350%2C200&ssl=1 1x, https:\/\/i0.wp.com\/www.wallendorff.com\/belogue\/wp-content\/uploads\/2018\/12\/20181213-68.jpg?resize=525%2C300&ssl=1 1.5x, https:\/\/i0.wp.com\/www.wallendorff.com\/belogue\/wp-content\/uploads\/2018\/12\/20181213-68.jpg?resize=700%2C400&ssl=1 2x, https:\/\/i0.wp.com\/www.wallendorff.com\/belogue\/wp-content\/uploads\/2018\/12\/20181213-68.jpg?resize=1050%2C600&ssl=1 3x"},"classes":[]}],"_links":{"self":[{"href":"https:\/\/www.wallendorff.com\/belogue\/wp-json\/wp\/v2\/posts\/33866","targetHints":{"allow":["GET"]}}],"collection":[{"href":"https:\/\/www.wallendorff.com\/belogue\/wp-json\/wp\/v2\/posts"}],"about":[{"href":"https:\/\/www.wallendorff.com\/belogue\/wp-json\/wp\/v2\/types\/post"}],"author":[{"embeddable":true,"href":"https:\/\/www.wallendorff.com\/belogue\/wp-json\/wp\/v2\/users\/1"}],"replies":[{"embeddable":true,"href":"https:\/\/www.wallendorff.com\/belogue\/wp-json\/wp\/v2\/comments?post=33866"}],"version-history":[{"count":3,"href":"https:\/\/www.wallendorff.com\/belogue\/wp-json\/wp\/v2\/posts\/33866\/revisions"}],"predecessor-version":[{"id":33870,"href":"https:\/\/www.wallendorff.com\/belogue\/wp-json\/wp\/v2\/posts\/33866\/revisions\/33870"}],"wp:featuredmedia":[{"embeddable":true,"href":"https:\/\/www.wallendorff.com\/belogue\/wp-json\/wp\/v2\/media\/33868"}],"wp:attachment":[{"href":"https:\/\/www.wallendorff.com\/belogue\/wp-json\/wp\/v2\/media?parent=33866"}],"wp:term":[{"taxonomy":"category","embeddable":true,"href":"https:\/\/www.wallendorff.com\/belogue\/wp-json\/wp\/v2\/categories?post=33866"},{"taxonomy":"post_tag","embeddable":true,"href":"https:\/\/www.wallendorff.com\/belogue\/wp-json\/wp\/v2\/tags?post=33866"}],"curies":[{"name":"wp","href":"https:\/\/api.w.org\/{rel}","templated":true}]}}