{"id":3381,"date":"2008-09-05T12:07:44","date_gmt":"2008-09-05T10:07:44","guid":{"rendered":"http:\/\/www.po-l.com\/belogue\/?p=3381"},"modified":"2012-06-05T09:55:00","modified_gmt":"2012-06-05T07:55:00","slug":"space-mots-keys-25","status":"publish","type":"post","link":"https:\/\/www.wallendorff.com\/belogue\/2008\/09\/05\/space-mots-keys-25\/","title":{"rendered":"Space mots-keys #25."},"content":{"rendered":"<div id=\"photo\">\n<p><img decoding=\"async\" src=\"https:\/\/www.wallendorff.com\/belogue\/images\/etoile_blanche.jpg\"><\/p>\n<\/div>\n<p style=\"text-align:center\"><img decoding=\"async\" src=\"https:\/\/www.wallendorff.com\/belogue\/photo\/2006\/10\/gougle.gif\" align=\"middle\"\/> ize proude tou pr&eacute;sente<\/p>\n<p style=\"text-align:center\"><img decoding=\"async\" src=\"https:\/\/www.wallendorff.com\/belogue\/photo\/2006\/10\/mots-cles.gif\" \/><\/p>\n<p>307 requ&ecirc;tes pour Rage Against the Machine soient 39,87% du total du mois, on vient de battre un nouveau record, les enfants. <\/p>\n<h1>La courte-liste&nbsp;: <\/h1>\n<ul>\n<li><img decoding=\"async\" src=\"https:\/\/www.wallendorff.com\/belogue\/photo\/2008\/09\/spm\/02.gif\" \/><br \/>\n    Ah ouaiiiiiiiiiiiiiiiiiiiis.<br \/>\n    &nbsp;<\/li>\n<li><img decoding=\"async\" src=\"https:\/\/www.wallendorff.com\/belogue\/photo\/2008\/09\/spm\/03.gif\" \/><br \/>\n    Souhaitons la bienvenue &agrave; nos amis Tom et Bill, nouveaux arrivants dans le club des gros apr&egrave;s Paul Banks et Robert  Smith. <br \/>\n    &nbsp; \n  <\/li>\n<li><img decoding=\"async\" src=\"https:\/\/www.wallendorff.com\/belogue\/photo\/2008\/09\/spm\/04.gif\" \/><br \/>\n    <img decoding=\"async\" src=\"https:\/\/www.wallendorff.com\/belogue\/photo\/2008\/09\/spm\/05.gif\" \/><br \/>\n    Reconnaissons que &ccedil;a va quand m&ecirc;me super-plus vite de trouver ce qu&rsquo;on cherche quand on place dans sa requ&ecirc;te Gougle la question et sa r&eacute;ponse.<br \/>\n    &nbsp;<\/li>\n<li><img decoding=\"async\" src=\"https:\/\/www.wallendorff.com\/belogue\/photo\/2008\/09\/spm\/06.gif\" \/><br \/>\n    Tu as d&ucirc; y placer par inadvertance un 78 tours de    Rimski-Korsakov, ah ah, oh oh, hu hu, vivement le week-end que je me recharge les batteries dites donc. <br \/>\n    &nbsp;<\/li>\n<li><img decoding=\"async\" src=\"https:\/\/www.wallendorff.com\/belogue\/photo\/2008\/09\/spm\/07.gif\" \/><br \/>\n    C&rsquo;est un pl&eacute;onasme, &ccedil;a, non&nbsp;? <br \/>\n    &nbsp;<\/li>\n<li><img decoding=\"async\" src=\"https:\/\/www.wallendorff.com\/belogue\/photo\/2008\/09\/spm\/08.gif\" \/><br \/>\n    Certes.<br \/>\n    &nbsp; \n  <\/li>\n<li><img decoding=\"async\" src=\"https:\/\/www.wallendorff.com\/belogue\/photo\/2008\/09\/spm\/09.gif\" \/><br \/>\n    C&rsquo;est &eacute;trange, cette fa&ccedil;on moderne de se rassurer sur ses opinions en testant pr&eacute;alablement leur popularit&eacute; dans les moteurs de recherche.<br \/>\n    &nbsp;<\/li>\n<li><img decoding=\"async\" src=\"https:\/\/www.wallendorff.com\/belogue\/photo\/2008\/09\/spm\/10.gif\" \/><br \/>\n    Et apr&egrave;s, qu&rsquo;on ne vienne pas me dire que vendeur &agrave; la Fnac, c&rsquo;est super-facile comme boulot. [Pour les amateurs de <em>Jeopardy<\/em> la bonne question &eacute;tait &laquo;&nbsp;citez les liens de parent&eacute; du groupe Silverchair, une nationalit&eacute; qu&rsquo;ils n&rsquo;ont pas, un style musical qu&rsquo;ils aiment, le nom d&rsquo;un dessin que l&rsquo;on d&eacute;pose sur un CD et l&rsquo;animal repr&eacute;sent&eacute; sur celui de <em>Frogstomp<\/em>, qu&rsquo;ils ont sorti en 1995.&nbsp;&raquo;] <br \/>\n    &nbsp;\n  <\/li>\n<li><img decoding=\"async\" src=\"https:\/\/www.wallendorff.com\/belogue\/photo\/2008\/09\/spm\/11.gif\" \/><br \/>\n    Waw, comment je serais vex&eacute; si je serais &agrave; sa place, je te jetterai des m&eacute;diators dans ta t&ecirc;te avenue de la Motte-Piquet, tiens. <br \/>\n    &nbsp;\n  <\/li>\n<li><img decoding=\"async\" src=\"https:\/\/www.wallendorff.com\/belogue\/photo\/2008\/09\/spm\/12.gif\" \/><br \/>\n    Euh<br \/>\n    &nbsp;\n  <\/li>\n<li><img decoding=\"async\" src=\"https:\/\/www.wallendorff.com\/belogue\/photo\/2008\/09\/spm\/13.gif\" \/><br \/>\n    C&rsquo;est une int&eacute;ressante id&eacute;e de d&eacute;veloppement de ce journal &agrave; moyen terme, merci de la soumettre. <br \/>\n    &nbsp;\n  <\/li>\n<li><img decoding=\"async\" src=\"https:\/\/www.wallendorff.com\/belogue\/photo\/2008\/09\/spm\/14.gif\" \/><br \/>\n    Je me disais bien qu&rsquo;une t&ecirc;te pareille ne pouvait pas &ecirc;tre naturelle, aussi.<br \/>\n    &nbsp;<\/li>\n<li><img decoding=\"async\" src=\"https:\/\/www.wallendorff.com\/belogue\/photo\/2008\/09\/spm\/15.gif\" \/><br \/>\n    Avec des photos&nbsp;?<br \/>\n    &nbsp;\n  <\/li>\n<li><img decoding=\"async\" src=\"https:\/\/www.wallendorff.com\/belogue\/photo\/2008\/09\/spm\/17.gif\" \/><br \/>\n    Je vous transmets la question. <br \/>\n    &nbsp;<\/li>\n<li><img decoding=\"async\" src=\"https:\/\/www.wallendorff.com\/belogue\/photo\/2008\/09\/spm\/18.gif\" \/><br \/>\n    Mais absolument. Le plus impressionnant, c&rsquo;est quand il fait pouler leurs ampoules. <br \/>\n    &nbsp;\n  <\/li>\n<li><img decoding=\"async\" src=\"https:\/\/www.wallendorff.com\/belogue\/photo\/2008\/09\/spm\/19.gif\" \/><br \/>\n    &Ccedil;a me rassure toujours de constater qu&rsquo;il y a pire pervers que moi<br \/>\n    .<br \/>\n    &nbsp;<\/li>\n<li><img decoding=\"async\" src=\"https:\/\/www.wallendorff.com\/belogue\/photo\/2008\/09\/spm\/21.gif\" \/><br \/>\n    La d&eacute;pression nerveuse &agrave; tendance suicidaires est d&eacute;cid&eacute;ment le fl&eacute;au de notre si&egrave;cle.<br \/>\n    &nbsp;<\/li>\n<li><img decoding=\"async\" src=\"https:\/\/www.wallendorff.com\/belogue\/photo\/2008\/09\/spm\/22.gif\" \/><br \/>\n    Oui oui. Et Pete Doherty est sobre.<br \/>\n    &nbsp;    &nbsp;\n  <\/li>\n<li><img decoding=\"async\" src=\"https:\/\/www.wallendorff.com\/belogue\/photo\/2008\/09\/spm\/23.gif\" \/><br \/>\n    Diantre, on m&rsquo;a retrouv&eacute;. <br \/>\n    &nbsp;\n  <\/li>\n<li><img decoding=\"async\" src=\"https:\/\/www.wallendorff.com\/belogue\/photo\/2008\/09\/spm\/24.gif\" \/><br \/>\n    La pr&eacute;cision &eacute;labor&eacute;es des fantasmes de certains m&rsquo;&eacute;patera toujours. <br \/>\n    &nbsp;\n  <\/li>\n<li><img decoding=\"async\" src=\"https:\/\/www.wallendorff.com\/belogue\/photo\/2008\/09\/spm\/25.gif\" \/><br \/>\n    &Ccedil;a tombe bien, j&rsquo;en connais une sp&eacute;cialis&eacute;e dans la s&eacute;r&eacute;nade &agrave; l&rsquo;ukul&eacute;l&eacute; et le mannequinat de dauilles. &Eacute;crire au journal qui transmettra.<br \/>\n    &nbsp;\n  <\/li>\n<li><img decoding=\"async\" src=\"https:\/\/www.wallendorff.com\/belogue\/photo\/2008\/09\/spm\/20.gif\" \/><br \/>\n    Juste apr&egrave;s l&rsquo;annonce de l&rsquo;annulation d&rsquo;Amy Winehouse h&eacute;h&eacute;h&eacute;h&eacute;h&eacute;. <br \/>\n    &nbsp;\n  <\/li>\n<\/ul>\n","protected":false},"excerpt":{"rendered":"<p>ize proude tou pr&eacute;sente 307 requ&ecirc;tes pour Rage Against the Machine soient 39,87% du total du mois, on vient de battre un nouveau record, les enfants. La courte-liste&nbsp;: Ah ouaiiiiiiiiiiiiiiiiiiiis. &nbsp; Souhaitons la bienvenue &agrave; nos amis Tom et Bill, nouveaux arrivants dans le club des gros apr&egrave;s Paul Banks et Robert Smith. &nbsp; Reconnaissons&hellip;<\/p>\n","protected":false},"author":1,"featured_media":25247,"comment_status":"open","ping_status":"open","sticky":false,"template":"","format":"standard","meta":{"_acf_changed":false,"ngg_post_thumbnail":0,"jetpack_post_was_ever_published":false,"_jetpack_newsletter_access":"","_jetpack_dont_email_post_to_subs":false,"_jetpack_newsletter_tier_id":0,"_jetpack_memberships_contains_paywalled_content":false,"_jetpack_memberships_contains_paid_content":false,"footnotes":"","jetpack_publicize_message":"","jetpack_publicize_feature_enabled":true,"jetpack_social_post_already_shared":false,"jetpack_social_options":{"image_generator_settings":{"template":"highway","default_image_id":0,"font":"","enabled":false},"version":2}},"categories":[12],"tags":[],"class_list":["post-3381","post","type-post","status-publish","format-standard","has-post-thumbnail","hentry","category-space-mots-keys"],"acf":[],"geo":null,"jetpack_publicize_connections":[],"jetpack_featured_media_url":"https:\/\/www.wallendorff.com\/belogue\/wp-content\/uploads\/2015\/04\/gougle52.gif","jetpack_shortlink":"https:\/\/wp.me\/p3b35P-Sx","jetpack_sharing_enabled":true,"jetpack-related-posts":[{"id":3658,"url":"https:\/\/www.wallendorff.com\/belogue\/2008\/12\/08\/space-mots-keys-28\/","url_meta":{"origin":3381,"position":0},"title":"Space mots-keys #28.","author":"dpc","date":"8 d\u00e9cembre 2008","format":false,"excerpt":"ize proude tou pr\u00e9sente La courte-liste\u00a0: [Qui raccourcit de mois en mois, oui j'ai vu.] \u00c0 qui le dites-vous, ma bonne dame. \u00a0 Y en a qui comptent passer un 21 juillet prochain bien rock n'roll, dis donc. \u00a0 Hum. Le Bescherelle\u00a0? \u00a0 B\u00e9ni soit ton nom. \u00a0 Ce journal\u2026","rel":"","context":"Dans &quot;Space mots-keys&quot;","block_context":{"text":"Space mots-keys","link":"https:\/\/www.wallendorff.com\/belogue\/category\/space-mots-keys\/"},"img":{"alt_text":"","src":"","width":0,"height":0},"classes":[]},{"id":1199,"url":"https:\/\/www.wallendorff.com\/belogue\/2008\/04\/07\/space-mots-keys-19\/","url_meta":{"origin":3381,"position":1},"title":"Space mots-keys #19.","author":"dpc","date":"7 avril 2008","format":false,"excerpt":"ize proude tou pr\u00e9sente Et pendant ce temps, chez Bill et Tom \u00c0 part les classiques , , , , , , , (notez le drame dont s'est teinte la requ\u00eate) et (si si, celui-l\u00e0 est plus fr\u00e9quent qu'on croit, il semble que voir notre jeune et nubile \u00e9bouriff\u00e9 manger\u2026","rel":"","context":"Dans &quot;Space mots-keys&quot;","block_context":{"text":"Space mots-keys","link":"https:\/\/www.wallendorff.com\/belogue\/category\/space-mots-keys\/"},"img":{"alt_text":"","src":"","width":0,"height":0},"classes":[]},{"id":22977,"url":"https:\/\/www.wallendorff.com\/belogue\/2014\/06\/17\/dix-ans-de-lol\/","url_meta":{"origin":3381,"position":2},"title":"Dix ans de lol.","author":"dpc","date":"17 juin 2014","format":false,"excerpt":"Dix ans de Space mots-keys. Aaaah, les Space mots-keys, cette cat\u00e9gorie sp\u00e9ciale mots-clefs dont le titre \u00e9tait un jeu de mot pourri sur le titre d'un morceau de Placebo que tout le monde a oubli\u00e9 et qui, en 28 \u00e9pisodes publi\u00e9s entre octobre 2006 et d\u00e9cembre 2008, constitue une compilation\u2026","rel":"","context":"Dans &quot;DPC&quot;","block_context":{"text":"DPC","link":"https:\/\/www.wallendorff.com\/belogue\/category\/dpc\/"},"img":{"alt_text":"","src":"","width":0,"height":0},"classes":[]},{"id":3487,"url":"https:\/\/www.wallendorff.com\/belogue\/2008\/10\/09\/space-mots-keys-26\/","url_meta":{"origin":3381,"position":3},"title":"Space mots-keys #26.","author":"dpc","date":"9 octobre 2008","format":false,"excerpt":"ize proude tou pr\u00e9sente La fourn\u00e9e du mois craint. C'est d'autant plus triste que cette 26e \u00e9dition marque le deuxi\u00e8me anniversaire de cette noble rubrique, qui s'en trouve fort mal honor\u00e9e. Avouons qu'il y a de quoi d\u00e9primer. La \u2015\u00a0tr\u00e8s\u00a0\u2015 courte-liste\u00a0: S\u00fbrement parce que la conjugaison telle qu'on la trouve\u2026","rel":"","context":"Dans &quot;Space mots-keys&quot;","block_context":{"text":"Space mots-keys","link":"https:\/\/www.wallendorff.com\/belogue\/category\/space-mots-keys\/"},"img":{"alt_text":"","src":"","width":0,"height":0},"classes":[]},{"id":3584,"url":"https:\/\/www.wallendorff.com\/belogue\/2008\/11\/17\/space-mots-keys-27\/","url_meta":{"origin":3381,"position":4},"title":"Space mots-keys #27.","author":"dpc","date":"17 novembre 2008","format":false,"excerpt":"ize proude tou pr\u00e9sente Dites donc plus \u00e7a va et plus cette rubrique s'essoufle, je vais finir par la laisser tomber. La courte-liste\u00a0: En voil\u00e0 un qui n'a pas d\u00fb se sentir tr\u00e8s aid\u00e9 par le r\u00e9sultat sur lequel il est tomb\u00e9. \u00a0 Dans mes souvenirs c'\u00e9tait plut\u00f4t Agnan. \u00a0\u2026","rel":"","context":"Dans &quot;Space mots-keys&quot;","block_context":{"text":"Space mots-keys","link":"https:\/\/www.wallendorff.com\/belogue\/category\/space-mots-keys\/"},"img":{"alt_text":"","src":"","width":0,"height":0},"classes":[]},{"id":843,"url":"https:\/\/www.wallendorff.com\/belogue\/2006\/12\/02\/space-mots-keys-3\/","url_meta":{"origin":3381,"position":5},"title":"Space mots-keys #3.","author":"dpc","date":"2 d\u00e9cembre 2006","format":false,"excerpt":"ize proude tou pr\u00e9sente Le choc\u00a0: \u2015 20 requ\u00eates \u2015 24 requ\u00eates Matthias, sa bande et tous ses amis belfortains vengent Molko et ses potes de l'affront subi le mois dernier en renvoyant le tatou\u00e9 et son pote se lier d'amiti\u00e9 avec la communaut\u00e9 masculine hell\u00e8ne. Mention sp\u00e9ciale \u00e0 (11\u2026","rel":"","context":"Dans &quot;Space mots-keys&quot;","block_context":{"text":"Space mots-keys","link":"https:\/\/www.wallendorff.com\/belogue\/category\/space-mots-keys\/"},"img":{"alt_text":"","src":"","width":0,"height":0},"classes":[]}],"_links":{"self":[{"href":"https:\/\/www.wallendorff.com\/belogue\/wp-json\/wp\/v2\/posts\/3381","targetHints":{"allow":["GET"]}}],"collection":[{"href":"https:\/\/www.wallendorff.com\/belogue\/wp-json\/wp\/v2\/posts"}],"about":[{"href":"https:\/\/www.wallendorff.com\/belogue\/wp-json\/wp\/v2\/types\/post"}],"author":[{"embeddable":true,"href":"https:\/\/www.wallendorff.com\/belogue\/wp-json\/wp\/v2\/users\/1"}],"replies":[{"embeddable":true,"href":"https:\/\/www.wallendorff.com\/belogue\/wp-json\/wp\/v2\/comments?post=3381"}],"version-history":[{"count":2,"href":"https:\/\/www.wallendorff.com\/belogue\/wp-json\/wp\/v2\/posts\/3381\/revisions"}],"predecessor-version":[{"id":3384,"href":"https:\/\/www.wallendorff.com\/belogue\/wp-json\/wp\/v2\/posts\/3381\/revisions\/3384"}],"wp:featuredmedia":[{"embeddable":true,"href":"https:\/\/www.wallendorff.com\/belogue\/wp-json\/wp\/v2\/media\/25247"}],"wp:attachment":[{"href":"https:\/\/www.wallendorff.com\/belogue\/wp-json\/wp\/v2\/media?parent=3381"}],"wp:term":[{"taxonomy":"category","embeddable":true,"href":"https:\/\/www.wallendorff.com\/belogue\/wp-json\/wp\/v2\/categories?post=3381"},{"taxonomy":"post_tag","embeddable":true,"href":"https:\/\/www.wallendorff.com\/belogue\/wp-json\/wp\/v2\/tags?post=3381"}],"curies":[{"name":"wp","href":"https:\/\/api.w.org\/{rel}","templated":true}]}}