{"id":33793,"date":"2017-04-06T12:34:19","date_gmt":"2017-04-06T10:34:19","guid":{"rendered":"http:\/\/www.wallendorff.com\/belogue\/?p=33793"},"modified":"2017-04-06T12:34:19","modified_gmt":"2017-04-06T10:34:19","slug":"into-the-wide-92","status":"publish","type":"post","link":"https:\/\/www.wallendorff.com\/belogue\/2017\/04\/06\/into-the-wide-92\/","title":{"rendered":"Into the wide #92."},"content":{"rendered":"<div id=\"photo\">\n<p><img decoding=\"async\" src=\"https:\/\/www.wallendorff.com\/belogue\/wp-content\/uploads\/2017\/04\/20170406.jpg\"><br \/>Place du March\u00e9, Wroc\u0142aw, 26 f\u00e9vrier.<\/p>\n<\/div>\n<div id=\"bandeson\">\n<p><img decoding=\"async\" src=\"https:\/\/www.wallendorff.com\/belogue\/photo\/pochettes\/a\/alt-j-relaxer.jpg\" align=\"left\"><a id=\"lienmp3\" style=\"font-weight: normal;\"><em>In Cold Blood<\/em><\/a><br \/><a href=\"http:\/\/www.altjband.com\/\">&Delta;<\/a><\/p>\n<\/div>\n","protected":false},"excerpt":{"rendered":"<p>Place du March\u00e9, Wroc\u0142aw, 26 f\u00e9vrier. In Cold Blood&Delta;<\/p>\n","protected":false},"author":1,"featured_media":33796,"comment_status":"open","ping_status":"open","sticky":false,"template":"","format":"standard","meta":{"_acf_changed":false,"ngg_post_thumbnail":0,"jetpack_post_was_ever_published":false,"_jetpack_newsletter_access":"","_jetpack_dont_email_post_to_subs":false,"_jetpack_newsletter_tier_id":0,"_jetpack_memberships_contains_paywalled_content":false,"_jetpack_memberships_contains_paid_content":false,"footnotes":"","jetpack_publicize_message":"","jetpack_publicize_feature_enabled":true,"jetpack_social_post_already_shared":true,"jetpack_social_options":{"image_generator_settings":{"template":"highway","default_image_id":0,"font":"","enabled":false},"version":2}},"categories":[7356],"tags":[11038,3524,9856,737,8170,8351,13670,13707,11323,9905,9909,10592,9927],"class_list":["post-33793","post","type-post","status-publish","format-standard","has-post-thumbnail","hentry","category-into-the-wide","tag-alt-j","tag-aurore","tag-basse-silesie","tag-bleu","tag-ef-24-70-mm-f2-8l-ii-usm","tag-eos-6d","tag-hotel-de-ville-de-wroclaw","tag-in-cold-blood","tag-panoramique","tag-place-du-marche-wroclaw","tag-pologne","tag-pose-longue","tag-wroclaw"],"acf":[],"geo":{"latitude":51.1092987,"longitude":17.0327091,"description":"Wroc\u0142aw, Dolno\u015bl\u0105skie, 50-509, PL"},"jetpack_publicize_connections":[],"jetpack_featured_media_url":"https:\/\/www.wallendorff.com\/belogue\/wp-content\/uploads\/2017\/04\/20170406.jpg","jetpack_shortlink":"https:\/\/wp.me\/p3b35P-8N3","jetpack_sharing_enabled":true,"jetpack-related-posts":[{"id":33787,"url":"https:\/\/www.wallendorff.com\/belogue\/2017\/04\/04\/into-the-wide-91\/","url_meta":{"origin":33793,"position":0},"title":"Into the wide #91.","author":"dpc","date":"4 avril 2017","format":false,"excerpt":"\u00a0 Place du March\u00e9, Wroc\u0142aw, 26 f\u00e9vrier. Road Not Taken Tall Ships","rel":"","context":"Dans &quot;Into the wide&quot;","block_context":{"text":"Into the wide","link":"https:\/\/www.wallendorff.com\/belogue\/category\/into-the-wide\/"},"img":{"alt_text":"","src":"https:\/\/i0.wp.com\/www.wallendorff.com\/belogue\/wp-content\/uploads\/2017\/04\/20170404.jpg?resize=350%2C200&ssl=1","width":350,"height":200,"srcset":"https:\/\/i0.wp.com\/www.wallendorff.com\/belogue\/wp-content\/uploads\/2017\/04\/20170404.jpg?resize=350%2C200&ssl=1 1x, https:\/\/i0.wp.com\/www.wallendorff.com\/belogue\/wp-content\/uploads\/2017\/04\/20170404.jpg?resize=525%2C300&ssl=1 1.5x, https:\/\/i0.wp.com\/www.wallendorff.com\/belogue\/wp-content\/uploads\/2017\/04\/20170404.jpg?resize=700%2C400&ssl=1 2x, https:\/\/i0.wp.com\/www.wallendorff.com\/belogue\/wp-content\/uploads\/2017\/04\/20170404.jpg?resize=1050%2C600&ssl=1 3x"},"classes":[]},{"id":33751,"url":"https:\/\/www.wallendorff.com\/belogue\/2017\/03\/24\/dachy\/","url_meta":{"origin":33793,"position":1},"title":"Dachy.","author":"dpc","date":"24 mars 2017","format":false,"excerpt":"\u00a0 Basilique Sainte-\u00c9lisabeth, Wroc\u0142aw, 25 f\u00e9vrier. Church (live) Gary Clark, Jr.","rel":"","context":"Dans &quot;DPC&quot;","block_context":{"text":"DPC","link":"https:\/\/www.wallendorff.com\/belogue\/category\/dpc\/"},"img":{"alt_text":"","src":"https:\/\/i0.wp.com\/www.wallendorff.com\/belogue\/wp-content\/uploads\/2017\/03\/20170324.jpg?resize=350%2C200&ssl=1","width":350,"height":200,"srcset":"https:\/\/i0.wp.com\/www.wallendorff.com\/belogue\/wp-content\/uploads\/2017\/03\/20170324.jpg?resize=350%2C200&ssl=1 1x, https:\/\/i0.wp.com\/www.wallendorff.com\/belogue\/wp-content\/uploads\/2017\/03\/20170324.jpg?resize=525%2C300&ssl=1 1.5x"},"classes":[]},{"id":29516,"url":"https:\/\/www.wallendorff.com\/belogue\/2015\/10\/20\/into-the-wide-56\/","url_meta":{"origin":33793,"position":2},"title":"Into the wide #56.","author":"dpc","date":"20 octobre 2015","format":false,"excerpt":"Pont Tumski, Wroc\u0142aw, 15 mai. Leave a Trace CHVRCHES","rel":"","context":"Dans &quot;Into the wide&quot;","block_context":{"text":"Into the wide","link":"https:\/\/www.wallendorff.com\/belogue\/category\/into-the-wide\/"},"img":{"alt_text":"","src":"https:\/\/i0.wp.com\/www.wallendorff.com\/belogue\/wp-content\/uploads\/2015\/10\/20151020.jpg?resize=350%2C200&ssl=1","width":350,"height":200,"srcset":"https:\/\/i0.wp.com\/www.wallendorff.com\/belogue\/wp-content\/uploads\/2015\/10\/20151020.jpg?resize=350%2C200&ssl=1 1x, https:\/\/i0.wp.com\/www.wallendorff.com\/belogue\/wp-content\/uploads\/2015\/10\/20151020.jpg?resize=525%2C300&ssl=1 1.5x, https:\/\/i0.wp.com\/www.wallendorff.com\/belogue\/wp-content\/uploads\/2015\/10\/20151020.jpg?resize=700%2C400&ssl=1 2x"},"classes":[]},{"id":33799,"url":"https:\/\/www.wallendorff.com\/belogue\/2017\/04\/10\/voute-n0-8-504\/","url_meta":{"origin":33793,"position":3},"title":"Vo\u00fbte no 8&nbsp;504.","author":"dpc","date":"10 avril 2017","format":false,"excerpt":"Universit\u00e9 de Wroc\u0142aw, 26 f\u00e9vrier. VesselsThe Moonlandingz","rel":"","context":"Dans &quot;DPC&quot;","block_context":{"text":"DPC","link":"https:\/\/www.wallendorff.com\/belogue\/category\/dpc\/"},"img":{"alt_text":"","src":"https:\/\/i0.wp.com\/www.wallendorff.com\/belogue\/wp-content\/uploads\/2017\/04\/20170410.jpg?resize=350%2C200&ssl=1","width":350,"height":200,"srcset":"https:\/\/i0.wp.com\/www.wallendorff.com\/belogue\/wp-content\/uploads\/2017\/04\/20170410.jpg?resize=350%2C200&ssl=1 1x, https:\/\/i0.wp.com\/www.wallendorff.com\/belogue\/wp-content\/uploads\/2017\/04\/20170410.jpg?resize=525%2C300&ssl=1 1.5x"},"classes":[]},{"id":29533,"url":"https:\/\/www.wallendorff.com\/belogue\/2015\/10\/26\/into-the-wide-57\/","url_meta":{"origin":33793,"position":4},"title":"Into the wide #57.","author":"dpc","date":"26 octobre 2015","format":false,"excerpt":"Place de l'Universit\u00e9, Wroc\u0142aw, 15 mai. La statue de l'\u00e9p\u00e9iste naturiste plac\u00e9e devant l'entr\u00e9e de l'universit\u00e9 est l'\u0153uvre de Hugo Lederer et date de 1904. D'apr\u00e8s la l\u00e9gende, elle repr\u00e9sente un \u00e9tudiant bourr\u00e9 qui, ayant perdu toutes ses affaires au jeu, hormis son \u00e9p\u00e9e, se retrouva fort d\u00e9convenu lorsque l'hiver1\u2026","rel":"","context":"Dans &quot;Into the wide&quot;","block_context":{"text":"Into the wide","link":"https:\/\/www.wallendorff.com\/belogue\/category\/into-the-wide\/"},"img":{"alt_text":"","src":"https:\/\/i0.wp.com\/www.wallendorff.com\/belogue\/wp-content\/uploads\/2015\/10\/20151026.jpg?resize=350%2C200&ssl=1","width":350,"height":200,"srcset":"https:\/\/i0.wp.com\/www.wallendorff.com\/belogue\/wp-content\/uploads\/2015\/10\/20151026.jpg?resize=350%2C200&ssl=1 1x, https:\/\/i0.wp.com\/www.wallendorff.com\/belogue\/wp-content\/uploads\/2015\/10\/20151026.jpg?resize=525%2C300&ssl=1 1.5x, https:\/\/i0.wp.com\/www.wallendorff.com\/belogue\/wp-content\/uploads\/2015\/10\/20151026.jpg?resize=700%2C400&ssl=1 2x, https:\/\/i0.wp.com\/www.wallendorff.com\/belogue\/wp-content\/uploads\/2015\/10\/20151026.jpg?resize=1050%2C600&ssl=1 3x"},"classes":[]},{"id":33762,"url":"https:\/\/www.wallendorff.com\/belogue\/2017\/03\/29\/dachy-ii\/","url_meta":{"origin":33793,"position":5},"title":"Dachy [II].","author":"dpc","date":"29 mars 2017","format":false,"excerpt":"Cath\u00e9drale Saint-Jean-Baptiste, Wroc\u0142aw, 25 f\u00e9vrier. Colour of Water Rose Elinor Dougall","rel":"","context":"Dans &quot;DPC&quot;","block_context":{"text":"DPC","link":"https:\/\/www.wallendorff.com\/belogue\/category\/dpc\/"},"img":{"alt_text":"","src":"https:\/\/i0.wp.com\/www.wallendorff.com\/belogue\/wp-content\/uploads\/2017\/03\/20170329.jpg?resize=350%2C200&ssl=1","width":350,"height":200,"srcset":"https:\/\/i0.wp.com\/www.wallendorff.com\/belogue\/wp-content\/uploads\/2017\/03\/20170329.jpg?resize=350%2C200&ssl=1 1x, https:\/\/i0.wp.com\/www.wallendorff.com\/belogue\/wp-content\/uploads\/2017\/03\/20170329.jpg?resize=525%2C300&ssl=1 1.5x"},"classes":[]}],"_links":{"self":[{"href":"https:\/\/www.wallendorff.com\/belogue\/wp-json\/wp\/v2\/posts\/33793","targetHints":{"allow":["GET"]}}],"collection":[{"href":"https:\/\/www.wallendorff.com\/belogue\/wp-json\/wp\/v2\/posts"}],"about":[{"href":"https:\/\/www.wallendorff.com\/belogue\/wp-json\/wp\/v2\/types\/post"}],"author":[{"embeddable":true,"href":"https:\/\/www.wallendorff.com\/belogue\/wp-json\/wp\/v2\/users\/1"}],"replies":[{"embeddable":true,"href":"https:\/\/www.wallendorff.com\/belogue\/wp-json\/wp\/v2\/comments?post=33793"}],"version-history":[{"count":4,"href":"https:\/\/www.wallendorff.com\/belogue\/wp-json\/wp\/v2\/posts\/33793\/revisions"}],"predecessor-version":[{"id":33798,"href":"https:\/\/www.wallendorff.com\/belogue\/wp-json\/wp\/v2\/posts\/33793\/revisions\/33798"}],"wp:featuredmedia":[{"embeddable":true,"href":"https:\/\/www.wallendorff.com\/belogue\/wp-json\/wp\/v2\/media\/33796"}],"wp:attachment":[{"href":"https:\/\/www.wallendorff.com\/belogue\/wp-json\/wp\/v2\/media?parent=33793"}],"wp:term":[{"taxonomy":"category","embeddable":true,"href":"https:\/\/www.wallendorff.com\/belogue\/wp-json\/wp\/v2\/categories?post=33793"},{"taxonomy":"post_tag","embeddable":true,"href":"https:\/\/www.wallendorff.com\/belogue\/wp-json\/wp\/v2\/tags?post=33793"}],"curies":[{"name":"wp","href":"https:\/\/api.w.org\/{rel}","templated":true}]}}