{"id":3375,"date":"2008-09-04T09:18:02","date_gmt":"2008-09-04T07:18:02","guid":{"rendered":"http:\/\/www.po-l.com\/belogue\/?p=3375"},"modified":"2012-06-05T09:50:53","modified_gmt":"2012-06-05T07:50:53","slug":"the-raconteurs-rock-en-seine-domaine-national-de-saint-cloud-29-aout","status":"publish","type":"post","link":"https:\/\/www.wallendorff.com\/belogue\/2008\/09\/04\/the-raconteurs-rock-en-seine-domaine-national-de-saint-cloud-29-aout\/","title":{"rendered":"The Raconteurs @ Rock en Seine, Domaine National de Saint-Cloud, 29 ao\u00fbt."},"content":{"rendered":"<div id=\"photo\">\n<p><img decoding=\"async\" src=\"https:\/\/www.wallendorff.com\/belogue\/photo\/2008\/09\/20080904.jpg\" \/><br \/>\n Jack White est beau.<\/p>\n<\/div>\n<div id=\"bandeson\">\n<p><img decoding=\"async\" src=\"https:\/\/www.wallendorff.com\/belogue\/photo\/pochettes\/blank.jpg\" align=\"left\" \/> <a href=\"http:\/\/www.katenash.co.uk\/\">Kate Nash<\/a> &ndash;<em> I&rsquo;m Not Gonna Teach Your Boyfriend How To Dance With You<\/em> (Black Kids cover)<\/p>\n<\/div>ngg_shortcode_0_placeholder","protected":false},"excerpt":{"rendered":"<p>Jack White est beau. Kate Nash &ndash; I&rsquo;m Not Gonna Teach Your Boyfriend How To Dance With You (Black Kids cover)<\/p>\n","protected":false},"author":1,"featured_media":25246,"comment_status":"open","ping_status":"open","sticky":false,"template":"","format":"standard","meta":{"_acf_changed":false,"ngg_post_thumbnail":0,"jetpack_post_was_ever_published":false,"_jetpack_newsletter_access":"","_jetpack_dont_email_post_to_subs":false,"_jetpack_newsletter_tier_id":0,"_jetpack_memberships_contains_paywalled_content":false,"_jetpack_memberships_contains_paid_content":false,"footnotes":"","jetpack_publicize_message":"","jetpack_publicize_feature_enabled":true,"jetpack_social_post_already_shared":false,"jetpack_social_options":{"image_generator_settings":{"template":"highway","default_image_id":0,"font":"","enabled":false},"version":2}},"categories":[7],"tags":[203,10084,2526,181,187,10136,10120,10353,2528,10121,10453,10133,3031,10570,1493],"class_list":["post-3375","post","type-post","status-publish","format-standard","has-post-thumbnail","hentry","category-alive","tag-203","tag-alive","tag-black-kids","tag-ef-70-200-mm-f28l-usm","tag-eos-1d-mark-ii","tag-festival","tag-france","tag-hauts-de-seine","tag-im-not-gonna-teach-your-boyfriend-how-to-dance-with-yo","tag-ile-de-france","tag-kate-nash","tag-rock-en-seine","tag-rock-en-seine-2008","tag-saint-cloud","tag-the-raconteurs"],"acf":[],"geo":{"latitude":48.8313904,"longitude":2.2213197,"description":"Parc de Saint-Cloud, 92210 Saint-Cloud, France"},"jetpack_publicize_connections":[],"jetpack_featured_media_url":"https:\/\/www.wallendorff.com\/belogue\/wp-content\/uploads\/2015\/04\/200809041.jpg","jetpack_shortlink":"https:\/\/wp.me\/p3b35P-Sr","jetpack_sharing_enabled":true,"jetpack-related-posts":[{"id":4930,"url":"https:\/\/www.wallendorff.com\/belogue\/2009\/10\/28\/previously-unreleased-851\/","url_meta":{"origin":3375,"position":0},"title":"Previously unreleased #851.","author":"dpc","date":"28 octobre 2009","format":false,"excerpt":"The Raconteurs, Rock en Seine, 29 ao\u00fbt 2008. Parce qu'entre la note d'hier et la note de demain, on ne peut d\u00e9cemment poster qu'une photo pas-vue-jusque-l\u00e02 des Raconteurs, accompagn\u00e9e de leur meilleur prestation-en-date-depuis-que-Five-on-the-Five-n'est-plus-\u00e9coutable. Si vous me cherchez ce soir vous savez o\u00f9 me trouver, hein. \u00a0The Raconteurs \u2013 Headin' for\u2026","rel":"","context":"Dans &quot;Previously unreleased&quot;","block_context":{"text":"Previously unreleased","link":"https:\/\/www.wallendorff.com\/belogue\/category\/previously-unreleased\/"},"img":{"alt_text":"","src":"https:\/\/i0.wp.com\/www.wallendorff.com\/belogue\/wp-content\/uploads\/2015\/04\/200910281.jpg?resize=350%2C200&ssl=1","width":350,"height":200},"classes":[]},{"id":1211,"url":"https:\/\/www.wallendorff.com\/belogue\/2008\/04\/20\/ane-brun-les-femmes-s-en-mlent-la-maroquinerie-paris\/","url_meta":{"origin":3375,"position":1},"title":"Ane Brun @ les Femmes s&rsquo;en M\u00ealent, la Maroquinerie, Paris.","author":"dpc","date":"20 avril 2008","format":false,"excerpt":"\u00a0The Raconteurs \u2013 Rich Kid Blues","rel":"","context":"Dans &quot;Alive&quot;","block_context":{"text":"Alive","link":"https:\/\/www.wallendorff.com\/belogue\/category\/alive\/"},"img":{"alt_text":"","src":"https:\/\/i0.wp.com\/www.wallendorff.com\/belogue\/wp-content\/uploads\/2015\/04\/200804201.jpg?resize=350%2C200&ssl=1","width":350,"height":200,"srcset":"https:\/\/i0.wp.com\/www.wallendorff.com\/belogue\/wp-content\/uploads\/2015\/04\/200804201.jpg?resize=350%2C200&ssl=1 1x, https:\/\/i0.wp.com\/www.wallendorff.com\/belogue\/wp-content\/uploads\/2015\/04\/200804201.jpg?resize=525%2C300&ssl=1 1.5x, https:\/\/i0.wp.com\/www.wallendorff.com\/belogue\/wp-content\/uploads\/2015\/04\/200804201.jpg?resize=700%2C400&ssl=1 2x"},"classes":[]},{"id":1188,"url":"https:\/\/www.wallendorff.com\/belogue\/2008\/03\/25\/previously-unreleased-80\/","url_meta":{"origin":3375,"position":2},"title":"Previously unreleased #80\u00b9.","author":"dpc","date":"25 mars 2008","format":false,"excerpt":"The Tellers, la Boule Noire, 11 d\u00e9cembre 2007. Happyyyyyyyyyyyyy Raconteurs' Day. \u00a0The Raconteurs \u2013 Salute Your Solution _____ 1 Previously Unreleased is a registered trademark of the Juyette Robert Photography Corporation, Inc.","rel":"","context":"Dans &quot;Previously unreleased&quot;","block_context":{"text":"Previously unreleased","link":"https:\/\/www.wallendorff.com\/belogue\/category\/previously-unreleased\/"},"img":{"alt_text":"","src":"https:\/\/i0.wp.com\/www.wallendorff.com\/belogue\/wp-content\/uploads\/2015\/04\/200803251.jpg?resize=350%2C200&ssl=1","width":350,"height":200},"classes":[]},{"id":794,"url":"https:\/\/www.wallendorff.com\/belogue\/2006\/09\/23\/previously-unreleased-44\/","url_meta":{"origin":3375,"position":3},"title":"Previously Unreleased #44\u00b9.","author":"dpc","date":"23 septembre 2006","format":false,"excerpt":"The Raconteurs, Rock en Seine, 25 ao\u00fbt. \u00a0The Datsuns \u2013 What Are You Stamping Your Foot for?","rel":"","context":"Dans &quot;Previously unreleased&quot;","block_context":{"text":"Previously unreleased","link":"https:\/\/www.wallendorff.com\/belogue\/category\/previously-unreleased\/"},"img":{"alt_text":"","src":"https:\/\/i0.wp.com\/www.wallendorff.com\/belogue\/wp-content\/uploads\/2015\/04\/200609231.jpg?resize=350%2C200&ssl=1","width":350,"height":200,"srcset":"https:\/\/i0.wp.com\/www.wallendorff.com\/belogue\/wp-content\/uploads\/2015\/04\/200609231.jpg?resize=350%2C200&ssl=1 1x, https:\/\/i0.wp.com\/www.wallendorff.com\/belogue\/wp-content\/uploads\/2015\/04\/200609231.jpg?resize=525%2C300&ssl=1 1.5x, https:\/\/i0.wp.com\/www.wallendorff.com\/belogue\/wp-content\/uploads\/2015\/04\/200609231.jpg?resize=700%2C400&ssl=1 2x"},"classes":[]},{"id":775,"url":"https:\/\/www.wallendorff.com\/belogue\/2006\/08\/29\/the-raconteurs-rock-en-seine-paris-25-aout\/","url_meta":{"origin":3375,"position":4},"title":"The Raconteurs @ Rock en Seine, Paris, 25 ao\u00fbt.","author":"dpc","date":"29 ao\u00fbt 2006","format":false,"excerpt":"Brend-Hann vit le grand inconnu s'approcher du micro. Subjugu\u00e9 par sa stature, p\u00e9trifi\u00e9 par sa prestance, le candide breton se sentit submerg\u00e9 par une vague de curiosit\u00e9 m\u00eal\u00e9e d'un trouble haletant. Le grand \u00e9ph\u00e8be qui lui faisait face, feintant l'innocence mais s\u00fbr de son succ\u00e8s, ondula son corps d'un air\u2026","rel":"","context":"Dans &quot;Alive&quot;","block_context":{"text":"Alive","link":"https:\/\/www.wallendorff.com\/belogue\/category\/alive\/"},"img":{"alt_text":"","src":"https:\/\/i0.wp.com\/www.wallendorff.com\/belogue\/wp-content\/uploads\/2015\/04\/200608291.jpg?resize=350%2C200&ssl=1","width":350,"height":200},"classes":[]},{"id":1052,"url":"https:\/\/www.wallendorff.com\/belogue\/2007\/10\/05\/shooting-people-16\/","url_meta":{"origin":3375,"position":5},"title":"Shooting people #16.","author":"dpc","date":"5 octobre 2007","format":false,"excerpt":"Studio 130, Saint-Denis, 13 septembre. Bon, pas obtenu 20\u00a0000 connexion hier. La prochaine fois j'essaie avec un chaton. \u00a0Kate Nash \u2013 Mouthwash","rel":"","context":"Dans &quot;Portraits&quot;","block_context":{"text":"Portraits","link":"https:\/\/www.wallendorff.com\/belogue\/category\/portraits\/"},"img":{"alt_text":"","src":"https:\/\/i0.wp.com\/www.wallendorff.com\/belogue\/wp-content\/uploads\/2015\/04\/200710051.jpg?resize=350%2C200&ssl=1","width":350,"height":200,"srcset":"https:\/\/i0.wp.com\/www.wallendorff.com\/belogue\/wp-content\/uploads\/2015\/04\/200710051.jpg?resize=350%2C200&ssl=1 1x, https:\/\/i0.wp.com\/www.wallendorff.com\/belogue\/wp-content\/uploads\/2015\/04\/200710051.jpg?resize=525%2C300&ssl=1 1.5x, https:\/\/i0.wp.com\/www.wallendorff.com\/belogue\/wp-content\/uploads\/2015\/04\/200710051.jpg?resize=700%2C400&ssl=1 2x"},"classes":[]}],"_links":{"self":[{"href":"https:\/\/www.wallendorff.com\/belogue\/wp-json\/wp\/v2\/posts\/3375","targetHints":{"allow":["GET"]}}],"collection":[{"href":"https:\/\/www.wallendorff.com\/belogue\/wp-json\/wp\/v2\/posts"}],"about":[{"href":"https:\/\/www.wallendorff.com\/belogue\/wp-json\/wp\/v2\/types\/post"}],"author":[{"embeddable":true,"href":"https:\/\/www.wallendorff.com\/belogue\/wp-json\/wp\/v2\/users\/1"}],"replies":[{"embeddable":true,"href":"https:\/\/www.wallendorff.com\/belogue\/wp-json\/wp\/v2\/comments?post=3375"}],"version-history":[{"count":3,"href":"https:\/\/www.wallendorff.com\/belogue\/wp-json\/wp\/v2\/posts\/3375\/revisions"}],"predecessor-version":[{"id":17586,"href":"https:\/\/www.wallendorff.com\/belogue\/wp-json\/wp\/v2\/posts\/3375\/revisions\/17586"}],"wp:featuredmedia":[{"embeddable":true,"href":"https:\/\/www.wallendorff.com\/belogue\/wp-json\/wp\/v2\/media\/25246"}],"wp:attachment":[{"href":"https:\/\/www.wallendorff.com\/belogue\/wp-json\/wp\/v2\/media?parent=3375"}],"wp:term":[{"taxonomy":"category","embeddable":true,"href":"https:\/\/www.wallendorff.com\/belogue\/wp-json\/wp\/v2\/categories?post=3375"},{"taxonomy":"post_tag","embeddable":true,"href":"https:\/\/www.wallendorff.com\/belogue\/wp-json\/wp\/v2\/tags?post=3375"}],"curies":[{"name":"wp","href":"https:\/\/api.w.org\/{rel}","templated":true}]}}