{"id":33743,"date":"2017-03-20T14:49:11","date_gmt":"2017-03-20T12:49:11","guid":{"rendered":"http:\/\/www.wallendorff.com\/belogue\/?p=33743"},"modified":"2017-03-20T14:49:11","modified_gmt":"2017-03-20T12:49:11","slug":"et-qususait-du-pneu","status":"publish","type":"post","link":"https:\/\/www.wallendorff.com\/belogue\/2017\/03\/20\/et-qususait-du-pneu\/","title":{"rendered":"Et qu&rsquo;s&rsquo;usait du pneu."},"content":{"rendered":"\n<div id=\"photo\">\n<p><img decoding=\"async\" src=\"https:\/\/www.wallendorff.com\/belogue\/wp-content\/uploads\/2017\/03\/20170320.jpg\"><br \/>\nKarlsplatz, Vienne, 13 janvier.<\/p>\n<\/div>\n<div id=\"bandeson\">\n<p><img decoding=\"async\" src=\"https:\/\/www.wallendorff.com\/belogue\/photo\/pochettes\/f\/father_john_misty-pure_comedy.jpg\" align=\"left\" \/><a style=\"font-weight:normal\" id=\"lienmp3\" href=\"http:\/\/www.youtube.com\/watch?v=J3mfC14MVsM\"><em>Total Entertainment Forever<\/em><\/a><br \/>\n<a href=\"https:\/\/www.fatherjohnmisty.com\">Father John Misty<\/a><\/p>\n<\/div>\n","protected":false},"excerpt":{"rendered":"<p>Karlsplatz, Vienne, 13 janvier. Total Entertainment Forever Father John Misty<\/p>\n","protected":false},"author":1,"featured_media":33745,"comment_status":"open","ping_status":"open","sticky":false,"template":"","format":"standard","meta":{"_acf_changed":false,"ngg_post_thumbnail":0,"jetpack_post_was_ever_published":false,"_jetpack_newsletter_access":"","_jetpack_dont_email_post_to_subs":false,"_jetpack_newsletter_tier_id":0,"_jetpack_memberships_contains_paywalled_content":false,"_jetpack_memberships_contains_paid_content":false,"footnotes":"","jetpack_publicize_message":"","jetpack_publicize_feature_enabled":true,"jetpack_social_post_already_shared":true,"jetpack_social_options":{"image_generator_settings":{"template":"highway","default_image_id":0,"font":"","enabled":false},"version":2}},"categories":[3],"tags":[12059,8170,8351,10326,9647,12201,12202,11323,13696,12060,9158],"class_list":["post-33743","post","type-post","status-publish","format-standard","has-post-thumbnail","hentry","category-dpc","tag-autriche","tag-ef-24-70-mm-f2-8l-ii-usm","tag-eos-6d","tag-crepuscule","tag-father-john-misty","tag-karlskirche","tag-karlsplatz","tag-panoramique","tag-total-entertainment-forever","tag-vienne","tag-wieden"],"acf":[],"geo":{"latitude":48.1995087,"longitude":16.3724556,"description":"Wien, Wieden, Wien, 1100, AT"},"jetpack_publicize_connections":[],"jetpack_featured_media_url":"https:\/\/www.wallendorff.com\/belogue\/wp-content\/uploads\/2017\/03\/20170320.jpg","jetpack_shortlink":"https:\/\/wp.me\/p3b35P-8Mf","jetpack_sharing_enabled":true,"jetpack-related-posts":[{"id":36814,"url":"https:\/\/www.wallendorff.com\/belogue\/2017\/12\/23\/wiehnachtsmarkt-iii\/","url_meta":{"origin":33743,"position":0},"title":"Weihnachtsmarkt [III].","author":"dpc","date":"23 d\u00e9cembre 2017","format":false,"excerpt":"Karlsplatz, Vienne, 5 d\u00e9cembre. Is This Christmas?The Wombats","rel":"","context":"Dans &quot;Into the wide&quot;","block_context":{"text":"Into the wide","link":"https:\/\/www.wallendorff.com\/belogue\/category\/into-the-wide\/"},"img":{"alt_text":"","src":"https:\/\/i0.wp.com\/www.wallendorff.com\/belogue\/wp-content\/uploads\/2017\/12\/20171223.jpg?resize=350%2C200&ssl=1","width":350,"height":200,"srcset":"https:\/\/i0.wp.com\/www.wallendorff.com\/belogue\/wp-content\/uploads\/2017\/12\/20171223.jpg?resize=350%2C200&ssl=1 1x, https:\/\/i0.wp.com\/www.wallendorff.com\/belogue\/wp-content\/uploads\/2017\/12\/20171223.jpg?resize=525%2C300&ssl=1 1.5x, https:\/\/i0.wp.com\/www.wallendorff.com\/belogue\/wp-content\/uploads\/2017\/12\/20171223.jpg?resize=700%2C400&ssl=1 2x"},"classes":[]},{"id":23481,"url":"https:\/\/www.wallendorff.com\/belogue\/2014\/10\/27\/into-the-wide-35\/","url_meta":{"origin":33743,"position":1},"title":"Into the wide #35.","author":"dpc","date":"27 octobre 2014","format":false,"excerpt":"\u00c9glise Saint-Charles-Borrom\u00e9e, Vienne, 7 septembre. Time Between Bear in Heaven","rel":"","context":"Dans &quot;Into the wide&quot;","block_context":{"text":"Into the wide","link":"https:\/\/www.wallendorff.com\/belogue\/category\/into-the-wide\/"},"img":{"alt_text":"","src":"https:\/\/i0.wp.com\/www.wallendorff.com\/belogue\/wp-content\/uploads\/2015\/04\/201410271.jpg?resize=350%2C200&ssl=1","width":350,"height":200,"srcset":"https:\/\/i0.wp.com\/www.wallendorff.com\/belogue\/wp-content\/uploads\/2015\/04\/201410271.jpg?resize=350%2C200&ssl=1 1x, https:\/\/i0.wp.com\/www.wallendorff.com\/belogue\/wp-content\/uploads\/2015\/04\/201410271.jpg?resize=525%2C300&ssl=1 1.5x, https:\/\/i0.wp.com\/www.wallendorff.com\/belogue\/wp-content\/uploads\/2015\/04\/201410271.jpg?resize=700%2C400&ssl=1 2x"},"classes":[]},{"id":63880,"url":"https:\/\/www.wallendorff.com\/belogue\/2023\/02\/04\/frohe-weihnachten-wien-i\/","url_meta":{"origin":33743,"position":2},"title":"Frohe Weihnachten Wien [I].","author":"dpc","date":"4 f\u00e9vrier 2023","format":false,"excerpt":"","rel":"","context":"Dans &quot;DPC&quot;","block_context":{"text":"DPC","link":"https:\/\/www.wallendorff.com\/belogue\/category\/dpc\/"},"img":{"alt_text":"","src":"https:\/\/i0.wp.com\/www.wallendorff.com\/belogue\/wp-content\/uploads\/2023\/02\/20230204-20.jpg?resize=350%2C200&ssl=1","width":350,"height":200,"srcset":"https:\/\/i0.wp.com\/www.wallendorff.com\/belogue\/wp-content\/uploads\/2023\/02\/20230204-20.jpg?resize=350%2C200&ssl=1 1x, https:\/\/i0.wp.com\/www.wallendorff.com\/belogue\/wp-content\/uploads\/2023\/02\/20230204-20.jpg?resize=525%2C300&ssl=1 1.5x, https:\/\/i0.wp.com\/www.wallendorff.com\/belogue\/wp-content\/uploads\/2023\/02\/20230204-20.jpg?resize=700%2C400&ssl=1 2x, https:\/\/i0.wp.com\/www.wallendorff.com\/belogue\/wp-content\/uploads\/2023\/02\/20230204-20.jpg?resize=1050%2C600&ssl=1 3x"},"classes":[]},{"id":40611,"url":"https:\/\/www.wallendorff.com\/belogue\/2018\/12\/08\/fontaine-blau\/","url_meta":{"origin":33743,"position":3},"title":"Fontaine blau.","author":"dpc","date":"8 d\u00e9cembre 2018","format":false,"excerpt":"\u00c9glise Saint-Charles-Borom\u00e9e, Vienne, 16 septembre 2018. 42 Mumford & Sons","rel":"","context":"Dans &quot;DPC&quot;","block_context":{"text":"DPC","link":"https:\/\/www.wallendorff.com\/belogue\/category\/dpc\/"},"img":{"alt_text":"","src":"https:\/\/i0.wp.com\/www.wallendorff.com\/belogue\/wp-content\/uploads\/2018\/12\/20181208.jpg?resize=350%2C200&ssl=1","width":350,"height":200,"srcset":"https:\/\/i0.wp.com\/www.wallendorff.com\/belogue\/wp-content\/uploads\/2018\/12\/20181208.jpg?resize=350%2C200&ssl=1 1x, https:\/\/i0.wp.com\/www.wallendorff.com\/belogue\/wp-content\/uploads\/2018\/12\/20181208.jpg?resize=525%2C300&ssl=1 1.5x, https:\/\/i0.wp.com\/www.wallendorff.com\/belogue\/wp-content\/uploads\/2018\/12\/20181208.jpg?resize=700%2C400&ssl=1 2x, https:\/\/i0.wp.com\/www.wallendorff.com\/belogue\/wp-content\/uploads\/2018\/12\/20181208.jpg?resize=1050%2C600&ssl=1 3x"},"classes":[]},{"id":124697,"url":"https:\/\/www.wallendorff.com\/belogue\/2023\/06\/16\/servus-wien-7\/","url_meta":{"origin":33743,"position":4},"title":"Servus Wien.","author":"dpc","date":"16 juin 2023","format":false,"excerpt":"","rel":"","context":"Dans &quot;DPC&quot;","block_context":{"text":"DPC","link":"https:\/\/www.wallendorff.com\/belogue\/category\/dpc\/"},"img":{"alt_text":"","src":"https:\/\/i0.wp.com\/www.wallendorff.com\/belogue\/wp-content\/uploads\/2023\/06\/20230616-16.jpg?resize=350%2C200&ssl=1","width":350,"height":200,"srcset":"https:\/\/i0.wp.com\/www.wallendorff.com\/belogue\/wp-content\/uploads\/2023\/06\/20230616-16.jpg?resize=350%2C200&ssl=1 1x, https:\/\/i0.wp.com\/www.wallendorff.com\/belogue\/wp-content\/uploads\/2023\/06\/20230616-16.jpg?resize=525%2C300&ssl=1 1.5x, https:\/\/i0.wp.com\/www.wallendorff.com\/belogue\/wp-content\/uploads\/2023\/06\/20230616-16.jpg?resize=700%2C400&ssl=1 2x, https:\/\/i0.wp.com\/www.wallendorff.com\/belogue\/wp-content\/uploads\/2023\/06\/20230616-16.jpg?resize=1050%2C600&ssl=1 3x"},"classes":[]},{"id":46752,"url":"https:\/\/www.wallendorff.com\/belogue\/2020\/09\/22\/servus-wien-2\/","url_meta":{"origin":33743,"position":5},"title":"Servus Wien.","author":"dpc","date":"22 septembre 2020","format":false,"excerpt":"Vienne, 5 \u2013 7 juillet 2020.","rel":"","context":"Dans &quot;DPC&quot;","block_context":{"text":"DPC","link":"https:\/\/www.wallendorff.com\/belogue\/category\/dpc\/"},"img":{"alt_text":"","src":"https:\/\/i0.wp.com\/www.wallendorff.com\/belogue\/wp-content\/uploads\/2020\/09\/20200922-07.jpg?resize=350%2C200&ssl=1","width":350,"height":200,"srcset":"https:\/\/i0.wp.com\/www.wallendorff.com\/belogue\/wp-content\/uploads\/2020\/09\/20200922-07.jpg?resize=350%2C200&ssl=1 1x, https:\/\/i0.wp.com\/www.wallendorff.com\/belogue\/wp-content\/uploads\/2020\/09\/20200922-07.jpg?resize=525%2C300&ssl=1 1.5x, https:\/\/i0.wp.com\/www.wallendorff.com\/belogue\/wp-content\/uploads\/2020\/09\/20200922-07.jpg?resize=700%2C400&ssl=1 2x"},"classes":[]}],"_links":{"self":[{"href":"https:\/\/www.wallendorff.com\/belogue\/wp-json\/wp\/v2\/posts\/33743","targetHints":{"allow":["GET"]}}],"collection":[{"href":"https:\/\/www.wallendorff.com\/belogue\/wp-json\/wp\/v2\/posts"}],"about":[{"href":"https:\/\/www.wallendorff.com\/belogue\/wp-json\/wp\/v2\/types\/post"}],"author":[{"embeddable":true,"href":"https:\/\/www.wallendorff.com\/belogue\/wp-json\/wp\/v2\/users\/1"}],"replies":[{"embeddable":true,"href":"https:\/\/www.wallendorff.com\/belogue\/wp-json\/wp\/v2\/comments?post=33743"}],"version-history":[{"count":2,"href":"https:\/\/www.wallendorff.com\/belogue\/wp-json\/wp\/v2\/posts\/33743\/revisions"}],"predecessor-version":[{"id":33746,"href":"https:\/\/www.wallendorff.com\/belogue\/wp-json\/wp\/v2\/posts\/33743\/revisions\/33746"}],"wp:featuredmedia":[{"embeddable":true,"href":"https:\/\/www.wallendorff.com\/belogue\/wp-json\/wp\/v2\/media\/33745"}],"wp:attachment":[{"href":"https:\/\/www.wallendorff.com\/belogue\/wp-json\/wp\/v2\/media?parent=33743"}],"wp:term":[{"taxonomy":"category","embeddable":true,"href":"https:\/\/www.wallendorff.com\/belogue\/wp-json\/wp\/v2\/categories?post=33743"},{"taxonomy":"post_tag","embeddable":true,"href":"https:\/\/www.wallendorff.com\/belogue\/wp-json\/wp\/v2\/tags?post=33743"}],"curies":[{"name":"wp","href":"https:\/\/api.w.org\/{rel}","templated":true}]}}