{"id":3371,"date":"2008-09-03T11:32:38","date_gmt":"2008-09-03T09:32:38","guid":{"rendered":"http:\/\/www.po-l.com\/belogue\/?p=3371"},"modified":"2012-06-03T11:42:58","modified_gmt":"2012-06-03T09:42:58","slug":"rock-en-seine-2008-3","status":"publish","type":"post","link":"https:\/\/www.wallendorff.com\/belogue\/2008\/09\/03\/rock-en-seine-2008-3\/","title":{"rendered":"Rock en Seine 2008 #3."},"content":{"rendered":"<div id=\"photo\">\n<p><img decoding=\"async\" src=\"https:\/\/www.wallendorff.com\/belogue\/photo\/2008\/09\/20080903.jpg\" \/>\n<\/p>\n<\/div>\n<p class=\"petit\">En attendant <a href=\"http:\/\/www.jamielidell.com\/\">Jamie Leaderprice<\/a>,  sc&egrave;ne de la Cascade,  29 ao&ucirc;t.<\/p>\n<p>Salut le toi. Si comme Jean-Jean et K&eacute;vin, tu aimes voir le monde sans bouger de la verte pelouse qui tapisse ton repaire, &ccedil;a tombe bien, j&rsquo;ai officiellement termin&eacute;<sup>1<\/sup> la constitution de la <a href=\"https:\/\/www.wallendorff.com\/belogue\/carte\/\">carte du monde d&eacute;p&eacute;cien<\/a>, une carte super-longue &agrave; charger mais super-pratique &agrave; utiliser pour voir si je suis venu chez toi par le pass&eacute; prendre des photos de ton caniche, de ta ruelle ou de ton &eacute;glise ou voir sans en louper une toutes mes photos de <a href=\"https:\/\/www.wallendorff.com\/belogue\/tag\/plymouth\/\">Plymouth, Michigan<\/a> ou de <a href=\"https:\/\/www.wallendorff.com\/belogue\/tag\/fellering\/\">Fellering, Haut-Rhin<\/a>. <\/p>\n<p>Car oui tu l&rsquo;auras constat&eacute;, le toi, j&rsquo;ai tout &eacute;tiquet&eacute; au passage, ce qui permet en un tournemain de changer ce bel&ouml;gue en journal d&rsquo;<a href=\"https:\/\/www.wallendorff.com\/belogue\/tag\/usa\/\">expatri&eacute; ricain<\/a>, de <a href=\"https:\/\/www.wallendorff.com\/belogue\/tag\/pieds\/\">f&eacute;tichiste du pied<\/a>, de <a href=\"https:\/\/www.wallendorff.com\/belogue\/tag\/75011\/\">clo&icirc;tr&eacute; du XI<sup>e<\/sup> arrondissement<\/a> ou d&rsquo;<a href=\"https:\/\/www.wallendorff.com\/belogue\/tag\/alive\/\">oiseau de nuit rockeux<\/a> et de retrouver facilement les notasses associ&eacute;es entre elle, truc de fou. <\/p>\n<p style=\"text-align:right\">Je te laisse jouer avec tout &ccedil;a, avec un peu de chance sur la carte on voit ta maison. Profite bien.<\/p>\n<div id=\"bandeson\">\n<p><img decoding=\"async\" src=\"https:\/\/www.wallendorff.com\/belogue\/photo\/pochettes\/blank.jpg\" align=\"left\" \/> <a href=\"http:\/\/www.amywinehouse.co.uk\/\">Amy Winehouse<\/a> &ndash; <em>Rehab<\/em> (live Rock en Seine 2008)<\/p>\n<\/div>\n<p>_____<\/p>\n<div id=\"bas_note\">\n<p><sup>1<\/sup> Avec brio, parce qu&rsquo;avouons que 1&nbsp;308 notasses, &ccedil;a fait beaucoup.<\/p>\n<\/div>\n","protected":false},"excerpt":{"rendered":"<p>En attendant Jamie Leaderprice, sc&egrave;ne de la Cascade, 29 ao&ucirc;t. Salut le toi. Si comme Jean-Jean et K&eacute;vin, tu aimes voir le monde sans bouger de la verte pelouse qui tapisse ton repaire, &ccedil;a tombe bien, j&rsquo;ai officiellement termin&eacute;1 la constitution de la carte du monde d&eacute;p&eacute;cien, une carte super-longue &agrave; charger mais super-pratique &agrave;&hellip;<\/p>\n","protected":false},"author":1,"featured_media":25245,"comment_status":"open","ping_status":"open","sticky":false,"template":"","format":"standard","meta":{"_acf_changed":false,"ngg_post_thumbnail":0,"jetpack_post_was_ever_published":false,"_jetpack_newsletter_access":"","_jetpack_dont_email_post_to_subs":false,"_jetpack_newsletter_tier_id":0,"_jetpack_memberships_contains_paywalled_content":false,"_jetpack_memberships_contains_paid_content":false,"footnotes":"","jetpack_publicize_message":"","jetpack_publicize_feature_enabled":true,"jetpack_social_post_already_shared":false,"jetpack_social_options":{"image_generator_settings":{"template":"highway","default_image_id":0,"font":"","enabled":false},"version":2}},"categories":[7],"tags":[203,10084,2206,196,187,10136,10120,10121,10098,10135,2525,10133,3031],"class_list":["post-3371","post","type-post","status-publish","format-standard","has-post-thumbnail","hentry","category-alive","tag-203","tag-alive","tag-amy-winehouse","tag-ef-28-70-mm-f28l-usm","tag-eos-1d-mark-ii","tag-festival","tag-france","tag-ile-de-france","tag-paris","tag-public","tag-rehab","tag-rock-en-seine","tag-rock-en-seine-2008"],"acf":[],"geo":{"latitude":48.8313904,"longitude":2.2213197,"description":"Parc de Saint-Cloud, 92210 Saint-Cloud, France"},"jetpack_publicize_connections":[],"jetpack_featured_media_url":"https:\/\/www.wallendorff.com\/belogue\/wp-content\/uploads\/2015\/04\/200809031.jpg","jetpack_shortlink":"https:\/\/wp.me\/p3b35P-Sn","jetpack_sharing_enabled":true,"jetpack-related-posts":[{"id":773,"url":"https:\/\/www.wallendorff.com\/belogue\/2006\/08\/27\/radiohead-rock-en-seine-paris\/","url_meta":{"origin":3371,"position":0},"title":"Radiohead @ Rock en Seine, Paris.","author":"dpc","date":"27 ao\u00fbt 2006","format":false,"excerpt":"La premi\u00e8re [et derni\u00e8re] fois c'\u00e9tait au milieu des palmiers d'un d\u00e9sert californien surchauff\u00e9, quelques minutes \u00e0 peine apr\u00e8s la reformation des Pixies, au fin fond d'une foule de 60\u00a0000 personnes savourant religieusement leur seule date am\u00e9ricaine de cette ann\u00e9e 2004. Ce coup-ci, assis en tailleur derri\u00e8re des grillages, verre\u2026","rel":"","context":"Dans &quot;Alive&quot;","block_context":{"text":"Alive","link":"https:\/\/www.wallendorff.com\/belogue\/category\/alive\/"},"img":{"alt_text":"","src":"https:\/\/i0.wp.com\/www.wallendorff.com\/belogue\/wp-content\/uploads\/2015\/04\/200608271.jpg?resize=350%2C200&ssl=1","width":350,"height":200,"srcset":"https:\/\/i0.wp.com\/www.wallendorff.com\/belogue\/wp-content\/uploads\/2015\/04\/200608271.jpg?resize=350%2C200&ssl=1 1x, https:\/\/i0.wp.com\/www.wallendorff.com\/belogue\/wp-content\/uploads\/2015\/04\/200608271.jpg?resize=525%2C300&ssl=1 1.5x, https:\/\/i0.wp.com\/www.wallendorff.com\/belogue\/wp-content\/uploads\/2015\/04\/200608271.jpg?resize=700%2C400&ssl=1 2x"},"classes":[]},{"id":1266,"url":"https:\/\/www.wallendorff.com\/belogue\/2008\/07\/09\/space-mots-keys-22\/","url_meta":{"origin":3371,"position":1},"title":"Space mots-keys #22.","author":"dpc","date":"9 juillet 2008","format":false,"excerpt":"ize proude tou pr\u00e9sente Sp\u00e9cial Allemands Oui, il para\u00eet que c'est le seul qui a des poils. \u00a0 Plus \u00e7a va et plus les requ\u00eates sur Tokio Hotel ressemble \u00e0 des titres de bouquins de Martine. \u00a0 Bah oui, quand ils font les boutiques. \u00a0 Moi aussi \u00e7a m'a fait\u2026","rel":"","context":"Dans &quot;Space mots-keys&quot;","block_context":{"text":"Space mots-keys","link":"https:\/\/www.wallendorff.com\/belogue\/category\/space-mots-keys\/"},"img":{"alt_text":"","src":"","width":0,"height":0},"classes":[]},{"id":1050,"url":"https:\/\/www.wallendorff.com\/belogue\/2007\/10\/03\/space-mots-keys-13\/","url_meta":{"origin":3371,"position":2},"title":"Space mots-keys #13.","author":"dpc","date":"3 octobre 2007","format":false,"excerpt":"ize proude tou pr\u00e9sente Top 5 18 17 13 \u00a0\u00a06 \u00a0\u00a05 Nos amis les champignons Grosse d\u00e9ception. Malgr\u00e9 tous les app\u00e2ts que j'avais l\u00e2ch\u00e9s le mois dernier, la p\u00e8che est maigre. Toujours autant d'axieuses attentes de voir das folgende gro\u00dfe Ding venir chez soi [, ], de fantasmes [, ],\u2026","rel":"","context":"Dans &quot;Space mots-keys&quot;","block_context":{"text":"Space mots-keys","link":"https:\/\/www.wallendorff.com\/belogue\/category\/space-mots-keys\/"},"img":{"alt_text":"","src":"","width":0,"height":0},"classes":[]},{"id":1252,"url":"https:\/\/www.wallendorff.com\/belogue\/2008\/06\/18\/des-hans-bullent-thouars\/","url_meta":{"origin":3371,"position":3},"title":"Des hans bullent \u00e0 Thouars\u00b9.","author":"dpc","date":"18 juin 2008","format":false,"excerpt":"Exposition Vivo In Typo, espace Topographie de l'Art, Paris, 19 avril. Histoire de f\u00eater la naissance de ce journal \u00e9lectronique \u00e0 qui l'on souhaite longue vie et parce que j'ai chop\u00e9 le CD hier, rem\u00e9morons-nous de rocambolesques Rock en Seine au son de l'\u0153uvre d'exception qui rythma cet \u00e9t\u00e9 2005,\u2026","rel":"","context":"Dans &quot;DPC&quot;","block_context":{"text":"DPC","link":"https:\/\/www.wallendorff.com\/belogue\/category\/dpc\/"},"img":{"alt_text":"","src":"https:\/\/i0.wp.com\/www.wallendorff.com\/belogue\/wp-content\/uploads\/2015\/04\/200806181.jpg?resize=350%2C200&ssl=1","width":350,"height":200},"classes":[]},{"id":994,"url":"https:\/\/www.wallendorff.com\/belogue\/2007\/07\/16\/shooting-people-12\/","url_meta":{"origin":3371,"position":4},"title":"Shooting people #12.","author":"dpc","date":"16 juillet 2007","format":false,"excerpt":"POP Bercy, Paris, 30 mai. Alors que la France enti\u00e8re se remet doucement de la c\u00e9l\u00e9bration du 10e anniversaire des White Stripes de samedi \u2015\u00a0une c\u00e9l\u00e9bration par ailleurs \u00e9tonnante d'ampleur et dont les nombreux et spontan\u00e9s feux d'artifices de joie firent grand plaisir \u00e0 voir, m\u00eame si je me demande\u2026","rel":"","context":"Dans &quot;Portraits&quot;","block_context":{"text":"Portraits","link":"https:\/\/www.wallendorff.com\/belogue\/category\/portraits\/"},"img":{"alt_text":"","src":"https:\/\/i0.wp.com\/www.wallendorff.com\/belogue\/wp-content\/uploads\/2015\/04\/200707161.jpg?resize=350%2C200&ssl=1","width":350,"height":200},"classes":[]},{"id":3368,"url":"https:\/\/www.wallendorff.com\/belogue\/2008\/09\/02\/rock-en-seine-2008-2\/","url_meta":{"origin":3371,"position":5},"title":"Rock en Seine 2008 #2.","author":"dpc","date":"2 septembre 2008","format":false,"excerpt":"The D\u00f8, sc\u00e8ne de la Cascade, 28 ao\u00fbt. Voulant du Kaiser Chiefs en guise de bande-son du jour pour marquer leur m\u00e9morable prestation de Rock en Seine d'une flamme \u00e9lectronique qui ne jamais vacillera, j'ai longuement h\u00e9sit\u00e9 entre ce Never Miss A Beat qui vient de surgir en radio et\u2026","rel":"","context":"Dans &quot;Alive&quot;","block_context":{"text":"Alive","link":"https:\/\/www.wallendorff.com\/belogue\/category\/alive\/"},"img":{"alt_text":"","src":"https:\/\/i0.wp.com\/www.wallendorff.com\/belogue\/wp-content\/uploads\/2015\/04\/20080902-011.jpg?resize=350%2C200&ssl=1","width":350,"height":200},"classes":[]}],"_links":{"self":[{"href":"https:\/\/www.wallendorff.com\/belogue\/wp-json\/wp\/v2\/posts\/3371","targetHints":{"allow":["GET"]}}],"collection":[{"href":"https:\/\/www.wallendorff.com\/belogue\/wp-json\/wp\/v2\/posts"}],"about":[{"href":"https:\/\/www.wallendorff.com\/belogue\/wp-json\/wp\/v2\/types\/post"}],"author":[{"embeddable":true,"href":"https:\/\/www.wallendorff.com\/belogue\/wp-json\/wp\/v2\/users\/1"}],"replies":[{"embeddable":true,"href":"https:\/\/www.wallendorff.com\/belogue\/wp-json\/wp\/v2\/comments?post=3371"}],"version-history":[{"count":4,"href":"https:\/\/www.wallendorff.com\/belogue\/wp-json\/wp\/v2\/posts\/3371\/revisions"}],"predecessor-version":[{"id":13910,"href":"https:\/\/www.wallendorff.com\/belogue\/wp-json\/wp\/v2\/posts\/3371\/revisions\/13910"}],"wp:featuredmedia":[{"embeddable":true,"href":"https:\/\/www.wallendorff.com\/belogue\/wp-json\/wp\/v2\/media\/25245"}],"wp:attachment":[{"href":"https:\/\/www.wallendorff.com\/belogue\/wp-json\/wp\/v2\/media?parent=3371"}],"wp:term":[{"taxonomy":"category","embeddable":true,"href":"https:\/\/www.wallendorff.com\/belogue\/wp-json\/wp\/v2\/categories?post=3371"},{"taxonomy":"post_tag","embeddable":true,"href":"https:\/\/www.wallendorff.com\/belogue\/wp-json\/wp\/v2\/tags?post=3371"}],"curies":[{"name":"wp","href":"https:\/\/api.w.org\/{rel}","templated":true}]}}