{"id":3368,"date":"2008-09-02T11:25:48","date_gmt":"2008-09-02T09:25:48","guid":{"rendered":"http:\/\/www.po-l.com\/belogue\/?p=3368"},"modified":"2012-06-02T21:18:43","modified_gmt":"2012-06-02T19:18:43","slug":"rock-en-seine-2008-2","status":"publish","type":"post","link":"https:\/\/www.wallendorff.com\/belogue\/2008\/09\/02\/rock-en-seine-2008-2\/","title":{"rendered":"Rock en Seine 2008 #2."},"content":{"rendered":"<div id=\"photo\">\n<p><img decoding=\"async\" src=\"https:\/\/www.wallendorff.com\/belogue\/photo\/2008\/09\/20080902-01.jpg\" \/><\/p>\n<\/div>\n<div id=\"photo2\">\n<p><img decoding=\"async\" src=\"https:\/\/www.wallendorff.com\/belogue\/photo\/2008\/09\/20080902.jpg\" \/><br \/>\n The D&oslash;, sc&egrave;ne de la Cascade,  28 ao&ucirc;t.<\/p>\n<\/div>\n<p>Voulant du Kaiser Chiefs en guise de bande-son du jour pour marquer leur m&eacute;morable prestation de Rock en Seine d&rsquo;une flamme &eacute;lectronique qui ne jamais vacillera, j&rsquo;ai longuement h&eacute;sit&eacute; entre ce <em>Never Miss A Beat<\/em> qui vient de surgir en radio et l&rsquo;<em>Everyday I Love You Less And Less<\/em> qui occupa ma premi&egrave;re journ&eacute;e de festival &agrave; chanter &laquo;&nbsp;tous les jours je t&rsquo;aime de moins en moins, tu deviens un &eacute;norme boudin&nbsp;&raquo;    &agrave; mes prochains, ces derniers super heureux s&rsquo;il en est de pouvoir go&ucirc;ter ainsi l&rsquo;infinie qualit&eacute; de mon talent de traducteur m&eacute;lomane et m&rsquo;acclamant de singuli&egrave;re mani&egrave;re en m&rsquo;applaudissant directement sur la t&ecirc;te, mais d&rsquo;une seule main et tr&egrave;s fort. Le choix &eacute;tant par trop impossible, je vous poste les deux&nbsp;:<\/p>\n<div id=\"bandeson\">\n<p><img decoding=\"async\" src=\"https:\/\/www.wallendorff.com\/belogue\/photo\/pochettes\/k\/kaiser_chiefs-off_with_their_heads.jpg\" align=\"left\" \/> <a href=\"http:\/\/www.kaiserchiefs.co.uk\/\">Kaiser Chiefs<\/a> &ndash; <em>Never Miss A Beat<\/em><\/p>\n<\/div>\n<div id=\"bandeson\">\n<p><img decoding=\"async\" src=\"https:\/\/www.wallendorff.com\/belogue\/photo\/pochettes\/k\/kaiser_chiefs-employment.jpg\" align=\"left\" \/> <a href=\"http:\/\/www.kaiserchiefs.co.uk\/\">Kaiser Chiefs<\/a> &ndash; <em>Everyday I Love You Less And Less<\/em><\/p>\n<\/div>\n<p>Sur le nouveau simple, on constate deux choses&nbsp;:<\/p>\n<ol type=\"a\">\n<li>Sa qualit&eacute; sonore est m&eacute;diocre car il a &eacute;t&eacute; enregistr&eacute; ill&eacute;galement sur une radio &agrave; &eacute;olienne &eacute;mettant depuis une p&eacute;niche pirate sur la Tamise au moyen d&rsquo;une bande-sonore &agrave; l&rsquo;int&eacute;grit&eacute; bien peu fiable, je sais, mais que voulez-vous la nouveaut&eacute; &ccedil;a a le prix du sacrifice auditif. <\/li>\n<li>Avant une nouveaut&eacute; fort bien accueillie, on remarque surtout la resuc&eacute;e du riff d&rsquo;ouverture d&rsquo;<em>&Agrave; l&rsquo;ombre<\/em> de Mademoiselle K sur son premier album, une nouvelle co&iuml;ncidence venant compl&eacute;ter mes derni&egrave;res constatations, toutes effectu&eacute;es dans le mois qui vient de s&rsquo;&eacute;couler&nbsp;:\n<ul>\n<li>L&rsquo;intro de <em>Something Is Not Right With Me <\/em>de Cold War Kids est la m&ecirc;me ligne de basse que celle de <em>Grosses filles (vous &ecirc;tes tr&egrave;s jolies) <\/em>de Mika. <\/li>\n<li>Toujours au rayon ligne de basse, <em>Crawl <\/em>de Kings Of Leon reprend celle de <em>Taste In Men<\/em> de Placebo &agrave; une note pr&egrave;s.<\/li>\n<li>L&rsquo;<em>Inland Empire <\/em>qui ouvre le prochain Peter Bj&ouml;rn &amp; John reprend les ratatat du <em>Machine Gun<\/em> de Portishead recouvert de l&rsquo;ukul&eacute;l&eacute; de Win Butler (ou de <a href=\"http:\/\/www.journalduneblonde.net\">Lala<\/a> je suis pas certain).<\/li>\n<li>Avant qu&rsquo;<a href=\"http:\/\/blog.bruitquipense.fr\/post\/2008\/08\/28\/Oasis-oh\">on me fasse de d&eacute;sobligeantes remarques<\/a>, je pr&eacute;cise que le nouvel Oasis est hors-concours.<\/li>\n<li>J&rsquo;irais bien jusqu&rsquo;&agrave; affirmer que le mec qui chante sur le nouveau Verve a repomp&eacute; son intonation sur celle de Richard Aschroft, mais j&rsquo;ai peur que cet argument se r&eacute;v&egrave;le faiblard &agrave; la longue, ce qui me pousse &agrave; m&rsquo;abstenir.<\/li>\n<\/ul>\n<\/li>\n<\/ol>\n<p>Vivement la fin de l&rsquo;ann&eacute;e avec Franz Ferdinand plagiant Manu Chao, Coldplay remixant Cinema Bizarre et Interpol Grand Cor des Alpes. En attendant, j&rsquo;h&eacute;site entre conclure que 2008 est une ann&eacute;e pourrie, que le rock est fini et que tout le monde est tellement &agrave; court d&rsquo;id&eacute;e qu&rsquo;il en vient &agrave; repomper les trucs de l&rsquo;ann&eacute;e derni&egrave;re plut&ocirc;t que les trucs d&rsquo;il y a trente ans comme tout musicien normalement constitu&eacute; devrait faire&nbsp;; ou plut&ocirc;t r&eacute;aliser que &ccedil;a y est, j&rsquo;ai la science infuse, je connais tout sur tout et le nouveau single que ce groupe ravageur de Sheffield sortira en 2012 n&rsquo;aura rien invent&eacute; puisqu&rsquo;on y d&eacute;c&egrave;lera &agrave; la premi&egrave;re &eacute;coute des traces de cette face B japonaise de T.Rex en 1971, mon dieu je vais me montrer fort p&eacute;dant dans mes prochaines soir&eacute;es sociales, moi, on va encore m&rsquo;applaudir.<\/p>\n<p style=\"text-align:right\">Tout &ccedil;a, donc,  pour illustrer des photos de The D&oslash;.<\/p>\n<p style=\"text-align:right\">Certes. <\/p>\n","protected":false},"excerpt":{"rendered":"<p>The D&oslash;, sc&egrave;ne de la Cascade, 28 ao&ucirc;t. Voulant du Kaiser Chiefs en guise de bande-son du jour pour marquer leur m&eacute;morable prestation de Rock en Seine d&rsquo;une flamme &eacute;lectronique qui ne jamais vacillera, j&rsquo;ai longuement h&eacute;sit&eacute; entre ce Never Miss A Beat qui vient de surgir en radio et l&rsquo;Everyday I Love You Less&hellip;<\/p>\n","protected":false},"author":1,"featured_media":25244,"comment_status":"open","ping_status":"open","sticky":false,"template":"","format":"standard","meta":{"_acf_changed":false,"ngg_post_thumbnail":0,"jetpack_post_was_ever_published":false,"_jetpack_newsletter_access":"","_jetpack_dont_email_post_to_subs":false,"_jetpack_newsletter_tier_id":0,"_jetpack_memberships_contains_paywalled_content":false,"_jetpack_memberships_contains_paid_content":false,"footnotes":"","jetpack_publicize_message":"","jetpack_publicize_feature_enabled":true,"jetpack_social_post_already_shared":false,"jetpack_social_options":{"image_generator_settings":{"template":"highway","default_image_id":0,"font":"","enabled":false},"version":2}},"categories":[7],"tags":[203,10084,181,187,2522,10136,10120,10353,10121,10497,582,10138,10471,2523,408,1729,10086,10498,10133,3031,10570,2233,2182],"class_list":["post-3368","post","type-post","status-publish","format-standard","has-post-thumbnail","hentry","category-alive","tag-203","tag-alive","tag-ef-70-200-mm-f28l-usm","tag-eos-1d-mark-ii","tag-everyday-i-love-you-less-and-less","tag-festival","tag-france","tag-hauts-de-seine","tag-ile-de-france","tag-kaiser-chiefs","tag-kings-of-leon","tag-mademoiselle-k","tag-mika","tag-never-miss-a-beat","tag-oasis","tag-peter-bjorn-and-john","tag-placebo","tag-portishead","tag-rock-en-seine","tag-rock-en-seine-2008","tag-saint-cloud","tag-the-d","tag-the-verve"],"acf":[],"geo":{"latitude":48.8313904,"longitude":2.2213197,"description":"Parc de Saint-Cloud, 92210 Saint-Cloud, France"},"jetpack_publicize_connections":[],"jetpack_featured_media_url":"https:\/\/www.wallendorff.com\/belogue\/wp-content\/uploads\/2015\/04\/20080902-011.jpg","jetpack_shortlink":"https:\/\/wp.me\/p3b35P-Sk","jetpack_sharing_enabled":true,"jetpack-related-posts":[{"id":1230,"url":"https:\/\/www.wallendorff.com\/belogue\/2008\/05\/19\/transit-stores\/","url_meta":{"origin":3368,"position":0},"title":"Transit-stores.","author":"dpc","date":"19 mai 2008","format":false,"excerpt":"Schiphol Luchthaven, Amsterdam, 2 avril. Et sinon la pochette du Flight Of The Conchord rappelle un m\u00e9lange de Tintin et les Picaros et Tom Tom Tommy de Philippe Chatel, un 33-tours dont j'avais oubli\u00e9 jusqu'\u00e0 l'existence depuis mes 7 ans, ce qui conf\u00e8re au duo n\u00e9o-z\u00e9landais un statut de madeleines\u2026","rel":"","context":"Dans &quot;DPC&quot;","block_context":{"text":"DPC","link":"https:\/\/www.wallendorff.com\/belogue\/category\/dpc\/"},"img":{"alt_text":"","src":"https:\/\/i0.wp.com\/www.wallendorff.com\/belogue\/wp-content\/uploads\/2015\/04\/200805191.jpg?resize=350%2C200&ssl=1","width":350,"height":200},"classes":[]},{"id":130417,"url":"https:\/\/www.wallendorff.com\/belogue\/2024\/08\/29\/there-we-were-now-here-we-are\/","url_meta":{"origin":3368,"position":1},"title":"There we were, now here we are.","author":"dpc","date":"29 ao\u00fbt 2024","format":false,"excerpt":"Rock en Seine, Domaine national de Saint-Cloud, 28 ao\u00fbt 2009.J\u2019ai photographi\u00e9 ces trois jeunes filles du premier rang du public de Rock en Seine le 28 ao\u00fbt 2009 \u00e0 21 h 59 min 41 s, juste avant le concert d\u2019Oasis, juste avant l\u2019annonce de la plus fameuse baston-\u00e0-coups-de-guitares-en- loges\u00b9 de\u2026","rel":"","context":"Dans &quot;Alive&quot;","block_context":{"text":"Alive","link":"https:\/\/www.wallendorff.com\/belogue\/category\/alive\/"},"img":{"alt_text":"","src":"https:\/\/i0.wp.com\/www.wallendorff.com\/belogue\/wp-content\/uploads\/2024\/08\/20240829-01.jpg?resize=350%2C200&ssl=1","width":350,"height":200,"srcset":"https:\/\/i0.wp.com\/www.wallendorff.com\/belogue\/wp-content\/uploads\/2024\/08\/20240829-01.jpg?resize=350%2C200&ssl=1 1x, https:\/\/i0.wp.com\/www.wallendorff.com\/belogue\/wp-content\/uploads\/2024\/08\/20240829-01.jpg?resize=525%2C300&ssl=1 1.5x, https:\/\/i0.wp.com\/www.wallendorff.com\/belogue\/wp-content\/uploads\/2024\/08\/20240829-01.jpg?resize=700%2C400&ssl=1 2x, https:\/\/i0.wp.com\/www.wallendorff.com\/belogue\/wp-content\/uploads\/2024\/08\/20240829-01.jpg?resize=1050%2C600&ssl=1 3x"},"classes":[]},{"id":3371,"url":"https:\/\/www.wallendorff.com\/belogue\/2008\/09\/03\/rock-en-seine-2008-3\/","url_meta":{"origin":3368,"position":2},"title":"Rock en Seine 2008 #3.","author":"dpc","date":"3 septembre 2008","format":false,"excerpt":"En attendant Jamie Leaderprice, sc\u00e8ne de la Cascade, 29 ao\u00fbt. Salut le toi. Si comme Jean-Jean et K\u00e9vin, tu aimes voir le monde sans bouger de la verte pelouse qui tapisse ton repaire, \u00e7a tombe bien, j'ai officiellement termin\u00e91 la constitution de la carte du monde d\u00e9p\u00e9cien, une carte super-longue\u2026","rel":"","context":"Dans &quot;Alive&quot;","block_context":{"text":"Alive","link":"https:\/\/www.wallendorff.com\/belogue\/category\/alive\/"},"img":{"alt_text":"","src":"https:\/\/i0.wp.com\/www.wallendorff.com\/belogue\/wp-content\/uploads\/2015\/04\/200809031.jpg?resize=350%2C200&ssl=1","width":350,"height":200,"srcset":"https:\/\/i0.wp.com\/www.wallendorff.com\/belogue\/wp-content\/uploads\/2015\/04\/200809031.jpg?resize=350%2C200&ssl=1 1x, https:\/\/i0.wp.com\/www.wallendorff.com\/belogue\/wp-content\/uploads\/2015\/04\/200809031.jpg?resize=525%2C300&ssl=1 1.5x, https:\/\/i0.wp.com\/www.wallendorff.com\/belogue\/wp-content\/uploads\/2015\/04\/200809031.jpg?resize=700%2C400&ssl=1 2x"},"classes":[]},{"id":21499,"url":"https:\/\/www.wallendorff.com\/belogue\/2013\/08\/27\/rock-en-seine-2013-jour-1\/","url_meta":{"origin":3368,"position":3},"title":"Rock en Seine 2013, jour 1.","author":"dpc","date":"27 ao\u00fbt 2013","format":false,"excerpt":"En guise de bande-son, je vous conseille d'aller [re]voir le concert de Franz Ferdinand (durant lequel Alex Kapranos ne refit pas sa fameuse blague du \u00ab\u00a0batteuw avec le tw\u00e8s tw\u00e8s grosse beat\u00a0\u00bb de 2005, ce qui fut certes d\u00e9cevant mais prouva bien que ce groupe sait faire fi du pass\u00e9).\u2026","rel":"","context":"Dans &quot;Alive&quot;","block_context":{"text":"Alive","link":"https:\/\/www.wallendorff.com\/belogue\/category\/alive\/"},"img":{"alt_text":"","src":"https:\/\/i0.wp.com\/www.wallendorff.com\/belogue\/wp-content\/uploads\/2015\/04\/201308271.jpg?resize=350%2C200&ssl=1","width":350,"height":200,"srcset":"https:\/\/i0.wp.com\/www.wallendorff.com\/belogue\/wp-content\/uploads\/2015\/04\/201308271.jpg?resize=350%2C200&ssl=1 1x, https:\/\/i0.wp.com\/www.wallendorff.com\/belogue\/wp-content\/uploads\/2015\/04\/201308271.jpg?resize=525%2C300&ssl=1 1.5x, https:\/\/i0.wp.com\/www.wallendorff.com\/belogue\/wp-content\/uploads\/2015\/04\/201308271.jpg?resize=700%2C400&ssl=1 2x"},"classes":[]},{"id":1236,"url":"https:\/\/www.wallendorff.com\/belogue\/2008\/05\/27\/midnight-juggernauts-la-maroquinerie-paris\/","url_meta":{"origin":3368,"position":4},"title":"Midnight Juggernauts @ la Maroquinerie, Paris","author":"dpc","date":"27 mai 2008","format":false,"excerpt":"Ils attirent du monde, beaucoup, genre ha\u00ffpeux \u00e0 frange ou m\u00e8che qui lit Technikart, ils ont embauch\u00e9 Marylin Manson comme roadie, ils se pointent 13 minutes en retard pour faire style alors que les premiers rangs perdant patience commen\u00e7aient \u00e0 demander \u00e0 Marylin de faire le show \u00e0 leur place,\u2026","rel":"","context":"Dans &quot;Alive&quot;","block_context":{"text":"Alive","link":"https:\/\/www.wallendorff.com\/belogue\/category\/alive\/"},"img":{"alt_text":"","src":"https:\/\/i0.wp.com\/www.wallendorff.com\/belogue\/wp-content\/uploads\/2015\/04\/200805271.jpg?resize=350%2C200&ssl=1","width":350,"height":200,"srcset":"https:\/\/i0.wp.com\/www.wallendorff.com\/belogue\/wp-content\/uploads\/2015\/04\/200805271.jpg?resize=350%2C200&ssl=1 1x, https:\/\/i0.wp.com\/www.wallendorff.com\/belogue\/wp-content\/uploads\/2015\/04\/200805271.jpg?resize=525%2C300&ssl=1 1.5x, https:\/\/i0.wp.com\/www.wallendorff.com\/belogue\/wp-content\/uploads\/2015\/04\/200805271.jpg?resize=700%2C400&ssl=1 2x"},"classes":[]},{"id":1278,"url":"https:\/\/www.wallendorff.com\/belogue\/2008\/07\/27\/the-rolling-stones-festi-meuse-vireux-wallerand\/","url_meta":{"origin":3368,"position":5},"title":"The Rolling Stones @ Festi&rsquo;Meuse, Vireux-Wallerand.","author":"dpc","date":"27 juillet 2008","format":false,"excerpt":"Mais si Keith Richards a \u00e9t\u00e9 remplac\u00e9 par Axl Rose et la guitare de Slash, qui est le roux qui promet des Chinese Democracy pour la fin de l'ann\u00e9e en s'enfilant des Dr. Pepper\u00a0?","rel":"","context":"Dans &quot;Alive&quot;","block_context":{"text":"Alive","link":"https:\/\/www.wallendorff.com\/belogue\/category\/alive\/"},"img":{"alt_text":"","src":"https:\/\/i0.wp.com\/www.wallendorff.com\/belogue\/wp-content\/uploads\/2015\/04\/200807271.jpg?resize=350%2C200&ssl=1","width":350,"height":200},"classes":[]}],"_links":{"self":[{"href":"https:\/\/www.wallendorff.com\/belogue\/wp-json\/wp\/v2\/posts\/3368","targetHints":{"allow":["GET"]}}],"collection":[{"href":"https:\/\/www.wallendorff.com\/belogue\/wp-json\/wp\/v2\/posts"}],"about":[{"href":"https:\/\/www.wallendorff.com\/belogue\/wp-json\/wp\/v2\/types\/post"}],"author":[{"embeddable":true,"href":"https:\/\/www.wallendorff.com\/belogue\/wp-json\/wp\/v2\/users\/1"}],"replies":[{"embeddable":true,"href":"https:\/\/www.wallendorff.com\/belogue\/wp-json\/wp\/v2\/comments?post=3368"}],"version-history":[{"count":4,"href":"https:\/\/www.wallendorff.com\/belogue\/wp-json\/wp\/v2\/posts\/3368\/revisions"}],"predecessor-version":[{"id":17556,"href":"https:\/\/www.wallendorff.com\/belogue\/wp-json\/wp\/v2\/posts\/3368\/revisions\/17556"}],"wp:featuredmedia":[{"embeddable":true,"href":"https:\/\/www.wallendorff.com\/belogue\/wp-json\/wp\/v2\/media\/25244"}],"wp:attachment":[{"href":"https:\/\/www.wallendorff.com\/belogue\/wp-json\/wp\/v2\/media?parent=3368"}],"wp:term":[{"taxonomy":"category","embeddable":true,"href":"https:\/\/www.wallendorff.com\/belogue\/wp-json\/wp\/v2\/categories?post=3368"},{"taxonomy":"post_tag","embeddable":true,"href":"https:\/\/www.wallendorff.com\/belogue\/wp-json\/wp\/v2\/tags?post=3368"}],"curies":[{"name":"wp","href":"https:\/\/api.w.org\/{rel}","templated":true}]}}