{"id":33648,"date":"2017-02-24T16:49:58","date_gmt":"2017-02-24T14:49:58","guid":{"rendered":"http:\/\/www.wallendorff.com\/belogue\/?p=33648"},"modified":"2018-05-23T08:03:11","modified_gmt":"2018-05-23T06:03:11","slug":"shooting-people-135","status":"publish","type":"post","link":"https:\/\/www.wallendorff.com\/belogue\/2017\/02\/24\/shooting-people-135\/","title":{"rendered":"Shooting people #135."},"content":{"rendered":"\n<div id=\"photo\">\n<p><img decoding=\"async\" src=\"https:\/\/www.wallendorff.com\/belogue\/wp-content\/uploads\/2017\/02\/20170223-02.jpg\"><br \/>\nLe Bistrot de la Ga\u00eet\u00e9, Paris, 14 d\u00e9cembre 2016.<\/p>\n<\/p><\/div>\n<div id=\"photo2\">\n<p><img decoding=\"async\" src=\"https:\/\/www.wallendorff.com\/belogue\/wp-content\/uploads\/2017\/02\/20170223-01.jpg\"><\/p>\n<\/p><\/div>\n<p style=\"text-align:right\"><em>Portraits illustrant <a href=\"http:\/\/www.soul-kitchen.fr\/72254-vision-taliscopique\">l&rsquo;interview par No&eacute;mie Lambert &agrave; lire chez Soul Kitchen<\/a><\/em>.<\/p>\n","protected":false},"excerpt":{"rendered":"<p>Le Bistrot de la Ga\u00eet\u00e9, Paris, 14 d\u00e9cembre 2016. Portraits illustrant l&rsquo;interview par No&eacute;mie Lambert &agrave; lire chez Soul Kitchen.<\/p>\n","protected":false},"author":1,"featured_media":33651,"comment_status":"open","ping_status":"open","sticky":false,"template":"","format":"standard","meta":{"_acf_changed":false,"ngg_post_thumbnail":0,"jetpack_post_was_ever_published":false,"_jetpack_newsletter_access":"","_jetpack_dont_email_post_to_subs":false,"_jetpack_newsletter_tier_id":0,"_jetpack_memberships_contains_paywalled_content":false,"_jetpack_memberships_contains_paid_content":false,"footnotes":"","jetpack_publicize_message":"","jetpack_publicize_feature_enabled":true,"jetpack_social_post_already_shared":true,"jetpack_social_options":{"image_generator_settings":{"template":"highway","default_image_id":0,"font":"","enabled":false},"version":2}},"categories":[8],"tags":[10336,8170,8351,10120,10121,13648,10098,10272,10376,11865,12103],"class_list":["post-33648","post","type-post","status-publish","format-standard","has-post-thumbnail","hentry","category-portraits","tag-10336","tag-ef-24-70-mm-f2-8l-ii-usm","tag-eos-6d","tag-france","tag-ile-de-france","tag-le-bistrot-de-la-gaite","tag-paris","tag-portrait","tag-promo","tag-rue-papin","tag-talisco"],"acf":[],"geo":{"latitude":48.8668289,"longitude":2.3534479,"description":"Paris 10, \u00cele-de-France, 75010, FR"},"jetpack_publicize_connections":[],"jetpack_featured_media_url":"https:\/\/www.wallendorff.com\/belogue\/wp-content\/uploads\/2017\/02\/20170223-02.jpg","jetpack_shortlink":"https:\/\/wp.me\/p3b35P-8KI","jetpack_sharing_enabled":true,"jetpack-related-posts":[{"id":29310,"url":"https:\/\/www.wallendorff.com\/belogue\/2015\/09\/28\/the-apartments-la-gaite-lyrique-paris-23-septembre\/","url_meta":{"origin":33648,"position":0},"title":"The Apartments @ la Ga\u00eet\u00e9-Lyrique, Paris, 23 septembre.","author":"dpc","date":"28 septembre 2015","format":false,"excerpt":"","rel":"","context":"Dans &quot;Alive&quot;","block_context":{"text":"Alive","link":"https:\/\/www.wallendorff.com\/belogue\/category\/alive\/"},"img":{"alt_text":"","src":"https:\/\/i0.wp.com\/www.wallendorff.com\/belogue\/wp-content\/uploads\/2015\/09\/20150927-021.jpg?resize=350%2C200&ssl=1","width":350,"height":200,"srcset":"https:\/\/i0.wp.com\/www.wallendorff.com\/belogue\/wp-content\/uploads\/2015\/09\/20150927-021.jpg?resize=350%2C200&ssl=1 1x, https:\/\/i0.wp.com\/www.wallendorff.com\/belogue\/wp-content\/uploads\/2015\/09\/20150927-021.jpg?resize=525%2C300&ssl=1 1.5x, https:\/\/i0.wp.com\/www.wallendorff.com\/belogue\/wp-content\/uploads\/2015\/09\/20150927-021.jpg?resize=700%2C400&ssl=1 2x"},"classes":[]},{"id":32341,"url":"https:\/\/www.wallendorff.com\/belogue\/2016\/09\/25\/griefjoy-la-gaite-lyrique-paris-23-septembre\/","url_meta":{"origin":33648,"position":1},"title":"Griefjoy @ la Ga\u00eet\u00e9-Lyrique, Paris, 23 septembre.","author":"dpc","date":"25 septembre 2016","format":false,"excerpt":"","rel":"","context":"Dans &quot;Alive&quot;","block_context":{"text":"Alive","link":"https:\/\/www.wallendorff.com\/belogue\/category\/alive\/"},"img":{"alt_text":"","src":"https:\/\/i0.wp.com\/www.wallendorff.com\/belogue\/wp-content\/uploads\/2016\/09\/20160924-09-1.jpg?resize=350%2C200&ssl=1","width":350,"height":200,"srcset":"https:\/\/i0.wp.com\/www.wallendorff.com\/belogue\/wp-content\/uploads\/2016\/09\/20160924-09-1.jpg?resize=350%2C200&ssl=1 1x, https:\/\/i0.wp.com\/www.wallendorff.com\/belogue\/wp-content\/uploads\/2016\/09\/20160924-09-1.jpg?resize=525%2C300&ssl=1 1.5x, https:\/\/i0.wp.com\/www.wallendorff.com\/belogue\/wp-content\/uploads\/2016\/09\/20160924-09-1.jpg?resize=700%2C400&ssl=1 2x"},"classes":[]},{"id":32460,"url":"https:\/\/www.wallendorff.com\/belogue\/2016\/10\/15\/wild-beasts-la-gaite-lyrique-paris\/","url_meta":{"origin":33648,"position":2},"title":"Wild Beasts @ la Ga\u00eet\u00e9-Lyrique, Paris.","author":"dpc","date":"15 octobre 2016","format":false,"excerpt":"","rel":"","context":"Dans &quot;Alive&quot;","block_context":{"text":"Alive","link":"https:\/\/www.wallendorff.com\/belogue\/category\/alive\/"},"img":{"alt_text":"","src":"https:\/\/i0.wp.com\/www.wallendorff.com\/belogue\/wp-content\/uploads\/2016\/10\/20161014-10-1.jpg?resize=350%2C200&ssl=1","width":350,"height":200,"srcset":"https:\/\/i0.wp.com\/www.wallendorff.com\/belogue\/wp-content\/uploads\/2016\/10\/20161014-10-1.jpg?resize=350%2C200&ssl=1 1x, https:\/\/i0.wp.com\/www.wallendorff.com\/belogue\/wp-content\/uploads\/2016\/10\/20161014-10-1.jpg?resize=525%2C300&ssl=1 1.5x, https:\/\/i0.wp.com\/www.wallendorff.com\/belogue\/wp-content\/uploads\/2016\/10\/20161014-10-1.jpg?resize=700%2C400&ssl=1 2x"},"classes":[]},{"id":38282,"url":"https:\/\/www.wallendorff.com\/belogue\/2018\/05\/30\/phoenix-la-gaite-lyrique-paris-29-mai-2018\/","url_meta":{"origin":33648,"position":3},"title":"Phoenix @ la Ga\u00eet\u00e9-Lyrique, Paris, 29 mai 2018.","author":"dpc","date":"30 mai 2018","format":false,"excerpt":"Merci merci \u00e0 l'\u00e9quipe de la Ga\u00eet\u00e9-Lyrique pour m'avoir laiss\u00e9 acc\u00e9der \u00e0 la coursive du fond.","rel":"","context":"Dans &quot;Alive&quot;","block_context":{"text":"Alive","link":"https:\/\/www.wallendorff.com\/belogue\/category\/alive\/"},"img":{"alt_text":"","src":"https:\/\/i0.wp.com\/www.wallendorff.com\/belogue\/wp-content\/uploads\/2018\/05\/20180530-29.jpg?resize=350%2C200&ssl=1","width":350,"height":200,"srcset":"https:\/\/i0.wp.com\/www.wallendorff.com\/belogue\/wp-content\/uploads\/2018\/05\/20180530-29.jpg?resize=350%2C200&ssl=1 1x, https:\/\/i0.wp.com\/www.wallendorff.com\/belogue\/wp-content\/uploads\/2018\/05\/20180530-29.jpg?resize=525%2C300&ssl=1 1.5x, https:\/\/i0.wp.com\/www.wallendorff.com\/belogue\/wp-content\/uploads\/2018\/05\/20180530-29.jpg?resize=700%2C400&ssl=1 2x, https:\/\/i0.wp.com\/www.wallendorff.com\/belogue\/wp-content\/uploads\/2018\/05\/20180530-29.jpg?resize=1050%2C600&ssl=1 3x"},"classes":[]},{"id":22795,"url":"https:\/\/www.wallendorff.com\/belogue\/2014\/05\/19\/the-horrors-la-gaite-lyrique-paris-15-mai\/","url_meta":{"origin":33648,"position":4},"title":"The Horrors @ la Ga\u00eet\u00e9-Lyrique, Paris, 15 mai.","author":"dpc","date":"19 mai 2014","format":false,"excerpt":"Sea Within a Sea | Who Can Say | Scarlet Fields | In and Out of Sight | Endless Blue | I See You | Mirror's Image | Falling Star | So Now You Know | Still Life || Moving Further Away So Now You Know The Horrors \u00a0","rel":"","context":"Dans &quot;Alive&quot;","block_context":{"text":"Alive","link":"https:\/\/www.wallendorff.com\/belogue\/category\/alive\/"},"img":{"alt_text":"","src":"https:\/\/i0.wp.com\/www.wallendorff.com\/belogue\/wp-content\/uploads\/2015\/04\/201405191.jpg?resize=350%2C200&ssl=1","width":350,"height":200,"srcset":"https:\/\/i0.wp.com\/www.wallendorff.com\/belogue\/wp-content\/uploads\/2015\/04\/201405191.jpg?resize=350%2C200&ssl=1 1x, https:\/\/i0.wp.com\/www.wallendorff.com\/belogue\/wp-content\/uploads\/2015\/04\/201405191.jpg?resize=525%2C300&ssl=1 1.5x, https:\/\/i0.wp.com\/www.wallendorff.com\/belogue\/wp-content\/uploads\/2015\/04\/201405191.jpg?resize=700%2C400&ssl=1 2x"},"classes":[]},{"id":22634,"url":"https:\/\/www.wallendorff.com\/belogue\/2014\/03\/20\/blood-red-shoes-la-gaite-lyrique-paris\/","url_meta":{"origin":33648,"position":5},"title":"Blood Red Shoes @ la Ga\u00eet\u00e9-Lyrique, Paris.","author":"dpc","date":"20 mars 2014","format":false,"excerpt":"Welcome Home | I Wish I Was Someone Better | Don't Ask | Speech Coma | Everything All at Once | This Is Not for You | It Is Happening Again | Cold | The Perfect Mess | Black Distractions | An Animal | Light It Up | Say Something,\u2026","rel":"","context":"Dans &quot;Alive&quot;","block_context":{"text":"Alive","link":"https:\/\/www.wallendorff.com\/belogue\/category\/alive\/"},"img":{"alt_text":"","src":"https:\/\/i0.wp.com\/www.wallendorff.com\/belogue\/wp-content\/uploads\/2015\/04\/201403201.jpg?resize=350%2C200&ssl=1","width":350,"height":200,"srcset":"https:\/\/i0.wp.com\/www.wallendorff.com\/belogue\/wp-content\/uploads\/2015\/04\/201403201.jpg?resize=350%2C200&ssl=1 1x, https:\/\/i0.wp.com\/www.wallendorff.com\/belogue\/wp-content\/uploads\/2015\/04\/201403201.jpg?resize=525%2C300&ssl=1 1.5x, https:\/\/i0.wp.com\/www.wallendorff.com\/belogue\/wp-content\/uploads\/2015\/04\/201403201.jpg?resize=700%2C400&ssl=1 2x"},"classes":[]}],"_links":{"self":[{"href":"https:\/\/www.wallendorff.com\/belogue\/wp-json\/wp\/v2\/posts\/33648","targetHints":{"allow":["GET"]}}],"collection":[{"href":"https:\/\/www.wallendorff.com\/belogue\/wp-json\/wp\/v2\/posts"}],"about":[{"href":"https:\/\/www.wallendorff.com\/belogue\/wp-json\/wp\/v2\/types\/post"}],"author":[{"embeddable":true,"href":"https:\/\/www.wallendorff.com\/belogue\/wp-json\/wp\/v2\/users\/1"}],"replies":[{"embeddable":true,"href":"https:\/\/www.wallendorff.com\/belogue\/wp-json\/wp\/v2\/comments?post=33648"}],"version-history":[{"count":2,"href":"https:\/\/www.wallendorff.com\/belogue\/wp-json\/wp\/v2\/posts\/33648\/revisions"}],"predecessor-version":[{"id":33652,"href":"https:\/\/www.wallendorff.com\/belogue\/wp-json\/wp\/v2\/posts\/33648\/revisions\/33652"}],"wp:featuredmedia":[{"embeddable":true,"href":"https:\/\/www.wallendorff.com\/belogue\/wp-json\/wp\/v2\/media\/33651"}],"wp:attachment":[{"href":"https:\/\/www.wallendorff.com\/belogue\/wp-json\/wp\/v2\/media?parent=33648"}],"wp:term":[{"taxonomy":"category","embeddable":true,"href":"https:\/\/www.wallendorff.com\/belogue\/wp-json\/wp\/v2\/categories?post=33648"},{"taxonomy":"post_tag","embeddable":true,"href":"https:\/\/www.wallendorff.com\/belogue\/wp-json\/wp\/v2\/tags?post=33648"}],"curies":[{"name":"wp","href":"https:\/\/api.w.org\/{rel}","templated":true}]}}