{"id":3358,"date":"2008-08-30T11:49:04","date_gmt":"2008-08-30T09:49:04","guid":{"rendered":"http:\/\/www.po-l.com\/belogue\/?p=3358"},"modified":"2012-08-27T16:16:08","modified_gmt":"2012-08-27T14:16:08","slug":"et-pendant-ce-temps-a-rock-en-seine-6","status":"publish","type":"post","link":"https:\/\/www.wallendorff.com\/belogue\/2008\/08\/30\/et-pendant-ce-temps-a-rock-en-seine-6\/","title":{"rendered":"Et pendant ce temps, \u00e0 Rock en Seine."},"content":{"rendered":"<div id=\"photo\">\n<p><img decoding=\"async\" src=\"https:\/\/www.wallendorff.com\/belogue\/photo\/2008\/08\/20080830.jpg\" \/><\/p>\n<\/div>\n<p style=\"text-align:right\">Il y a un dieu. Du passe photo.<\/p>\n<div id=\"bandeson\">\n<p><img decoding=\"async\" src=\"https:\/\/www.wallendorff.com\/belogue\/photo\/pochettes\/blank.jpg\" align=\"left\" \/> <a href=\"http:\/\/www.theraconteurs.com\">The Raconteurs<\/a> &ndash; <em>Level<\/em> (live)<\/p>\n<\/div>\n","protected":false},"excerpt":{"rendered":"<p>Il y a un dieu. Du passe photo. The Raconteurs &ndash; Level (live)<\/p>\n","protected":false},"author":1,"featured_media":25242,"comment_status":"open","ping_status":"open","sticky":false,"template":"","format":"standard","meta":{"_acf_changed":false,"ngg_post_thumbnail":0,"jetpack_post_was_ever_published":false,"_jetpack_newsletter_access":"","_jetpack_dont_email_post_to_subs":false,"_jetpack_newsletter_tier_id":0,"_jetpack_memberships_contains_paywalled_content":false,"_jetpack_memberships_contains_paid_content":false,"footnotes":"","jetpack_publicize_message":"","jetpack_publicize_feature_enabled":true,"jetpack_social_post_already_shared":false,"jetpack_social_options":{"image_generator_settings":{"template":"highway","default_image_id":0,"font":"","enabled":false},"version":2}},"categories":[3],"tags":[203,196,187,4132,10136,10120,10121,1992,143,10098,2518,10133,3031,1493],"class_list":["post-3358","post","type-post","status-publish","format-standard","has-post-thumbnail","hentry","category-dpc","tag-203","tag-ef-28-70-mm-f28l-usm","tag-eos-1d-mark-ii","tag-et-pendant-ce-temps-a-rock-en-seine","tag-festival","tag-france","tag-ile-de-france","tag-level","tag-noir-et-blanc","tag-paris","tag-passe","tag-rock-en-seine","tag-rock-en-seine-2008","tag-the-raconteurs"],"acf":[],"geo":{"latitude":48.8313904,"longitude":2.2213197,"description":"Parc de Saint-Cloud, 92210 Saint-Cloud, France"},"jetpack_publicize_connections":[],"jetpack_featured_media_url":"https:\/\/www.wallendorff.com\/belogue\/wp-content\/uploads\/2015\/04\/200808301.jpg","jetpack_shortlink":"https:\/\/wp.me\/p3b35P-Sa","jetpack_sharing_enabled":true,"jetpack-related-posts":[{"id":4930,"url":"https:\/\/www.wallendorff.com\/belogue\/2009\/10\/28\/previously-unreleased-851\/","url_meta":{"origin":3358,"position":0},"title":"Previously unreleased #851.","author":"dpc","date":"28 octobre 2009","format":false,"excerpt":"The Raconteurs, Rock en Seine, 29 ao\u00fbt 2008. Parce qu'entre la note d'hier et la note de demain, on ne peut d\u00e9cemment poster qu'une photo pas-vue-jusque-l\u00e02 des Raconteurs, accompagn\u00e9e de leur meilleur prestation-en-date-depuis-que-Five-on-the-Five-n'est-plus-\u00e9coutable. Si vous me cherchez ce soir vous savez o\u00f9 me trouver, hein. \u00a0The Raconteurs \u2013 Headin' for\u2026","rel":"","context":"Dans &quot;Previously unreleased&quot;","block_context":{"text":"Previously unreleased","link":"https:\/\/www.wallendorff.com\/belogue\/category\/previously-unreleased\/"},"img":{"alt_text":"","src":"https:\/\/i0.wp.com\/www.wallendorff.com\/belogue\/wp-content\/uploads\/2015\/04\/200910281.jpg?resize=350%2C200&ssl=1","width":350,"height":200},"classes":[]},{"id":775,"url":"https:\/\/www.wallendorff.com\/belogue\/2006\/08\/29\/the-raconteurs-rock-en-seine-paris-25-aout\/","url_meta":{"origin":3358,"position":1},"title":"The Raconteurs @ Rock en Seine, Paris, 25 ao\u00fbt.","author":"dpc","date":"29 ao\u00fbt 2006","format":false,"excerpt":"Brend-Hann vit le grand inconnu s'approcher du micro. Subjugu\u00e9 par sa stature, p\u00e9trifi\u00e9 par sa prestance, le candide breton se sentit submerg\u00e9 par une vague de curiosit\u00e9 m\u00eal\u00e9e d'un trouble haletant. Le grand \u00e9ph\u00e8be qui lui faisait face, feintant l'innocence mais s\u00fbr de son succ\u00e8s, ondula son corps d'un air\u2026","rel":"","context":"Dans &quot;Alive&quot;","block_context":{"text":"Alive","link":"https:\/\/www.wallendorff.com\/belogue\/category\/alive\/"},"img":{"alt_text":"","src":"https:\/\/i0.wp.com\/www.wallendorff.com\/belogue\/wp-content\/uploads\/2015\/04\/200608291.jpg?resize=350%2C200&ssl=1","width":350,"height":200},"classes":[]},{"id":3355,"url":"https:\/\/www.wallendorff.com\/belogue\/2008\/08\/29\/et-pendant-ce-temps-a-rock-en-seine-5\/","url_meta":{"origin":3358,"position":2},"title":"Et pendant ce temps, \u00e0 Rock en Seine.","author":"dpc","date":"29 ao\u00fbt 2008","format":false,"excerpt":"C'est les boules. R.E.M. \u2013 It's the End of the World as We Know It (And I Feel Fine) (Black Session 07\/05\/2001)","rel":"","context":"Dans &quot;DPC&quot;","block_context":{"text":"DPC","link":"https:\/\/www.wallendorff.com\/belogue\/category\/dpc\/"},"img":{"alt_text":"","src":"https:\/\/i0.wp.com\/www.wallendorff.com\/belogue\/wp-content\/uploads\/2015\/04\/200808291.jpg?resize=350%2C200&ssl=1","width":350,"height":200},"classes":[]},{"id":3375,"url":"https:\/\/www.wallendorff.com\/belogue\/2008\/09\/04\/the-raconteurs-rock-en-seine-domaine-national-de-saint-cloud-29-aout\/","url_meta":{"origin":3358,"position":3},"title":"The Raconteurs @ Rock en Seine, Domaine National de Saint-Cloud, 29 ao\u00fbt.","author":"dpc","date":"4 septembre 2008","format":false,"excerpt":"Jack White est beau. Kate Nash \u2013 I'm Not Gonna Teach Your Boyfriend How To Dance With You (Black Kids cover)","rel":"","context":"Dans &quot;Alive&quot;","block_context":{"text":"Alive","link":"https:\/\/www.wallendorff.com\/belogue\/category\/alive\/"},"img":{"alt_text":"","src":"https:\/\/i0.wp.com\/www.wallendorff.com\/belogue\/wp-content\/uploads\/2015\/04\/200809041.jpg?resize=350%2C200&ssl=1","width":350,"height":200,"srcset":"https:\/\/i0.wp.com\/www.wallendorff.com\/belogue\/wp-content\/uploads\/2015\/04\/200809041.jpg?resize=350%2C200&ssl=1 1x, https:\/\/i0.wp.com\/www.wallendorff.com\/belogue\/wp-content\/uploads\/2015\/04\/200809041.jpg?resize=525%2C300&ssl=1 1.5x, https:\/\/i0.wp.com\/www.wallendorff.com\/belogue\/wp-content\/uploads\/2015\/04\/200809041.jpg?resize=700%2C400&ssl=1 2x"},"classes":[]},{"id":1128,"url":"https:\/\/www.wallendorff.com\/belogue\/2008\/01\/04\/ce-quiet-rat-rche-erre\/","url_meta":{"origin":3358,"position":4},"title":"Ce quiet rat r\u00eache erre.","author":"dpc","date":"4 janvier 2008","format":false,"excerpt":"Corcoran's pub, Paris, 16 d\u00e9cembre 2007. Changeons-nous les id\u00e9es gr\u00e2ce au DVL1 du matin. \u00a0The Raconteurs \u2013 Blue Veins _____ 1 DVL\u00a0: Dode Van Lache, pour les non-n\u00e9erlandophones.","rel":"","context":"Dans &quot;DPC&quot;","block_context":{"text":"DPC","link":"https:\/\/www.wallendorff.com\/belogue\/category\/dpc\/"},"img":{"alt_text":"","src":"https:\/\/i0.wp.com\/www.wallendorff.com\/belogue\/wp-content\/uploads\/2015\/04\/200801041.jpg?resize=350%2C200&ssl=1","width":350,"height":200},"classes":[]},{"id":21488,"url":"https:\/\/www.wallendorff.com\/belogue\/2013\/08\/25\/et-pendant-ce-temps-a-rock-en-seine-15\/","url_meta":{"origin":3358,"position":5},"title":"Et pendant ce temps, \u00e0 Rock en Seine.","author":"dpc","date":"25 ao\u00fbt 2013","format":false,"excerpt":"Tout baigne. How Are You Doing?Dog Party \u00a0","rel":"","context":"Dans &quot;DPC&quot;","block_context":{"text":"DPC","link":"https:\/\/www.wallendorff.com\/belogue\/category\/dpc\/"},"img":{"alt_text":"","src":"https:\/\/i0.wp.com\/www.wallendorff.com\/belogue\/wp-content\/uploads\/2015\/04\/201308251.jpg?resize=350%2C200&ssl=1","width":350,"height":200,"srcset":"https:\/\/i0.wp.com\/www.wallendorff.com\/belogue\/wp-content\/uploads\/2015\/04\/201308251.jpg?resize=350%2C200&ssl=1 1x, https:\/\/i0.wp.com\/www.wallendorff.com\/belogue\/wp-content\/uploads\/2015\/04\/201308251.jpg?resize=525%2C300&ssl=1 1.5x, https:\/\/i0.wp.com\/www.wallendorff.com\/belogue\/wp-content\/uploads\/2015\/04\/201308251.jpg?resize=700%2C400&ssl=1 2x"},"classes":[]}],"_links":{"self":[{"href":"https:\/\/www.wallendorff.com\/belogue\/wp-json\/wp\/v2\/posts\/3358","targetHints":{"allow":["GET"]}}],"collection":[{"href":"https:\/\/www.wallendorff.com\/belogue\/wp-json\/wp\/v2\/posts"}],"about":[{"href":"https:\/\/www.wallendorff.com\/belogue\/wp-json\/wp\/v2\/types\/post"}],"author":[{"embeddable":true,"href":"https:\/\/www.wallendorff.com\/belogue\/wp-json\/wp\/v2\/users\/1"}],"replies":[{"embeddable":true,"href":"https:\/\/www.wallendorff.com\/belogue\/wp-json\/wp\/v2\/comments?post=3358"}],"version-history":[{"count":2,"href":"https:\/\/www.wallendorff.com\/belogue\/wp-json\/wp\/v2\/posts\/3358\/revisions"}],"predecessor-version":[{"id":18802,"href":"https:\/\/www.wallendorff.com\/belogue\/wp-json\/wp\/v2\/posts\/3358\/revisions\/18802"}],"wp:featuredmedia":[{"embeddable":true,"href":"https:\/\/www.wallendorff.com\/belogue\/wp-json\/wp\/v2\/media\/25242"}],"wp:attachment":[{"href":"https:\/\/www.wallendorff.com\/belogue\/wp-json\/wp\/v2\/media?parent=3358"}],"wp:term":[{"taxonomy":"category","embeddable":true,"href":"https:\/\/www.wallendorff.com\/belogue\/wp-json\/wp\/v2\/categories?post=3358"},{"taxonomy":"post_tag","embeddable":true,"href":"https:\/\/www.wallendorff.com\/belogue\/wp-json\/wp\/v2\/tags?post=3358"}],"curies":[{"name":"wp","href":"https:\/\/api.w.org\/{rel}","templated":true}]}}