{"id":3355,"date":"2008-08-29T10:51:57","date_gmt":"2008-08-29T08:51:57","guid":{"rendered":"http:\/\/www.po-l.com\/belogue\/?p=3355"},"modified":"2012-08-27T16:14:35","modified_gmt":"2012-08-27T14:14:35","slug":"et-pendant-ce-temps-a-rock-en-seine-5","status":"publish","type":"post","link":"https:\/\/www.wallendorff.com\/belogue\/2008\/08\/29\/et-pendant-ce-temps-a-rock-en-seine-5\/","title":{"rendered":"Et pendant ce temps, \u00e0 Rock en Seine."},"content":{"rendered":"<div id=\"photo\">\n<p><img decoding=\"async\" src=\"https:\/\/www.wallendorff.com\/belogue\/photo\/2008\/08\/20080829.jpg\" \/><\/p>\n<\/div>\n<p style=\"text-align:right\">C&rsquo;est les boules.<\/p>\n<div id=\"bandeson\">\n<p><img decoding=\"async\" src=\"https:\/\/www.wallendorff.com\/belogue\/photo\/pochettes\/blank.jpg\" align=\"left\" \/> <a href=\"http:\/\/www.remhq.com\/\">R.E.M.<\/a> &ndash; <em>It&rsquo;s the End of the World as We Know It (And I Feel Fine) <\/em>(Black Session 07\/05\/2001)<\/p>\n<\/div>\n","protected":false},"excerpt":{"rendered":"<p>C&rsquo;est les boules. R.E.M. &ndash; It&rsquo;s the End of the World as We Know It (And I Feel Fine) (Black Session 07\/05\/2001)<\/p>\n","protected":false},"author":1,"featured_media":25241,"comment_status":"open","ping_status":"open","sticky":false,"template":"","format":"standard","meta":{"_acf_changed":false,"ngg_post_thumbnail":0,"jetpack_post_was_ever_published":false,"_jetpack_newsletter_access":"","_jetpack_dont_email_post_to_subs":false,"_jetpack_newsletter_tier_id":0,"_jetpack_memberships_contains_paywalled_content":false,"_jetpack_memberships_contains_paid_content":false,"footnotes":"","jetpack_publicize_message":"","jetpack_publicize_feature_enabled":true,"jetpack_social_post_already_shared":false,"jetpack_social_options":{"image_generator_settings":{"template":"highway","default_image_id":0,"font":"","enabled":false},"version":2}},"categories":[3],"tags":[203,10345,1438,187,4132,10136,10120,10121,2517,143,10098,4783,10133,3031],"class_list":["post-3355","post","type-post","status-publish","format-standard","has-post-thumbnail","hentry","category-dpc","tag-203","tag-arbre","tag-ef-50-mm-f14-usm","tag-eos-1d-mark-ii","tag-et-pendant-ce-temps-a-rock-en-seine","tag-festival","tag-france","tag-ile-de-france","tag-its-the-end-of-the-world-as-we-know-it-and-i-feel-fin","tag-noir-et-blanc","tag-paris","tag-r-e-m","tag-rock-en-seine","tag-rock-en-seine-2008"],"acf":[],"geo":{"latitude":48.8313904,"longitude":2.2213197,"description":"Parc de Saint-Cloud, 92210 Saint-Cloud, France"},"jetpack_publicize_connections":[],"jetpack_featured_media_url":"https:\/\/www.wallendorff.com\/belogue\/wp-content\/uploads\/2015\/04\/200808291.jpg","jetpack_shortlink":"https:\/\/wp.me\/p3b35P-S7","jetpack_sharing_enabled":true,"jetpack-related-posts":[{"id":3358,"url":"https:\/\/www.wallendorff.com\/belogue\/2008\/08\/30\/et-pendant-ce-temps-a-rock-en-seine-6\/","url_meta":{"origin":3355,"position":0},"title":"Et pendant ce temps, \u00e0 Rock en Seine.","author":"dpc","date":"30 ao\u00fbt 2008","format":false,"excerpt":"Il y a un dieu. Du passe photo. The Raconteurs \u2013 Level (live)","rel":"","context":"Dans &quot;DPC&quot;","block_context":{"text":"DPC","link":"https:\/\/www.wallendorff.com\/belogue\/category\/dpc\/"},"img":{"alt_text":"","src":"https:\/\/i0.wp.com\/www.wallendorff.com\/belogue\/wp-content\/uploads\/2015\/04\/200808301.jpg?resize=350%2C200&ssl=1","width":350,"height":200},"classes":[]},{"id":21488,"url":"https:\/\/www.wallendorff.com\/belogue\/2013\/08\/25\/et-pendant-ce-temps-a-rock-en-seine-15\/","url_meta":{"origin":3355,"position":1},"title":"Et pendant ce temps, \u00e0 Rock en Seine.","author":"dpc","date":"25 ao\u00fbt 2013","format":false,"excerpt":"Tout baigne. How Are You Doing?Dog Party \u00a0","rel":"","context":"Dans &quot;DPC&quot;","block_context":{"text":"DPC","link":"https:\/\/www.wallendorff.com\/belogue\/category\/dpc\/"},"img":{"alt_text":"","src":"https:\/\/i0.wp.com\/www.wallendorff.com\/belogue\/wp-content\/uploads\/2015\/04\/201308251.jpg?resize=350%2C200&ssl=1","width":350,"height":200,"srcset":"https:\/\/i0.wp.com\/www.wallendorff.com\/belogue\/wp-content\/uploads\/2015\/04\/201308251.jpg?resize=350%2C200&ssl=1 1x, https:\/\/i0.wp.com\/www.wallendorff.com\/belogue\/wp-content\/uploads\/2015\/04\/201308251.jpg?resize=525%2C300&ssl=1 1.5x, https:\/\/i0.wp.com\/www.wallendorff.com\/belogue\/wp-content\/uploads\/2015\/04\/201308251.jpg?resize=700%2C400&ssl=1 2x"},"classes":[]},{"id":21492,"url":"https:\/\/www.wallendorff.com\/belogue\/2013\/08\/26\/et-pendant-ce-temps-a-rock-en-seine-16\/","url_meta":{"origin":3355,"position":2},"title":"Et pendant ce temps, \u00e0 Rock en Seine.","author":"dpc","date":"26 ao\u00fbt 2013","format":false,"excerpt":"Tout baigne. Down by the WaterThe Decemberists","rel":"","context":"Dans &quot;DPC&quot;","block_context":{"text":"DPC","link":"https:\/\/www.wallendorff.com\/belogue\/category\/dpc\/"},"img":{"alt_text":"","src":"https:\/\/i0.wp.com\/www.wallendorff.com\/belogue\/wp-content\/uploads\/2015\/04\/201308261.jpg?resize=350%2C200&ssl=1","width":350,"height":200,"srcset":"https:\/\/i0.wp.com\/www.wallendorff.com\/belogue\/wp-content\/uploads\/2015\/04\/201308261.jpg?resize=350%2C200&ssl=1 1x, https:\/\/i0.wp.com\/www.wallendorff.com\/belogue\/wp-content\/uploads\/2015\/04\/201308261.jpg?resize=525%2C300&ssl=1 1.5x, https:\/\/i0.wp.com\/www.wallendorff.com\/belogue\/wp-content\/uploads\/2015\/04\/201308261.jpg?resize=700%2C400&ssl=1 2x"},"classes":[]},{"id":1388,"url":"https:\/\/www.wallendorff.com\/belogue\/2007\/08\/26\/et-pendant-ce-temps-a-rock-en-seine-3\/","url_meta":{"origin":3355,"position":3},"title":"Et pendant ce temps, \u00e0 Rock en Seine.","author":"dpc","date":"26 ao\u00fbt 2007","format":false,"excerpt":"Il fait beau. \u00a0The Fratellis \u2013 Chealsea Dagger","rel":"","context":"Dans &quot;Alive&quot;","block_context":{"text":"Alive","link":"https:\/\/www.wallendorff.com\/belogue\/category\/alive\/"},"img":{"alt_text":"","src":"https:\/\/i0.wp.com\/www.wallendorff.com\/belogue\/wp-content\/uploads\/2015\/04\/200708261.jpg?resize=350%2C200&ssl=1","width":350,"height":200,"srcset":"https:\/\/i0.wp.com\/www.wallendorff.com\/belogue\/wp-content\/uploads\/2015\/04\/200708261.jpg?resize=350%2C200&ssl=1 1x, https:\/\/i0.wp.com\/www.wallendorff.com\/belogue\/wp-content\/uploads\/2015\/04\/200708261.jpg?resize=525%2C300&ssl=1 1.5x, https:\/\/i0.wp.com\/www.wallendorff.com\/belogue\/wp-content\/uploads\/2015\/04\/200708261.jpg?resize=700%2C400&ssl=1 2x"},"classes":[]},{"id":1392,"url":"https:\/\/www.wallendorff.com\/belogue\/2007\/08\/27\/et-pendant-ce-temps-a-rock-en-seine-4\/","url_meta":{"origin":3355,"position":4},"title":"Et pendant ce temps, \u00e0 Rock en Seine.","author":"dpc","date":"27 ao\u00fbt 2007","format":false,"excerpt":"C'est la pause. \u00a0Hard-Fi \u2013 Suburban Knights","rel":"","context":"Dans &quot;Alive&quot;","block_context":{"text":"Alive","link":"https:\/\/www.wallendorff.com\/belogue\/category\/alive\/"},"img":{"alt_text":"","src":"https:\/\/i0.wp.com\/www.wallendorff.com\/belogue\/wp-content\/uploads\/2015\/04\/200708271.jpg?resize=350%2C200&ssl=1","width":350,"height":200,"srcset":"https:\/\/i0.wp.com\/www.wallendorff.com\/belogue\/wp-content\/uploads\/2015\/04\/200708271.jpg?resize=350%2C200&ssl=1 1x, https:\/\/i0.wp.com\/www.wallendorff.com\/belogue\/wp-content\/uploads\/2015\/04\/200708271.jpg?resize=525%2C300&ssl=1 1.5x, https:\/\/i0.wp.com\/www.wallendorff.com\/belogue\/wp-content\/uploads\/2015\/04\/200708271.jpg?resize=700%2C400&ssl=1 2x"},"classes":[]},{"id":1023,"url":"https:\/\/www.wallendorff.com\/belogue\/2007\/08\/25\/pendant-ce-temps-rock-en-seine\/","url_meta":{"origin":3355,"position":5},"title":"Et pendant ce temps, \u00e0 Rock en Seine.","author":"dpc","date":"25 ao\u00fbt 2007","format":false,"excerpt":"On se r\u00e9chauffe comme on peut. \u00a0The Hives \u2013 Tick Tick Boom","rel":"","context":"Dans &quot;Alive&quot;","block_context":{"text":"Alive","link":"https:\/\/www.wallendorff.com\/belogue\/category\/alive\/"},"img":{"alt_text":"","src":"https:\/\/i0.wp.com\/www.wallendorff.com\/belogue\/wp-content\/uploads\/2015\/04\/200708251.jpg?resize=350%2C200&ssl=1","width":350,"height":200,"srcset":"https:\/\/i0.wp.com\/www.wallendorff.com\/belogue\/wp-content\/uploads\/2015\/04\/200708251.jpg?resize=350%2C200&ssl=1 1x, https:\/\/i0.wp.com\/www.wallendorff.com\/belogue\/wp-content\/uploads\/2015\/04\/200708251.jpg?resize=525%2C300&ssl=1 1.5x, https:\/\/i0.wp.com\/www.wallendorff.com\/belogue\/wp-content\/uploads\/2015\/04\/200708251.jpg?resize=700%2C400&ssl=1 2x"},"classes":[]}],"_links":{"self":[{"href":"https:\/\/www.wallendorff.com\/belogue\/wp-json\/wp\/v2\/posts\/3355","targetHints":{"allow":["GET"]}}],"collection":[{"href":"https:\/\/www.wallendorff.com\/belogue\/wp-json\/wp\/v2\/posts"}],"about":[{"href":"https:\/\/www.wallendorff.com\/belogue\/wp-json\/wp\/v2\/types\/post"}],"author":[{"embeddable":true,"href":"https:\/\/www.wallendorff.com\/belogue\/wp-json\/wp\/v2\/users\/1"}],"replies":[{"embeddable":true,"href":"https:\/\/www.wallendorff.com\/belogue\/wp-json\/wp\/v2\/comments?post=3355"}],"version-history":[{"count":2,"href":"https:\/\/www.wallendorff.com\/belogue\/wp-json\/wp\/v2\/posts\/3355\/revisions"}],"predecessor-version":[{"id":18798,"href":"https:\/\/www.wallendorff.com\/belogue\/wp-json\/wp\/v2\/posts\/3355\/revisions\/18798"}],"wp:featuredmedia":[{"embeddable":true,"href":"https:\/\/www.wallendorff.com\/belogue\/wp-json\/wp\/v2\/media\/25241"}],"wp:attachment":[{"href":"https:\/\/www.wallendorff.com\/belogue\/wp-json\/wp\/v2\/media?parent=3355"}],"wp:term":[{"taxonomy":"category","embeddable":true,"href":"https:\/\/www.wallendorff.com\/belogue\/wp-json\/wp\/v2\/categories?post=3355"},{"taxonomy":"post_tag","embeddable":true,"href":"https:\/\/www.wallendorff.com\/belogue\/wp-json\/wp\/v2\/tags?post=3355"}],"curies":[{"name":"wp","href":"https:\/\/api.w.org\/{rel}","templated":true}]}}