{"id":335,"date":"2005-06-24T09:13:12","date_gmt":"2005-06-24T09:13:12","guid":{"rendered":"http:\/\/www.po-l.com\/wordpress\/?p=335"},"modified":"2012-05-14T09:34:28","modified_gmt":"2012-05-14T07:34:28","slug":"l-ame-ou-tardent-mes-moutons-nes","status":"publish","type":"post","link":"https:\/\/www.wallendorff.com\/belogue\/2005\/06\/24\/l-ame-ou-tardent-mes-moutons-nes\/","title":{"rendered":"L&rsquo;&acirc;me o&ugrave; tardent mes moutons n&eacute;s."},"content":{"rendered":"\n<div id=\"photo\">\n<p><img decoding=\"async\" src=\"http:\/\/www.po-L.com\/belogue\/photo\/2005\/06\/20050624.jpg\" \/><br \/>\n          Quelquepart dans le Marais, Paris, 3 mai.<\/p>\n<\/p><\/div>\n<p><em>Mail<\/em><sup>1<\/sup> signifie courrier. En fran&ccedil;ais, on a repris ce terme pour d&eacute;signer un courrier &eacute;lectronique<sup>2<\/sup>. L&rsquo;une de mes interrogations reflectives d&rsquo;hier<sup>3<\/sup> &eacute;tait&nbsp;: &laquo;&nbsp;Parbleu, quelle est donc l&rsquo;origine de ce mot&nbsp;? Je connais une rue du Mail<sup>4<\/sup>, &agrave; Paris, y a-t-il un rapport<sup>5<\/sup>&nbsp;?&nbsp;&raquo;.<\/p>\n<p>&Agrave; la seconde question, le <a href=\"http:\/\/atilf.atilf.fr\/\">TLFI<\/a><sup>6<\/sup> r&eacute;pond par&nbsp;:<\/p>\n<p><strong>MAIL, subst. masc.<\/strong><\/p>\n<p>      <b>A. <img decoding=\"async\" src=\"http:\/\/www.po-L.com\/belogue\/photo\/2005\/06\/tiret.gif\" \/> 1.<\/b> <em>Vx,<\/em> <em>TECHNOL.<\/em> Gros marteau en fer avec lequel le carrier enfonce des coins pour s&eacute;parer les blocs de pierre. (Dict. XX<sup>e<\/sup> s.). Synon. <em>mailloche.<br \/>\n      <\/em><b>2. <\/b>Synon. de <em>maillet. <\/em><em>Au r&eacute;fectoire, on fait la lecture. Le p&egrave;re prend sur la table un petit mail de buis et en frappe un coup. Le lecteur se tait <\/em>(BILLY, <em>Intro&iuml;bo, <\/em>1939, p. 97).<br \/>\n      <b>B. <\/b><img decoding=\"async\" src=\"http:\/\/www.po-L.com\/belogue\/photo\/2005\/06\/tiret.gif\" \/><em>JEUX. <\/em>Maillet de bois &agrave; long manche flexible avec lequel on pousse une boule de bois. <em>Donner un coup de mail <\/em>(<em>Ac.<\/em>).<br \/>\n      <b><img decoding=\"async\" src=\"http:\/\/www.po-L.com\/belogue\/photo\/2005\/06\/tiretgras.gif\" \/> <\/b><em>P. m&eacute;ton. <\/em><em>(Jeu de) mail<\/em><\/p>\n<p>On peut donc en d&eacute;duire qu&rsquo;en bon fran&ccedil;ais, quand quelqu&rsquo;un t&rsquo;&eacute;crit &laquo;&nbsp; Je t&rsquo;envoie un mail demain&nbsp;&raquo;, le mieux est encore d&rsquo;aller s&rsquo;acheter un casque vite fait, parce qu&rsquo;un gros marteau en fer, m&ecirc;me si on te l&rsquo;envoie gentiment, il risque de te faire mal &agrave; ta gueule, un peu<sup>7<\/sup>. <\/p>\n<p>Pour expliquer l&rsquo;&eacute;tymologie de <em>mail<\/em>, le <a href=\"http:\/\/www.dictionary.com\/\">dictionnaire anglais<\/a> avance :<\/p>\n<p>[Middle English male, <em>bag<\/em>, from Old French, of Germanic origin.]<\/p>\n<p>En cons&eacute;quence, un <em>mail<\/em>, ce n&rsquo;est rien d&rsquo;autre qu&rsquo;une malle. On s&rsquo;envoie des malles. &laquo;&nbsp;Comment? Tu n&rsquo;as pas re&ccedil;u ma malle?&nbsp;&raquo; &laquo;&nbsp;Fichtre, comme ta malle est lourde, elle a du mal &agrave; passer dans le tuyau.&nbsp;&raquo; &laquo;&nbsp;Je te malle demain et on en rediscute!&nbsp;&raquo;. etc. Faut avouer que &ccedil;a sonne mieux que <em>mail<\/em> et courriel et, qu&rsquo;en plus, c&rsquo;est beaucoup plus rigolo.<\/p>\n<p style=\"text-align:right\">&Agrave; part &ccedil;a, rien.<\/p>\n<p>\/Edit&nbsp;: Si quelqu&rsquo;un conna&icirc;t l&rsquo;adresse malle du sale pervers d&eacute;go&ucirc;tant qui est arriv&eacute; ici en tapant &laquo;&nbsp;white meg seins&nbsp;&raquo;, qu&rsquo;il me la donne, j&rsquo;ai quelque mails<sup>8<\/sup> d&eacute;sobligeants &agrave; lui envoyer<sup>9b<\/sup>.<\/p>\n<div id=\"bandeson\">\n<p><strong>Bande-son<\/strong>&nbsp;: Gens endormis ronflants devant cette note.<\/p>\n<\/p><\/div>\n<div id=\"bas_note\">\n<p>_____<\/p>\n<p><sup>1<\/sup> Prononcer m&eacute;&iuml;l. &laquo;&nbsp;Il n&rsquo;y a que m&eacute;&iuml;l qui m&rsquo;a&iuml;le.&nbsp;&raquo;<\/p>\n<p><sup>2<\/sup> Alors que les anglophones, eux, utilisent ce terme pour d&eacute;signer le courrier tout court<sup>a<\/sup>. Les Fran&ccedil;ais font souvent l&rsquo;erreur en milieu anglophone: &quot;I&rsquo;ll send you a mail.&quot; Du coup, l&rsquo;autre va siffler l&agrave;-haut sur la colline, serrane, serrane, ne voit rien venir, ni facteur qui arrivoie, ni chien qui jappoie, et se trouve fort d&eacute;convenu quand rien ne fut venu alors que moi, pendant ce temps-l&agrave;, je t&rsquo;envoyais des courriels dans les bois. Ou bien.<\/p>\n<p><sup>3<\/sup> Je vais tr&egrave;s souvent au travers de moments d&rsquo;auto-interrogation r&eacute;flective &agrave; tendance cogitale tout au long de la journ&eacute;e. ccupe, dans le m&eacute;tro.<\/p>\n<p><sup>4<\/sup> Prononcer mail. Non, pas m&eacute;&iuml;l, mail. &laquo;&nbsp;Il n&rsquo;y a que mail qui m&rsquo;aille.&nbsp;&raquo;<\/p>\n<p><sup>5<\/sup> Ou bien&nbsp;?<\/p>\n<p><sup>6<\/sup> Tr&eacute;sor de la Langue Fran&ccedil;aise Informatis&eacute;. Trop cool pour se la p&eacute;ter grave dans des notes d&eacute;biles.<\/p>\n<p><sup>7<\/sup> Ce que l&rsquo;on peut r&eacute;sumer par &laquo;&nbsp;Il n&rsquo;y a que mail qui m&rsquo;a&iuml;e.&nbsp;&raquo;<\/p>\n<p><sup>8<\/sup> Dommage que le pluriel de mail ne soit pas maux, parce qu&rsquo;on aurait pu parler de maux comme un ensemble de mails qui font mal. C&rsquo;est con.<\/p>\n<p><sup>9<\/sup> Des mails, pas des <em>mails<\/em>. Pr&eacute;pare ton casque, gros.<\/p>\n<p><sup>a<\/sup> Normal, puisque &ccedil;a veut dire courrier. C&rsquo;est expliqu&eacute; dans la premi&egrave;re phrase, tout l&agrave;-haut.<\/p>\n<p><sup>b<\/sup> Nan, mieux&nbsp;: &laquo;&nbsp;J&rsquo;ai deux maux &agrave; lui dire&nbsp;&raquo;. Ah ah.<\/p>\n<\/p><\/div>\n","protected":false},"excerpt":{"rendered":"<p>Quelquepart dans le Marais, Paris, 3 mai. Mail1 signifie courrier. En fran&ccedil;ais, on a repris ce terme pour d&eacute;signer un courrier &eacute;lectronique2. L&rsquo;une de mes interrogations reflectives d&rsquo;hier3 &eacute;tait&nbsp;: &laquo;&nbsp;Parbleu, quelle est donc l&rsquo;origine de ce mot&nbsp;? Je connais une rue du Mail4, &agrave; Paris, y a-t-il un rapport5&nbsp;?&nbsp;&raquo;. &Agrave; la seconde question, le TLFI6&hellip;<\/p>\n","protected":false},"author":1,"featured_media":24275,"comment_status":"open","ping_status":"open","sticky":false,"template":"","format":"standard","meta":{"_acf_changed":false,"ngg_post_thumbnail":0,"jetpack_post_was_ever_published":false,"_jetpack_newsletter_access":"","_jetpack_dont_email_post_to_subs":false,"_jetpack_newsletter_tier_id":0,"_jetpack_memberships_contains_paywalled_content":false,"_jetpack_memberships_contains_paid_content":false,"footnotes":"","jetpack_publicize_message":"","jetpack_publicize_feature_enabled":true,"jetpack_social_post_already_shared":false,"jetpack_social_options":{"image_generator_settings":{"template":"highway","default_image_id":0,"font":"","enabled":false},"version":2}},"categories":[3],"tags":[10336,132,10249,10120,10121,10278,10098],"class_list":["post-335","post","type-post","status-publish","format-standard","has-post-thumbnail","hentry","category-dpc","tag-10336","tag-eos-20d","tag-francais","tag-france","tag-ile-de-france","tag-lampadaire","tag-paris"],"acf":[],"geo":null,"jetpack_publicize_connections":[],"jetpack_featured_media_url":"https:\/\/www.wallendorff.com\/belogue\/wp-content\/uploads\/2015\/04\/200506241.jpg","jetpack_shortlink":"https:\/\/wp.me\/p3b35P-5p","jetpack_sharing_enabled":true,"jetpack-related-posts":[{"id":631,"url":"https:\/\/www.wallendorff.com\/belogue\/2006\/08\/04\/rot-qui-aurore-pique-chur-chooz\/","url_meta":{"origin":335,"position":0},"title":"R&ocirc;t&sup1; qui aurore&sup2; pique chur&sup3; Chooz*.","author":"dpc","date":"4 ao\u00fbt 2006","format":false,"excerpt":"Rue \u00c9tienne Dolet, Paris, 29 juillet. [Keep moving.]5 \u00a0Zita Swoon \u2013 Jintro and the Great Luna (live) _____ 1 R\u00f4t comme une \u00ab Pi\u00e8ce de viande (boucherie, volaille, gibier) cuite \u00e0 feu vif et sans sauce, \u00e0 la broche ou au four. Synon. r\u00f4ti. Gros r\u00f4t (b\u0153uf, veau, mouton, porc,\u2026","rel":"","context":"Dans &quot;DPC&quot;","block_context":{"text":"DPC","link":"https:\/\/www.wallendorff.com\/belogue\/category\/dpc\/"},"img":{"alt_text":"","src":"https:\/\/i0.wp.com\/www.wallendorff.com\/belogue\/wp-content\/uploads\/2015\/04\/200608041.jpg?resize=350%2C200&ssl=1","width":350,"height":200},"classes":[]},{"id":326,"url":"https:\/\/www.wallendorff.com\/belogue\/2005\/07\/04\/i-m-siiiiiiiiiiiiiitting-in-the-raiiiiiiiin\/","url_meta":{"origin":335,"position":1},"title":"I&rsquo;m siiiiiiiiiiiiiitting in the raiiiiiiiin.","author":"dpc","date":"4 juillet 2005","format":false,"excerpt":"Avenue des Champs-\u00c9lys\u00e9es, Paris, 30 juin. Bien\u00a0: Belfort. Ce week-end1. Pas bien\u00a0: 5 filles qui causent de probl\u00e8mes dentaires infantiles, de Kangoos repli\u00e9s \u00e0 des feux rouges et de compte-rendus du concert fabuleux de Calogero samedi \u00e0 Versailles. Au secours, la beaufitude me guette. Bien\u00a0: Un mini-disc pour couvrir tout\u2026","rel":"","context":"Dans &quot;DPC&quot;","block_context":{"text":"DPC","link":"https:\/\/www.wallendorff.com\/belogue\/category\/dpc\/"},"img":{"alt_text":"","src":"https:\/\/i0.wp.com\/www.wallendorff.com\/belogue\/wp-content\/uploads\/2015\/04\/200507041.jpg?resize=350%2C200&ssl=1","width":350,"height":200},"classes":[]},{"id":130445,"url":"https:\/\/www.wallendorff.com\/belogue\/2024\/08\/31\/flogging-molly-le-bataclan-paris-27-aout-2024\/","url_meta":{"origin":335,"position":2},"title":"Flogging Molly @ le Bataclan, Paris, 27 ao\u00fbt 2024.","author":"dpc","date":"31 ao\u00fbt 2024","format":false,"excerpt":"Drunken Lullabies | The Hand of John L. Sullivan | Swagger | (Try) Keep the Man Down | Whistles the Wind | Life in a Tenement Square | A Song of Liberty | Tobacco Island | The Croppy Boy '98 | Float | Saints & Sinners | Rebels of the\u2026","rel":"","context":"Dans &quot;Alive&quot;","block_context":{"text":"Alive","link":"https:\/\/www.wallendorff.com\/belogue\/category\/alive\/"},"img":{"alt_text":"","src":"https:\/\/i0.wp.com\/www.wallendorff.com\/belogue\/wp-content\/uploads\/2024\/08\/20240830-26.jpg?resize=350%2C200&ssl=1","width":350,"height":200,"srcset":"https:\/\/i0.wp.com\/www.wallendorff.com\/belogue\/wp-content\/uploads\/2024\/08\/20240830-26.jpg?resize=350%2C200&ssl=1 1x, https:\/\/i0.wp.com\/www.wallendorff.com\/belogue\/wp-content\/uploads\/2024\/08\/20240830-26.jpg?resize=525%2C300&ssl=1 1.5x, https:\/\/i0.wp.com\/www.wallendorff.com\/belogue\/wp-content\/uploads\/2024\/08\/20240830-26.jpg?resize=700%2C400&ssl=1 2x, https:\/\/i0.wp.com\/www.wallendorff.com\/belogue\/wp-content\/uploads\/2024\/08\/20240830-26.jpg?resize=1050%2C600&ssl=1 3x"},"classes":[]},{"id":7416,"url":"https:\/\/www.wallendorff.com\/belogue\/2010\/04\/20\/vie-fleuve-ans-dhuis-verts\/","url_meta":{"origin":335,"position":3},"title":"Vie-fleuve, ans d&rsquo;huis verts1.","author":"dpc","date":"20 avril 2010","format":false,"excerpt":"Boulevard de Verdun, Dieppe, 20 mars. \u00a0Band of Horses \u2013 Compliment Et puisque j'ai re\u00e7u des tonnes de courrier de fans compl\u00e8tement subjugu\u00e9s par le talent, l'originalit\u00e9 et la rigueur d\u00e9ploy\u00e9s dans ma premi\u00e8re tentative de raconter l'histoire aux jeunes d'aujourd'hui au moyen d'un m\u00e9dium qu'ils connaissent vachement bien (l\u00e0),\u2026","rel":"","context":"Dans &quot;DPC&quot;","block_context":{"text":"DPC","link":"https:\/\/www.wallendorff.com\/belogue\/category\/dpc\/"},"img":{"alt_text":"","src":"https:\/\/i0.wp.com\/www.wallendorff.com\/belogue\/wp-content\/uploads\/2015\/04\/201004201.jpg?resize=350%2C200&ssl=1","width":350,"height":200},"classes":[]},{"id":3692,"url":"https:\/\/www.wallendorff.com\/belogue\/2008\/12\/19\/astonvilla-subway-le-bataclan-paris\/","url_meta":{"origin":335,"position":4},"title":"Astonvilla + Subway @ le Bataclan, Paris.","author":"dpc","date":"19 d\u00e9cembre 2008","format":false,"excerpt":"Je pourrais faire un long article racontant \u00e0 quel point le 5D Mark II est un vrai bonheur de la vie, mais le Rod s'en \u00e9tant d\u00e9j\u00e0 occup\u00e9 avant-hier, je m'en tiendrai \u00e0 une liste de pour\/contre rapide, histoire de gagner du temps\u00a0: Contre\u00a0: L'autofocus patine effectivement. Pas bien meilleur\u2026","rel":"","context":"Dans &quot;Alive&quot;","block_context":{"text":"Alive","link":"https:\/\/www.wallendorff.com\/belogue\/category\/alive\/"},"img":{"alt_text":"","src":"https:\/\/i0.wp.com\/www.wallendorff.com\/belogue\/wp-content\/uploads\/2015\/04\/200812191.jpg?resize=350%2C200&ssl=1","width":350,"height":200,"srcset":"https:\/\/i0.wp.com\/www.wallendorff.com\/belogue\/wp-content\/uploads\/2015\/04\/200812191.jpg?resize=350%2C200&ssl=1 1x, https:\/\/i0.wp.com\/www.wallendorff.com\/belogue\/wp-content\/uploads\/2015\/04\/200812191.jpg?resize=525%2C300&ssl=1 1.5x, https:\/\/i0.wp.com\/www.wallendorff.com\/belogue\/wp-content\/uploads\/2015\/04\/200812191.jpg?resize=700%2C400&ssl=1 2x"},"classes":[]},{"id":1349,"url":"https:\/\/www.wallendorff.com\/belogue\/2008\/08\/08\/taupe-sincante\/","url_meta":{"origin":335,"position":5},"title":"Taupe s&rsquo;incante.","author":"dpc","date":"8 ao\u00fbt 2008","format":false,"excerpt":"Station Tr\u00e8s Grosse Biblioth\u00e8que, Paris, 12 juilllet. Bat for Lashes \u2013 A Forest (The Cure cover) J'ai donc d\u00e9cid\u00e9 de marquer le coup de la journ\u00e9e internationale de l'Ardenne \u00e9ternelle en passant le bel\u00f6gue de Dotclear \u00e0 Wordpress. Le but \u00e9tait de pouvoir parsemer mes notasses de balises1 diverses, de\u2026","rel":"","context":"Dans &quot;DPC&quot;","block_context":{"text":"DPC","link":"https:\/\/www.wallendorff.com\/belogue\/category\/dpc\/"},"img":{"alt_text":"","src":"https:\/\/i0.wp.com\/www.wallendorff.com\/belogue\/wp-content\/uploads\/2015\/04\/200808081.jpg?resize=350%2C200&ssl=1","width":350,"height":200},"classes":[]}],"_links":{"self":[{"href":"https:\/\/www.wallendorff.com\/belogue\/wp-json\/wp\/v2\/posts\/335","targetHints":{"allow":["GET"]}}],"collection":[{"href":"https:\/\/www.wallendorff.com\/belogue\/wp-json\/wp\/v2\/posts"}],"about":[{"href":"https:\/\/www.wallendorff.com\/belogue\/wp-json\/wp\/v2\/types\/post"}],"author":[{"embeddable":true,"href":"https:\/\/www.wallendorff.com\/belogue\/wp-json\/wp\/v2\/users\/1"}],"replies":[{"embeddable":true,"href":"https:\/\/www.wallendorff.com\/belogue\/wp-json\/wp\/v2\/comments?post=335"}],"version-history":[{"count":2,"href":"https:\/\/www.wallendorff.com\/belogue\/wp-json\/wp\/v2\/posts\/335\/revisions"}],"predecessor-version":[{"id":17286,"href":"https:\/\/www.wallendorff.com\/belogue\/wp-json\/wp\/v2\/posts\/335\/revisions\/17286"}],"wp:featuredmedia":[{"embeddable":true,"href":"https:\/\/www.wallendorff.com\/belogue\/wp-json\/wp\/v2\/media\/24275"}],"wp:attachment":[{"href":"https:\/\/www.wallendorff.com\/belogue\/wp-json\/wp\/v2\/media?parent=335"}],"wp:term":[{"taxonomy":"category","embeddable":true,"href":"https:\/\/www.wallendorff.com\/belogue\/wp-json\/wp\/v2\/categories?post=335"},{"taxonomy":"post_tag","embeddable":true,"href":"https:\/\/www.wallendorff.com\/belogue\/wp-json\/wp\/v2\/tags?post=335"}],"curies":[{"name":"wp","href":"https:\/\/api.w.org\/{rel}","templated":true}]}}