{"id":33425,"date":"2017-01-27T19:57:14","date_gmt":"2017-01-27T17:57:14","guid":{"rendered":"http:\/\/www.wallendorff.com\/belogue\/?p=33425"},"modified":"2018-05-23T08:03:14","modified_gmt":"2018-05-23T06:03:14","slug":"shooting-people-132","status":"publish","type":"post","link":"https:\/\/www.wallendorff.com\/belogue\/2017\/01\/27\/shooting-people-132\/","title":{"rendered":"Shooting people #132."},"content":{"rendered":"\n<div id=\"photo\">\n<p><img decoding=\"async\" src=\"https:\/\/www.wallendorff.com\/belogue\/photo\/2017\/01\/20170127-01.jpg\"><br \/>\nMill\u00e9sime H\u00f4tel, Paris, 26 septembre 2016.<\/p>\n<\/p><\/div>\n<div id=\"photo2\">\n<p><img decoding=\"async\" src=\"https:\/\/www.wallendorff.com\/belogue\/photo\/2017\/01\/20170127-02.jpg\"><\/p>\n<\/p><\/div>\n<div id=\"bandeson\">\n<p><img decoding=\"async\" src=\"https:\/\/www.wallendorff.com\/belogue\/photo\/pochettes\/h\/head_and_the_heart_the-signs_of_light.jpg\" align=\"left\" \/><a style=\"font-weight:normal\" id=\"lienmp3\" href=\"http:\/\/www.youtube.com\/watch?v=mjmRpUgdTd0\"><em>Rhythm &amp; Blues<\/em><\/a><br \/>\n<a href=\"http:\/\/www.theheadandtheheart.com\">The Head and the Heart<\/a><\/p>\n<\/p><\/div>\n","protected":false},"excerpt":{"rendered":"<p>Mill\u00e9sime H\u00f4tel, Paris, 26 septembre 2016. Rhythm &amp; Blues The Head and the Heart<\/p>\n","protected":false},"author":1,"featured_media":33427,"comment_status":"open","ping_status":"open","sticky":false,"template":"","format":"standard","meta":{"_acf_changed":false,"ngg_post_thumbnail":0,"jetpack_post_was_ever_published":false,"_jetpack_newsletter_access":"","_jetpack_dont_email_post_to_subs":false,"_jetpack_newsletter_tier_id":0,"_jetpack_memberships_contains_paywalled_content":false,"_jetpack_memberships_contains_paid_content":false,"footnotes":"","jetpack_publicize_message":"Shooting people #132.","jetpack_publicize_feature_enabled":true,"jetpack_social_post_already_shared":true,"jetpack_social_options":{"image_generator_settings":{"template":"highway","default_image_id":0,"font":"","enabled":false},"version":2}},"categories":[8],"tags":[10250,2571,8170,8351,10120,10257,10121,13609,10098,10272,10376,13611,13610,10831],"class_list":["post-33425","post","type-post","status-publish","format-standard","has-post-thumbnail","hentry","category-portraits","tag-10250","tag-ef-16-35-mm-f28l-ii-usm","tag-ef-24-70-mm-f2-8l-ii-usm","tag-eos-6d","tag-france","tag-hotel","tag-ile-de-france","tag-millesime-hotel","tag-paris","tag-portrait","tag-promo","tag-rhythm-blues","tag-rue-jacob","tag-the-head-and-the-heart"],"acf":[],"geo":{"latitude":48.8550148,"longitude":2.3350132,"description":"Paris 01, \u00cele-de-France, 75001, FR"},"jetpack_publicize_connections":[],"jetpack_featured_media_url":"https:\/\/www.wallendorff.com\/belogue\/wp-content\/uploads\/2017\/01\/20170127-01.jpg","jetpack_shortlink":"https:\/\/wp.me\/p3b35P-8H7","jetpack_sharing_enabled":true,"jetpack-related-posts":[{"id":10353,"url":"https:\/\/www.wallendorff.com\/belogue\/2010\/12\/04\/ilis-le-divan-du-monde-paris\/","url_meta":{"origin":33425,"position":0},"title":"iLiS @ le Divan du Monde, Paris.","author":"dpc","date":"4 d\u00e9cembre 2010","format":false,"excerpt":"Tyvek \u2013 4312","rel":"","context":"Dans &quot;Alive&quot;","block_context":{"text":"Alive","link":"https:\/\/www.wallendorff.com\/belogue\/category\/alive\/"},"img":{"alt_text":"","src":"https:\/\/i0.wp.com\/www.wallendorff.com\/belogue\/wp-content\/uploads\/2015\/04\/201012041.jpg?resize=350%2C200&ssl=1","width":350,"height":200,"srcset":"https:\/\/i0.wp.com\/www.wallendorff.com\/belogue\/wp-content\/uploads\/2015\/04\/201012041.jpg?resize=350%2C200&ssl=1 1x, https:\/\/i0.wp.com\/www.wallendorff.com\/belogue\/wp-content\/uploads\/2015\/04\/201012041.jpg?resize=525%2C300&ssl=1 1.5x, https:\/\/i0.wp.com\/www.wallendorff.com\/belogue\/wp-content\/uploads\/2015\/04\/201012041.jpg?resize=700%2C400&ssl=1 2x"},"classes":[]},{"id":19129,"url":"https:\/\/www.wallendorff.com\/belogue\/2012\/09\/28\/boy-la-maroquinerie-paris\/","url_meta":{"origin":33425,"position":1},"title":"Boy @ la Maroquinerie, Paris.","author":"dpc","date":"28 septembre 2012","format":false,"excerpt":"Drive Darling | Waitress | Oh Boy | Army | Boris | Skin | Railway | July | This Is the Beginning | Silver Streets | Little Numbers || Waltz for Pony | Hotel Room || [Very old song] Amanda Palmer feat. The Grand Theft Orchestra \u2013 Want It Back\u2026","rel":"","context":"Dans &quot;Alive&quot;","block_context":{"text":"Alive","link":"https:\/\/www.wallendorff.com\/belogue\/category\/alive\/"},"img":{"alt_text":"","src":"https:\/\/i0.wp.com\/www.wallendorff.com\/belogue\/wp-content\/uploads\/2015\/04\/201209281.jpg?resize=350%2C200&ssl=1","width":350,"height":200,"srcset":"https:\/\/i0.wp.com\/www.wallendorff.com\/belogue\/wp-content\/uploads\/2015\/04\/201209281.jpg?resize=350%2C200&ssl=1 1x, https:\/\/i0.wp.com\/www.wallendorff.com\/belogue\/wp-content\/uploads\/2015\/04\/201209281.jpg?resize=525%2C300&ssl=1 1.5x, https:\/\/i0.wp.com\/www.wallendorff.com\/belogue\/wp-content\/uploads\/2015\/04\/201209281.jpg?resize=700%2C400&ssl=1 2x"},"classes":[]},{"id":19534,"url":"https:\/\/www.wallendorff.com\/belogue\/2012\/11\/07\/gossip-austra-le-zenith-paris\/","url_meta":{"origin":33425,"position":2},"title":"Gossip + Austra @ le Z\u00e9nith, Paris.","author":"dpc","date":"7 novembre 2012","format":false,"excerpt":"\u00a0The Jon Spencer Blues Explosion \u2013 Black Mold Austra \u00a0 Gossip \u00a0","rel":"","context":"Dans &quot;Alive&quot;","block_context":{"text":"Alive","link":"https:\/\/www.wallendorff.com\/belogue\/category\/alive\/"},"img":{"alt_text":"","src":"https:\/\/i0.wp.com\/www.wallendorff.com\/belogue\/wp-content\/uploads\/2015\/04\/201211071.jpg?resize=350%2C200&ssl=1","width":350,"height":200,"srcset":"https:\/\/i0.wp.com\/www.wallendorff.com\/belogue\/wp-content\/uploads\/2015\/04\/201211071.jpg?resize=350%2C200&ssl=1 1x, https:\/\/i0.wp.com\/www.wallendorff.com\/belogue\/wp-content\/uploads\/2015\/04\/201211071.jpg?resize=525%2C300&ssl=1 1.5x, https:\/\/i0.wp.com\/www.wallendorff.com\/belogue\/wp-content\/uploads\/2015\/04\/201211071.jpg?resize=700%2C400&ssl=1 2x"},"classes":[]},{"id":38002,"url":"https:\/\/www.wallendorff.com\/belogue\/2018\/04\/24\/shame-hotel-lux-black-midi-la-maroquinerie-paris-23-avril-2018\/","url_meta":{"origin":33425,"position":3},"title":"Shame + Hotel Lux + Black Midi @ la Maroquinerie, Paris, 23 avril 2018.","author":"dpc","date":"24 avril 2018","format":false,"excerpt":"Black Midi Hotel Lux Shame","rel":"","context":"Dans &quot;Alive&quot;","block_context":{"text":"Alive","link":"https:\/\/www.wallendorff.com\/belogue\/category\/alive\/"},"img":{"alt_text":"","src":"https:\/\/i0.wp.com\/www.wallendorff.com\/belogue\/wp-content\/uploads\/2018\/04\/20180424-20.jpg?resize=350%2C200&ssl=1","width":350,"height":200,"srcset":"https:\/\/i0.wp.com\/www.wallendorff.com\/belogue\/wp-content\/uploads\/2018\/04\/20180424-20.jpg?resize=350%2C200&ssl=1 1x, https:\/\/i0.wp.com\/www.wallendorff.com\/belogue\/wp-content\/uploads\/2018\/04\/20180424-20.jpg?resize=525%2C300&ssl=1 1.5x, https:\/\/i0.wp.com\/www.wallendorff.com\/belogue\/wp-content\/uploads\/2018\/04\/20180424-20.jpg?resize=700%2C400&ssl=1 2x, https:\/\/i0.wp.com\/www.wallendorff.com\/belogue\/wp-content\/uploads\/2018\/04\/20180424-20.jpg?resize=1050%2C600&ssl=1 3x"},"classes":[]},{"id":12806,"url":"https:\/\/www.wallendorff.com\/belogue\/2011\/05\/26\/moby-mohini-geisweiller-le-grand-rex-paris-24-mai\/","url_meta":{"origin":33425,"position":4},"title":"Moby + Mohini Geisweiller @ le Grand Rex, Paris, 24 mai.","author":"dpc","date":"26 mai 2011","format":false,"excerpt":"God Moving | Be the One | Sevastopol | In My Heart | Go | Why Does My Heart Feel so Bad? | The Day | Flower | We Are All Made of Stars | Slipping Away | Beautiful | Bodyrock | Porcelain | The Right Thing | Extreme Ways\u2026","rel":"","context":"Dans &quot;Alive&quot;","block_context":{"text":"Alive","link":"https:\/\/www.wallendorff.com\/belogue\/category\/alive\/"},"img":{"alt_text":"","src":"https:\/\/i0.wp.com\/www.wallendorff.com\/belogue\/wp-content\/uploads\/2015\/04\/201105261.jpg?resize=350%2C200&ssl=1","width":350,"height":200,"srcset":"https:\/\/i0.wp.com\/www.wallendorff.com\/belogue\/wp-content\/uploads\/2015\/04\/201105261.jpg?resize=350%2C200&ssl=1 1x, https:\/\/i0.wp.com\/www.wallendorff.com\/belogue\/wp-content\/uploads\/2015\/04\/201105261.jpg?resize=525%2C300&ssl=1 1.5x, https:\/\/i0.wp.com\/www.wallendorff.com\/belogue\/wp-content\/uploads\/2015\/04\/201105261.jpg?resize=700%2C400&ssl=1 2x"},"classes":[]},{"id":12644,"url":"https:\/\/www.wallendorff.com\/belogue\/2011\/04\/14\/the-head-and-the-heart-mechanical-bride-trevor-ross-hannah-lou\/","url_meta":{"origin":33425,"position":5},"title":"The Head and the Heart + Mechanical Bride + Trevor Ross &#038; Hannah-Lou @ la Fl\u00e8che d&rsquo;Or, Paris.","author":"dpc","date":"14 avril 2011","format":false,"excerpt":"Tr\u00e8s calmes sur disque \u2015\u00a0le Cats and Dogs ci-dessous est ce qu'on trouve de plus \u00e9nerv\u00e9 chez eux\u00a0\u2015, The Head and the Heart se montrent bien plus enjou\u00e9s sur sc\u00e8ne, donnant plus d'ampleur \u00e0 leurs morceaux et conqu\u00e9rant bien vite une Fl\u00e8che d'Or qui ne tarde pas \u00e0 taper dans\u2026","rel":"","context":"Dans &quot;Alive&quot;","block_context":{"text":"Alive","link":"https:\/\/www.wallendorff.com\/belogue\/category\/alive\/"},"img":{"alt_text":"","src":"https:\/\/i0.wp.com\/www.wallendorff.com\/belogue\/wp-content\/uploads\/2015\/04\/201104141.jpg?resize=350%2C200&ssl=1","width":350,"height":200,"srcset":"https:\/\/i0.wp.com\/www.wallendorff.com\/belogue\/wp-content\/uploads\/2015\/04\/201104141.jpg?resize=350%2C200&ssl=1 1x, https:\/\/i0.wp.com\/www.wallendorff.com\/belogue\/wp-content\/uploads\/2015\/04\/201104141.jpg?resize=525%2C300&ssl=1 1.5x, https:\/\/i0.wp.com\/www.wallendorff.com\/belogue\/wp-content\/uploads\/2015\/04\/201104141.jpg?resize=700%2C400&ssl=1 2x"},"classes":[]}],"_links":{"self":[{"href":"https:\/\/www.wallendorff.com\/belogue\/wp-json\/wp\/v2\/posts\/33425","targetHints":{"allow":["GET"]}}],"collection":[{"href":"https:\/\/www.wallendorff.com\/belogue\/wp-json\/wp\/v2\/posts"}],"about":[{"href":"https:\/\/www.wallendorff.com\/belogue\/wp-json\/wp\/v2\/types\/post"}],"author":[{"embeddable":true,"href":"https:\/\/www.wallendorff.com\/belogue\/wp-json\/wp\/v2\/users\/1"}],"replies":[{"embeddable":true,"href":"https:\/\/www.wallendorff.com\/belogue\/wp-json\/wp\/v2\/comments?post=33425"}],"version-history":[{"count":1,"href":"https:\/\/www.wallendorff.com\/belogue\/wp-json\/wp\/v2\/posts\/33425\/revisions"}],"predecessor-version":[{"id":33426,"href":"https:\/\/www.wallendorff.com\/belogue\/wp-json\/wp\/v2\/posts\/33425\/revisions\/33426"}],"wp:featuredmedia":[{"embeddable":true,"href":"https:\/\/www.wallendorff.com\/belogue\/wp-json\/wp\/v2\/media\/33427"}],"wp:attachment":[{"href":"https:\/\/www.wallendorff.com\/belogue\/wp-json\/wp\/v2\/media?parent=33425"}],"wp:term":[{"taxonomy":"category","embeddable":true,"href":"https:\/\/www.wallendorff.com\/belogue\/wp-json\/wp\/v2\/categories?post=33425"},{"taxonomy":"post_tag","embeddable":true,"href":"https:\/\/www.wallendorff.com\/belogue\/wp-json\/wp\/v2\/tags?post=33425"}],"curies":[{"name":"wp","href":"https:\/\/api.w.org\/{rel}","templated":true}]}}