{"id":33373,"date":"2017-01-10T12:21:03","date_gmt":"2017-01-10T10:21:03","guid":{"rendered":"http:\/\/www.wallendorff.com\/belogue\/?p=33373"},"modified":"2018-05-23T08:03:15","modified_gmt":"2018-05-23T06:03:15","slug":"shooting-people-130","status":"publish","type":"post","link":"https:\/\/www.wallendorff.com\/belogue\/2017\/01\/10\/shooting-people-130\/","title":{"rendered":"Shooting people #130."},"content":{"rendered":"\n<div id=\"photo\">\n<p><img decoding=\"async\" src=\"https:\/\/www.wallendorff.com\/belogue\/photo\/2017\/01\/20170110-02.jpg\"><br \/>\nRue de Paradis, Paris, 12 octobre.<\/p>\n<\/p><\/div>\n<div id=\"photo2\">\n<p><img decoding=\"async\" src=\"https:\/\/www.wallendorff.com\/belogue\/photo\/2017\/01\/20170110-01.jpg\"><\/p>\n<\/p><\/div>\n<p style=\"text-align:right\"><em>Portrait illustrant <a href=\"http:\/\/www.soul-kitchen.fr\/71147-paroles-de-pepite-nont-de-prix\">l&rsquo;interview par No&eacute;mie Lambert &agrave; lire chez Soul Kitchen<\/a><\/em>.<\/p>\n","protected":false},"excerpt":{"rendered":"<p>Rue de Paradis, Paris, 12 octobre. Portrait illustrant l&rsquo;interview par No&eacute;mie Lambert &agrave; lire chez Soul Kitchen.<\/p>\n","protected":false},"author":1,"featured_media":33376,"comment_status":"open","ping_status":"open","sticky":false,"template":"","format":"standard","meta":{"_acf_changed":false,"ngg_post_thumbnail":0,"jetpack_post_was_ever_published":false,"_jetpack_newsletter_access":"","_jetpack_dont_email_post_to_subs":true,"_jetpack_newsletter_tier_id":0,"_jetpack_memberships_contains_paywalled_content":false,"_jetpack_memberships_contains_paid_content":false,"footnotes":"","jetpack_publicize_message":"","jetpack_publicize_feature_enabled":true,"jetpack_social_post_already_shared":true,"jetpack_social_options":{"image_generator_settings":{"template":"highway","default_image_id":0,"font":"","enabled":false},"version":2}},"categories":[8],"tags":[10267,8170,8351,10120,10121,10098,13455,10272,10376,13587],"class_list":["post-33373","post","type-post","status-publish","format-standard","has-post-thumbnail","hentry","category-portraits","tag-10267","tag-ef-24-70-mm-f2-8l-ii-usm","tag-eos-6d","tag-france","tag-ile-de-france","tag-paris","tag-pepite-groupe","tag-portrait","tag-promo","tag-rue-de-paradis"],"acf":[],"geo":{"latitude":48.8756523,"longitude":2.3486817,"description":"Paris 10, \u00cele-de-France, 75010, FR"},"jetpack_publicize_connections":[],"jetpack_featured_media_url":"https:\/\/www.wallendorff.com\/belogue\/wp-content\/uploads\/2017\/01\/20170110-02.jpg","jetpack_shortlink":"https:\/\/wp.me\/p3b35P-8Gh","jetpack_sharing_enabled":true,"jetpack-related-posts":[{"id":43445,"url":"https:\/\/www.wallendorff.com\/belogue\/2019\/08\/14\/portrait-148\/","url_meta":{"origin":33373,"position":0},"title":"Portrait #148.","author":"dpc","date":"14 ao\u00fbt 2019","format":false,"excerpt":"Le Pigalle, Paris, 1er mai 2019.","rel":"","context":"Dans &quot;Portraits&quot;","block_context":{"text":"Portraits","link":"https:\/\/www.wallendorff.com\/belogue\/category\/portraits\/"},"img":{"alt_text":"","src":"https:\/\/i0.wp.com\/www.wallendorff.com\/belogue\/wp-content\/uploads\/2019\/08\/20190814-02.jpg?resize=350%2C200&ssl=1","width":350,"height":200,"srcset":"https:\/\/i0.wp.com\/www.wallendorff.com\/belogue\/wp-content\/uploads\/2019\/08\/20190814-02.jpg?resize=350%2C200&ssl=1 1x, https:\/\/i0.wp.com\/www.wallendorff.com\/belogue\/wp-content\/uploads\/2019\/08\/20190814-02.jpg?resize=525%2C300&ssl=1 1.5x, https:\/\/i0.wp.com\/www.wallendorff.com\/belogue\/wp-content\/uploads\/2019\/08\/20190814-02.jpg?resize=700%2C400&ssl=1 2x"},"classes":[]},{"id":41075,"url":"https:\/\/www.wallendorff.com\/belogue\/2019\/02\/01\/portrait-145\/","url_meta":{"origin":33373,"position":1},"title":"Portrait #146.","author":"dpc","date":"1 f\u00e9vrier 2019","format":false,"excerpt":"Place du Panth\u00e9on, Paris, 9 janvier 2019.","rel":"","context":"Dans &quot;Portraits&quot;","block_context":{"text":"Portraits","link":"https:\/\/www.wallendorff.com\/belogue\/category\/portraits\/"},"img":{"alt_text":"","src":"https:\/\/i0.wp.com\/www.wallendorff.com\/belogue\/wp-content\/uploads\/2019\/02\/20190201-03.jpg?resize=350%2C200&ssl=1","width":350,"height":200,"srcset":"https:\/\/i0.wp.com\/www.wallendorff.com\/belogue\/wp-content\/uploads\/2019\/02\/20190201-03.jpg?resize=350%2C200&ssl=1 1x, https:\/\/i0.wp.com\/www.wallendorff.com\/belogue\/wp-content\/uploads\/2019\/02\/20190201-03.jpg?resize=525%2C300&ssl=1 1.5x, https:\/\/i0.wp.com\/www.wallendorff.com\/belogue\/wp-content\/uploads\/2019\/02\/20190201-03.jpg?resize=700%2C400&ssl=1 2x, https:\/\/i0.wp.com\/www.wallendorff.com\/belogue\/wp-content\/uploads\/2019\/02\/20190201-03.jpg?resize=1050%2C600&ssl=1 3x"},"classes":[]},{"id":41622,"url":"https:\/\/www.wallendorff.com\/belogue\/2019\/04\/17\/portrait-147\/","url_meta":{"origin":33373,"position":2},"title":"Portrait #147.","author":"dpc","date":"17 avril 2019","format":false,"excerpt":"Reset Bar, Paris, 20 mars 2019. Merci au Reset Bar pour leur accueil.","rel":"","context":"Dans &quot;Portraits&quot;","block_context":{"text":"Portraits","link":"https:\/\/www.wallendorff.com\/belogue\/category\/portraits\/"},"img":{"alt_text":"","src":"https:\/\/i0.wp.com\/www.wallendorff.com\/belogue\/wp-content\/uploads\/2019\/04\/20190417-01.jpg?resize=350%2C200&ssl=1","width":350,"height":200,"srcset":"https:\/\/i0.wp.com\/www.wallendorff.com\/belogue\/wp-content\/uploads\/2019\/04\/20190417-01.jpg?resize=350%2C200&ssl=1 1x, https:\/\/i0.wp.com\/www.wallendorff.com\/belogue\/wp-content\/uploads\/2019\/04\/20190417-01.jpg?resize=525%2C300&ssl=1 1.5x, https:\/\/i0.wp.com\/www.wallendorff.com\/belogue\/wp-content\/uploads\/2019\/04\/20190417-01.jpg?resize=700%2C400&ssl=1 2x, https:\/\/i0.wp.com\/www.wallendorff.com\/belogue\/wp-content\/uploads\/2019\/04\/20190417-01.jpg?resize=1050%2C600&ssl=1 3x"},"classes":[]},{"id":45408,"url":"https:\/\/www.wallendorff.com\/belogue\/2020\/03\/30\/portrait-151\/","url_meta":{"origin":33373,"position":3},"title":"Portrait #151.","author":"dpc","date":"30 mars 2020","format":false,"excerpt":"Studio Swissmiss, Paris, 15 d\u00e9cembre 2019.","rel":"","context":"Dans &quot;Portraits&quot;","block_context":{"text":"Portraits","link":"https:\/\/www.wallendorff.com\/belogue\/category\/portraits\/"},"img":{"alt_text":"","src":"https:\/\/i0.wp.com\/www.wallendorff.com\/belogue\/wp-content\/uploads\/2020\/03\/20200330-04.jpg?resize=350%2C200&ssl=1","width":350,"height":200,"srcset":"https:\/\/i0.wp.com\/www.wallendorff.com\/belogue\/wp-content\/uploads\/2020\/03\/20200330-04.jpg?resize=350%2C200&ssl=1 1x, https:\/\/i0.wp.com\/www.wallendorff.com\/belogue\/wp-content\/uploads\/2020\/03\/20200330-04.jpg?resize=525%2C300&ssl=1 1.5x, https:\/\/i0.wp.com\/www.wallendorff.com\/belogue\/wp-content\/uploads\/2020\/03\/20200330-04.jpg?resize=700%2C400&ssl=1 2x, https:\/\/i0.wp.com\/www.wallendorff.com\/belogue\/wp-content\/uploads\/2020\/03\/20200330-04.jpg?resize=1050%2C600&ssl=1 3x"},"classes":[]},{"id":1272,"url":"https:\/\/www.wallendorff.com\/belogue\/2008\/07\/18\/monte-hippiethon\/","url_meta":{"origin":33373,"position":4},"title":"Monte-hippiethon\u00b9.","author":"dpc","date":"18 juillet 2008","format":false,"excerpt":"Rue de la Manutention, Paris, 23 juin. Le seul truc pire que de se r\u00e9veiller \u00e0 6h36 quand on a mis son r\u00e9veil \u00e0 6h37, c'est se r\u00e9veiller \u00e0 6h36, grommeler en se retournant pour profiter de sa derni\u00e8re minute et \u00eatre interrompu dans la seconde suivante par Vanessa Paradis\u2026","rel":"","context":"Dans &quot;DPC&quot;","block_context":{"text":"DPC","link":"https:\/\/www.wallendorff.com\/belogue\/category\/dpc\/"},"img":{"alt_text":"","src":"https:\/\/i0.wp.com\/www.wallendorff.com\/belogue\/wp-content\/uploads\/2015\/04\/200807181.jpg?resize=350%2C200&ssl=1","width":350,"height":200},"classes":[]},{"id":30647,"url":"https:\/\/www.wallendorff.com\/belogue\/2016\/04\/14\/shooting-people-117\/","url_meta":{"origin":33373,"position":5},"title":"Shooting people #117.","author":"dpc","date":"14 avril 2016","format":false,"excerpt":"Rue de Lappe, Paris, 10 f\u00e9vrier.","rel":"","context":"Dans &quot;Portraits&quot;","block_context":{"text":"Portraits","link":"https:\/\/www.wallendorff.com\/belogue\/category\/portraits\/"},"img":{"alt_text":"","src":"https:\/\/i0.wp.com\/www.wallendorff.com\/belogue\/wp-content\/uploads\/2016\/04\/20160414.jpg?resize=350%2C200&ssl=1","width":350,"height":200,"srcset":"https:\/\/i0.wp.com\/www.wallendorff.com\/belogue\/wp-content\/uploads\/2016\/04\/20160414.jpg?resize=350%2C200&ssl=1 1x, https:\/\/i0.wp.com\/www.wallendorff.com\/belogue\/wp-content\/uploads\/2016\/04\/20160414.jpg?resize=525%2C300&ssl=1 1.5x"},"classes":[]}],"_links":{"self":[{"href":"https:\/\/www.wallendorff.com\/belogue\/wp-json\/wp\/v2\/posts\/33373","targetHints":{"allow":["GET"]}}],"collection":[{"href":"https:\/\/www.wallendorff.com\/belogue\/wp-json\/wp\/v2\/posts"}],"about":[{"href":"https:\/\/www.wallendorff.com\/belogue\/wp-json\/wp\/v2\/types\/post"}],"author":[{"embeddable":true,"href":"https:\/\/www.wallendorff.com\/belogue\/wp-json\/wp\/v2\/users\/1"}],"replies":[{"embeddable":true,"href":"https:\/\/www.wallendorff.com\/belogue\/wp-json\/wp\/v2\/comments?post=33373"}],"version-history":[{"count":3,"href":"https:\/\/www.wallendorff.com\/belogue\/wp-json\/wp\/v2\/posts\/33373\/revisions"}],"predecessor-version":[{"id":33377,"href":"https:\/\/www.wallendorff.com\/belogue\/wp-json\/wp\/v2\/posts\/33373\/revisions\/33377"}],"wp:featuredmedia":[{"embeddable":true,"href":"https:\/\/www.wallendorff.com\/belogue\/wp-json\/wp\/v2\/media\/33376"}],"wp:attachment":[{"href":"https:\/\/www.wallendorff.com\/belogue\/wp-json\/wp\/v2\/media?parent=33373"}],"wp:term":[{"taxonomy":"category","embeddable":true,"href":"https:\/\/www.wallendorff.com\/belogue\/wp-json\/wp\/v2\/categories?post=33373"},{"taxonomy":"post_tag","embeddable":true,"href":"https:\/\/www.wallendorff.com\/belogue\/wp-json\/wp\/v2\/tags?post=33373"}],"curies":[{"name":"wp","href":"https:\/\/api.w.org\/{rel}","templated":true}]}}