{"id":33370,"date":"2017-01-09T13:26:44","date_gmt":"2017-01-09T11:26:44","guid":{"rendered":"http:\/\/www.wallendorff.com\/belogue\/?p=33370"},"modified":"2018-05-23T08:03:15","modified_gmt":"2018-05-23T06:03:15","slug":"lun-portant-sept-parts-dissipees","status":"publish","type":"post","link":"https:\/\/www.wallendorff.com\/belogue\/2017\/01\/09\/lun-portant-sept-parts-dissipees\/","title":{"rendered":"L&rsquo;un portant sept parts dissip\u00e9es."},"content":{"rendered":"\n<div id=\"photo\">\n<p><img decoding=\"async\" src=\"https:\/\/www.wallendorff.com\/belogue\/photo\/2017\/01\/20170109.jpg\"><br \/>\nH&ocirc;tel Bl&eacute;mont, Paris, 18 septembre 2016.<\/p>\n<\/p><\/div>\n<div id=\"bandeson\">\n<p><img decoding=\"async\" src=\"https:\/\/www.wallendorff.com\/belogue\/photo\/pochettes\/o\/obel_agnes-philharmonics.jpg\" align=\"left\" \/><a style=\"font-weight:normal\" id=\"lienmp3\" href=\"http:\/\/www.youtube.com\/watch?v=5NmjJeNFUVU\"><em>Just so<\/em><\/a><br \/>\n<a href=\"http:\/\/www.agnesobel.com\/\">Agnes Obel<\/a><\/p>\n<\/div>\n","protected":false},"excerpt":{"rendered":"<p>H&ocirc;tel Bl&eacute;mont, Paris, 18 septembre 2016. Just so Agnes Obel<\/p>\n","protected":false},"author":1,"featured_media":33372,"comment_status":"open","ping_status":"open","sticky":false,"template":"","format":"standard","meta":{"_acf_changed":false,"ngg_post_thumbnail":0,"jetpack_post_was_ever_published":false,"_jetpack_newsletter_access":"","_jetpack_dont_email_post_to_subs":false,"_jetpack_newsletter_tier_id":0,"_jetpack_memberships_contains_paywalled_content":false,"_jetpack_memberships_contains_paid_content":false,"footnotes":"","jetpack_publicize_message":"","jetpack_publicize_feature_enabled":true,"jetpack_social_post_already_shared":true,"jetpack_social_options":{"image_generator_settings":{"template":"highway","default_image_id":0,"font":"","enabled":false},"version":2}},"categories":[3],"tags":[10223,13585,737,8351,10120,13327,10828,10121,13335,13334,13586,10098,12617,10686,8243,12630],"class_list":["post-33370","post","type-post","status-publish","format-standard","has-post-thumbnail","hentry","category-dpc","tag-10223","tag-agnes-obel","tag-bleu","tag-eos-6d","tag-france","tag-hotel-blemont","tag-hotel-particulier","tag-ile-de-france","tag-journees-europeennes-du-patrimoine","tag-journees-europeennes-du-patrimoine-2016","tag-just-so","tag-paris","tag-rue-ballu","tag-salon","tag-sigma-15-mm-f2-8-ex-dg-diagonal-fish-eye","tag-societe-des-auteurs-et-compositeurs-dramatiques"],"acf":[],"geo":null,"jetpack_publicize_connections":[],"jetpack_featured_media_url":"https:\/\/www.wallendorff.com\/belogue\/wp-content\/uploads\/2017\/01\/20170109.jpg","jetpack_shortlink":"https:\/\/wp.me\/p3b35P-8Ge","jetpack_sharing_enabled":true,"jetpack-related-posts":[{"id":126625,"url":"https:\/\/www.wallendorff.com\/belogue\/2023\/11\/14\/into-the-wide-283\/","url_meta":{"origin":33370,"position":0},"title":"Into the wide #283.","author":"dpc","date":"14 novembre 2023","format":false,"excerpt":"Cit\u00e9 de l'\u00c9conomie, Paris, 16 septembre 2023.","rel":"","context":"Dans &quot;Into the wide&quot;","block_context":{"text":"Into the wide","link":"https:\/\/www.wallendorff.com\/belogue\/category\/into-the-wide\/"},"img":{"alt_text":"","src":"https:\/\/i0.wp.com\/www.wallendorff.com\/belogue\/wp-content\/uploads\/2023\/11\/20231114.jpg?resize=350%2C200&ssl=1","width":350,"height":200,"srcset":"https:\/\/i0.wp.com\/www.wallendorff.com\/belogue\/wp-content\/uploads\/2023\/11\/20231114.jpg?resize=350%2C200&ssl=1 1x, https:\/\/i0.wp.com\/www.wallendorff.com\/belogue\/wp-content\/uploads\/2023\/11\/20231114.jpg?resize=525%2C300&ssl=1 1.5x, https:\/\/i0.wp.com\/www.wallendorff.com\/belogue\/wp-content\/uploads\/2023\/11\/20231114.jpg?resize=700%2C400&ssl=1 2x, https:\/\/i0.wp.com\/www.wallendorff.com\/belogue\/wp-content\/uploads\/2023\/11\/20231114.jpg?resize=1050%2C600&ssl=1 3x"},"classes":[]},{"id":126635,"url":"https:\/\/www.wallendorff.com\/belogue\/2023\/11\/16\/into-the-wide-284\/","url_meta":{"origin":33370,"position":1},"title":"Into the wide #284.","author":"dpc","date":"16 novembre 2023","format":false,"excerpt":"Cit\u00e9 de l'\u00c9conomie, Paris, 16 septembre 2023.","rel":"","context":"Dans &quot;Into the wide&quot;","block_context":{"text":"Into the wide","link":"https:\/\/www.wallendorff.com\/belogue\/category\/into-the-wide\/"},"img":{"alt_text":"","src":"https:\/\/i0.wp.com\/www.wallendorff.com\/belogue\/wp-content\/uploads\/2023\/11\/20231116-01.jpg?resize=350%2C200&ssl=1","width":350,"height":200,"srcset":"https:\/\/i0.wp.com\/www.wallendorff.com\/belogue\/wp-content\/uploads\/2023\/11\/20231116-01.jpg?resize=350%2C200&ssl=1 1x, https:\/\/i0.wp.com\/www.wallendorff.com\/belogue\/wp-content\/uploads\/2023\/11\/20231116-01.jpg?resize=525%2C300&ssl=1 1.5x, https:\/\/i0.wp.com\/www.wallendorff.com\/belogue\/wp-content\/uploads\/2023\/11\/20231116-01.jpg?resize=700%2C400&ssl=1 2x, https:\/\/i0.wp.com\/www.wallendorff.com\/belogue\/wp-content\/uploads\/2023\/11\/20231116-01.jpg?resize=1050%2C600&ssl=1 3x"},"classes":[]},{"id":49757,"url":"https:\/\/www.wallendorff.com\/belogue\/2021\/09\/30\/septembre-2021\/","url_meta":{"origin":33370,"position":2},"title":"Septembre 2021.","author":"dpc","date":"30 septembre 2021","format":false,"excerpt":"Un cin\u00e9ma, un a\u00e9roport, une grosse montagne, un coucher de soleil, un port, une ruelle, un souper, un toit, un cirque, un coucher de soleil, un port, un bar vingt\u00e2ge, une plage, une \u00e9glise, une affiche, un bar, un a\u00e9roport, un coucher de soleil, une salle de concert, un chat\u2026","rel":"","context":"Dans &quot;Blog-note&quot;","block_context":{"text":"Blog-note","link":"https:\/\/www.wallendorff.com\/belogue\/category\/blog-note\/"},"img":{"alt_text":"","src":"https:\/\/i0.wp.com\/www.wallendorff.com\/belogue\/wp-content\/uploads\/2021\/10\/20211026-20.jpg?resize=350%2C200&ssl=1","width":350,"height":200,"srcset":"https:\/\/i0.wp.com\/www.wallendorff.com\/belogue\/wp-content\/uploads\/2021\/10\/20211026-20.jpg?resize=350%2C200&ssl=1 1x, https:\/\/i0.wp.com\/www.wallendorff.com\/belogue\/wp-content\/uploads\/2021\/10\/20211026-20.jpg?resize=525%2C300&ssl=1 1.5x, https:\/\/i0.wp.com\/www.wallendorff.com\/belogue\/wp-content\/uploads\/2021\/10\/20211026-20.jpg?resize=700%2C400&ssl=1 2x, https:\/\/i0.wp.com\/www.wallendorff.com\/belogue\/wp-content\/uploads\/2021\/10\/20211026-20.jpg?resize=1050%2C600&ssl=1 3x"},"classes":[]},{"id":126387,"url":"https:\/\/www.wallendorff.com\/belogue\/2023\/09\/30\/septembre-2023\/","url_meta":{"origin":33370,"position":3},"title":"Septembre 2023.","author":"dpc","date":"30 septembre 2023","format":false,"excerpt":"Un dodo, une gare, un train, un fleuve, une bi\u00e8re, une flamiche, une couque, une ferme, un quouize, un RER en panne, un rayon de soleil, un chien \u00e0 bi\u00e8re, une terrasse, un immeuble, un v\u00e9lo, une grimpette, une vitrine, une visite priv\u00e9e, une vitrine, un caf\u00e9, un fauteuil, un\u2026","rel":"","context":"Dans &quot;Blog-note&quot;","block_context":{"text":"Blog-note","link":"https:\/\/www.wallendorff.com\/belogue\/category\/blog-note\/"},"img":{"alt_text":"","src":"https:\/\/i0.wp.com\/www.wallendorff.com\/belogue\/wp-content\/uploads\/2023\/10\/20231024-81.jpg?resize=350%2C200&ssl=1","width":350,"height":200,"srcset":"https:\/\/i0.wp.com\/www.wallendorff.com\/belogue\/wp-content\/uploads\/2023\/10\/20231024-81.jpg?resize=350%2C200&ssl=1 1x, https:\/\/i0.wp.com\/www.wallendorff.com\/belogue\/wp-content\/uploads\/2023\/10\/20231024-81.jpg?resize=525%2C300&ssl=1 1.5x, https:\/\/i0.wp.com\/www.wallendorff.com\/belogue\/wp-content\/uploads\/2023\/10\/20231024-81.jpg?resize=700%2C400&ssl=1 2x, https:\/\/i0.wp.com\/www.wallendorff.com\/belogue\/wp-content\/uploads\/2023\/10\/20231024-81.jpg?resize=1050%2C600&ssl=1 3x"},"classes":[]},{"id":39683,"url":"https:\/\/www.wallendorff.com\/belogue\/2018\/08\/22\/du-soir-on-matteint\/","url_meta":{"origin":33370,"position":4},"title":"Du soir on m&rsquo;atteint.","author":"dpc","date":"22 ao\u00fbt 2018","format":false,"excerpt":"Montmirail, 16 juin 2018. Bee DanceAgnes Obel","rel":"","context":"Dans &quot;DPC&quot;","block_context":{"text":"DPC","link":"https:\/\/www.wallendorff.com\/belogue\/category\/dpc\/"},"img":{"alt_text":"Montmirail, 16 juin 2018.","src":"https:\/\/i0.wp.com\/www.wallendorff.com\/belogue\/wp-content\/uploads\/2018\/08\/20180822.jpg?resize=350%2C200&ssl=1","width":350,"height":200,"srcset":"https:\/\/i0.wp.com\/www.wallendorff.com\/belogue\/wp-content\/uploads\/2018\/08\/20180822.jpg?resize=350%2C200&ssl=1 1x, https:\/\/i0.wp.com\/www.wallendorff.com\/belogue\/wp-content\/uploads\/2018\/08\/20180822.jpg?resize=525%2C300&ssl=1 1.5x, https:\/\/i0.wp.com\/www.wallendorff.com\/belogue\/wp-content\/uploads\/2018\/08\/20180822.jpg?resize=700%2C400&ssl=1 2x, https:\/\/i0.wp.com\/www.wallendorff.com\/belogue\/wp-content\/uploads\/2018\/08\/20180822.jpg?resize=1050%2C600&ssl=1 3x"},"classes":[]},{"id":32458,"url":"https:\/\/www.wallendorff.com\/belogue\/2016\/09\/30\/septembre-2016\/","url_meta":{"origin":33370,"position":5},"title":"Septembre 2016.","author":"dpc","date":"30 septembre 2016","format":false,"excerpt":"Un avion, une \u00e9glise, un m\u00e9tro, une affiche, un mus\u00e9e, une 2 cv, un parc, une autoroute, un mur, des cadenas, une librairie, deux statues, une fa\u00e7ade, un pont, une ruelle, une aurore, des toits, des poup\u00e9es russes, un lampadaire, un cimeti\u00e8re, une \u00e9glise, un Freud qui pend, une vitrine,\u2026","rel":"","context":"Dans &quot;Blog-note&quot;","block_context":{"text":"Blog-note","link":"https:\/\/www.wallendorff.com\/belogue\/category\/blog-note\/"},"img":{"alt_text":"","src":"https:\/\/i0.wp.com\/www.wallendorff.com\/belogue\/wp-content\/uploads\/2016\/10\/20161014-20.jpg?resize=350%2C200&ssl=1","width":350,"height":200,"srcset":"https:\/\/i0.wp.com\/www.wallendorff.com\/belogue\/wp-content\/uploads\/2016\/10\/20161014-20.jpg?resize=350%2C200&ssl=1 1x, https:\/\/i0.wp.com\/www.wallendorff.com\/belogue\/wp-content\/uploads\/2016\/10\/20161014-20.jpg?resize=525%2C300&ssl=1 1.5x, https:\/\/i0.wp.com\/www.wallendorff.com\/belogue\/wp-content\/uploads\/2016\/10\/20161014-20.jpg?resize=700%2C400&ssl=1 2x"},"classes":[]}],"_links":{"self":[{"href":"https:\/\/www.wallendorff.com\/belogue\/wp-json\/wp\/v2\/posts\/33370","targetHints":{"allow":["GET"]}}],"collection":[{"href":"https:\/\/www.wallendorff.com\/belogue\/wp-json\/wp\/v2\/posts"}],"about":[{"href":"https:\/\/www.wallendorff.com\/belogue\/wp-json\/wp\/v2\/types\/post"}],"author":[{"embeddable":true,"href":"https:\/\/www.wallendorff.com\/belogue\/wp-json\/wp\/v2\/users\/1"}],"replies":[{"embeddable":true,"href":"https:\/\/www.wallendorff.com\/belogue\/wp-json\/wp\/v2\/comments?post=33370"}],"version-history":[{"count":1,"href":"https:\/\/www.wallendorff.com\/belogue\/wp-json\/wp\/v2\/posts\/33370\/revisions"}],"predecessor-version":[{"id":33371,"href":"https:\/\/www.wallendorff.com\/belogue\/wp-json\/wp\/v2\/posts\/33370\/revisions\/33371"}],"wp:featuredmedia":[{"embeddable":true,"href":"https:\/\/www.wallendorff.com\/belogue\/wp-json\/wp\/v2\/media\/33372"}],"wp:attachment":[{"href":"https:\/\/www.wallendorff.com\/belogue\/wp-json\/wp\/v2\/media?parent=33370"}],"wp:term":[{"taxonomy":"category","embeddable":true,"href":"https:\/\/www.wallendorff.com\/belogue\/wp-json\/wp\/v2\/categories?post=33370"},{"taxonomy":"post_tag","embeddable":true,"href":"https:\/\/www.wallendorff.com\/belogue\/wp-json\/wp\/v2\/tags?post=33370"}],"curies":[{"name":"wp","href":"https:\/\/api.w.org\/{rel}","templated":true}]}}