{"id":33318,"date":"2016-12-28T12:19:48","date_gmt":"2016-12-28T10:19:48","guid":{"rendered":"http:\/\/www.wallendorff.com\/belogue\/?p=33318"},"modified":"2016-12-28T12:19:48","modified_gmt":"2016-12-28T10:19:48","slug":"2016-en-3","status":"publish","type":"post","link":"https:\/\/www.wallendorff.com\/belogue\/2016\/12\/28\/2016-en-3\/","title":{"rendered":"2016 en&#8230; #3."},"content":{"rendered":"<div id=\"photo\">\n<p><img decoding=\"async\" src=\"https:\/\/www.wallendorff.com\/belogue\/photo\/2016\/12\/20161228.jpg\" alt=\"\" \/><\/p>\n<\/div>\n<h1 class=\"titre\">2016 en 10 concerts.<\/h1>\n<p>Autant leur dernier concert de 2015 marqua l&rsquo;ann\u00e9e pour <a href=\"https:\/\/www.wallendorff.com\/belogue\/2015\/12\/28\/2015-en-10-concerts-qui-envoyrent\/\">les mauvaises raisons<\/a>, autant, cette fois-ci, ce fut pour les bonnes. Des 151 entr\u00e9es en sc\u00e8ne auxquelles j&rsquo;ai assist\u00e9 cette ann\u00e9e, celle de <a href=\"https:\/\/www.wallendorff.com\/belogue\/2015\/12\/28\/2015-en-10-concerts-qui-envoyrent\/\">l&rsquo;Olympia du 16 f\u00e9vrier<\/a> restera inoubliable. Je n&rsquo;avais jamais entendu un public hurler aussi fort. Je n&rsquo;avais jamais \u00e9t\u00e9 renvers\u00e9 de la sorte par le red\u00e9marrage d&rsquo;un concert \u00e0 finir. Ce soir-l\u00e0, une soir\u00e9e s&rsquo;acheva comme il fallait, une boucle se boucla, une page se tourna. Le reste de l&rsquo;ann\u00e9e fut \u00e0 la hauteur\u00a0: entre des FIDLAR, des Yak et des RAT BOY compl\u00e8tement dingues \u2013&nbsp;celui-l\u00e0, j&rsquo;attends impatiemment son album&nbsp;\u2013 des Foals incroyables et des Dandy Warhols et des Kills qui ne d\u00e9\u00e7oivent jamais, 2016 fut r\u00e9ussie de bout en bout. Sur sc\u00e8ne, tout du moins.<\/p>\n<ol>\n<ol>\n<ol>\n<li><a href=\"https:\/\/www.wallendorff.com\/belogue\/2016\/02\/17\/704-et-demi\/\">Eagles of Death Metal \u2013 l&rsquo;Olympia, Paris \u2013 16 f\u00e9vrier<\/a><\/li>\n<li><a href=\"https:\/\/www.wallendorff.com\/belogue\/2016\/07\/14\/fidlar-la-maroquinerie-paris\/\">FIDLAR \u2013 la Maroquinerie, Paris \u2013 13 juillet<\/a><\/li>\n<li><a href=\"https:\/\/www.wallendorff.com\/belogue\/2016\/07\/06\/les-eurockeennes-belfort-jour-2-2\/\">Foals \u2013 les Eurock\u00e9ennes, Belfort \u2013 2 juillet<\/a><\/li>\n<li><a href=\"https:\/\/www.wallendorff.com\/belogue\/2016\/05\/11\/the-dandy-warhols-le-trianon-paris-2\/\">The Dandy Warhols \u2013 le Trianon, Paris \u2013 10 mai<\/a><\/li>\n<li><a href=\"https:\/\/www.wallendorff.com\/belogue\/2016\/10\/20\/the-kills-lolympia-paris\/\">The Kills \u2013 l&rsquo;Olympia, Paris \u2013 19 octobre<\/a><\/li>\n<li><a href=\"https:\/\/www.wallendorff.com\/belogue\/2016\/11\/21\/festival-des-inrocks-2016-jour-2\/\">RAT BOY \u2013 la Cigale, les Inrocks Festival, Paris \u2013 19 novembre<\/a><\/li>\n<li><a href=\"https:\/\/www.wallendorff.com\/belogue\/2016\/07\/28\/paleo-festival-2016-jour-3\/\">Stephan Eicher \u2013 Pal\u00e9o Festival, Nyon \u2013 21 juillet<\/a><\/li>\n<li><a href=\"https:\/\/www.wallendorff.com\/belogue\/2016\/05\/24\/father-john-misty-khruangbin-theatre-de-lalhambra-paris\/\">Father John Misty \u2013 th\u00e9\u00e2tre de l&rsquo;Alhambra, Paris \u2013 23 mai<\/a><\/li>\n<li><a href=\"https:\/\/www.wallendorff.com\/belogue\/2016\/10\/05\/yak-mozer-la-maroquinerie-paris\/\">Yak + MOZER \u2013 la Maroquinerie, Paris \u2013 4 octobre<\/a><\/li>\n<li>Kaleo \u2013 la Maroquinerie, Paris \u2013 28 novembre<\/li>\n<\/ol>\n<\/ol>\n<\/ol>\n<h2>Hors concours<\/h2>\n<ul>\n<ul>\n<ul>\n<li><a href=\"https:\/\/www.wallendorff.com\/belogue\/2015\/06\/24\/oui-fm-festival-jour-1\/\">La partie de foute plan\u00e9taire des Insus \u00e0 Pal\u00e9o \u2013 22 juillet<\/a><\/li>\n<li><a href=\"https:\/\/www.wallendorff.com\/belogue\/2016\/07\/05\/les-eurockeennes-belfort-jour-1-2\/\">Ty Segall et son ami partisan de Donal Trump \u2013 1<sup>er<\/sup> juillet<\/a><\/li>\n<li><a href=\"www.wallendorff.com\/belogue\/2016\/10\/08\/archive-studios-ferber-paris\/\">Archive en petit comit\u00e9 \u2013 6 octobre<\/a><\/li>\n<li><a href=\"https:\/\/www.wallendorff.com\/belogue\/2016\/10\/19\/vaudou-game-the-liminanas-le-nouveau-rendez-vous-maison-de-la-radio-paris\/\">Une \u00e9mission de radio \u00e9lectrique \u2013 18 octobre<\/a><\/li>\n<li><a href=\"https:\/\/www.wallendorff.com\/belogue\/2016\/11\/18\/francis-zegut-40-ans-de-radio-grand-studio-rtl-paris\/\">Une autre \u00e9mission de radio \u00e9lectrique \u2013 17 novembre<\/a><\/li>\n<\/ul>\n<\/ul>\n<\/ul>\n<p style=\"text-align: center;\"><img decoding=\"async\" src=\"https:\/\/www.wallendorff.com\/belogue\/photo\/2005\/12\/archives.gif\" alt=\"\" \/><\/p>\n<h1>2015 en 10 concerts de dingue.<\/h1>\n<ol>\n<ol>\n<ol>\n<ol>\n<li><a href=\"https:\/\/www.wallendorff.com\/belogue\/2015\/11\/08\/garbage-le-zenith-paris\/\">Garbage \u2013 le Z\u00e9nith, Paris \u2013 7 novembre<\/a><\/li>\n<li><a href=\"https:\/\/www.wallendorff.com\/belogue\/2015\/08\/05\/paleo-festival-2015-jour-5\/\">120 Secondes pr\u00e9sente Pal\u00e9o \u2013 Pal\u00e9o Festival, Nyon \u2013 24 juillet<\/a><\/li>\n<li><a href=\"https:\/\/www.wallendorff.com\/belogue\/2015\/07\/30\/paleo-festival-2015-jour-2\/\">Triggerfinger \u2013 Pal\u00e9o Festival, Nyon \u2013 21 juillet<\/a><\/li>\n<li><a href=\"https:\/\/www.wallendorff.com\/belogue\/2015\/01\/29\/interpol-lolympia-paris-27-janvier\/\">Interpol \u2013 l\u2019Olympia, Paris \u2013 27 janvier<\/a><\/li>\n<li><a href=\"https:\/\/www.wallendorff.com\/belogue\/2015\/08\/31\/rock-en-seine-2015-jour-1\/\">Kasabian \u2013 Rock en Seine, Saint-Cloud \u2013 28 ao\u00fbt<\/a><\/li>\n<li><a href=\"https:\/\/www.wallendorff.com\/belogue\/2015\/06\/10\/eagles-of-death-metal-dolomite-minor-le-trianon-paris\/\">Eagles of Death Metal \u2013 le Trianon, Paris \u2013 9 juin<\/a><\/li>\n<li><a href=\"https:\/\/www.wallendorff.com\/belogue\/2015\/10\/29\/editors-le-trianon-paris\/\">Editors \u2013 le Trianon, Paris \u2013 28 octobre<\/a><\/li>\n<li><a href=\"https:\/\/www.wallendorff.com\/belogue\/2015\/08\/05\/paleo-festival-2015-jour-5\/\">Soviet Suprem \u2013 Pal\u00e9o Festival, Nyon \u2013 24 juillet<\/a><\/li>\n<li><a href=\"https:\/\/www.wallendorff.com\/belogue\/2015\/05\/07\/im-from-barcelona-nico-and-the-red-shoes-la-maroquinerie-paris\/\">I\u2019m from Barcelona \u2013 la Maroquinerie, Paris \u2013 6 mai<\/a><\/li>\n<li><a href=\"https:\/\/www.wallendorff.com\/belogue\/2015\/07\/29\/paleo-festival-2015-jour-1\/\">Explosion de Caca \u2013 Pal\u00e9o Festival, Nyon \u2013 20 juillet<\/a><\/li>\n<\/ol>\n<\/ol>\n<\/ol>\n<\/ol>\n<h1>2006 en 10 concerts live en public qui meutrirent m\u00e9chant je te dis pas comment.<\/h1>\n<ol>\n<ol>\n<ol>\n<ol>\n<li><strong><a href=\"https:\/\/www.wallendorff.com\/belogue\/2006\/12\/15\/muse-pop-bercy-paris\/\">Muse \u2013 POP Bercy, Paris \u2013 14 d\u00e9cembre<\/a><\/strong><\/li>\n<li><a href=\"https:\/\/www.wallendorff.com\/belogue\/2006\/08\/29\/the-raconteurs-rock-en-seine-paris-25-aout\/\">The Raconteurs \u2013 Rock en Seine, Saint-Cloud \u2013 25 ao\u00fbt<\/a><\/li>\n<li><a href=\"https:\/\/www.wallendorff.com\/belogue\/2006\/08\/27\/radiohead-rock-en-seine-paris\">Radiohead \u2013 Rock en Seine, Saint-Cloud \u2013 26 ao\u00fbt<\/a><\/li>\n<li><a href=\"https:\/\/www.wallendorff.com\/belogue\/2006\/09\/12\/pearl-jam-pop-bercy-paris\/\">Pearl Jam \u2013 POP Bercy, Paris \u2013 11 septembre<\/a><\/li>\n<li><a href=\"https:\/\/www.wallendorff.com\/belogue\/2006\/05\/31\/the-secret-machines-la-maroquinerie-paris\">Secret Machines + Living Things \u2013 la Maroquinerie, Paris \u2013 30 mai<\/a><\/li>\n<li><a href=\"https:\/\/www.wallendorff.com\/belogue\/2006\/11\/18\/wolfmother-l-elysee-montmartre-paris\">Wolfmother \u2013 l\u2019\u00c9lys\u00e9e-Montmartre, Paris \u2013 17 novembre<\/a><\/li>\n<li><a href=\"https:\/\/www.wallendorff.com\/belogue\/2006\/06\/08\/the-bell-rays-la-maroquinerie-paris-6-juin\">The BellRays \u2013 la Maroquinerie, Paris \u2013 6 juin<\/a><\/li>\n<li><a href=\"https:\/\/www.wallendorff.com\/belogue\/2006\/10\/29\/dionysos-wsg-synfonietta-de-belfort-le-zenith-paris\">Dionysos wsg Synfonietta de Belfort \u2013 le Z\u00e9nith, Paris \u201328 octobre<\/a><\/li>\n<li><a href=\"https:\/\/www.wallendorff.com\/belogue\/2006\/05\/19\/the-dresden-dolls-el-bataclano-paris-18-mai\">The Dresden Dolls \u2013 le Bataclan, Paris \u2013 18 mai<\/a><\/li>\n<li><a href=\"https:\/\/www.wallendorff.com\/belogue\/2006\/10\/18\/the-datsuns-la-boule-noire-paris\">The Datsuns \u2013 la Boule Noire, Paris \u2013 17 octobre<\/a><\/li>\n<\/ol>\n<\/ol>\n<\/ol>\n<\/ol>\n","protected":false},"excerpt":{"rendered":"<p>2016 en 10 concerts. Autant leur dernier concert de 2015 marqua l&rsquo;ann\u00e9e pour les mauvaises raisons, autant, cette fois-ci, ce fut pour les bonnes. Des 151 entr\u00e9es en sc\u00e8ne auxquelles j&rsquo;ai assist\u00e9 cette ann\u00e9e, celle de l&rsquo;Olympia du 16 f\u00e9vrier restera inoubliable. Je n&rsquo;avais jamais entendu un public hurler aussi fort. Je n&rsquo;avais jamais \u00e9t\u00e9&hellip;<\/p>\n","protected":false},"author":1,"featured_media":33343,"comment_status":"open","ping_status":"open","sticky":false,"template":"","format":"standard","meta":{"_acf_changed":false,"ngg_post_thumbnail":0,"jetpack_post_was_ever_published":false,"_jetpack_newsletter_access":"","_jetpack_dont_email_post_to_subs":false,"_jetpack_newsletter_tier_id":0,"_jetpack_memberships_contains_paywalled_content":false,"_jetpack_memberships_contains_paid_content":false,"footnotes":"","jetpack_publicize_message":"","jetpack_publicize_feature_enabled":true,"jetpack_social_post_already_shared":true,"jetpack_social_options":{"image_generator_settings":{"template":"highway","default_image_id":0,"font":"","enabled":false},"version":2}},"categories":[3],"tags":[10193,167,168,10509,9647,11242,10222,13466,13408,13079,13188,1067,13083,10179,10212,13411,7937,13084,13412,13011],"class_list":["post-33318","post","type-post","status-publish","format-standard","has-post-thumbnail","hentry","category-dpc","tag-archive","tag-classements-de-fin-dannee","tag-concerts","tag-eagles-of-death-metal","tag-father-john-misty","tag-fidlar","tag-foals","tag-francis-zegut","tag-le-nouveau-rendez-vous","tag-les-insus","tag-rat-boy","tag-stephan-eicher","tag-telephone-groupe","tag-the-dandy-warhols","tag-the-kills","tag-the-liminanas","tag-ty-segall","tag-ty-segall-the-muggers","tag-vaudou-game","tag-yak"],"acf":[],"geo":null,"jetpack_publicize_connections":[],"jetpack_featured_media_url":"https:\/\/www.wallendorff.com\/belogue\/wp-content\/uploads\/2016\/12\/20161228.jpg","jetpack_shortlink":"https:\/\/wp.me\/p3b35P-8Fo","jetpack_sharing_enabled":true,"jetpack-related-posts":[{"id":36828,"url":"https:\/\/www.wallendorff.com\/belogue\/2017\/12\/28\/2017-en-1\/","url_meta":{"origin":33318,"position":0},"title":"2017 en&#8230; #1.","author":"dpc","date":"28 d\u00e9cembre 2017","format":false,"excerpt":"2017 en 10 concerts. Le set d'Arcade Fire aux Eurock\u00e9ennes fut inoubliable\u00a0: temps id\u00e9al, public dingue et final \u00e9tir\u00e9 \u00e0 un point tel que le feu d'artifice qui cl\u00f4t traditionnellement le festival d\u00fbt d\u00e9marrer avant la fin de Wake Up. L'image de Win Butler qui continue son morceau sans se\u2026","rel":"","context":"Dans &quot;DPC&quot;","block_context":{"text":"DPC","link":"https:\/\/www.wallendorff.com\/belogue\/category\/dpc\/"},"img":{"alt_text":"","src":"https:\/\/i0.wp.com\/www.wallendorff.com\/belogue\/wp-content\/uploads\/2017\/11\/20171130-33.jpg?resize=350%2C200&ssl=1","width":350,"height":200,"srcset":"https:\/\/i0.wp.com\/www.wallendorff.com\/belogue\/wp-content\/uploads\/2017\/11\/20171130-33.jpg?resize=350%2C200&ssl=1 1x, https:\/\/i0.wp.com\/www.wallendorff.com\/belogue\/wp-content\/uploads\/2017\/11\/20171130-33.jpg?resize=525%2C300&ssl=1 1.5x, https:\/\/i0.wp.com\/www.wallendorff.com\/belogue\/wp-content\/uploads\/2017\/11\/20171130-33.jpg?resize=700%2C400&ssl=1 2x"},"classes":[]},{"id":33312,"url":"https:\/\/www.wallendorff.com\/belogue\/2016\/12\/29\/2016-en-4\/","url_meta":{"origin":33318,"position":1},"title":"2016 en&#8230; #4.","author":"dpc","date":"29 d\u00e9cembre 2016","format":false,"excerpt":"2016 en 20 supports physiques de musique populaire 10 | Radiohead \u2013 A Moon-Shaped Pool XL \u2013 8 mai Apr\u00e8s un Kings of Limbs risible, Radiohead corrigent le tir et livrent un album de bande-son introspective propre et lisse sur lequel je ne pariais initialement pas... avant de me retrouver\u2026","rel":"","context":"Dans &quot;DPC&quot;","block_context":{"text":"DPC","link":"https:\/\/www.wallendorff.com\/belogue\/category\/dpc\/"},"img":{"alt_text":"","src":"https:\/\/i0.wp.com\/www.wallendorff.com\/belogue\/wp-content\/uploads\/2016\/12\/20161229.jpg?resize=350%2C200&ssl=1","width":350,"height":200,"srcset":"https:\/\/i0.wp.com\/www.wallendorff.com\/belogue\/wp-content\/uploads\/2016\/12\/20161229.jpg?resize=350%2C200&ssl=1 1x, https:\/\/i0.wp.com\/www.wallendorff.com\/belogue\/wp-content\/uploads\/2016\/12\/20161229.jpg?resize=525%2C300&ssl=1 1.5x, https:\/\/i0.wp.com\/www.wallendorff.com\/belogue\/wp-content\/uploads\/2016\/12\/20161229.jpg?resize=700%2C400&ssl=1 2x"},"classes":[]},{"id":36835,"url":"https:\/\/www.wallendorff.com\/belogue\/2017\/12\/29\/2017-en-2\/","url_meta":{"origin":33318,"position":2},"title":"2017 en&#8230; #2.","author":"dpc","date":"29 d\u00e9cembre 2017","format":false,"excerpt":"10\u00a0| Dan Auerbach \u2013 Waiting on a Song Easy Eye Sound \u2013 2 juin Dan Auerbach profite du hiatus de ses Black Keys pour sortir ce deuxi\u00e8me album solo, qui passe comme un charme, oscillant entre comptines d'\u00e9t\u00e9 ensoleill\u00e9 et ballades d'hiver lumineux, sans jamais se contredire. [En photos \u2192]\u2026","rel":"","context":"Dans &quot;DPC&quot;","block_context":{"text":"DPC","link":"https:\/\/www.wallendorff.com\/belogue\/category\/dpc\/"},"img":{"alt_text":"","src":"https:\/\/i0.wp.com\/www.wallendorff.com\/belogue\/wp-content\/uploads\/2017\/12\/20171229.png?resize=350%2C200&ssl=1","width":350,"height":200,"srcset":"https:\/\/i0.wp.com\/www.wallendorff.com\/belogue\/wp-content\/uploads\/2017\/12\/20171229.png?resize=350%2C200&ssl=1 1x, https:\/\/i0.wp.com\/www.wallendorff.com\/belogue\/wp-content\/uploads\/2017\/12\/20171229.png?resize=525%2C300&ssl=1 1.5x, https:\/\/i0.wp.com\/www.wallendorff.com\/belogue\/wp-content\/uploads\/2017\/12\/20171229.png?resize=700%2C400&ssl=1 2x, https:\/\/i0.wp.com\/www.wallendorff.com\/belogue\/wp-content\/uploads\/2017\/12\/20171229.png?resize=1050%2C600&ssl=1 3x"},"classes":[]},{"id":32070,"url":"https:\/\/www.wallendorff.com\/belogue\/2016\/07\/31\/juillet-2016\/","url_meta":{"origin":33318,"position":3},"title":"Juillet 2016","author":"dpc","date":"31 juillet 2016","format":false,"excerpt":"Une bi\u00e8re, un festival, un photographe, un ponton, des photographes, un verre, un festival, une bi\u00e8re, un chat pr\u00e9nomm\u00e9 Schublig, un balcon, un trou, un festival, un enregistrement, un vol de walkyries, un bar, un concert, un d\u00e9fil\u00e9, une bi\u00e8re, des photographes, un festival, un saut, des croissants, une bi\u00e8re,\u2026","rel":"","context":"Dans &quot;Blog-note&quot;","block_context":{"text":"Blog-note","link":"https:\/\/www.wallendorff.com\/belogue\/category\/blog-note\/"},"img":{"alt_text":"","src":"https:\/\/i0.wp.com\/www.wallendorff.com\/belogue\/wp-content\/uploads\/2016\/08\/20160817-78-1.jpg?resize=350%2C200&ssl=1","width":350,"height":200,"srcset":"https:\/\/i0.wp.com\/www.wallendorff.com\/belogue\/wp-content\/uploads\/2016\/08\/20160817-78-1.jpg?resize=350%2C200&ssl=1 1x, https:\/\/i0.wp.com\/www.wallendorff.com\/belogue\/wp-content\/uploads\/2016\/08\/20160817-78-1.jpg?resize=525%2C300&ssl=1 1.5x, https:\/\/i0.wp.com\/www.wallendorff.com\/belogue\/wp-content\/uploads\/2016\/08\/20160817-78-1.jpg?resize=700%2C400&ssl=1 2x"},"classes":[]},{"id":29880,"url":"https:\/\/www.wallendorff.com\/belogue\/2015\/12\/29\/2015-en-un-peu-plus-de-10-disques\/","url_meta":{"origin":33318,"position":4},"title":"2015 en un peu plus de 10 di\u0161ques.","author":"dpc","date":"29 d\u00e9cembre 2015","format":false,"excerpt":"10\u00a0| Father John Misty \u2013 I Love You, Honeybear Sub Pop \u2013 9 f\u00e9vrier J'ai jet\u00e9 une oreille sur cet album en mars, apr\u00e8s \u00eatre tomb\u00e9 par hasard sur son single, Chateau Lobby #4 (in C for Two Virgins) (qui me rappellera toujours, quant \u00e0 lui, un Italien en slip\u2026","rel":"","context":"Dans &quot;DPC&quot;","block_context":{"text":"DPC","link":"https:\/\/www.wallendorff.com\/belogue\/category\/dpc\/"},"img":{"alt_text":"","src":"https:\/\/i0.wp.com\/www.wallendorff.com\/belogue\/wp-content\/uploads\/2015\/12\/20151229.jpg?resize=350%2C200&ssl=1","width":350,"height":200,"srcset":"https:\/\/i0.wp.com\/www.wallendorff.com\/belogue\/wp-content\/uploads\/2015\/12\/20151229.jpg?resize=350%2C200&ssl=1 1x, https:\/\/i0.wp.com\/www.wallendorff.com\/belogue\/wp-content\/uploads\/2015\/12\/20151229.jpg?resize=525%2C300&ssl=1 1.5x, https:\/\/i0.wp.com\/www.wallendorff.com\/belogue\/wp-content\/uploads\/2015\/12\/20151229.jpg?resize=700%2C400&ssl=1 2x, https:\/\/i0.wp.com\/www.wallendorff.com\/belogue\/wp-content\/uploads\/2015\/12\/20151229.jpg?resize=1050%2C600&ssl=1 3x"},"classes":[]},{"id":3721,"url":"https:\/\/www.wallendorff.com\/belogue\/2008\/12\/28\/2008en-3\/","url_meta":{"origin":33318,"position":5},"title":"2008 en&#8230; #3.","author":"dpc","date":"28 d\u00e9cembre 2008","format":false,"excerpt":"La Maroquinerie, Paris, 28 mai. pr\u00e9sentent 2008 en 10 soir\u00e9es qui tachent grave je te dis pas Je crois en avoir parl\u00e9 comme il fallait d\u00e8s le lendemain du concert. Ce 27 mai, la meute de damn\u00e9s de Flogging Molly a pris la Maroquinerie, l'a retourn\u00e9e et l'a secou\u00e9e sans\u2026","rel":"","context":"Dans &quot;DPC&quot;","block_context":{"text":"DPC","link":"https:\/\/www.wallendorff.com\/belogue\/category\/dpc\/"},"img":{"alt_text":"","src":"https:\/\/i0.wp.com\/www.wallendorff.com\/belogue\/wp-content\/uploads\/2015\/04\/200812281.jpg?resize=350%2C200&ssl=1","width":350,"height":200},"classes":[]}],"_links":{"self":[{"href":"https:\/\/www.wallendorff.com\/belogue\/wp-json\/wp\/v2\/posts\/33318","targetHints":{"allow":["GET"]}}],"collection":[{"href":"https:\/\/www.wallendorff.com\/belogue\/wp-json\/wp\/v2\/posts"}],"about":[{"href":"https:\/\/www.wallendorff.com\/belogue\/wp-json\/wp\/v2\/types\/post"}],"author":[{"embeddable":true,"href":"https:\/\/www.wallendorff.com\/belogue\/wp-json\/wp\/v2\/users\/1"}],"replies":[{"embeddable":true,"href":"https:\/\/www.wallendorff.com\/belogue\/wp-json\/wp\/v2\/comments?post=33318"}],"version-history":[{"count":6,"href":"https:\/\/www.wallendorff.com\/belogue\/wp-json\/wp\/v2\/posts\/33318\/revisions"}],"predecessor-version":[{"id":33342,"href":"https:\/\/www.wallendorff.com\/belogue\/wp-json\/wp\/v2\/posts\/33318\/revisions\/33342"}],"wp:featuredmedia":[{"embeddable":true,"href":"https:\/\/www.wallendorff.com\/belogue\/wp-json\/wp\/v2\/media\/33343"}],"wp:attachment":[{"href":"https:\/\/www.wallendorff.com\/belogue\/wp-json\/wp\/v2\/media?parent=33318"}],"wp:term":[{"taxonomy":"category","embeddable":true,"href":"https:\/\/www.wallendorff.com\/belogue\/wp-json\/wp\/v2\/categories?post=33318"},{"taxonomy":"post_tag","embeddable":true,"href":"https:\/\/www.wallendorff.com\/belogue\/wp-json\/wp\/v2\/tags?post=33318"}],"curies":[{"name":"wp","href":"https:\/\/api.w.org\/{rel}","templated":true}]}}