{"id":33304,"date":"2016-12-23T18:03:08","date_gmt":"2016-12-23T16:03:08","guid":{"rendered":"http:\/\/www.wallendorff.com\/belogue\/?p=33304"},"modified":"2016-12-23T18:03:08","modified_gmt":"2016-12-23T16:03:08","slug":"strechy-iv","status":"publish","type":"post","link":"https:\/\/www.wallendorff.com\/belogue\/2016\/12\/23\/strechy-iv\/","title":{"rendered":"St\u0159echy [IV]."},"content":{"rendered":"\n<div id=\"photo\">\n<p><img decoding=\"async\" src=\"https:\/\/www.wallendorff.com\/belogue\/photo\/2016\/12\/20161223.jpg\"><br \/>\nPlace de la Vieille-Ville, Prague, 7 septembre.<\/p>\n<\/p><\/div>\n<div id=\"bandeson\">\n<p><img decoding=\"async\" src=\"https:\/\/www.wallendorff.com\/belogue\/photo\/pochettes\/b\/bastille-wild_world.jpg\" align=\"left\" \/><a style=\"font-weight:normal\" id=\"lienmp3\" href=\"http:\/\/www.youtube.com\/watch?v=2V9GsfcVi5w\"><em>The Anchor<\/em><\/a><br \/>\n<a href=\"http:\/\/www.bastillebastille.com\/\">Bastille<\/a><\/p>\n<\/div>\n","protected":false},"excerpt":{"rendered":"<p>Place de la Vieille-Ville, Prague, 7 septembre. The Anchor Bastille<\/p>\n","protected":false},"author":1,"featured_media":33307,"comment_status":"open","ping_status":"open","sticky":false,"template":"","format":"standard","meta":{"_acf_changed":false,"ngg_post_thumbnail":0,"jetpack_post_was_ever_published":false,"_jetpack_newsletter_access":"","_jetpack_dont_email_post_to_subs":false,"_jetpack_newsletter_tier_id":0,"_jetpack_memberships_contains_paywalled_content":false,"_jetpack_memberships_contains_paid_content":false,"footnotes":"","jetpack_publicize_message":"","jetpack_publicize_feature_enabled":true,"jetpack_social_post_already_shared":true,"jetpack_social_options":{"image_generator_settings":{"template":"highway","default_image_id":0,"font":"","enabled":false},"version":2}},"categories":[3],"tags":[11424,13302,8170,8351,10743,13307,10326,10238,10307,13362,13366,13370,13572,12503],"class_list":["post-33304","post","type-post","status-publish","format-standard","has-post-thumbnail","hentry","category-dpc","tag-bastille-groupe","tag-boheme-centrale","tag-ef-24-70-mm-f2-8l-ii-usm","tag-eos-6d","tag-cathedrale","tag-cathedrale-saint-guy","tag-crepuscule","tag-eglise","tag-fenetre","tag-place-de-la-vieille-ville","tag-prague","tag-tchequie","tag-the-anchor","tag-tour-de-lhotel-de-ville"],"acf":[],"geo":null,"jetpack_publicize_connections":[],"jetpack_featured_media_url":"https:\/\/www.wallendorff.com\/belogue\/wp-content\/uploads\/2016\/12\/20161223.jpg","jetpack_shortlink":"https:\/\/wp.me\/p3b35P-8Fa","jetpack_sharing_enabled":true,"jetpack-related-posts":[{"id":33363,"url":"https:\/\/www.wallendorff.com\/belogue\/2017\/01\/02\/strechy-v\/","url_meta":{"origin":33304,"position":0},"title":"St\u0159echy [V].","author":"dpc","date":"2 janvier 2017","format":false,"excerpt":"Prague, 7 septembre 2016. Une cath\u00e9drale chasse l'autre. La bonne ann\u00e9e \u00e0 tous. Leave the Fire Behind by John Craigie","rel":"","context":"Dans &quot;DPC&quot;","block_context":{"text":"DPC","link":"https:\/\/www.wallendorff.com\/belogue\/category\/dpc\/"},"img":{"alt_text":"","src":"https:\/\/i0.wp.com\/www.wallendorff.com\/belogue\/wp-content\/uploads\/2017\/01\/20170102.jpg?resize=350%2C200&ssl=1","width":350,"height":200,"srcset":"https:\/\/i0.wp.com\/www.wallendorff.com\/belogue\/wp-content\/uploads\/2017\/01\/20170102.jpg?resize=350%2C200&ssl=1 1x, https:\/\/i0.wp.com\/www.wallendorff.com\/belogue\/wp-content\/uploads\/2017\/01\/20170102.jpg?resize=525%2C300&ssl=1 1.5x, https:\/\/i0.wp.com\/www.wallendorff.com\/belogue\/wp-content\/uploads\/2017\/01\/20170102.jpg?resize=700%2C400&ssl=1 2x"},"classes":[]},{"id":131220,"url":"https:\/\/www.wallendorff.com\/belogue\/2024\/12\/04\/ahoj-praha\/","url_meta":{"origin":33304,"position":1},"title":"Ahoj Praha.","author":"dpc","date":"4 d\u00e9cembre 2024","format":false,"excerpt":"Prague, 21 \u2013 23 septembre 2024.","rel":"","context":"Dans &quot;DPC&quot;","block_context":{"text":"DPC","link":"https:\/\/www.wallendorff.com\/belogue\/category\/dpc\/"},"img":{"alt_text":"","src":"https:\/\/i0.wp.com\/www.wallendorff.com\/belogue\/wp-content\/uploads\/2024\/12\/20241204-31.jpg?resize=350%2C200&ssl=1","width":350,"height":200,"srcset":"https:\/\/i0.wp.com\/www.wallendorff.com\/belogue\/wp-content\/uploads\/2024\/12\/20241204-31.jpg?resize=350%2C200&ssl=1 1x, https:\/\/i0.wp.com\/www.wallendorff.com\/belogue\/wp-content\/uploads\/2024\/12\/20241204-31.jpg?resize=525%2C300&ssl=1 1.5x, https:\/\/i0.wp.com\/www.wallendorff.com\/belogue\/wp-content\/uploads\/2024\/12\/20241204-31.jpg?resize=700%2C400&ssl=1 2x, https:\/\/i0.wp.com\/www.wallendorff.com\/belogue\/wp-content\/uploads\/2024\/12\/20241204-31.jpg?resize=1050%2C600&ssl=1 3x"},"classes":[]},{"id":33299,"url":"https:\/\/www.wallendorff.com\/belogue\/2016\/12\/21\/strechy-iii\/","url_meta":{"origin":33304,"position":2},"title":"St\u0159echy [III].","author":"dpc","date":"21 d\u00e9cembre 2016","format":false,"excerpt":"Place de la Vieille-Ville, Prague, 7 septembre. The Moondog Crystal Fighters","rel":"","context":"Dans &quot;DPC&quot;","block_context":{"text":"DPC","link":"https:\/\/www.wallendorff.com\/belogue\/category\/dpc\/"},"img":{"alt_text":"","src":"https:\/\/i0.wp.com\/www.wallendorff.com\/belogue\/wp-content\/uploads\/2016\/12\/20161221.jpg?resize=350%2C200&ssl=1","width":350,"height":200,"srcset":"https:\/\/i0.wp.com\/www.wallendorff.com\/belogue\/wp-content\/uploads\/2016\/12\/20161221.jpg?resize=350%2C200&ssl=1 1x, https:\/\/i0.wp.com\/www.wallendorff.com\/belogue\/wp-content\/uploads\/2016\/12\/20161221.jpg?resize=525%2C300&ssl=1 1.5x, https:\/\/i0.wp.com\/www.wallendorff.com\/belogue\/wp-content\/uploads\/2016\/12\/20161221.jpg?resize=700%2C400&ssl=1 2x"},"classes":[]},{"id":33262,"url":"https:\/\/www.wallendorff.com\/belogue\/2016\/12\/19\/strechy-ii\/","url_meta":{"origin":33304,"position":3},"title":"St\u0159echy [II].","author":"dpc","date":"19 d\u00e9cembre 2016","format":false,"excerpt":"Place de la Vieille-Ville, Prague, 7 septembre. Higher The Naked and Famous","rel":"","context":"Dans &quot;DPC&quot;","block_context":{"text":"DPC","link":"https:\/\/www.wallendorff.com\/belogue\/category\/dpc\/"},"img":{"alt_text":"","src":"https:\/\/i0.wp.com\/www.wallendorff.com\/belogue\/wp-content\/uploads\/2016\/12\/20161219.jpg?resize=350%2C200&ssl=1","width":350,"height":200,"srcset":"https:\/\/i0.wp.com\/www.wallendorff.com\/belogue\/wp-content\/uploads\/2016\/12\/20161219.jpg?resize=350%2C200&ssl=1 1x, https:\/\/i0.wp.com\/www.wallendorff.com\/belogue\/wp-content\/uploads\/2016\/12\/20161219.jpg?resize=525%2C300&ssl=1 1.5x, https:\/\/i0.wp.com\/www.wallendorff.com\/belogue\/wp-content\/uploads\/2016\/12\/20161219.jpg?resize=700%2C400&ssl=1 2x"},"classes":[]},{"id":32458,"url":"https:\/\/www.wallendorff.com\/belogue\/2016\/09\/30\/septembre-2016\/","url_meta":{"origin":33304,"position":4},"title":"Septembre 2016.","author":"dpc","date":"30 septembre 2016","format":false,"excerpt":"Un avion, une \u00e9glise, un m\u00e9tro, une affiche, un mus\u00e9e, une 2 cv, un parc, une autoroute, un mur, des cadenas, une librairie, deux statues, une fa\u00e7ade, un pont, une ruelle, une aurore, des toits, des poup\u00e9es russes, un lampadaire, un cimeti\u00e8re, une \u00e9glise, un Freud qui pend, une vitrine,\u2026","rel":"","context":"Dans &quot;Blog-note&quot;","block_context":{"text":"Blog-note","link":"https:\/\/www.wallendorff.com\/belogue\/category\/blog-note\/"},"img":{"alt_text":"","src":"https:\/\/i0.wp.com\/www.wallendorff.com\/belogue\/wp-content\/uploads\/2016\/10\/20161014-20.jpg?resize=350%2C200&ssl=1","width":350,"height":200,"srcset":"https:\/\/i0.wp.com\/www.wallendorff.com\/belogue\/wp-content\/uploads\/2016\/10\/20161014-20.jpg?resize=350%2C200&ssl=1 1x, https:\/\/i0.wp.com\/www.wallendorff.com\/belogue\/wp-content\/uploads\/2016\/10\/20161014-20.jpg?resize=525%2C300&ssl=1 1.5x, https:\/\/i0.wp.com\/www.wallendorff.com\/belogue\/wp-content\/uploads\/2016\/10\/20161014-20.jpg?resize=700%2C400&ssl=1 2x"},"classes":[]},{"id":135110,"url":"https:\/\/www.wallendorff.com\/belogue\/2026\/01\/26\/czesc-warszawa\/","url_meta":{"origin":33304,"position":5},"title":"Cze\u015b\u0107 Warszawa [I].","author":"dpc","date":"26 janvier 2026","format":false,"excerpt":"","rel":"","context":"Dans &quot;DPC&quot;","block_context":{"text":"DPC","link":"https:\/\/www.wallendorff.com\/belogue\/category\/dpc\/"},"img":{"alt_text":"","src":"https:\/\/i0.wp.com\/www.wallendorff.com\/belogue\/wp-content\/uploads\/2026\/01\/20260126-09.jpg?resize=350%2C200&ssl=1","width":350,"height":200,"srcset":"https:\/\/i0.wp.com\/www.wallendorff.com\/belogue\/wp-content\/uploads\/2026\/01\/20260126-09.jpg?resize=350%2C200&ssl=1 1x, https:\/\/i0.wp.com\/www.wallendorff.com\/belogue\/wp-content\/uploads\/2026\/01\/20260126-09.jpg?resize=525%2C300&ssl=1 1.5x, https:\/\/i0.wp.com\/www.wallendorff.com\/belogue\/wp-content\/uploads\/2026\/01\/20260126-09.jpg?resize=700%2C400&ssl=1 2x"},"classes":[]}],"_links":{"self":[{"href":"https:\/\/www.wallendorff.com\/belogue\/wp-json\/wp\/v2\/posts\/33304","targetHints":{"allow":["GET"]}}],"collection":[{"href":"https:\/\/www.wallendorff.com\/belogue\/wp-json\/wp\/v2\/posts"}],"about":[{"href":"https:\/\/www.wallendorff.com\/belogue\/wp-json\/wp\/v2\/types\/post"}],"author":[{"embeddable":true,"href":"https:\/\/www.wallendorff.com\/belogue\/wp-json\/wp\/v2\/users\/1"}],"replies":[{"embeddable":true,"href":"https:\/\/www.wallendorff.com\/belogue\/wp-json\/wp\/v2\/comments?post=33304"}],"version-history":[{"count":2,"href":"https:\/\/www.wallendorff.com\/belogue\/wp-json\/wp\/v2\/posts\/33304\/revisions"}],"predecessor-version":[{"id":33306,"href":"https:\/\/www.wallendorff.com\/belogue\/wp-json\/wp\/v2\/posts\/33304\/revisions\/33306"}],"wp:featuredmedia":[{"embeddable":true,"href":"https:\/\/www.wallendorff.com\/belogue\/wp-json\/wp\/v2\/media\/33307"}],"wp:attachment":[{"href":"https:\/\/www.wallendorff.com\/belogue\/wp-json\/wp\/v2\/media?parent=33304"}],"wp:term":[{"taxonomy":"category","embeddable":true,"href":"https:\/\/www.wallendorff.com\/belogue\/wp-json\/wp\/v2\/categories?post=33304"},{"taxonomy":"post_tag","embeddable":true,"href":"https:\/\/www.wallendorff.com\/belogue\/wp-json\/wp\/v2\/tags?post=33304"}],"curies":[{"name":"wp","href":"https:\/\/api.w.org\/{rel}","templated":true}]}}