{"id":333,"date":"2005-06-27T09:40:55","date_gmt":"2005-06-27T09:40:55","guid":{"rendered":"http:\/\/www.po-l.com\/wordpress\/?p=333"},"modified":"2012-05-14T09:37:11","modified_gmt":"2012-05-14T07:37:11","slug":"etuves-a-meme-en-quais","status":"publish","type":"post","link":"https:\/\/www.wallendorff.com\/belogue\/2005\/06\/27\/etuves-a-meme-en-quais\/","title":{"rendered":"&Eacute;tuves &agrave; m&ecirc;me en quais."},"content":{"rendered":"\n<div id=\"photo\">\n<p><img decoding=\"async\" src=\"http:\/\/www.po-L.com\/belogue\/photo\/2005\/06\/20050627.jpg\" \/><br \/>\n          Avenue &Eacute;mile Zola, Paris, 22 juin.<\/p>\n<\/p><\/div>\n<p style=\"text-align:right\">[Encore trop sombre, ou bien?]<\/p>\n<p>800&nbsp;km, des bouteilles de blanc, des bouteilles de rouge, autant de pintes de stout, 2 cravates, pas de rond de chapeau, ni de muguet, 8h de sommeil dont 2 sur un banc, 4 sur une pelouse et 2 &agrave; l&rsquo;ombre escamotable d&rsquo;un arbre, 3 levers de soleil sur le Forez depuis 2002, quelques [re]connaissances et surtout, surtout, tr&egrave;s envie de dormir ce matin, &eacute;tonnament.<\/p>\n<div id=\"bandeson\">\n<p><img decoding=\"async\" src=\"https:\/\/www.wallendorff.com\/belogue\/photo\/pochettes\/a\/ash-meltdown.jpg\" align=\"left\" \/>&nbsp;<a href=\"http:\/\/www.ash-official.com\/\">Ash<\/a> &ndash; <em>Evil Eye<\/em><\/p>\n<\/div>\n","protected":false},"excerpt":{"rendered":"<p>Avenue &Eacute;mile Zola, Paris, 22 juin. [Encore trop sombre, ou bien?] 800&nbsp;km, des bouteilles de blanc, des bouteilles de rouge, autant de pintes de stout, 2 cravates, pas de rond de chapeau, ni de muguet, 8h de sommeil dont 2 sur un banc, 4 sur une pelouse et 2 &agrave; l&rsquo;ombre escamotable d&rsquo;un arbre, 3&hellip;<\/p>\n","protected":false},"author":1,"featured_media":24273,"comment_status":"open","ping_status":"open","sticky":false,"template":"","format":"standard","meta":{"_acf_changed":false,"ngg_post_thumbnail":0,"jetpack_post_was_ever_published":false,"_jetpack_newsletter_access":"","_jetpack_dont_email_post_to_subs":false,"_jetpack_newsletter_tier_id":0,"_jetpack_memberships_contains_paywalled_content":false,"_jetpack_memberships_contains_paid_content":false,"footnotes":"","jetpack_publicize_message":"","jetpack_publicize_feature_enabled":true,"jetpack_social_post_already_shared":false,"jetpack_social_options":{"image_generator_settings":{"template":"highway","default_image_id":0,"font":"","enabled":false},"version":2}},"categories":[3],"tags":[10243,10114,1090,10169,155,132,10144,10500,1091,10307,10120,10121,10098,164],"class_list":["post-333","post","type-post","status-publish","format-standard","has-post-thumbnail","hentry","category-dpc","tag-10243","tag-ash","tag-avenue-emile-zola","tag-biere","tag-ef-s-18-55-mm-f35-56-ii","tag-eos-20d","tag-ciel","tag-contre-plongee","tag-evil-eye","tag-fenetre","tag-france","tag-ile-de-france","tag-paris","tag-urbain"],"acf":[],"geo":{"latitude":48.8465652,"longitude":2.2793601,"description":null},"jetpack_publicize_connections":[],"jetpack_featured_media_url":"https:\/\/www.wallendorff.com\/belogue\/wp-content\/uploads\/2015\/04\/200506271.jpg","jetpack_shortlink":"https:\/\/wp.me\/p3b35P-5n","jetpack_sharing_enabled":true,"jetpack-related-posts":[{"id":9703,"url":"https:\/\/www.wallendorff.com\/belogue\/2010\/10\/25\/i-am-kloot-la-maroquinerie-paris-2\/","url_meta":{"origin":333,"position":0},"title":"I Am Kloot @ la Maroquinerie, Paris.","author":"dpc","date":"25 octobre 2010","format":false,"excerpt":"Northern Skies | Lately | To the Brink | The Stars Looks Familiar | Hey Little Bird | It's Just the Night | Somone Like You | From Your Favourite Sky | Storm Warning | Over My Shoulder | 86 TV's | Bigger Wheels | I Still Do | ?\u2026","rel":"","context":"Dans &quot;Alive&quot;","block_context":{"text":"Alive","link":"https:\/\/www.wallendorff.com\/belogue\/category\/alive\/"},"img":{"alt_text":"","src":"https:\/\/i0.wp.com\/www.wallendorff.com\/belogue\/wp-content\/uploads\/2015\/04\/201010251.jpg?resize=350%2C200&ssl=1","width":350,"height":200,"srcset":"https:\/\/i0.wp.com\/www.wallendorff.com\/belogue\/wp-content\/uploads\/2015\/04\/201010251.jpg?resize=350%2C200&ssl=1 1x, https:\/\/i0.wp.com\/www.wallendorff.com\/belogue\/wp-content\/uploads\/2015\/04\/201010251.jpg?resize=525%2C300&ssl=1 1.5x, https:\/\/i0.wp.com\/www.wallendorff.com\/belogue\/wp-content\/uploads\/2015\/04\/201010251.jpg?resize=700%2C400&ssl=1 2x"},"classes":[]},{"id":7885,"url":"https:\/\/www.wallendorff.com\/belogue\/2010\/07\/22\/lhaiku-rit-aussi-tetin-vit-lun-des-faux\/","url_meta":{"origin":333,"position":1},"title":"L&rsquo;ha\u00efku rit aussi ; t\u00e9tin vit l&rsquo;un des faux.","author":"dpc","date":"22 juillet 2010","format":false,"excerpt":"Palais du Louvre, Paris, 22 juin. Mais bien s\u00fbr que si que c'est un mot, enfin\u00a0: T\u00e9tin, subst. masc. a) Vx ou litt\u00e9r. Sein. Isabeau, ma mie, je ne serai content de Jupiter que lorsqu'il aura chang\u00e9 vos deux t\u00e9tins blancs en deux noires bouteilles, o\u00f9 je t\u00e9terai du vin\u2026","rel":"","context":"Dans &quot;DPC&quot;","block_context":{"text":"DPC","link":"https:\/\/www.wallendorff.com\/belogue\/category\/dpc\/"},"img":{"alt_text":"","src":"https:\/\/i0.wp.com\/www.wallendorff.com\/belogue\/wp-content\/uploads\/2015\/04\/201007221.jpg?resize=350%2C200&ssl=1","width":350,"height":200},"classes":[]},{"id":7370,"url":"https:\/\/www.wallendorff.com\/belogue\/2010\/04\/12\/melissa-auf-der-maur-la-fleche-dor-paris\/","url_meta":{"origin":333,"position":2},"title":"Melissa Auf der Maur @ la Fl\u00e8che d&rsquo;Or, Paris","author":"dpc","date":"12 avril 2010","format":false,"excerpt":"\u00c7a fait toujours bizarre de retrouver ici des artistes qu'on avait pas vus depuis l\u00e0\u00a0; surtout quand le l\u00e0 en question fut la remorque d'un camion partag\u00e9e avec Muse sur le fond d'un parking de Clarkston, Michigan, il y a bien longtemps. Tellement longtemps, en fait, que maintenant que ses\u2026","rel":"","context":"Dans &quot;Alive&quot;","block_context":{"text":"Alive","link":"https:\/\/www.wallendorff.com\/belogue\/category\/alive\/"},"img":{"alt_text":"","src":"https:\/\/i0.wp.com\/www.wallendorff.com\/belogue\/wp-content\/uploads\/2015\/04\/201004121.jpg?resize=350%2C200&ssl=1","width":350,"height":200,"srcset":"https:\/\/i0.wp.com\/www.wallendorff.com\/belogue\/wp-content\/uploads\/2015\/04\/201004121.jpg?resize=350%2C200&ssl=1 1x, https:\/\/i0.wp.com\/www.wallendorff.com\/belogue\/wp-content\/uploads\/2015\/04\/201004121.jpg?resize=525%2C300&ssl=1 1.5x, https:\/\/i0.wp.com\/www.wallendorff.com\/belogue\/wp-content\/uploads\/2015\/04\/201004121.jpg?resize=700%2C400&ssl=1 2x"},"classes":[]},{"id":247,"url":"https:\/\/www.wallendorff.com\/belogue\/2005\/12\/07\/pis-a-prismes-3\/","url_meta":{"origin":333,"position":3},"title":"Pis &agrave; prismes #3.","author":"dpc","date":"7 d\u00e9cembre 2005","format":false,"excerpt":"Rue de Monttessuy, Paris, 30 novembre. \"La Tour Eiffel fut construite en 1889 \u00e0 l'occasion de l'Exposition universelle qui devait c\u00e9l\u00e9brer le centenaire de la R\u00e9volution Fran\u00e7aise. Entrepreneur\u00a0: Gustave Eiffel & Cie. Ing\u00e9nieurs\u00a0: Maurice Koechlin et \u00c9mile Nouguier. Architecte\u00a0: Stephen Sauvestre. \u00c9tudes\u00a0: 1884. Ex\u00e9cution\u00a0: 1887-1889 (2 ans, 2 mois et\u2026","rel":"","context":"Dans &quot;Pis \u00e0 prismes&quot;","block_context":{"text":"Pis \u00e0 prismes","link":"https:\/\/www.wallendorff.com\/belogue\/category\/pis-a-prismes\/"},"img":{"alt_text":"","src":"https:\/\/i0.wp.com\/www.wallendorff.com\/belogue\/wp-content\/uploads\/2015\/04\/200512071.jpg?resize=350%2C200&ssl=1","width":350,"height":200},"classes":[]},{"id":957,"url":"https:\/\/www.wallendorff.com\/belogue\/2007\/05\/22\/killerpilze-la-boule-noire-paris\/","url_meta":{"origin":333,"position":4},"title":"[197] &#8211; KillerPilze @ la Boule Noire, Paris.","author":"dpc","date":"22 mai 2007","format":false,"excerpt":"La salle est compl\u00e8te et \u00e0 moiti\u00e9 vide, ils se sont tous mass\u00e9s au pied de la sc\u00e8ne, agglom\u00e9r\u00e9 comme du caf\u00e9 sous vide. Certains ont attendus tout l'apr\u00e8s-midi, ce qui n'est rien parce que \u00ab\u00a0pour Tokio Hotel, on avait camp\u00e9 devant le Z\u00e9nith pendant 3 jours\u00a0\u00bb. D\u00e9barque le groupe.\u2026","rel":"","context":"Dans &quot;Alive&quot;","block_context":{"text":"Alive","link":"https:\/\/www.wallendorff.com\/belogue\/category\/alive\/"},"img":{"alt_text":"","src":"https:\/\/i0.wp.com\/www.wallendorff.com\/belogue\/wp-content\/uploads\/2015\/04\/200705221.jpg?resize=350%2C200&ssl=1","width":350,"height":200,"srcset":"https:\/\/i0.wp.com\/www.wallendorff.com\/belogue\/wp-content\/uploads\/2015\/04\/200705221.jpg?resize=350%2C200&ssl=1 1x, https:\/\/i0.wp.com\/www.wallendorff.com\/belogue\/wp-content\/uploads\/2015\/04\/200705221.jpg?resize=525%2C300&ssl=1 1.5x, https:\/\/i0.wp.com\/www.wallendorff.com\/belogue\/wp-content\/uploads\/2015\/04\/200705221.jpg?resize=700%2C400&ssl=1 2x"},"classes":[]},{"id":287,"url":"https:\/\/www.wallendorff.com\/belogue\/2005\/08\/22\/passe-temps-basque-d-a-bord\/","url_meta":{"origin":333,"position":5},"title":"Passe-temps basque d&rsquo;&agrave;-bord.","author":"dpc","date":"22 ao\u00fbt 2005","format":false,"excerpt":"St-P\u00e9e-sur-Nivelle, 19 ao\u00fbt. Faut dire aussi qu'\u00e0 part des photos, des bouteilles de vin, des poulets basquaises et des nuits de discutages, on a pas fait grand-chose. Et justement, c'est \u00e7a qui est bien. [Encore merci.] Bande-son\u00a0: M\u00e9nilmontant [est toujours vivant.]","rel":"","context":"Dans &quot;DPC&quot;","block_context":{"text":"DPC","link":"https:\/\/www.wallendorff.com\/belogue\/category\/dpc\/"},"img":{"alt_text":"","src":"https:\/\/i0.wp.com\/www.wallendorff.com\/belogue\/wp-content\/uploads\/2015\/04\/200508221.jpg?resize=350%2C200&ssl=1","width":350,"height":200},"classes":[]}],"_links":{"self":[{"href":"https:\/\/www.wallendorff.com\/belogue\/wp-json\/wp\/v2\/posts\/333","targetHints":{"allow":["GET"]}}],"collection":[{"href":"https:\/\/www.wallendorff.com\/belogue\/wp-json\/wp\/v2\/posts"}],"about":[{"href":"https:\/\/www.wallendorff.com\/belogue\/wp-json\/wp\/v2\/types\/post"}],"author":[{"embeddable":true,"href":"https:\/\/www.wallendorff.com\/belogue\/wp-json\/wp\/v2\/users\/1"}],"replies":[{"embeddable":true,"href":"https:\/\/www.wallendorff.com\/belogue\/wp-json\/wp\/v2\/comments?post=333"}],"version-history":[{"count":1,"href":"https:\/\/www.wallendorff.com\/belogue\/wp-json\/wp\/v2\/posts\/333\/revisions"}],"predecessor-version":[{"id":17288,"href":"https:\/\/www.wallendorff.com\/belogue\/wp-json\/wp\/v2\/posts\/333\/revisions\/17288"}],"wp:featuredmedia":[{"embeddable":true,"href":"https:\/\/www.wallendorff.com\/belogue\/wp-json\/wp\/v2\/media\/24273"}],"wp:attachment":[{"href":"https:\/\/www.wallendorff.com\/belogue\/wp-json\/wp\/v2\/media?parent=333"}],"wp:term":[{"taxonomy":"category","embeddable":true,"href":"https:\/\/www.wallendorff.com\/belogue\/wp-json\/wp\/v2\/categories?post=333"},{"taxonomy":"post_tag","embeddable":true,"href":"https:\/\/www.wallendorff.com\/belogue\/wp-json\/wp\/v2\/tags?post=333"}],"curies":[{"name":"wp","href":"https:\/\/api.w.org\/{rel}","templated":true}]}}