{"id":33262,"date":"2016-12-19T15:51:54","date_gmt":"2016-12-19T13:51:54","guid":{"rendered":"http:\/\/www.wallendorff.com\/belogue\/?p=33262"},"modified":"2016-12-21T17:15:35","modified_gmt":"2016-12-21T15:15:35","slug":"strechy-ii","status":"publish","type":"post","link":"https:\/\/www.wallendorff.com\/belogue\/2016\/12\/19\/strechy-ii\/","title":{"rendered":"St\u0159echy [II]."},"content":{"rendered":"\n<div id=\"photo\">\n<p><img decoding=\"async\" src=\"https:\/\/www.wallendorff.com\/belogue\/photo\/2016\/12\/20161219.jpg\"><br \/>\nPlace de la Vieille-Ville, Prague, 7 septembre.<\/p>\n<\/p><\/div>\n<div id=\"bandeson\">\n<p><img decoding=\"async\" src=\"https:\/\/www.wallendorff.com\/belogue\/photo\/pochettes\/n\/naked_and_famous_the-simple_forms.jpg\" align=\"left\" \/><a href=\"http:\/\/www.youtube.com\/watch?v=GCsyXSr7u-Q\" a style=\"font-weight:normal\" id=\"lienmp3\"><em>Higher<\/em><\/a><br \/>\n<a href=\"http:\/\/thenakedandfamous.com\/\">The Naked and Famous<\/a><\/p>\n<\/div>\n","protected":false},"excerpt":{"rendered":"<p>Place de la Vieille-Ville, Prague, 7 septembre. Higher The Naked and Famous<\/p>\n","protected":false},"author":1,"featured_media":33264,"comment_status":"open","ping_status":"open","sticky":false,"template":"","format":"standard","meta":{"_acf_changed":false,"ngg_post_thumbnail":0,"jetpack_post_was_ever_published":false,"_jetpack_newsletter_access":"","_jetpack_dont_email_post_to_subs":false,"_jetpack_newsletter_tier_id":0,"_jetpack_memberships_contains_paywalled_content":false,"_jetpack_memberships_contains_paid_content":false,"footnotes":"","jetpack_publicize_message":"","jetpack_publicize_feature_enabled":true,"jetpack_social_post_already_shared":true,"jetpack_social_options":{"image_generator_settings":{"template":"highway","default_image_id":0,"font":"","enabled":false},"version":2}},"categories":[3],"tags":[13297,13302,8351,10326,13553,13362,3249,13366,10256,8243,13556,13370,10865,12503],"class_list":["post-33262","post","type-post","status-publish","format-standard","has-post-thumbnail","hentry","category-dpc","tag-ancien-hotel-de-ville","tag-boheme-centrale","tag-eos-6d","tag-crepuscule","tag-higher","tag-place-de-la-vieille-ville","tag-plongee","tag-prague","tag-rose","tag-sigma-15-mm-f2-8-ex-dg-diagonal-fish-eye","tag-simple-forms","tag-tchequie","tag-the-naked-and-famous","tag-tour-de-lhotel-de-ville"],"acf":[],"geo":{"latitude":50.0870819,"longitude":14.4206686,"description":"Praha 2-Nov\u00e9 M\u011bsto, , 120 00, CZ"},"jetpack_publicize_connections":[],"jetpack_featured_media_url":"https:\/\/www.wallendorff.com\/belogue\/wp-content\/uploads\/2016\/12\/20161219.jpg","jetpack_shortlink":"https:\/\/wp.me\/p3b35P-8Eu","jetpack_sharing_enabled":true,"jetpack-related-posts":[{"id":33304,"url":"https:\/\/www.wallendorff.com\/belogue\/2016\/12\/23\/strechy-iv\/","url_meta":{"origin":33262,"position":0},"title":"St\u0159echy [IV].","author":"dpc","date":"23 d\u00e9cembre 2016","format":false,"excerpt":"Place de la Vieille-Ville, Prague, 7 septembre. The Anchor Bastille","rel":"","context":"Dans &quot;DPC&quot;","block_context":{"text":"DPC","link":"https:\/\/www.wallendorff.com\/belogue\/category\/dpc\/"},"img":{"alt_text":"","src":"https:\/\/i0.wp.com\/www.wallendorff.com\/belogue\/wp-content\/uploads\/2016\/12\/20161223.jpg?resize=350%2C200&ssl=1","width":350,"height":200,"srcset":"https:\/\/i0.wp.com\/www.wallendorff.com\/belogue\/wp-content\/uploads\/2016\/12\/20161223.jpg?resize=350%2C200&ssl=1 1x, https:\/\/i0.wp.com\/www.wallendorff.com\/belogue\/wp-content\/uploads\/2016\/12\/20161223.jpg?resize=525%2C300&ssl=1 1.5x"},"classes":[]},{"id":33299,"url":"https:\/\/www.wallendorff.com\/belogue\/2016\/12\/21\/strechy-iii\/","url_meta":{"origin":33262,"position":1},"title":"St\u0159echy [III].","author":"dpc","date":"21 d\u00e9cembre 2016","format":false,"excerpt":"Place de la Vieille-Ville, Prague, 7 septembre. The Moondog Crystal Fighters","rel":"","context":"Dans &quot;DPC&quot;","block_context":{"text":"DPC","link":"https:\/\/www.wallendorff.com\/belogue\/category\/dpc\/"},"img":{"alt_text":"","src":"https:\/\/i0.wp.com\/www.wallendorff.com\/belogue\/wp-content\/uploads\/2016\/12\/20161221.jpg?resize=350%2C200&ssl=1","width":350,"height":200,"srcset":"https:\/\/i0.wp.com\/www.wallendorff.com\/belogue\/wp-content\/uploads\/2016\/12\/20161221.jpg?resize=350%2C200&ssl=1 1x, https:\/\/i0.wp.com\/www.wallendorff.com\/belogue\/wp-content\/uploads\/2016\/12\/20161221.jpg?resize=525%2C300&ssl=1 1.5x, https:\/\/i0.wp.com\/www.wallendorff.com\/belogue\/wp-content\/uploads\/2016\/12\/20161221.jpg?resize=700%2C400&ssl=1 2x"},"classes":[]},{"id":131220,"url":"https:\/\/www.wallendorff.com\/belogue\/2024\/12\/04\/ahoj-praha\/","url_meta":{"origin":33262,"position":2},"title":"Ahoj Praha.","author":"dpc","date":"4 d\u00e9cembre 2024","format":false,"excerpt":"Prague, 21 \u2013 23 septembre 2024.","rel":"","context":"Dans &quot;DPC&quot;","block_context":{"text":"DPC","link":"https:\/\/www.wallendorff.com\/belogue\/category\/dpc\/"},"img":{"alt_text":"","src":"https:\/\/i0.wp.com\/www.wallendorff.com\/belogue\/wp-content\/uploads\/2024\/12\/20241204-31.jpg?resize=350%2C200&ssl=1","width":350,"height":200,"srcset":"https:\/\/i0.wp.com\/www.wallendorff.com\/belogue\/wp-content\/uploads\/2024\/12\/20241204-31.jpg?resize=350%2C200&ssl=1 1x, https:\/\/i0.wp.com\/www.wallendorff.com\/belogue\/wp-content\/uploads\/2024\/12\/20241204-31.jpg?resize=525%2C300&ssl=1 1.5x, https:\/\/i0.wp.com\/www.wallendorff.com\/belogue\/wp-content\/uploads\/2024\/12\/20241204-31.jpg?resize=700%2C400&ssl=1 2x, https:\/\/i0.wp.com\/www.wallendorff.com\/belogue\/wp-content\/uploads\/2024\/12\/20241204-31.jpg?resize=1050%2C600&ssl=1 3x"},"classes":[]},{"id":33363,"url":"https:\/\/www.wallendorff.com\/belogue\/2017\/01\/02\/strechy-v\/","url_meta":{"origin":33262,"position":3},"title":"St\u0159echy [V].","author":"dpc","date":"2 janvier 2017","format":false,"excerpt":"Prague, 7 septembre 2016. Une cath\u00e9drale chasse l'autre. La bonne ann\u00e9e \u00e0 tous. Leave the Fire Behind by John Craigie","rel":"","context":"Dans &quot;DPC&quot;","block_context":{"text":"DPC","link":"https:\/\/www.wallendorff.com\/belogue\/category\/dpc\/"},"img":{"alt_text":"","src":"https:\/\/i0.wp.com\/www.wallendorff.com\/belogue\/wp-content\/uploads\/2017\/01\/20170102.jpg?resize=350%2C200&ssl=1","width":350,"height":200,"srcset":"https:\/\/i0.wp.com\/www.wallendorff.com\/belogue\/wp-content\/uploads\/2017\/01\/20170102.jpg?resize=350%2C200&ssl=1 1x, https:\/\/i0.wp.com\/www.wallendorff.com\/belogue\/wp-content\/uploads\/2017\/01\/20170102.jpg?resize=525%2C300&ssl=1 1.5x, https:\/\/i0.wp.com\/www.wallendorff.com\/belogue\/wp-content\/uploads\/2017\/01\/20170102.jpg?resize=700%2C400&ssl=1 2x"},"classes":[]},{"id":126326,"url":"https:\/\/www.wallendorff.com\/belogue\/2023\/10\/15\/into-the-wide-282\/","url_meta":{"origin":33262,"position":4},"title":"Into the wide #282.","author":"dpc","date":"15 octobre 2023","format":false,"excerpt":"Place Royale, Qu\u00e9bec, 13 et 15 ao\u00fbt 2023. Place Royale, Qu\u00e9bec, 13 et 15 ao\u00fbt 2023.","rel":"","context":"Dans &quot;Into the wide&quot;","block_context":{"text":"Into the wide","link":"https:\/\/www.wallendorff.com\/belogue\/category\/into-the-wide\/"},"img":{"alt_text":"","src":"https:\/\/i0.wp.com\/www.wallendorff.com\/belogue\/wp-content\/uploads\/2023\/10\/20231015.jpg?resize=350%2C200&ssl=1","width":350,"height":200,"srcset":"https:\/\/i0.wp.com\/www.wallendorff.com\/belogue\/wp-content\/uploads\/2023\/10\/20231015.jpg?resize=350%2C200&ssl=1 1x, https:\/\/i0.wp.com\/www.wallendorff.com\/belogue\/wp-content\/uploads\/2023\/10\/20231015.jpg?resize=525%2C300&ssl=1 1.5x, https:\/\/i0.wp.com\/www.wallendorff.com\/belogue\/wp-content\/uploads\/2023\/10\/20231015.jpg?resize=700%2C400&ssl=1 2x, https:\/\/i0.wp.com\/www.wallendorff.com\/belogue\/wp-content\/uploads\/2023\/10\/20231015.jpg?resize=1050%2C600&ssl=1 3x"},"classes":[]},{"id":43657,"url":"https:\/\/www.wallendorff.com\/belogue\/2019\/08\/27\/divka-na-moste\/","url_meta":{"origin":33262,"position":5},"title":"D\u00edvka [na most\u011b].","author":"dpc","date":"27 ao\u00fbt 2019","format":false,"excerpt":"Pont Charles, Prague, 9 mai 2019. La photo faite, je range le tr\u00e9pied, change d'optique et me dirige vers Mal\u00e1 Strana dans la bruine. Je la croise sans la remarquer, fais deux photos de la cath\u00e9drale, puis me retourne. Elle est dos \u00e0 moi, fig\u00e9e dans sa contemplation du pont.\u2026","rel":"","context":"Dans &quot;DPC&quot;","block_context":{"text":"DPC","link":"https:\/\/www.wallendorff.com\/belogue\/category\/dpc\/"},"img":{"alt_text":"","src":"https:\/\/i0.wp.com\/www.wallendorff.com\/belogue\/wp-content\/uploads\/2019\/08\/20190827-02.jpg?resize=350%2C200&ssl=1","width":350,"height":200,"srcset":"https:\/\/i0.wp.com\/www.wallendorff.com\/belogue\/wp-content\/uploads\/2019\/08\/20190827-02.jpg?resize=350%2C200&ssl=1 1x, https:\/\/i0.wp.com\/www.wallendorff.com\/belogue\/wp-content\/uploads\/2019\/08\/20190827-02.jpg?resize=525%2C300&ssl=1 1.5x, https:\/\/i0.wp.com\/www.wallendorff.com\/belogue\/wp-content\/uploads\/2019\/08\/20190827-02.jpg?resize=700%2C400&ssl=1 2x, https:\/\/i0.wp.com\/www.wallendorff.com\/belogue\/wp-content\/uploads\/2019\/08\/20190827-02.jpg?resize=1050%2C600&ssl=1 3x"},"classes":[]}],"_links":{"self":[{"href":"https:\/\/www.wallendorff.com\/belogue\/wp-json\/wp\/v2\/posts\/33262","targetHints":{"allow":["GET"]}}],"collection":[{"href":"https:\/\/www.wallendorff.com\/belogue\/wp-json\/wp\/v2\/posts"}],"about":[{"href":"https:\/\/www.wallendorff.com\/belogue\/wp-json\/wp\/v2\/types\/post"}],"author":[{"embeddable":true,"href":"https:\/\/www.wallendorff.com\/belogue\/wp-json\/wp\/v2\/users\/1"}],"replies":[{"embeddable":true,"href":"https:\/\/www.wallendorff.com\/belogue\/wp-json\/wp\/v2\/comments?post=33262"}],"version-history":[{"count":2,"href":"https:\/\/www.wallendorff.com\/belogue\/wp-json\/wp\/v2\/posts\/33262\/revisions"}],"predecessor-version":[{"id":33265,"href":"https:\/\/www.wallendorff.com\/belogue\/wp-json\/wp\/v2\/posts\/33262\/revisions\/33265"}],"wp:featuredmedia":[{"embeddable":true,"href":"https:\/\/www.wallendorff.com\/belogue\/wp-json\/wp\/v2\/media\/33264"}],"wp:attachment":[{"href":"https:\/\/www.wallendorff.com\/belogue\/wp-json\/wp\/v2\/media?parent=33262"}],"wp:term":[{"taxonomy":"category","embeddable":true,"href":"https:\/\/www.wallendorff.com\/belogue\/wp-json\/wp\/v2\/categories?post=33262"},{"taxonomy":"post_tag","embeddable":true,"href":"https:\/\/www.wallendorff.com\/belogue\/wp-json\/wp\/v2\/tags?post=33262"}],"curies":[{"name":"wp","href":"https:\/\/api.w.org\/{rel}","templated":true}]}}