{"id":33259,"date":"2016-12-16T13:10:50","date_gmt":"2016-12-16T11:10:50","guid":{"rendered":"http:\/\/www.wallendorff.com\/belogue\/?p=33259"},"modified":"2016-12-21T17:28:21","modified_gmt":"2016-12-21T15:28:21","slug":"les-murs-ondes-aux-raies","status":"publish","type":"post","link":"https:\/\/www.wallendorff.com\/belogue\/2016\/12\/16\/les-murs-ondes-aux-raies\/","title":{"rendered":"Les murs ond\u00e9s aux raies."},"content":{"rendered":"\n<div id=\"photo\">\n<p><img decoding=\"async\" src=\"https:\/\/www.wallendorff.com\/belogue\/photo\/2016\/12\/20161216.jpg\"><br \/>\nCath&eacute;drale Saint-Guy, Prague, 7 septembre.<\/p>\n<\/p><\/div>\n<div id=\"bandeson\">\n<p><img decoding=\"async\" src=\"https:\/\/www.wallendorff.com\/belogue\/photo\/pochettes\/k\/kings_of_leon-walls.jpg\" align=\"left\" \/><a href=\"https:\/\/www.youtube.com\/watch?v=BdF41Ne2cnQ\" a style=\"font-weight:normal\" id=\"lienmp3\"><em>Walls<\/em><\/a><br \/>\n<a href=\"http:\/\/www.kingsofleon.com\">Kings of Leon<\/a><\/p>\n<\/div>\n","protected":false},"excerpt":{"rendered":"<p>Cath&eacute;drale Saint-Guy, Prague, 7 septembre. Walls Kings of Leon<\/p>\n","protected":false},"author":1,"featured_media":33261,"comment_status":"open","ping_status":"open","sticky":false,"template":"","format":"standard","meta":{"_acf_changed":false,"ngg_post_thumbnail":0,"jetpack_post_was_ever_published":false,"_jetpack_newsletter_access":"","_jetpack_dont_email_post_to_subs":false,"_jetpack_newsletter_tier_id":0,"_jetpack_memberships_contains_paywalled_content":false,"_jetpack_memberships_contains_paid_content":false,"footnotes":"","jetpack_publicize_message":"","jetpack_publicize_feature_enabled":true,"jetpack_social_post_already_shared":true,"jetpack_social_options":{"image_generator_settings":{"template":"highway","default_image_id":0,"font":"","enabled":false},"version":2}},"categories":[3],"tags":[13302,8170,8351,13307,13310,582,10229,13366,10705,13370,13552,13561],"class_list":["post-33259","post","type-post","status-publish","format-standard","has-post-thumbnail","hentry","category-dpc","tag-boheme-centrale","tag-ef-24-70-mm-f2-8l-ii-usm","tag-eos-6d","tag-cathedrale-saint-guy","tag-chateau-de-prague","tag-kings-of-leon","tag-mur","tag-prague","tag-tableau","tag-tchequie","tag-walls","tag-walls-album"],"acf":[],"geo":{"latitude":50.090683,"longitude":14.4002008,"description":"Bubene\u010d, , 170 00, CZ"},"jetpack_publicize_connections":[],"jetpack_featured_media_url":"https:\/\/www.wallendorff.com\/belogue\/wp-content\/uploads\/2016\/12\/20161216.jpg","jetpack_shortlink":"https:\/\/wp.me\/p3b35P-8Er","jetpack_sharing_enabled":true,"jetpack-related-posts":[{"id":33363,"url":"https:\/\/www.wallendorff.com\/belogue\/2017\/01\/02\/strechy-v\/","url_meta":{"origin":33259,"position":0},"title":"St\u0159echy [V].","author":"dpc","date":"2 janvier 2017","format":false,"excerpt":"Prague, 7 septembre 2016. Une cath\u00e9drale chasse l'autre. La bonne ann\u00e9e \u00e0 tous. Leave the Fire Behind by John Craigie","rel":"","context":"Dans &quot;DPC&quot;","block_context":{"text":"DPC","link":"https:\/\/www.wallendorff.com\/belogue\/category\/dpc\/"},"img":{"alt_text":"","src":"https:\/\/i0.wp.com\/www.wallendorff.com\/belogue\/wp-content\/uploads\/2017\/01\/20170102.jpg?resize=350%2C200&ssl=1","width":350,"height":200,"srcset":"https:\/\/i0.wp.com\/www.wallendorff.com\/belogue\/wp-content\/uploads\/2017\/01\/20170102.jpg?resize=350%2C200&ssl=1 1x, https:\/\/i0.wp.com\/www.wallendorff.com\/belogue\/wp-content\/uploads\/2017\/01\/20170102.jpg?resize=525%2C300&ssl=1 1.5x, https:\/\/i0.wp.com\/www.wallendorff.com\/belogue\/wp-content\/uploads\/2017\/01\/20170102.jpg?resize=700%2C400&ssl=1 2x"},"classes":[]},{"id":33304,"url":"https:\/\/www.wallendorff.com\/belogue\/2016\/12\/23\/strechy-iv\/","url_meta":{"origin":33259,"position":1},"title":"St\u0159echy [IV].","author":"dpc","date":"23 d\u00e9cembre 2016","format":false,"excerpt":"Place de la Vieille-Ville, Prague, 7 septembre. The Anchor Bastille","rel":"","context":"Dans &quot;DPC&quot;","block_context":{"text":"DPC","link":"https:\/\/www.wallendorff.com\/belogue\/category\/dpc\/"},"img":{"alt_text":"","src":"https:\/\/i0.wp.com\/www.wallendorff.com\/belogue\/wp-content\/uploads\/2016\/12\/20161223.jpg?resize=350%2C200&ssl=1","width":350,"height":200,"srcset":"https:\/\/i0.wp.com\/www.wallendorff.com\/belogue\/wp-content\/uploads\/2016\/12\/20161223.jpg?resize=350%2C200&ssl=1 1x, https:\/\/i0.wp.com\/www.wallendorff.com\/belogue\/wp-content\/uploads\/2016\/12\/20161223.jpg?resize=525%2C300&ssl=1 1.5x"},"classes":[]},{"id":33176,"url":"https:\/\/www.wallendorff.com\/belogue\/2016\/12\/12\/voute-no-7-812\/","url_meta":{"origin":33259,"position":2},"title":"Vo\u00fbte no 7 812.","author":"dpc","date":"12 d\u00e9cembre 2016","format":false,"excerpt":"Cath\u00e9drale Saint-Guy, Prague, 7 septembre. Les Cactus (Jacques Dutronc cover) The Last Shadow Puppets","rel":"","context":"Dans &quot;DPC&quot;","block_context":{"text":"DPC","link":"https:\/\/www.wallendorff.com\/belogue\/category\/dpc\/"},"img":{"alt_text":"","src":"https:\/\/i0.wp.com\/www.wallendorff.com\/belogue\/wp-content\/uploads\/2016\/12\/20161212.jpg?resize=350%2C200&ssl=1","width":350,"height":200,"srcset":"https:\/\/i0.wp.com\/www.wallendorff.com\/belogue\/wp-content\/uploads\/2016\/12\/20161212.jpg?resize=350%2C200&ssl=1 1x, https:\/\/i0.wp.com\/www.wallendorff.com\/belogue\/wp-content\/uploads\/2016\/12\/20161212.jpg?resize=525%2C300&ssl=1 1.5x, https:\/\/i0.wp.com\/www.wallendorff.com\/belogue\/wp-content\/uploads\/2016\/12\/20161212.jpg?resize=700%2C400&ssl=1 2x"},"classes":[]},{"id":33153,"url":"https:\/\/www.wallendorff.com\/belogue\/2016\/12\/05\/into-the-wide-83\/","url_meta":{"origin":33259,"position":3},"title":"Into the wide #83.","author":"dpc","date":"5 d\u00e9cembre 2016","format":false,"excerpt":"Prague, 6 septembre. J'ai pr\u00e9par\u00e9 cette photo en \u00e9coutant \u2013\u00a0enfin\u00a0\u2013 D'You Know What I Mean? dans sa version repens\u00e9e par Noel Gallagher, une version que je trouve assez s\u00e8che et m\u00e9tallique par rapport \u00e0 l'originale, ce qui m'a fait me dire que Gallagher a bien fait de ne pas repenser\u2026","rel":"","context":"Dans &quot;Into the wide&quot;","block_context":{"text":"Into the wide","link":"https:\/\/www.wallendorff.com\/belogue\/category\/into-the-wide\/"},"img":{"alt_text":"","src":"https:\/\/i0.wp.com\/www.wallendorff.com\/belogue\/wp-content\/uploads\/2016\/12\/20161205.jpg?resize=350%2C200&ssl=1","width":350,"height":200,"srcset":"https:\/\/i0.wp.com\/www.wallendorff.com\/belogue\/wp-content\/uploads\/2016\/12\/20161205.jpg?resize=350%2C200&ssl=1 1x, https:\/\/i0.wp.com\/www.wallendorff.com\/belogue\/wp-content\/uploads\/2016\/12\/20161205.jpg?resize=525%2C300&ssl=1 1.5x, https:\/\/i0.wp.com\/www.wallendorff.com\/belogue\/wp-content\/uploads\/2016\/12\/20161205.jpg?resize=700%2C400&ssl=1 2x"},"classes":[]},{"id":43675,"url":"https:\/\/www.wallendorff.com\/belogue\/2019\/08\/30\/big-flots-et-au-lit\/","url_meta":{"origin":33259,"position":4},"title":"Big flots [et au lit].","author":"dpc","date":"30 ao\u00fbt 2019","format":false,"excerpt":"Smetanovo n\u00e1b\u0159e\u017e\u00ed, Prague, 9 mai 2019. Oui je sais ce jeu de mots \u00e9tait d\u00e9j\u00e0 nul en 2014 mais j'ai pas eu le temps de trouver mieux pardon. One-Trick Ponies Kurt Vile","rel":"","context":"Dans &quot;DPC&quot;","block_context":{"text":"DPC","link":"https:\/\/www.wallendorff.com\/belogue\/category\/dpc\/"},"img":{"alt_text":"Smetanovo n\u00e1b\u0159e\u017e\u00ed, Prague, 9 mai 2019.","src":"https:\/\/i0.wp.com\/www.wallendorff.com\/belogue\/wp-content\/uploads\/2019\/08\/20190830.jpg?resize=350%2C200&ssl=1","width":350,"height":200,"srcset":"https:\/\/i0.wp.com\/www.wallendorff.com\/belogue\/wp-content\/uploads\/2019\/08\/20190830.jpg?resize=350%2C200&ssl=1 1x, https:\/\/i0.wp.com\/www.wallendorff.com\/belogue\/wp-content\/uploads\/2019\/08\/20190830.jpg?resize=525%2C300&ssl=1 1.5x, https:\/\/i0.wp.com\/www.wallendorff.com\/belogue\/wp-content\/uploads\/2019\/08\/20190830.jpg?resize=700%2C400&ssl=1 2x, https:\/\/i0.wp.com\/www.wallendorff.com\/belogue\/wp-content\/uploads\/2019\/08\/20190830.jpg?resize=1050%2C600&ssl=1 3x"},"classes":[]},{"id":131220,"url":"https:\/\/www.wallendorff.com\/belogue\/2024\/12\/04\/ahoj-praha\/","url_meta":{"origin":33259,"position":5},"title":"Ahoj Praha.","author":"dpc","date":"4 d\u00e9cembre 2024","format":false,"excerpt":"Prague, 21 \u2013 23 septembre 2024.","rel":"","context":"Dans &quot;DPC&quot;","block_context":{"text":"DPC","link":"https:\/\/www.wallendorff.com\/belogue\/category\/dpc\/"},"img":{"alt_text":"","src":"https:\/\/i0.wp.com\/www.wallendorff.com\/belogue\/wp-content\/uploads\/2024\/12\/20241204-31.jpg?resize=350%2C200&ssl=1","width":350,"height":200,"srcset":"https:\/\/i0.wp.com\/www.wallendorff.com\/belogue\/wp-content\/uploads\/2024\/12\/20241204-31.jpg?resize=350%2C200&ssl=1 1x, https:\/\/i0.wp.com\/www.wallendorff.com\/belogue\/wp-content\/uploads\/2024\/12\/20241204-31.jpg?resize=525%2C300&ssl=1 1.5x, https:\/\/i0.wp.com\/www.wallendorff.com\/belogue\/wp-content\/uploads\/2024\/12\/20241204-31.jpg?resize=700%2C400&ssl=1 2x, https:\/\/i0.wp.com\/www.wallendorff.com\/belogue\/wp-content\/uploads\/2024\/12\/20241204-31.jpg?resize=1050%2C600&ssl=1 3x"},"classes":[]}],"_links":{"self":[{"href":"https:\/\/www.wallendorff.com\/belogue\/wp-json\/wp\/v2\/posts\/33259","targetHints":{"allow":["GET"]}}],"collection":[{"href":"https:\/\/www.wallendorff.com\/belogue\/wp-json\/wp\/v2\/posts"}],"about":[{"href":"https:\/\/www.wallendorff.com\/belogue\/wp-json\/wp\/v2\/types\/post"}],"author":[{"embeddable":true,"href":"https:\/\/www.wallendorff.com\/belogue\/wp-json\/wp\/v2\/users\/1"}],"replies":[{"embeddable":true,"href":"https:\/\/www.wallendorff.com\/belogue\/wp-json\/wp\/v2\/comments?post=33259"}],"version-history":[{"count":1,"href":"https:\/\/www.wallendorff.com\/belogue\/wp-json\/wp\/v2\/posts\/33259\/revisions"}],"predecessor-version":[{"id":33260,"href":"https:\/\/www.wallendorff.com\/belogue\/wp-json\/wp\/v2\/posts\/33259\/revisions\/33260"}],"wp:featuredmedia":[{"embeddable":true,"href":"https:\/\/www.wallendorff.com\/belogue\/wp-json\/wp\/v2\/media\/33261"}],"wp:attachment":[{"href":"https:\/\/www.wallendorff.com\/belogue\/wp-json\/wp\/v2\/media?parent=33259"}],"wp:term":[{"taxonomy":"category","embeddable":true,"href":"https:\/\/www.wallendorff.com\/belogue\/wp-json\/wp\/v2\/categories?post=33259"},{"taxonomy":"post_tag","embeddable":true,"href":"https:\/\/www.wallendorff.com\/belogue\/wp-json\/wp\/v2\/tags?post=33259"}],"curies":[{"name":"wp","href":"https:\/\/api.w.org\/{rel}","templated":true}]}}