{"id":33169,"date":"2016-12-08T18:51:31","date_gmt":"2016-12-08T16:51:31","guid":{"rendered":"http:\/\/www.wallendorff.com\/belogue\/?p=33169"},"modified":"2016-12-21T17:46:50","modified_gmt":"2016-12-21T15:46:50","slug":"strechy-i","status":"publish","type":"post","link":"https:\/\/www.wallendorff.com\/belogue\/2016\/12\/08\/strechy-i\/","title":{"rendered":"St\u0159echy [I]."},"content":{"rendered":"<div id=\"photo\">\n<p><img decoding=\"async\" src=\"https:\/\/www.wallendorff.com\/belogue\/photo\/2016\/12\/20161208.jpg\"><br \/>\nClementinum, Prague, 6 septembre.<\/p>\n<\/div>\n<div id=\"bandeson\">\n<p><img decoding=\"async\" src=\"https:\/\/www.wallendorff.com\/belogue\/photo\/pochettes\/s\/segall_ty-emotional_mugger.jpg\" align=\"left\" \/><a href=\"http:\/\/www.youtube.com\/watch?v=83kE_9wDVVg\" a style=\"font-weight:normal\" id=\"lienmp3\"><em>Squealer Two<\/em><\/a><br \/>\n<a href=\"http:\/\/ty-segall.com\/\">Ty Segall<\/a><\/p>\n<\/div>\n","protected":false},"excerpt":{"rendered":"<p>Clementinum, Prague, 6 septembre. Squealer Two Ty Segall<\/p>\n","protected":false},"author":1,"featured_media":33172,"comment_status":"open","ping_status":"open","sticky":false,"template":"","format":"standard","meta":{"_acf_changed":false,"ngg_post_thumbnail":0,"jetpack_post_was_ever_published":false,"_jetpack_newsletter_access":"","_jetpack_dont_email_post_to_subs":false,"_jetpack_newsletter_tier_id":0,"_jetpack_memberships_contains_paywalled_content":false,"_jetpack_memberships_contains_paid_content":false,"footnotes":"","jetpack_publicize_message":"","jetpack_publicize_feature_enabled":true,"jetpack_social_post_already_shared":true,"jetpack_social_options":{"image_generator_settings":{"template":"highway","default_image_id":0,"font":"","enabled":false},"version":2}},"categories":[3],"tags":[13302,13316,13564,11323,13366,13488,13370,10596,7937],"class_list":["post-33169","post","type-post","status-publish","format-standard","has-post-thumbnail","hentry","category-dpc","tag-boheme-centrale","tag-clementinum","tag-emotional-mugger","tag-panoramique","tag-prague","tag-squealer-two","tag-tchequie","tag-toit","tag-ty-segall"],"acf":[],"geo":{"latitude":50.0865974,"longitude":14.4160185,"description":"Clementinum, Mari\u00e1nsk\u00e9 n\u00e1m. 5, 110 00 Praha 1-Star\u00e9 M\u011bsto, R\u00e9publique tch\u00e8que"},"jetpack_publicize_connections":[],"jetpack_featured_media_url":"https:\/\/www.wallendorff.com\/belogue\/wp-content\/uploads\/2016\/12\/20161208.jpg","jetpack_shortlink":"https:\/\/wp.me\/p3b35P-8CZ","jetpack_sharing_enabled":true,"jetpack-related-posts":[{"id":33545,"url":"https:\/\/www.wallendorff.com\/belogue\/2017\/02\/06\/late-on-the-pier-vi\/","url_meta":{"origin":33169,"position":0},"title":"Late on the Pier [VI].","author":"dpc","date":"6 f\u00e9vrier 2017","format":false,"excerpt":"Port de Tougues, 29 octobre. Ty Segall \u2013 Orange Color Queen","rel":"","context":"Dans &quot;DPC&quot;","block_context":{"text":"DPC","link":"https:\/\/www.wallendorff.com\/belogue\/category\/dpc\/"},"img":{"alt_text":"","src":"https:\/\/i0.wp.com\/www.wallendorff.com\/belogue\/wp-content\/uploads\/2017\/02\/20170206.jpg?resize=350%2C200&ssl=1","width":350,"height":200,"srcset":"https:\/\/i0.wp.com\/www.wallendorff.com\/belogue\/wp-content\/uploads\/2017\/02\/20170206.jpg?resize=350%2C200&ssl=1 1x, https:\/\/i0.wp.com\/www.wallendorff.com\/belogue\/wp-content\/uploads\/2017\/02\/20170206.jpg?resize=525%2C300&ssl=1 1.5x, https:\/\/i0.wp.com\/www.wallendorff.com\/belogue\/wp-content\/uploads\/2017\/02\/20170206.jpg?resize=700%2C400&ssl=1 2x"},"classes":[]},{"id":21766,"url":"https:\/\/www.wallendorff.com\/belogue\/2013\/10\/11\/into-the-wide-23\/","url_meta":{"origin":33169,"position":1},"title":"Into the wide #23.","author":"dpc","date":"11 octobre 2013","format":false,"excerpt":"Biblioth\u00e8que Fran\u00e7ois-Mitterrand, Paris, 19 ao\u00fbt. The Keepers Ty Segall","rel":"","context":"Dans &quot;Into the wide&quot;","block_context":{"text":"Into the wide","link":"https:\/\/www.wallendorff.com\/belogue\/category\/into-the-wide\/"},"img":{"alt_text":"","src":"https:\/\/i0.wp.com\/www.wallendorff.com\/belogue\/wp-content\/uploads\/2015\/04\/20131011.jpg?resize=350%2C200&ssl=1","width":350,"height":200,"srcset":"https:\/\/i0.wp.com\/www.wallendorff.com\/belogue\/wp-content\/uploads\/2015\/04\/20131011.jpg?resize=350%2C200&ssl=1 1x, https:\/\/i0.wp.com\/www.wallendorff.com\/belogue\/wp-content\/uploads\/2015\/04\/20131011.jpg?resize=525%2C300&ssl=1 1.5x, https:\/\/i0.wp.com\/www.wallendorff.com\/belogue\/wp-content\/uploads\/2015\/04\/20131011.jpg?resize=700%2C400&ssl=1 2x"},"classes":[]},{"id":31314,"url":"https:\/\/www.wallendorff.com\/belogue\/2016\/07\/05\/les-eurockeennes-belfort-jour-1-2\/","url_meta":{"origin":33169,"position":2},"title":"Les Eurock\u00e9ennes, Belfort, jour 1.","author":"dpc","date":"5 juillet 2016","format":false,"excerpt":"L'int\u00e9grale des photos sera sur ce lien.","rel":"","context":"Dans &quot;Alive&quot;","block_context":{"text":"Alive","link":"https:\/\/www.wallendorff.com\/belogue\/category\/alive\/"},"img":{"alt_text":"","src":"https:\/\/i0.wp.com\/www.wallendorff.com\/belogue\/wp-content\/uploads\/2016\/07\/20160705-43-1.jpg?resize=350%2C200&ssl=1","width":350,"height":200,"srcset":"https:\/\/i0.wp.com\/www.wallendorff.com\/belogue\/wp-content\/uploads\/2016\/07\/20160705-43-1.jpg?resize=350%2C200&ssl=1 1x, https:\/\/i0.wp.com\/www.wallendorff.com\/belogue\/wp-content\/uploads\/2016\/07\/20160705-43-1.jpg?resize=525%2C300&ssl=1 1.5x, https:\/\/i0.wp.com\/www.wallendorff.com\/belogue\/wp-content\/uploads\/2016\/07\/20160705-43-1.jpg?resize=700%2C400&ssl=1 2x"},"classes":[]},{"id":30113,"url":"https:\/\/www.wallendorff.com\/belogue\/2016\/01\/26\/au-pays-de-cambouis\/","url_meta":{"origin":33169,"position":3},"title":"Au pays (de cambouis).","author":"dpc","date":"26 janvier 2016","format":false,"excerpt":"Rue Jean-Pierre-Timbaud, Paris, 5 octobre 2015. D'accord. Ce jeu de mot est surann\u00e9 et, surtout, tr\u00e8s tr\u00e8s mauvais. Diversion Ty Segall","rel":"","context":"Dans &quot;DPC&quot;","block_context":{"text":"DPC","link":"https:\/\/www.wallendorff.com\/belogue\/category\/dpc\/"},"img":{"alt_text":"","src":"https:\/\/i0.wp.com\/www.wallendorff.com\/belogue\/wp-content\/uploads\/2016\/01\/20160126.jpg?resize=350%2C200&ssl=1","width":350,"height":200,"srcset":"https:\/\/i0.wp.com\/www.wallendorff.com\/belogue\/wp-content\/uploads\/2016\/01\/20160126.jpg?resize=350%2C200&ssl=1 1x, https:\/\/i0.wp.com\/www.wallendorff.com\/belogue\/wp-content\/uploads\/2016\/01\/20160126.jpg?resize=525%2C300&ssl=1 1.5x, https:\/\/i0.wp.com\/www.wallendorff.com\/belogue\/wp-content\/uploads\/2016\/01\/20160126.jpg?resize=700%2C400&ssl=1 2x"},"classes":[]},{"id":21448,"url":"https:\/\/www.wallendorff.com\/belogue\/2013\/08\/19\/into-the-wide-16-x-pis-a-prismes-33\/","url_meta":{"origin":33169,"position":4},"title":"Into the wide #16 \u00d7 Pis \u00e0 prismes #33.","author":"dpc","date":"19 ao\u00fbt 2013","format":false,"excerpt":"Pont de Bir-Hakeim, Paris, 10 juin. Du m\u00eame endroit que la fameuseTour Eiffel \u00e0 la fistule anale de Louis XIV. The West Ty Segall","rel":"","context":"Dans &quot;Into the wide&quot;","block_context":{"text":"Into the wide","link":"https:\/\/www.wallendorff.com\/belogue\/category\/into-the-wide\/"},"img":{"alt_text":"","src":"https:\/\/i0.wp.com\/www.wallendorff.com\/belogue\/wp-content\/uploads\/2015\/04\/201308191.jpg?resize=350%2C200&ssl=1","width":350,"height":200,"srcset":"https:\/\/i0.wp.com\/www.wallendorff.com\/belogue\/wp-content\/uploads\/2015\/04\/201308191.jpg?resize=350%2C200&ssl=1 1x, https:\/\/i0.wp.com\/www.wallendorff.com\/belogue\/wp-content\/uploads\/2015\/04\/201308191.jpg?resize=525%2C300&ssl=1 1.5x, https:\/\/i0.wp.com\/www.wallendorff.com\/belogue\/wp-content\/uploads\/2015\/04\/201308191.jpg?resize=700%2C400&ssl=1 2x"},"classes":[]},{"id":52699,"url":"https:\/\/www.wallendorff.com\/belogue\/2022\/08\/19\/le-cabaret-vert-2022-jour-2\/","url_meta":{"origin":33169,"position":5},"title":"Le Cabaret Vert 2022, jour 2","author":"dpc","date":"19 ao\u00fbt 2022","format":false,"excerpt":"","rel":"","context":"Dans &quot;Alive&quot;","block_context":{"text":"Alive","link":"https:\/\/www.wallendorff.com\/belogue\/category\/alive\/"},"img":{"alt_text":"","src":"https:\/\/i0.wp.com\/www.wallendorff.com\/belogue\/wp-content\/uploads\/2022\/08\/20220819-66.jpg?resize=350%2C200&ssl=1","width":350,"height":200,"srcset":"https:\/\/i0.wp.com\/www.wallendorff.com\/belogue\/wp-content\/uploads\/2022\/08\/20220819-66.jpg?resize=350%2C200&ssl=1 1x, https:\/\/i0.wp.com\/www.wallendorff.com\/belogue\/wp-content\/uploads\/2022\/08\/20220819-66.jpg?resize=525%2C300&ssl=1 1.5x, https:\/\/i0.wp.com\/www.wallendorff.com\/belogue\/wp-content\/uploads\/2022\/08\/20220819-66.jpg?resize=700%2C400&ssl=1 2x, https:\/\/i0.wp.com\/www.wallendorff.com\/belogue\/wp-content\/uploads\/2022\/08\/20220819-66.jpg?resize=1050%2C600&ssl=1 3x"},"classes":[]}],"_links":{"self":[{"href":"https:\/\/www.wallendorff.com\/belogue\/wp-json\/wp\/v2\/posts\/33169","targetHints":{"allow":["GET"]}}],"collection":[{"href":"https:\/\/www.wallendorff.com\/belogue\/wp-json\/wp\/v2\/posts"}],"about":[{"href":"https:\/\/www.wallendorff.com\/belogue\/wp-json\/wp\/v2\/types\/post"}],"author":[{"embeddable":true,"href":"https:\/\/www.wallendorff.com\/belogue\/wp-json\/wp\/v2\/users\/1"}],"replies":[{"embeddable":true,"href":"https:\/\/www.wallendorff.com\/belogue\/wp-json\/wp\/v2\/comments?post=33169"}],"version-history":[{"count":1,"href":"https:\/\/www.wallendorff.com\/belogue\/wp-json\/wp\/v2\/posts\/33169\/revisions"}],"predecessor-version":[{"id":33171,"href":"https:\/\/www.wallendorff.com\/belogue\/wp-json\/wp\/v2\/posts\/33169\/revisions\/33171"}],"wp:featuredmedia":[{"embeddable":true,"href":"https:\/\/www.wallendorff.com\/belogue\/wp-json\/wp\/v2\/media\/33172"}],"wp:attachment":[{"href":"https:\/\/www.wallendorff.com\/belogue\/wp-json\/wp\/v2\/media?parent=33169"}],"wp:term":[{"taxonomy":"category","embeddable":true,"href":"https:\/\/www.wallendorff.com\/belogue\/wp-json\/wp\/v2\/categories?post=33169"},{"taxonomy":"post_tag","embeddable":true,"href":"https:\/\/www.wallendorff.com\/belogue\/wp-json\/wp\/v2\/tags?post=33169"}],"curies":[{"name":"wp","href":"https:\/\/api.w.org\/{rel}","templated":true}]}}