{"id":33163,"date":"2016-12-07T18:21:28","date_gmt":"2016-12-07T16:21:28","guid":{"rendered":"http:\/\/www.wallendorff.com\/belogue\/?p=33163"},"modified":"2016-12-21T17:49:31","modified_gmt":"2016-12-21T15:49:31","slug":"into-the-wide-85","status":"publish","type":"post","link":"https:\/\/www.wallendorff.com\/belogue\/2016\/12\/07\/into-the-wide-85\/","title":{"rendered":"Into the wide #85."},"content":{"rendered":"\n<div id=\"photo\">\n<p><img decoding=\"async\" src=\"https:\/\/www.wallendorff.com\/belogue\/photo\/2016\/12\/20161207.jpg\"><br \/>\nPont Charles, Prague, 6 septembre.<\/p>\n<\/div>\n<p style=\"text-align:right\">C&rsquo;est la derni\u00e8re, promis.<\/p>\n<div id=\"bandeson\">\n<p><img decoding=\"async\" src=\"https:\/\/www.wallendorff.com\/belogue\/photo\/pochettes\/r\/radiohead-a_moon_shaped_pool.jpg\" align=\"left\" \/><a style=\"font-weight:normal\" id=\"lienmp3\" href=\"http:\/\/www.youtube.com\/watch?v=kOdfX1F4D9o\"><em>The Numbers<\/em><\/a><br \/>\n<a href=\"http:\/\/www.radiohead.com\/\">Radiohead<\/a><\/p>\n<\/p><\/div>\n","protected":false},"excerpt":{"rendered":"<p>Pont Charles, Prague, 6 septembre. C&rsquo;est la derni\u00e8re, promis. The Numbers Radiohead<\/p>\n","protected":false},"author":1,"featured_media":33165,"comment_status":"open","ping_status":"open","sticky":false,"template":"","format":"standard","meta":{"_acf_changed":false,"ngg_post_thumbnail":0,"jetpack_post_was_ever_published":false,"_jetpack_newsletter_access":"","_jetpack_dont_email_post_to_subs":false,"_jetpack_newsletter_tier_id":0,"_jetpack_memberships_contains_paywalled_content":false,"_jetpack_memberships_contains_paid_content":false,"footnotes":"","jetpack_publicize_message":"","jetpack_publicize_feature_enabled":true,"jetpack_social_post_already_shared":true,"jetpack_social_options":{"image_generator_settings":{"template":"highway","default_image_id":0,"font":"","enabled":false},"version":2}},"categories":[7356],"tags":[13565,3524,737,13302,8170,8351,10278,10380,13364,10592,13366,128,13370,13487],"class_list":["post-33163","post","type-post","status-publish","format-standard","has-post-thumbnail","hentry","category-into-the-wide","tag-a-moon-shaped-pool","tag-aurore","tag-bleu","tag-boheme-centrale","tag-ef-24-70-mm-f2-8l-ii-usm","tag-eos-6d","tag-lampadaire","tag-pont","tag-pont-charles","tag-pose-longue","tag-prague","tag-radiohead","tag-tchequie","tag-the-numbers"],"acf":[],"geo":{"latitude":50.0864449,"longitude":14.4116592,"description":"Praha 2-Nov\u00e9 M\u011bsto, , 120 00, CZ"},"jetpack_publicize_connections":[],"jetpack_featured_media_url":"https:\/\/www.wallendorff.com\/belogue\/wp-content\/uploads\/2016\/12\/20161207.jpg","jetpack_shortlink":"https:\/\/wp.me\/p3b35P-8CT","jetpack_sharing_enabled":true,"jetpack-related-posts":[{"id":33160,"url":"https:\/\/www.wallendorff.com\/belogue\/2016\/12\/06\/into-the-wide-84\/","url_meta":{"origin":33163,"position":0},"title":"Into the wide #84.","author":"dpc","date":"6 d\u00e9cembre 2016","format":false,"excerpt":"Pont Charles, Prague, 6 septembre. That Love The Kills","rel":"","context":"Dans &quot;Into the wide&quot;","block_context":{"text":"Into the wide","link":"https:\/\/www.wallendorff.com\/belogue\/category\/into-the-wide\/"},"img":{"alt_text":"","src":"https:\/\/i0.wp.com\/www.wallendorff.com\/belogue\/wp-content\/uploads\/2016\/12\/20161206.jpg?resize=350%2C200&ssl=1","width":350,"height":200,"srcset":"https:\/\/i0.wp.com\/www.wallendorff.com\/belogue\/wp-content\/uploads\/2016\/12\/20161206.jpg?resize=350%2C200&ssl=1 1x, https:\/\/i0.wp.com\/www.wallendorff.com\/belogue\/wp-content\/uploads\/2016\/12\/20161206.jpg?resize=525%2C300&ssl=1 1.5x, https:\/\/i0.wp.com\/www.wallendorff.com\/belogue\/wp-content\/uploads\/2016\/12\/20161206.jpg?resize=700%2C400&ssl=1 2x"},"classes":[]},{"id":33153,"url":"https:\/\/www.wallendorff.com\/belogue\/2016\/12\/05\/into-the-wide-83\/","url_meta":{"origin":33163,"position":1},"title":"Into the wide #83.","author":"dpc","date":"5 d\u00e9cembre 2016","format":false,"excerpt":"Prague, 6 septembre. J'ai pr\u00e9par\u00e9 cette photo en \u00e9coutant \u2013\u00a0enfin\u00a0\u2013 D'You Know What I Mean? dans sa version repens\u00e9e par Noel Gallagher, une version que je trouve assez s\u00e8che et m\u00e9tallique par rapport \u00e0 l'originale, ce qui m'a fait me dire que Gallagher a bien fait de ne pas repenser\u2026","rel":"","context":"Dans &quot;Into the wide&quot;","block_context":{"text":"Into the wide","link":"https:\/\/www.wallendorff.com\/belogue\/category\/into-the-wide\/"},"img":{"alt_text":"","src":"https:\/\/i0.wp.com\/www.wallendorff.com\/belogue\/wp-content\/uploads\/2016\/12\/20161205.jpg?resize=350%2C200&ssl=1","width":350,"height":200,"srcset":"https:\/\/i0.wp.com\/www.wallendorff.com\/belogue\/wp-content\/uploads\/2016\/12\/20161205.jpg?resize=350%2C200&ssl=1 1x, https:\/\/i0.wp.com\/www.wallendorff.com\/belogue\/wp-content\/uploads\/2016\/12\/20161205.jpg?resize=525%2C300&ssl=1 1.5x, https:\/\/i0.wp.com\/www.wallendorff.com\/belogue\/wp-content\/uploads\/2016\/12\/20161205.jpg?resize=700%2C400&ssl=1 2x"},"classes":[]},{"id":43453,"url":"https:\/\/www.wallendorff.com\/belogue\/2019\/08\/19\/into-the-wide-180-181\/","url_meta":{"origin":33163,"position":2},"title":"Into the wide #180, 181.","author":"dpc","date":"19 ao\u00fbt 2019","format":false,"excerpt":"Prague, 8 mai 2019. Tell Me LiesThe Black Keys","rel":"","context":"Dans &quot;Into the wide&quot;","block_context":{"text":"Into the wide","link":"https:\/\/www.wallendorff.com\/belogue\/category\/into-the-wide\/"},"img":{"alt_text":"","src":"https:\/\/i0.wp.com\/www.wallendorff.com\/belogue\/wp-content\/uploads\/2019\/08\/20190819.jpg?resize=350%2C200&ssl=1","width":350,"height":200,"srcset":"https:\/\/i0.wp.com\/www.wallendorff.com\/belogue\/wp-content\/uploads\/2019\/08\/20190819.jpg?resize=350%2C200&ssl=1 1x, https:\/\/i0.wp.com\/www.wallendorff.com\/belogue\/wp-content\/uploads\/2019\/08\/20190819.jpg?resize=525%2C300&ssl=1 1.5x, https:\/\/i0.wp.com\/www.wallendorff.com\/belogue\/wp-content\/uploads\/2019\/08\/20190819.jpg?resize=700%2C400&ssl=1 2x, https:\/\/i0.wp.com\/www.wallendorff.com\/belogue\/wp-content\/uploads\/2019\/08\/20190819.jpg?resize=1050%2C600&ssl=1 3x"},"classes":[]},{"id":43459,"url":"https:\/\/www.wallendorff.com\/belogue\/2019\/08\/20\/into-the-wide-181\/","url_meta":{"origin":33163,"position":3},"title":"Into the wide #182.","author":"dpc","date":"20 ao\u00fbt 2019","format":false,"excerpt":"Pont Charles, Prague, 9 mai 2019. Je ne m'\u00e9tais pas lev\u00e9 aussi t\u00f4t depuis le Rialto, il y a deux ans. C'est le probl\u00e8me des lieux pris\u00e9s par les touristes\u00a0: si tu veux profiter de ceux-ci, il faut venir quand ceux-l\u00e0 dorment, et ce au moins une heure avant le\u2026","rel":"","context":"Dans &quot;Into the wide&quot;","block_context":{"text":"Into the wide","link":"https:\/\/www.wallendorff.com\/belogue\/category\/into-the-wide\/"},"img":{"alt_text":"Pont Charles, Prague, 9 mai 2019.","src":"https:\/\/i0.wp.com\/www.wallendorff.com\/belogue\/wp-content\/uploads\/2019\/08\/20190820.jpg?resize=350%2C200&ssl=1","width":350,"height":200,"srcset":"https:\/\/i0.wp.com\/www.wallendorff.com\/belogue\/wp-content\/uploads\/2019\/08\/20190820.jpg?resize=350%2C200&ssl=1 1x, https:\/\/i0.wp.com\/www.wallendorff.com\/belogue\/wp-content\/uploads\/2019\/08\/20190820.jpg?resize=525%2C300&ssl=1 1.5x, https:\/\/i0.wp.com\/www.wallendorff.com\/belogue\/wp-content\/uploads\/2019\/08\/20190820.jpg?resize=700%2C400&ssl=1 2x, https:\/\/i0.wp.com\/www.wallendorff.com\/belogue\/wp-content\/uploads\/2019\/08\/20190820.jpg?resize=1050%2C600&ssl=1 3x"},"classes":[]},{"id":43669,"url":"https:\/\/www.wallendorff.com\/belogue\/2019\/08\/29\/flous-flux\/","url_meta":{"origin":33163,"position":4},"title":"Flous flux.","author":"dpc","date":"29 ao\u00fbt 2019","format":false,"excerpt":"Pont Charles, Prague, 9 mai 2019. Elle fut dr\u00f4le \u00e0 faire, celle-ci, coinc\u00e9 dans le dernier d\u00e9cim\u00e8tre carr\u00e9 disponible, \u00e0 discuter avec un groupe de photographes Californiens, tout en essayant de g\u00eaner le moins possible les touristes qui passaient leurs t\u00e9l\u00e9phones malins par-dessus mon \u00e9paule pour obtenir eux aussi ce\u2026","rel":"","context":"Dans &quot;DPC&quot;","block_context":{"text":"DPC","link":"https:\/\/www.wallendorff.com\/belogue\/category\/dpc\/"},"img":{"alt_text":"Pont Charles, Prague, 9 mai 2019.","src":"https:\/\/i0.wp.com\/www.wallendorff.com\/belogue\/wp-content\/uploads\/2019\/08\/20190829.jpg?resize=350%2C200&ssl=1","width":350,"height":200,"srcset":"https:\/\/i0.wp.com\/www.wallendorff.com\/belogue\/wp-content\/uploads\/2019\/08\/20190829.jpg?resize=350%2C200&ssl=1 1x, https:\/\/i0.wp.com\/www.wallendorff.com\/belogue\/wp-content\/uploads\/2019\/08\/20190829.jpg?resize=525%2C300&ssl=1 1.5x, https:\/\/i0.wp.com\/www.wallendorff.com\/belogue\/wp-content\/uploads\/2019\/08\/20190829.jpg?resize=700%2C400&ssl=1 2x"},"classes":[]},{"id":594,"url":"https:\/\/www.wallendorff.com\/belogue\/2004\/11\/12\/quand-ton-vendredi-fleure-bon\/","url_meta":{"origin":33163,"position":5},"title":"Quand ton vendredi fleure bon&#8230;","author":"dpc","date":"12 novembre 2004","format":false,"excerpt":"... Pose une photo de la maison. Rue du Pont des Morts, Metz, 8 f\u00e9vrier 2004. \u00a0Radiohead \u2013 Just","rel":"","context":"Dans &quot;DPC&quot;","block_context":{"text":"DPC","link":"https:\/\/www.wallendorff.com\/belogue\/category\/dpc\/"},"img":{"alt_text":"","src":"https:\/\/i0.wp.com\/www.wallendorff.com\/belogue\/wp-content\/uploads\/2015\/04\/333.jpg?resize=350%2C200&ssl=1","width":350,"height":200},"classes":[]}],"_links":{"self":[{"href":"https:\/\/www.wallendorff.com\/belogue\/wp-json\/wp\/v2\/posts\/33163","targetHints":{"allow":["GET"]}}],"collection":[{"href":"https:\/\/www.wallendorff.com\/belogue\/wp-json\/wp\/v2\/posts"}],"about":[{"href":"https:\/\/www.wallendorff.com\/belogue\/wp-json\/wp\/v2\/types\/post"}],"author":[{"embeddable":true,"href":"https:\/\/www.wallendorff.com\/belogue\/wp-json\/wp\/v2\/users\/1"}],"replies":[{"embeddable":true,"href":"https:\/\/www.wallendorff.com\/belogue\/wp-json\/wp\/v2\/comments?post=33163"}],"version-history":[{"count":3,"href":"https:\/\/www.wallendorff.com\/belogue\/wp-json\/wp\/v2\/posts\/33163\/revisions"}],"predecessor-version":[{"id":33167,"href":"https:\/\/www.wallendorff.com\/belogue\/wp-json\/wp\/v2\/posts\/33163\/revisions\/33167"}],"wp:featuredmedia":[{"embeddable":true,"href":"https:\/\/www.wallendorff.com\/belogue\/wp-json\/wp\/v2\/media\/33165"}],"wp:attachment":[{"href":"https:\/\/www.wallendorff.com\/belogue\/wp-json\/wp\/v2\/media?parent=33163"}],"wp:term":[{"taxonomy":"category","embeddable":true,"href":"https:\/\/www.wallendorff.com\/belogue\/wp-json\/wp\/v2\/categories?post=33163"},{"taxonomy":"post_tag","embeddable":true,"href":"https:\/\/www.wallendorff.com\/belogue\/wp-json\/wp\/v2\/tags?post=33163"}],"curies":[{"name":"wp","href":"https:\/\/api.w.org\/{rel}","templated":true}]}}