{"id":33122,"date":"2016-11-30T16:53:45","date_gmt":"2016-11-30T14:53:45","guid":{"rendered":"http:\/\/www.wallendorff.com\/belogue\/?p=33122"},"modified":"2018-05-23T08:03:34","modified_gmt":"2018-05-23T06:03:34","slug":"shooting-people-129","status":"publish","type":"post","link":"https:\/\/www.wallendorff.com\/belogue\/2016\/11\/30\/shooting-people-129\/","title":{"rendered":"Shooting people #129."},"content":{"rendered":"\n<div id=\"photo\">\n<p><img decoding=\"async\" src=\"https:\/\/www.wallendorff.com\/belogue\/photo\/2016\/11\/20161130.jpg\"><br \/>\nLe Point &Eacute;ph&eacute;m&egrave;re, Paris, 29 septembre.<\/p>\n<\/p><\/div>\n<p style=\"text-align:right\"><em>Portrait illustrant <a href=\"http:\/\/www.soul-kitchen.fr\/70960-moi-je-bavarde\">l&rsquo;interview par No&eacute;mie Lambert &agrave; lire chez Soul Kitchen<\/a><\/em>.<\/p>\n","protected":false},"excerpt":{"rendered":"<p>Le Point &Eacute;ph&eacute;m&egrave;re, Paris, 29 septembre. Portrait illustrant l&rsquo;interview par No&eacute;mie Lambert &agrave; lire chez Soul Kitchen.<\/p>\n","protected":false},"author":1,"featured_media":33123,"comment_status":"open","ping_status":"open","sticky":false,"template":"","format":"standard","meta":{"_acf_changed":false,"ngg_post_thumbnail":0,"jetpack_post_was_ever_published":false,"_jetpack_newsletter_access":"","_jetpack_dont_email_post_to_subs":false,"_jetpack_newsletter_tier_id":0,"_jetpack_memberships_contains_paywalled_content":false,"_jetpack_memberships_contains_paid_content":false,"footnotes":"","jetpack_publicize_message":"","jetpack_publicize_feature_enabled":true,"jetpack_social_post_already_shared":true,"jetpack_social_options":{"image_generator_settings":{"template":"highway","default_image_id":0,"font":"","enabled":false},"version":2}},"categories":[8],"tags":[10267,8351,11205,10120,10121,10302,13287,10098,10272,10357,8243],"class_list":["post-33122","post","type-post","status-publish","format-standard","has-post-thumbnail","hentry","category-portraits","tag-10267","tag-eos-6d","tag-coulisses","tag-france","tag-ile-de-france","tag-le-point-ephemere","tag-moi-je","tag-paris","tag-portrait","tag-quai-de-valmy","tag-sigma-15-mm-f2-8-ex-dg-diagonal-fish-eye"],"acf":[],"geo":{"latitude":48.8815308,"longitude":2.3685622,"description":"Quai de Valmy, 75010 Paris, France"},"jetpack_publicize_connections":[],"jetpack_featured_media_url":"https:\/\/www.wallendorff.com\/belogue\/wp-content\/uploads\/2016\/11\/20161130.jpg","jetpack_shortlink":"https:\/\/wp.me\/p3b35P-8Ce","jetpack_sharing_enabled":true,"jetpack-related-posts":[{"id":31050,"url":"https:\/\/www.wallendorff.com\/belogue\/2016\/06\/09\/shooting-people-120\/","url_meta":{"origin":33122,"position":0},"title":"Shooting people #120.","author":"dpc","date":"9 juin 2016","format":false,"excerpt":"Le Point \u00c9ph\u00e9m\u00e8re, Paris, 16 avril. Stormy Coves","rel":"","context":"Dans &quot;Portraits&quot;","block_context":{"text":"Portraits","link":"https:\/\/www.wallendorff.com\/belogue\/category\/portraits\/"},"img":{"alt_text":"","src":"https:\/\/i0.wp.com\/www.wallendorff.com\/belogue\/wp-content\/uploads\/2016\/06\/20160609-04.jpg?resize=350%2C200&ssl=1","width":350,"height":200,"srcset":"https:\/\/i0.wp.com\/www.wallendorff.com\/belogue\/wp-content\/uploads\/2016\/06\/20160609-04.jpg?resize=350%2C200&ssl=1 1x, https:\/\/i0.wp.com\/www.wallendorff.com\/belogue\/wp-content\/uploads\/2016\/06\/20160609-04.jpg?resize=525%2C300&ssl=1 1.5x"},"classes":[]},{"id":32365,"url":"https:\/\/www.wallendorff.com\/belogue\/2016\/09\/30\/moi-je-le-point-ephemere-paris\/","url_meta":{"origin":33122,"position":1},"title":"Moi Je @ le Point \u00c9ph\u00e9m\u00e8re, Paris.","author":"dpc","date":"30 septembre 2016","format":false,"excerpt":"","rel":"","context":"Dans &quot;Alive&quot;","block_context":{"text":"Alive","link":"https:\/\/www.wallendorff.com\/belogue\/category\/alive\/"},"img":{"alt_text":"","src":"https:\/\/i0.wp.com\/www.wallendorff.com\/belogue\/wp-content\/uploads\/2016\/10\/20160930-05.jpg?resize=350%2C200&ssl=1","width":350,"height":200,"srcset":"https:\/\/i0.wp.com\/www.wallendorff.com\/belogue\/wp-content\/uploads\/2016\/10\/20160930-05.jpg?resize=350%2C200&ssl=1 1x, https:\/\/i0.wp.com\/www.wallendorff.com\/belogue\/wp-content\/uploads\/2016\/10\/20160930-05.jpg?resize=525%2C300&ssl=1 1.5x, https:\/\/i0.wp.com\/www.wallendorff.com\/belogue\/wp-content\/uploads\/2016\/10\/20160930-05.jpg?resize=700%2C400&ssl=1 2x"},"classes":[]},{"id":928,"url":"https:\/\/www.wallendorff.com\/belogue\/2007\/04\/05\/sharko-le-point-ephemere-paris\/","url_meta":{"origin":33122,"position":2},"title":"Sharko @ le Point \u00c9ph\u00e9m\u00e8re, Paris.","author":"dpc","date":"5 avril 2007","format":false,"excerpt":"Ik had een wortel kunnen eveneens fotograferen. AAAAAAAAAAAAAAAAAAAAAAAH *flaque*","rel":"","context":"Dans &quot;Alive&quot;","block_context":{"text":"Alive","link":"https:\/\/www.wallendorff.com\/belogue\/category\/alive\/"},"img":{"alt_text":"","src":"https:\/\/i0.wp.com\/www.wallendorff.com\/belogue\/wp-content\/uploads\/2015\/04\/200704051.jpg?resize=350%2C200&ssl=1","width":350,"height":200,"srcset":"https:\/\/i0.wp.com\/www.wallendorff.com\/belogue\/wp-content\/uploads\/2015\/04\/200704051.jpg?resize=350%2C200&ssl=1 1x, https:\/\/i0.wp.com\/www.wallendorff.com\/belogue\/wp-content\/uploads\/2015\/04\/200704051.jpg?resize=525%2C300&ssl=1 1.5x, https:\/\/i0.wp.com\/www.wallendorff.com\/belogue\/wp-content\/uploads\/2015\/04\/200704051.jpg?resize=700%2C400&ssl=1 2x"},"classes":[]},{"id":30562,"url":"https:\/\/www.wallendorff.com\/belogue\/2016\/03\/18\/balinger-le-point-ephemere-paris\/","url_meta":{"origin":33122,"position":3},"title":"Balinger @ le Point \u00c9ph\u00e9m\u00e8re, Paris.","author":"dpc","date":"18 mars 2016","format":false,"excerpt":"","rel":"","context":"Dans &quot;Alive&quot;","block_context":{"text":"Alive","link":"https:\/\/www.wallendorff.com\/belogue\/category\/alive\/"},"img":{"alt_text":"","src":"https:\/\/i0.wp.com\/www.wallendorff.com\/belogue\/wp-content\/uploads\/2016\/03\/20160318-22-1.jpg?resize=350%2C200&ssl=1","width":350,"height":200,"srcset":"https:\/\/i0.wp.com\/www.wallendorff.com\/belogue\/wp-content\/uploads\/2016\/03\/20160318-22-1.jpg?resize=350%2C200&ssl=1 1x, https:\/\/i0.wp.com\/www.wallendorff.com\/belogue\/wp-content\/uploads\/2016\/03\/20160318-22-1.jpg?resize=525%2C300&ssl=1 1.5x, https:\/\/i0.wp.com\/www.wallendorff.com\/belogue\/wp-content\/uploads\/2016\/03\/20160318-22-1.jpg?resize=700%2C400&ssl=1 2x"},"classes":[]},{"id":20635,"url":"https:\/\/www.wallendorff.com\/belogue\/2013\/03\/17\/the-men-le-point-ephemere-paris-14-mars\/","url_meta":{"origin":33122,"position":4},"title":"The Men @ le Point \u00c9ph\u00e9m\u00e8re, Paris, 14 mars.","author":"dpc","date":"17 mars 2013","format":false,"excerpt":"ElectricThe Men \u00a0","rel":"","context":"Dans &quot;Alive&quot;","block_context":{"text":"Alive","link":"https:\/\/www.wallendorff.com\/belogue\/category\/alive\/"},"img":{"alt_text":"","src":"https:\/\/i0.wp.com\/www.wallendorff.com\/belogue\/wp-content\/uploads\/2015\/04\/20130317.jpg?resize=350%2C200&ssl=1","width":350,"height":200,"srcset":"https:\/\/i0.wp.com\/www.wallendorff.com\/belogue\/wp-content\/uploads\/2015\/04\/20130317.jpg?resize=350%2C200&ssl=1 1x, https:\/\/i0.wp.com\/www.wallendorff.com\/belogue\/wp-content\/uploads\/2015\/04\/20130317.jpg?resize=525%2C300&ssl=1 1.5x, https:\/\/i0.wp.com\/www.wallendorff.com\/belogue\/wp-content\/uploads\/2015\/04\/20130317.jpg?resize=700%2C400&ssl=1 2x"},"classes":[]},{"id":41669,"url":"https:\/\/www.wallendorff.com\/belogue\/2019\/04\/25\/ron-gallo-le-point-ephemere-paris-24-avril-2019\/","url_meta":{"origin":33122,"position":5},"title":"Ron Gallo @ le Point \u00c9ph\u00e9m\u00e8re, Paris, 24 avril 2019.","author":"dpc","date":"25 avril 2019","format":false,"excerpt":"","rel":"","context":"Dans &quot;Alive&quot;","block_context":{"text":"Alive","link":"https:\/\/www.wallendorff.com\/belogue\/category\/alive\/"},"img":{"alt_text":"","src":"https:\/\/i0.wp.com\/www.wallendorff.com\/belogue\/wp-content\/uploads\/2019\/04\/20190425-08.jpg?resize=350%2C200&ssl=1","width":350,"height":200,"srcset":"https:\/\/i0.wp.com\/www.wallendorff.com\/belogue\/wp-content\/uploads\/2019\/04\/20190425-08.jpg?resize=350%2C200&ssl=1 1x, https:\/\/i0.wp.com\/www.wallendorff.com\/belogue\/wp-content\/uploads\/2019\/04\/20190425-08.jpg?resize=525%2C300&ssl=1 1.5x, https:\/\/i0.wp.com\/www.wallendorff.com\/belogue\/wp-content\/uploads\/2019\/04\/20190425-08.jpg?resize=700%2C400&ssl=1 2x, https:\/\/i0.wp.com\/www.wallendorff.com\/belogue\/wp-content\/uploads\/2019\/04\/20190425-08.jpg?resize=1050%2C600&ssl=1 3x"},"classes":[]}],"_links":{"self":[{"href":"https:\/\/www.wallendorff.com\/belogue\/wp-json\/wp\/v2\/posts\/33122","targetHints":{"allow":["GET"]}}],"collection":[{"href":"https:\/\/www.wallendorff.com\/belogue\/wp-json\/wp\/v2\/posts"}],"about":[{"href":"https:\/\/www.wallendorff.com\/belogue\/wp-json\/wp\/v2\/types\/post"}],"author":[{"embeddable":true,"href":"https:\/\/www.wallendorff.com\/belogue\/wp-json\/wp\/v2\/users\/1"}],"replies":[{"embeddable":true,"href":"https:\/\/www.wallendorff.com\/belogue\/wp-json\/wp\/v2\/comments?post=33122"}],"version-history":[{"count":1,"href":"https:\/\/www.wallendorff.com\/belogue\/wp-json\/wp\/v2\/posts\/33122\/revisions"}],"predecessor-version":[{"id":33124,"href":"https:\/\/www.wallendorff.com\/belogue\/wp-json\/wp\/v2\/posts\/33122\/revisions\/33124"}],"wp:featuredmedia":[{"embeddable":true,"href":"https:\/\/www.wallendorff.com\/belogue\/wp-json\/wp\/v2\/media\/33123"}],"wp:attachment":[{"href":"https:\/\/www.wallendorff.com\/belogue\/wp-json\/wp\/v2\/media?parent=33122"}],"wp:term":[{"taxonomy":"category","embeddable":true,"href":"https:\/\/www.wallendorff.com\/belogue\/wp-json\/wp\/v2\/categories?post=33122"},{"taxonomy":"post_tag","embeddable":true,"href":"https:\/\/www.wallendorff.com\/belogue\/wp-json\/wp\/v2\/tags?post=33122"}],"curies":[{"name":"wp","href":"https:\/\/api.w.org\/{rel}","templated":true}]}}