{"id":33111,"date":"2016-11-29T18:26:51","date_gmt":"2016-11-29T16:26:51","guid":{"rendered":"http:\/\/www.wallendorff.com\/belogue\/?p=33111"},"modified":"2018-05-23T08:03:34","modified_gmt":"2018-05-23T06:03:34","slug":"shooting-people-128","status":"publish","type":"post","link":"https:\/\/www.wallendorff.com\/belogue\/2016\/11\/29\/shooting-people-128\/","title":{"rendered":"Shooting people #128."},"content":{"rendered":"\n<div id=\"photo\">\n<p><img decoding=\"async\" src=\"https:\/\/www.wallendorff.com\/belogue\/photo\/galeries\/2016\/10\/20161007-archive\/20161129-05.jpg\"><br \/>\nCanal Factory, Boulogne-Billancourt, 7 octobre.<\/p>\n<\/p><\/div>\n<p style=\"text-align:right\"><em>Portrait illustrant <a href=\"http:\/\/www.soul-kitchen.fr\/71026-interview-archive\">l&rsquo;interview par No&eacute;mie Lambert &agrave; lire chez Soul Kitchen<\/a><\/em>.<\/p>\n<p  style=\"text-align:right\">18&nbsp;h 02.<\/p>\n<p>Pas facile de trouver un cadre calme et visuellement potable dans des coulisses de studio t&eacute;l&eacute;. Surtout quand les dits studios entament deux &eacute;missions en direct, diffus&eacute;es en m&ecirc;me temps. Surtout quand les dites coulisses sont en travaux. Surtout quand on t&rsquo;am&egrave;ne le groupe alors que tu en es encore &agrave; sortir ton mat&eacute;riel en te demandant si tout &ccedil;a ne va pas finir dans la zone fumeur, devant la porte des livraisons.<\/p>\n<p style=\"text-align:right\">Ma foi, on fera &ccedil;a dans la zone fumeur, devant la porte des livraisons.<\/p>\n<p>Ils sont charmants. Je les aligne de mani&egrave;re classique, puis tente un grand angle vertical, en contre-plong&eacute;e, avec l&rsquo;&eacute;chelle de secours en guise de point de fuite. Le r&eacute;sultat est affreux. De retour devant la porte, je les fais se mettre tour &agrave; tour au premier plan. Si le r&eacute;sultat est bon avec tout le monde, c&rsquo;est avec lui que &ccedil;&rsquo;a le plus de gueule. Je lui demande de s&rsquo;approcher puis fais le point sur les autres, parce que je viens de penser &agrave; <a href=\"http:\/\/static.canalblog.com\/storagev1\/policyoftruth.canalblog.com\/images\/photo_colourim_dm.jpg\">cette photo de Corbijn<\/a>. <\/p>\n<p style=\"text-align:right\">&Eacute;videmment, c&rsquo;est moins bien.<\/p>\n<p style=\"text-align:right\">Mais &ccedil;a ira quand m&ecirc;me.<\/p>\n<p style=\"text-align:right\">18&nbsp;h 11.<\/p>\n<div id='gallery-1' class='gallery galleryid-33111 gallery-columns-3 gallery-size-large'><figure class='gallery-item'>\n\t\t\t<div class='gallery-icon portrait'>\n\t\t\t\t<a href='https:\/\/www.wallendorff.com\/belogue\/2016\/11\/29\/shooting-people-128\/archive-canal-factory-boulogne-billancourt-07102016\/'><img fetchpriority=\"high\" decoding=\"async\" width=\"547\" height=\"820\" src=\"https:\/\/www.wallendorff.com\/belogue\/wp-content\/uploads\/2016\/11\/20161129-01.jpg\" class=\"attachment-large size-large\" alt=\"\" aria-describedby=\"gallery-1-33112\" srcset=\"https:\/\/www.wallendorff.com\/belogue\/wp-content\/uploads\/2016\/11\/20161129-01.jpg 547w, https:\/\/www.wallendorff.com\/belogue\/wp-content\/uploads\/2016\/11\/20161129-01-133x200.jpg 133w, https:\/\/www.wallendorff.com\/belogue\/wp-content\/uploads\/2016\/11\/20161129-01-200x300.jpg 200w, https:\/\/www.wallendorff.com\/belogue\/wp-content\/uploads\/2016\/11\/20161129-01-233x350.jpg 233w\" sizes=\"(max-width: 547px) 100vw, 547px\" \/><\/a>\n\t\t\t<\/div>\n\t\t\t\t<figcaption class='wp-caption-text gallery-caption' id='gallery-1-33112'>\n\t\t\t\tArchive, Canal Factory, Boulogne-Billancourt, 07\/10\/2016\n\t\t\t\t<\/figcaption><\/figure><figure class='gallery-item'>\n\t\t\t<div class='gallery-icon landscape'>\n\t\t\t\t<a href='https:\/\/www.wallendorff.com\/belogue\/2016\/11\/29\/shooting-people-128\/archive-canal-factory-boulogne-billancourt-07102016-2\/'><img decoding=\"async\" width=\"820\" height=\"547\" src=\"https:\/\/www.wallendorff.com\/belogue\/wp-content\/uploads\/2016\/11\/20161129-02.jpg\" class=\"attachment-large size-large\" alt=\"\" aria-describedby=\"gallery-1-33113\" srcset=\"https:\/\/www.wallendorff.com\/belogue\/wp-content\/uploads\/2016\/11\/20161129-02.jpg 820w, https:\/\/www.wallendorff.com\/belogue\/wp-content\/uploads\/2016\/11\/20161129-02-200x133.jpg 200w, https:\/\/www.wallendorff.com\/belogue\/wp-content\/uploads\/2016\/11\/20161129-02-300x200.jpg 300w, https:\/\/www.wallendorff.com\/belogue\/wp-content\/uploads\/2016\/11\/20161129-02-525x350.jpg 525w, https:\/\/www.wallendorff.com\/belogue\/wp-content\/uploads\/2016\/11\/20161129-02-600x400.jpg 600w\" sizes=\"(max-width: 820px) 100vw, 820px\" \/><\/a>\n\t\t\t<\/div>\n\t\t\t\t<figcaption class='wp-caption-text gallery-caption' id='gallery-1-33113'>\n\t\t\t\tArchive, Canal Factory, Boulogne-Billancourt, 07\/10\/2016\n\t\t\t\t<\/figcaption><\/figure><figure class='gallery-item'>\n\t\t\t<div class='gallery-icon landscape'>\n\t\t\t\t<a href='https:\/\/www.wallendorff.com\/belogue\/2016\/11\/29\/shooting-people-128\/archive-canal-factory-boulogne-billancourt-07102016-3\/'><img decoding=\"async\" width=\"820\" height=\"547\" src=\"https:\/\/www.wallendorff.com\/belogue\/wp-content\/uploads\/2016\/11\/20161129-03.jpg\" class=\"attachment-large size-large\" alt=\"\" aria-describedby=\"gallery-1-33114\" srcset=\"https:\/\/www.wallendorff.com\/belogue\/wp-content\/uploads\/2016\/11\/20161129-03.jpg 820w, https:\/\/www.wallendorff.com\/belogue\/wp-content\/uploads\/2016\/11\/20161129-03-200x133.jpg 200w, https:\/\/www.wallendorff.com\/belogue\/wp-content\/uploads\/2016\/11\/20161129-03-300x200.jpg 300w, https:\/\/www.wallendorff.com\/belogue\/wp-content\/uploads\/2016\/11\/20161129-03-525x350.jpg 525w, https:\/\/www.wallendorff.com\/belogue\/wp-content\/uploads\/2016\/11\/20161129-03-600x400.jpg 600w\" sizes=\"(max-width: 820px) 100vw, 820px\" \/><\/a>\n\t\t\t<\/div>\n\t\t\t\t<figcaption class='wp-caption-text gallery-caption' id='gallery-1-33114'>\n\t\t\t\tArchive, Canal Factory, Boulogne-Billancourt, 07\/10\/2016\n\t\t\t\t<\/figcaption><\/figure><figure class='gallery-item'>\n\t\t\t<div class='gallery-icon landscape'>\n\t\t\t\t<a href='https:\/\/www.wallendorff.com\/belogue\/2016\/11\/29\/shooting-people-128\/archive-canal-factory-boulogne-billancourt-07102016-4\/'><img loading=\"lazy\" decoding=\"async\" width=\"820\" height=\"461\" src=\"https:\/\/www.wallendorff.com\/belogue\/wp-content\/uploads\/2016\/11\/20161129-04.jpg\" class=\"attachment-large size-large\" alt=\"\" aria-describedby=\"gallery-1-33115\" srcset=\"https:\/\/www.wallendorff.com\/belogue\/wp-content\/uploads\/2016\/11\/20161129-04.jpg 820w, https:\/\/www.wallendorff.com\/belogue\/wp-content\/uploads\/2016\/11\/20161129-04-200x112.jpg 200w, https:\/\/www.wallendorff.com\/belogue\/wp-content\/uploads\/2016\/11\/20161129-04-300x169.jpg 300w, https:\/\/www.wallendorff.com\/belogue\/wp-content\/uploads\/2016\/11\/20161129-04-623x350.jpg 623w, https:\/\/www.wallendorff.com\/belogue\/wp-content\/uploads\/2016\/11\/20161129-04-600x337.jpg 600w\" sizes=\"(max-width: 820px) 100vw, 820px\" \/><\/a>\n\t\t\t<\/div>\n\t\t\t\t<figcaption class='wp-caption-text gallery-caption' id='gallery-1-33115'>\n\t\t\t\tArchive, Canal Factory, Boulogne-Billancourt, 07\/10\/2016\n\t\t\t\t<\/figcaption><\/figure><figure class='gallery-item'>\n\t\t\t<div class='gallery-icon landscape'>\n\t\t\t\t<a href='https:\/\/www.wallendorff.com\/belogue\/2016\/11\/29\/shooting-people-128\/archive-canal-factory-boulogne-billancourt-07102016-5\/'><img loading=\"lazy\" decoding=\"async\" width=\"820\" height=\"547\" src=\"https:\/\/www.wallendorff.com\/belogue\/wp-content\/uploads\/2016\/11\/20161129-05.jpg\" class=\"attachment-large size-large\" alt=\"\" aria-describedby=\"gallery-1-33116\" srcset=\"https:\/\/www.wallendorff.com\/belogue\/wp-content\/uploads\/2016\/11\/20161129-05.jpg 820w, https:\/\/www.wallendorff.com\/belogue\/wp-content\/uploads\/2016\/11\/20161129-05-200x133.jpg 200w, https:\/\/www.wallendorff.com\/belogue\/wp-content\/uploads\/2016\/11\/20161129-05-300x200.jpg 300w, https:\/\/www.wallendorff.com\/belogue\/wp-content\/uploads\/2016\/11\/20161129-05-525x350.jpg 525w, https:\/\/www.wallendorff.com\/belogue\/wp-content\/uploads\/2016\/11\/20161129-05-600x400.jpg 600w\" sizes=\"(max-width: 820px) 100vw, 820px\" \/><\/a>\n\t\t\t<\/div>\n\t\t\t\t<figcaption class='wp-caption-text gallery-caption' id='gallery-1-33116'>\n\t\t\t\tArchive, Canal Factory, Boulogne-Billancourt, 07\/10\/2016\n\t\t\t\t<\/figcaption><\/figure><figure class='gallery-item'>\n\t\t\t<div class='gallery-icon landscape'>\n\t\t\t\t<a href='https:\/\/www.wallendorff.com\/belogue\/2016\/11\/29\/shooting-people-128\/archive-canal-factory-boulogne-billancourt-07102016-6\/'><img loading=\"lazy\" decoding=\"async\" width=\"820\" height=\"547\" src=\"https:\/\/www.wallendorff.com\/belogue\/wp-content\/uploads\/2016\/11\/20161129-06.jpg\" class=\"attachment-large size-large\" alt=\"\" aria-describedby=\"gallery-1-33117\" srcset=\"https:\/\/www.wallendorff.com\/belogue\/wp-content\/uploads\/2016\/11\/20161129-06.jpg 820w, https:\/\/www.wallendorff.com\/belogue\/wp-content\/uploads\/2016\/11\/20161129-06-200x133.jpg 200w, https:\/\/www.wallendorff.com\/belogue\/wp-content\/uploads\/2016\/11\/20161129-06-300x200.jpg 300w, https:\/\/www.wallendorff.com\/belogue\/wp-content\/uploads\/2016\/11\/20161129-06-525x350.jpg 525w, https:\/\/www.wallendorff.com\/belogue\/wp-content\/uploads\/2016\/11\/20161129-06-600x400.jpg 600w\" sizes=\"(max-width: 820px) 100vw, 820px\" \/><\/a>\n\t\t\t<\/div>\n\t\t\t\t<figcaption class='wp-caption-text gallery-caption' id='gallery-1-33117'>\n\t\t\t\tArchive, Canal Factory, Boulogne-Billancourt, 07\/10\/2016\n\t\t\t\t<\/figcaption><\/figure><figure class='gallery-item'>\n\t\t\t<div class='gallery-icon portrait'>\n\t\t\t\t<a href='https:\/\/www.wallendorff.com\/belogue\/2016\/11\/29\/shooting-people-128\/archive-canal-factory-boulogne-billancourt-07102016-7\/'><img loading=\"lazy\" decoding=\"async\" width=\"547\" height=\"820\" src=\"https:\/\/www.wallendorff.com\/belogue\/wp-content\/uploads\/2016\/11\/20161129-07.jpg\" class=\"attachment-large size-large\" alt=\"\" aria-describedby=\"gallery-1-33118\" srcset=\"https:\/\/www.wallendorff.com\/belogue\/wp-content\/uploads\/2016\/11\/20161129-07.jpg 547w, https:\/\/www.wallendorff.com\/belogue\/wp-content\/uploads\/2016\/11\/20161129-07-133x200.jpg 133w, https:\/\/www.wallendorff.com\/belogue\/wp-content\/uploads\/2016\/11\/20161129-07-200x300.jpg 200w, https:\/\/www.wallendorff.com\/belogue\/wp-content\/uploads\/2016\/11\/20161129-07-233x350.jpg 233w\" sizes=\"(max-width: 547px) 100vw, 547px\" \/><\/a>\n\t\t\t<\/div>\n\t\t\t\t<figcaption class='wp-caption-text gallery-caption' id='gallery-1-33118'>\n\t\t\t\tArchive, Canal Factory, Boulogne-Billancourt, 07\/10\/2016\n\t\t\t\t<\/figcaption><\/figure>\n\t\t<\/div>\n\n","protected":false},"excerpt":{"rendered":"<p>Canal Factory, Boulogne-Billancourt, 7 octobre. Portrait illustrant l&rsquo;interview par No&eacute;mie Lambert &agrave; lire chez Soul Kitchen. 18&nbsp;h 02. Pas facile de trouver un cadre calme et visuellement potable dans des coulisses de studio t&eacute;l&eacute;. Surtout quand les dits studios entament deux &eacute;missions en direct, diffus&eacute;es en m&ecirc;me temps. Surtout quand les dites coulisses sont en&hellip;<\/p>\n","protected":false},"author":1,"featured_media":33120,"comment_status":"open","ping_status":"open","sticky":false,"template":"","format":"standard","meta":{"_acf_changed":false,"ngg_post_thumbnail":0,"jetpack_post_was_ever_published":false,"_jetpack_newsletter_access":"","_jetpack_dont_email_post_to_subs":false,"_jetpack_newsletter_tier_id":0,"_jetpack_memberships_contains_paywalled_content":false,"_jetpack_memberships_contains_paid_content":false,"footnotes":"","jetpack_publicize_message":"","jetpack_publicize_feature_enabled":true,"jetpack_social_post_already_shared":true,"jetpack_social_options":{"image_generator_settings":{"template":"highway","default_image_id":0,"font":"","enabled":false},"version":2}},"categories":[8],"tags":[10193,6419,4055,13481,2571,8170,8351,10120,10353,10121,13482,10272,13483],"class_list":["post-33111","post","type-post","status-publish","format-standard","has-post-thumbnail","hentry","category-portraits","tag-archive","tag-boulogne-billancourt","tag-canal","tag-canal-factory","tag-ef-16-35-mm-f28l-ii-usm","tag-ef-24-70-mm-f2-8l-ii-usm","tag-eos-6d","tag-france","tag-hauts-de-seine","tag-ile-de-france","tag-le-grand-journal","tag-portrait","tag-rue-de-silly"],"acf":[],"geo":{"latitude":48.841774,"longitude":2.2303104,"description":"Boulogne-Billancourt, \u00cele-de-France, 92100, FR"},"jetpack_publicize_connections":[],"jetpack_featured_media_url":"https:\/\/www.wallendorff.com\/belogue\/wp-content\/uploads\/2016\/11\/20161129-05-1.jpg","jetpack_shortlink":"https:\/\/wp.me\/p3b35P-8C3","jetpack_sharing_enabled":true,"jetpack-related-posts":[{"id":18870,"url":"https:\/\/www.wallendorff.com\/belogue\/2012\/09\/03\/not-even-gel\/","url_meta":{"origin":33111,"position":0},"title":"Not even gel.","author":"dpc","date":"3 septembre 2012","format":false,"excerpt":"Boulevard Jean-Jaur\u00e8s, Boulogne-Billancourt, 22 juin. Two Gallants \u2013 Sunday Souvenirs","rel":"","context":"Dans &quot;DPC&quot;","block_context":{"text":"DPC","link":"https:\/\/www.wallendorff.com\/belogue\/category\/dpc\/"},"img":{"alt_text":"","src":"https:\/\/i0.wp.com\/www.wallendorff.com\/belogue\/wp-content\/uploads\/2015\/04\/201209031.jpg?resize=350%2C200&ssl=1","width":350,"height":200},"classes":[]},{"id":21106,"url":"https:\/\/www.wallendorff.com\/belogue\/2013\/06\/10\/city-and-colour-le-cafe-de-la-danse-paris-7-juin\/","url_meta":{"origin":33111,"position":1},"title":"City and Colour @ le Caf\u00e9 de la Danse, Paris, 7 juin.","author":"dpc","date":"10 juin 2013","format":false,"excerpt":"J'ai chout\u00e9 Jack Lawrence 9 fois avec 5 groupes diff\u00e9rents au cours des 9 derni\u00e8res ann\u00e9es. Au del\u00e0 du fait qu'il est toujours bizarre de croiser p\u00e9riodiquement les m\u00eames gens dans des endroits diff\u00e9rents, de voir ces chemins de vie s'entrem\u00ealer furtivement \u2014\u00a0sur les 9 fois, nous ne nous sommes\u2026","rel":"","context":"Dans &quot;Alive&quot;","block_context":{"text":"Alive","link":"https:\/\/www.wallendorff.com\/belogue\/category\/alive\/"},"img":{"alt_text":"","src":"https:\/\/i0.wp.com\/www.wallendorff.com\/belogue\/wp-content\/uploads\/2015\/04\/20130610.jpg?resize=350%2C200&ssl=1","width":350,"height":200,"srcset":"https:\/\/i0.wp.com\/www.wallendorff.com\/belogue\/wp-content\/uploads\/2015\/04\/20130610.jpg?resize=350%2C200&ssl=1 1x, https:\/\/i0.wp.com\/www.wallendorff.com\/belogue\/wp-content\/uploads\/2015\/04\/20130610.jpg?resize=525%2C300&ssl=1 1.5x, https:\/\/i0.wp.com\/www.wallendorff.com\/belogue\/wp-content\/uploads\/2015\/04\/20130610.jpg?resize=700%2C400&ssl=1 2x"},"classes":[]},{"id":33866,"url":"https:\/\/www.wallendorff.com\/belogue\/2017\/04\/18\/a-quai\/","url_meta":{"origin":33111,"position":2},"title":"\u00c0 quai.","author":"dpc","date":"18 avril 2017","format":false,"excerpt":"Station Boulogne \u2013 Pont de Saint-Cloud, Boulogne-Billancourt, 9 mars. Day by Day Tall Ships","rel":"","context":"Dans &quot;DPC&quot;","block_context":{"text":"DPC","link":"https:\/\/www.wallendorff.com\/belogue\/category\/dpc\/"},"img":{"alt_text":"","src":"https:\/\/i0.wp.com\/www.wallendorff.com\/belogue\/wp-content\/uploads\/2017\/04\/20170418.jpg?resize=350%2C200&ssl=1","width":350,"height":200,"srcset":"https:\/\/i0.wp.com\/www.wallendorff.com\/belogue\/wp-content\/uploads\/2017\/04\/20170418.jpg?resize=350%2C200&ssl=1 1x, https:\/\/i0.wp.com\/www.wallendorff.com\/belogue\/wp-content\/uploads\/2017\/04\/20170418.jpg?resize=525%2C300&ssl=1 1.5x"},"classes":[]},{"id":21380,"url":"https:\/\/www.wallendorff.com\/belogue\/2013\/08\/01\/paleo-festival-nyon-jour-2\/","url_meta":{"origin":33111,"position":3},"title":"Pal\u00e9o Festival 2013, Nyon &#8211; jour 2","author":"dpc","date":"1 ao\u00fbt 2013","format":false,"excerpt":"Quand Arctic Monkeys sont apparus, je les ai vus tous les mois\u00a0: une interview chez Radio France, la Black Session qui allait avec, un Trabendo, un Bataclan puis une deuxi\u00e8me interview derri\u00e8re la sc\u00e8ne du chapiteau des Eurock\u00e9ennes. Et puis plus rien, pour des raisons\u00a0de calendriers incompatibles et de quelques\u2026","rel":"","context":"Dans &quot;Alive&quot;","block_context":{"text":"Alive","link":"https:\/\/www.wallendorff.com\/belogue\/category\/alive\/"},"img":{"alt_text":"","src":"https:\/\/i0.wp.com\/www.wallendorff.com\/belogue\/wp-content\/uploads\/2015\/04\/201308011.jpg?resize=350%2C200&ssl=1","width":350,"height":200,"srcset":"https:\/\/i0.wp.com\/www.wallendorff.com\/belogue\/wp-content\/uploads\/2015\/04\/201308011.jpg?resize=350%2C200&ssl=1 1x, https:\/\/i0.wp.com\/www.wallendorff.com\/belogue\/wp-content\/uploads\/2015\/04\/201308011.jpg?resize=525%2C300&ssl=1 1.5x, https:\/\/i0.wp.com\/www.wallendorff.com\/belogue\/wp-content\/uploads\/2015\/04\/201308011.jpg?resize=700%2C400&ssl=1 2x"},"classes":[]},{"id":1098,"url":"https:\/\/www.wallendorff.com\/belogue\/2007\/12\/03\/kl\/","url_meta":{"origin":33111,"position":4},"title":"Bloc Party.","author":"dpc","date":"3 d\u00e9cembre 2007","format":false,"excerpt":"Bloc Party, le Z\u00e9nith, 12 novembre. Y'a quand m\u00eame des jours o\u00f9, m\u00eame si tu y est entr\u00e9 grave \u00e0 la bourre, tu ressors de la fosse photo dans l'all\u00e9gresse et la folle envie de rouler des pelles au chanteur, au public, \u00e0 tout le groupe et surtout, surtout l'\u00e9clairagiste\u2026","rel":"","context":"Dans &quot;Alive&quot;","block_context":{"text":"Alive","link":"https:\/\/www.wallendorff.com\/belogue\/category\/alive\/"},"img":{"alt_text":"","src":"https:\/\/i0.wp.com\/www.wallendorff.com\/belogue\/wp-content\/uploads\/2015\/04\/200712031.jpg?resize=350%2C200&ssl=1","width":350,"height":200,"srcset":"https:\/\/i0.wp.com\/www.wallendorff.com\/belogue\/wp-content\/uploads\/2015\/04\/200712031.jpg?resize=350%2C200&ssl=1 1x, https:\/\/i0.wp.com\/www.wallendorff.com\/belogue\/wp-content\/uploads\/2015\/04\/200712031.jpg?resize=525%2C300&ssl=1 1.5x, https:\/\/i0.wp.com\/www.wallendorff.com\/belogue\/wp-content\/uploads\/2015\/04\/200712031.jpg?resize=700%2C400&ssl=1 2x"},"classes":[]},{"id":4671,"url":"https:\/\/www.wallendorff.com\/belogue\/2009\/09\/08\/coldplay-parc-des-princes-paris\/","url_meta":{"origin":33111,"position":5},"title":"Coldplay @ Parc des Princes, Paris.","author":"dpc","date":"8 septembre 2009","format":false,"excerpt":"\u00a0 Coldplay \u2013 Life in Technicolor II (histoire de vous mettre dans l'ambiance) Notes pour plus tard\u00a0: Quand point le pressentiment qu'y aller avec deux bo\u00eetiers, ce serait une bonne id\u00e9e\u00a0: y aller avec deux bo\u00eetiers. \u00c7a \u00e9vite les changements f\u00e9briles d'objectifs qui risquent de te faire louper l'avanc\u00e9e de\u2026","rel":"","context":"Dans &quot;Alive&quot;","block_context":{"text":"Alive","link":"https:\/\/www.wallendorff.com\/belogue\/category\/alive\/"},"img":{"alt_text":"","src":"https:\/\/i0.wp.com\/www.wallendorff.com\/belogue\/wp-content\/uploads\/2015\/04\/200909081.jpg?resize=350%2C200&ssl=1","width":350,"height":200,"srcset":"https:\/\/i0.wp.com\/www.wallendorff.com\/belogue\/wp-content\/uploads\/2015\/04\/200909081.jpg?resize=350%2C200&ssl=1 1x, https:\/\/i0.wp.com\/www.wallendorff.com\/belogue\/wp-content\/uploads\/2015\/04\/200909081.jpg?resize=525%2C300&ssl=1 1.5x, https:\/\/i0.wp.com\/www.wallendorff.com\/belogue\/wp-content\/uploads\/2015\/04\/200909081.jpg?resize=700%2C400&ssl=1 2x"},"classes":[]}],"_links":{"self":[{"href":"https:\/\/www.wallendorff.com\/belogue\/wp-json\/wp\/v2\/posts\/33111","targetHints":{"allow":["GET"]}}],"collection":[{"href":"https:\/\/www.wallendorff.com\/belogue\/wp-json\/wp\/v2\/posts"}],"about":[{"href":"https:\/\/www.wallendorff.com\/belogue\/wp-json\/wp\/v2\/types\/post"}],"author":[{"embeddable":true,"href":"https:\/\/www.wallendorff.com\/belogue\/wp-json\/wp\/v2\/users\/1"}],"replies":[{"embeddable":true,"href":"https:\/\/www.wallendorff.com\/belogue\/wp-json\/wp\/v2\/comments?post=33111"}],"version-history":[{"count":1,"href":"https:\/\/www.wallendorff.com\/belogue\/wp-json\/wp\/v2\/posts\/33111\/revisions"}],"predecessor-version":[{"id":33119,"href":"https:\/\/www.wallendorff.com\/belogue\/wp-json\/wp\/v2\/posts\/33111\/revisions\/33119"}],"wp:featuredmedia":[{"embeddable":true,"href":"https:\/\/www.wallendorff.com\/belogue\/wp-json\/wp\/v2\/media\/33120"}],"wp:attachment":[{"href":"https:\/\/www.wallendorff.com\/belogue\/wp-json\/wp\/v2\/media?parent=33111"}],"wp:term":[{"taxonomy":"category","embeddable":true,"href":"https:\/\/www.wallendorff.com\/belogue\/wp-json\/wp\/v2\/categories?post=33111"},{"taxonomy":"post_tag","embeddable":true,"href":"https:\/\/www.wallendorff.com\/belogue\/wp-json\/wp\/v2\/tags?post=33111"}],"curies":[{"name":"wp","href":"https:\/\/api.w.org\/{rel}","templated":true}]}}