{"id":331,"date":"2005-06-29T09:41:16","date_gmt":"2005-06-29T09:41:16","guid":{"rendered":"http:\/\/www.po-l.com\/wordpress\/?p=331"},"modified":"2012-05-16T09:53:43","modified_gmt":"2012-05-16T07:53:43","slug":"beates-risses-d-halle","status":"publish","type":"post","link":"https:\/\/www.wallendorff.com\/belogue\/2005\/06\/29\/beates-risses-d-halle\/","title":{"rendered":"B&eacute;ates risses&sup1; d&rsquo;halle."},"content":{"rendered":"<div id=\"photo\">\n<p><img decoding=\"async\" src=\"http:\/\/www.po-L.com\/belogue\/photo\/2005\/06\/20050629.jpg\" \/><br \/>\n&Eacute;glise St-&Eacute;tienne<sup>2<\/sup>, St-&Eacute;tienne<sup>3<\/sup>, 25 juin.<\/p>\n<\/div>\n<p style=\"text-align:right\">&quot;<em>We are waiting<br \/>\n    For the summer<br \/>\n    The sun will bring back<br \/>\n    Treasures for us<\/em>&quot;<\/p>\n<p>\/Edit&nbsp;: Je viens de r&eacute;aliser que le h de &quot;halle&quot; est aspir&eacute;. Une telle erreur de ma part est impardonnable. Je me flagellerai ce soir &agrave; grands coups d&rsquo;orties urticantes.<\/p>\n<p>_______<\/p>\n<div id=\"bas_note\">\n<p><sup>1<\/sup> Risse&nbsp;: Oiseau palmip&egrave;de gris cendr&eacute;, proche de la mouette. <i>Les risses sont des mouettes &agrave; pouce tr&egrave;s r&eacute;duit et paraissant n&rsquo;avoir que trois doigts<\/i> (<i>Nouv. Lar. ill.<\/i>). En l&rsquo;occurence, l&agrave;, les risses en question sont embuscad&eacute;es derri&egrave;re la porte, attendant patiemment le passage du banc de merlus que leur a d&eacute;voil&eacute; un Yvan le Go&eacute;land un peu trop bavard apr&egrave;s trois Ricard<sup>&reg;<\/sup>, hier soir, dans les poubelles de la cri&eacute;e du port du Guilvinec.<\/p>\n<p><sup>2<\/sup> Allez, allez, allez.<\/p>\n<p><sup>3<\/sup> Allez, allez, allez.<\/p>\n<\/div>\n<div id=\"bandeson\">\n<p><img decoding=\"async\" src=\"https:\/\/www.wallendorff.com\/belogue\/photo\/pochettes\/h\/harvey_pj-uh_huh_her.jpg\" align=\"left\" \/>&nbsp;<a href=\"http:\/\/www.pjharvey.net\/\">PJ Harvey<\/a> &ndash; <em>You Come Through<\/em><\/p>\n<\/div>\n","protected":false},"excerpt":{"rendered":"<p>&Eacute;glise St-&Eacute;tienne2, St-&Eacute;tienne3, 25 juin. &quot;We are waiting For the summer The sun will bring back Treasures for us&quot; \/Edit&nbsp;: Je viens de r&eacute;aliser que le h de &quot;halle&quot; est aspir&eacute;. Une telle erreur de ma part est impardonnable. Je me flagellerai ce soir &agrave; grands coups d&rsquo;orties urticantes. _______ 1 Risse&nbsp;: Oiseau palmip&egrave;de gris&hellip;<\/p>\n","protected":false},"author":1,"featured_media":24271,"comment_status":"open","ping_status":"open","sticky":false,"template":"","format":"standard","meta":{"_acf_changed":false,"ngg_post_thumbnail":0,"jetpack_post_was_ever_published":false,"_jetpack_newsletter_access":"","_jetpack_dont_email_post_to_subs":false,"_jetpack_newsletter_tier_id":0,"_jetpack_memberships_contains_paywalled_content":false,"_jetpack_memberships_contains_paid_content":false,"footnotes":"","jetpack_publicize_message":"","jetpack_publicize_feature_enabled":true,"jetpack_social_post_already_shared":false,"jetpack_social_options":{"image_generator_settings":{"template":"highway","default_image_id":0,"font":"","enabled":false},"version":2}},"categories":[3],"tags":[132,10630,10238,10249,10120,1096,143,10180,10305,10293,1094,173,10692,1095],"class_list":["post-331","post","type-post","status-publish","format-standard","has-post-thumbnail","hentry","category-dpc","tag-eos-20d","tag-carrelage","tag-eglise","tag-francais","tag-france","tag-loire","tag-noir-et-blanc","tag-pj-harvey","tag-porte","tag-rhone-alpes","tag-saint-etienne","tag-sigma-28-70-mm-f28-dg-ex","tag-vitrail","tag-you-come-through"],"acf":[],"geo":{"latitude":45.4355736,"longitude":4.3920312,"description":"Rue Dormand, 42000 Saint-\u00c9tienne, France"},"jetpack_publicize_connections":[],"jetpack_featured_media_url":"https:\/\/www.wallendorff.com\/belogue\/wp-content\/uploads\/2015\/04\/200506291.jpg","jetpack_shortlink":"https:\/\/wp.me\/p3b35P-5l","jetpack_sharing_enabled":true,"jetpack-related-posts":[{"id":3154,"url":"https:\/\/www.wallendorff.com\/belogue\/2008\/08\/26\/begue-ont-verbes-et-gonds-jaunes1\/","url_meta":{"origin":331,"position":0},"title":"B\u00e8gue ont verbes et gonds jaunes1.","author":"dpc","date":"26 ao\u00fbt 2008","format":false,"excerpt":"Notre-Dame2, Paris, 24 juillet. The National \u2013 Racing Like a Pro J'aimerais bien savoir pourquoi, depuis toutes ces ann\u00e9es, \u00e0 chaque fois que je r\u00e8gle \u00e0 la souris \u2013\u00a0donc \u00e0 la louche\u00a0\u2013 l'opacit\u00e9 d'un calque Photoshop il faut que je tombe sur 69%. _____ 1 Pfff un titre pareil va\u2026","rel":"","context":"Dans &quot;DPC&quot;","block_context":{"text":"DPC","link":"https:\/\/www.wallendorff.com\/belogue\/category\/dpc\/"},"img":{"alt_text":"","src":"https:\/\/i0.wp.com\/www.wallendorff.com\/belogue\/wp-content\/uploads\/2015\/04\/200808261.jpg?resize=350%2C200&ssl=1","width":350,"height":200},"classes":[]},{"id":33111,"url":"https:\/\/www.wallendorff.com\/belogue\/2016\/11\/29\/shooting-people-128\/","url_meta":{"origin":331,"position":1},"title":"Shooting people #128.","author":"dpc","date":"29 novembre 2016","format":false,"excerpt":"Canal Factory, Boulogne-Billancourt, 7 octobre. Portrait illustrant l\u2019interview par No\u00e9mie Lambert \u00e0 lire chez Soul Kitchen. 18\u00a0h 02. Pas facile de trouver un cadre calme et visuellement potable dans des coulisses de studio t\u00e9l\u00e9. Surtout quand les dits studios entament deux \u00e9missions en direct, diffus\u00e9es en m\u00eame temps. Surtout quand\u2026","rel":"","context":"Dans &quot;Portraits&quot;","block_context":{"text":"Portraits","link":"https:\/\/www.wallendorff.com\/belogue\/category\/portraits\/"},"img":{"alt_text":"","src":"https:\/\/i0.wp.com\/www.wallendorff.com\/belogue\/wp-content\/uploads\/2016\/11\/20161129-05-1.jpg?resize=350%2C200&ssl=1","width":350,"height":200,"srcset":"https:\/\/i0.wp.com\/www.wallendorff.com\/belogue\/wp-content\/uploads\/2016\/11\/20161129-05-1.jpg?resize=350%2C200&ssl=1 1x, https:\/\/i0.wp.com\/www.wallendorff.com\/belogue\/wp-content\/uploads\/2016\/11\/20161129-05-1.jpg?resize=525%2C300&ssl=1 1.5x, https:\/\/i0.wp.com\/www.wallendorff.com\/belogue\/wp-content\/uploads\/2016\/11\/20161129-05-1.jpg?resize=700%2C400&ssl=1 2x"},"classes":[]},{"id":454,"url":"https:\/\/www.wallendorff.com\/belogue\/2005\/02\/27\/toute-porte-a-croix-re\/","url_meta":{"origin":331,"position":2},"title":"[Toute] porte [a] croix [re].","author":"dpc","date":"27 f\u00e9vrier 2005","format":false,"excerpt":"Ferdinand St., D\u00e9troit, 15 f\u00e9vrier. [Pas le no 1203, un peu plus loin, vers le 1800]1 Cette photo sera la derni\u00e8re de D\u00e9troit sur ce bel\u00f6gue. \u00c0 moins d'un Previsouly Unreleased ou autre chose, bien s\u00fbr. Ou d'une nouvelle expatriation, parce qu'on sait jamais. Enfin pour ce qui est de\u2026","rel":"","context":"Dans &quot;DPC&quot;","block_context":{"text":"DPC","link":"https:\/\/www.wallendorff.com\/belogue\/category\/dpc\/"},"img":{"alt_text":"","src":"https:\/\/i0.wp.com\/www.wallendorff.com\/belogue\/wp-content\/uploads\/2015\/04\/20050227-011.jpg?resize=350%2C200&ssl=1","width":350,"height":200},"classes":[]},{"id":9701,"url":"https:\/\/www.wallendorff.com\/belogue\/2010\/10\/22\/odieux-crea-linfame\/","url_meta":{"origin":331,"position":3},"title":"Odieux cr\u00e9a l&rsquo;inf\u00e2me.","author":"dpc","date":"22 octobre 2010","format":false,"excerpt":"Svartensgatan, Stockholm, 28 ao\u00fbt. Je n'ai jamais su si ce qui m'\u00e9nerve le plus dans les textes de Nicola Sirkis, ce sont\u00a0: Les fautes de fran\u00e7ais. Les phrases qui commencent par \u00ab\u00a0moi je\u00a0\u00bb. Ou les deux en m\u00eame temps. The Black Angels \u2013 River of Blood","rel":"","context":"Dans &quot;DPC&quot;","block_context":{"text":"DPC","link":"https:\/\/www.wallendorff.com\/belogue\/category\/dpc\/"},"img":{"alt_text":"","src":"https:\/\/i0.wp.com\/www.wallendorff.com\/belogue\/wp-content\/uploads\/2015\/04\/201010221.jpg?resize=350%2C200&ssl=1","width":350,"height":200},"classes":[]},{"id":9637,"url":"https:\/\/www.wallendorff.com\/belogue\/2010\/10\/11\/peu-noie-chaises\/","url_meta":{"origin":331,"position":4},"title":"Peu noie chaises.","author":"dpc","date":"11 octobre 2010","format":false,"excerpt":"\u00c9glise Saint-Sulpice, Paris, 21 ao\u00fbt. Ah et sans vouloir pol\u00e9miquer, Je tiens \u00e0 dire qu'il est quand m\u00eame curieux d'interdire l'expo de Larry Clark aux mineurs chiliens alors qu'on sait tr\u00e8s bien que le jour o\u00f9 ils sortiront, les mineurs chiliens, ils pr\u00e9f\u00e8reront aller boire des bi\u00e8res au bar de\u2026","rel":"","context":"Dans &quot;DPC&quot;","block_context":{"text":"DPC","link":"https:\/\/www.wallendorff.com\/belogue\/category\/dpc\/"},"img":{"alt_text":"","src":"https:\/\/i0.wp.com\/www.wallendorff.com\/belogue\/wp-content\/uploads\/2015\/04\/201010111.jpg?resize=350%2C200&ssl=1","width":350,"height":200},"classes":[]},{"id":32070,"url":"https:\/\/www.wallendorff.com\/belogue\/2016\/07\/31\/juillet-2016\/","url_meta":{"origin":331,"position":5},"title":"Juillet 2016","author":"dpc","date":"31 juillet 2016","format":false,"excerpt":"Une bi\u00e8re, un festival, un photographe, un ponton, des photographes, un verre, un festival, une bi\u00e8re, un chat pr\u00e9nomm\u00e9 Schublig, un balcon, un trou, un festival, un enregistrement, un vol de walkyries, un bar, un concert, un d\u00e9fil\u00e9, une bi\u00e8re, des photographes, un festival, un saut, des croissants, une bi\u00e8re,\u2026","rel":"","context":"Dans &quot;Blog-note&quot;","block_context":{"text":"Blog-note","link":"https:\/\/www.wallendorff.com\/belogue\/category\/blog-note\/"},"img":{"alt_text":"","src":"https:\/\/i0.wp.com\/www.wallendorff.com\/belogue\/wp-content\/uploads\/2016\/08\/20160817-78-1.jpg?resize=350%2C200&ssl=1","width":350,"height":200,"srcset":"https:\/\/i0.wp.com\/www.wallendorff.com\/belogue\/wp-content\/uploads\/2016\/08\/20160817-78-1.jpg?resize=350%2C200&ssl=1 1x, https:\/\/i0.wp.com\/www.wallendorff.com\/belogue\/wp-content\/uploads\/2016\/08\/20160817-78-1.jpg?resize=525%2C300&ssl=1 1.5x, https:\/\/i0.wp.com\/www.wallendorff.com\/belogue\/wp-content\/uploads\/2016\/08\/20160817-78-1.jpg?resize=700%2C400&ssl=1 2x"},"classes":[]}],"_links":{"self":[{"href":"https:\/\/www.wallendorff.com\/belogue\/wp-json\/wp\/v2\/posts\/331","targetHints":{"allow":["GET"]}}],"collection":[{"href":"https:\/\/www.wallendorff.com\/belogue\/wp-json\/wp\/v2\/posts"}],"about":[{"href":"https:\/\/www.wallendorff.com\/belogue\/wp-json\/wp\/v2\/types\/post"}],"author":[{"embeddable":true,"href":"https:\/\/www.wallendorff.com\/belogue\/wp-json\/wp\/v2\/users\/1"}],"replies":[{"embeddable":true,"href":"https:\/\/www.wallendorff.com\/belogue\/wp-json\/wp\/v2\/comments?post=331"}],"version-history":[{"count":1,"href":"https:\/\/www.wallendorff.com\/belogue\/wp-json\/wp\/v2\/posts\/331\/revisions"}],"predecessor-version":[{"id":17324,"href":"https:\/\/www.wallendorff.com\/belogue\/wp-json\/wp\/v2\/posts\/331\/revisions\/17324"}],"wp:featuredmedia":[{"embeddable":true,"href":"https:\/\/www.wallendorff.com\/belogue\/wp-json\/wp\/v2\/media\/24271"}],"wp:attachment":[{"href":"https:\/\/www.wallendorff.com\/belogue\/wp-json\/wp\/v2\/media?parent=331"}],"wp:term":[{"taxonomy":"category","embeddable":true,"href":"https:\/\/www.wallendorff.com\/belogue\/wp-json\/wp\/v2\/categories?post=331"},{"taxonomy":"post_tag","embeddable":true,"href":"https:\/\/www.wallendorff.com\/belogue\/wp-json\/wp\/v2\/tags?post=331"}],"curies":[{"name":"wp","href":"https:\/\/api.w.org\/{rel}","templated":true}]}}