{"id":33021,"date":"2016-11-21T17:12:55","date_gmt":"2016-11-21T15:12:55","guid":{"rendered":"http:\/\/www.wallendorff.com\/belogue\/?p=33021"},"modified":"2018-05-23T08:03:35","modified_gmt":"2018-05-23T06:03:35","slug":"festival-des-inrocks-2016-jour-2","status":"publish","type":"post","link":"https:\/\/www.wallendorff.com\/belogue\/2016\/11\/21\/festival-des-inrocks-2016-jour-2\/","title":{"rendered":"Festival des Inrocks 2016, jour 2."},"content":{"rendered":"\n<div id=\"photo\">\n<p><img decoding=\"async\" src=\"https:\/\/www.wallendorff.com\/belogue\/photo\/galeries\/2016\/11\/201611193-jm\/20161120-24.jpg\"><\/p>\n<\/p><\/div>\n<h2>Keep Dancing Inc<\/h2>\n<div id='gallery-1' class='gallery galleryid-33021 gallery-columns-3 gallery-size-medium'><figure class='gallery-item'>\n\t\t\t<div class='gallery-icon landscape'>\n\t\t\t\t<a href='https:\/\/www.wallendorff.com\/belogue\/2016\/11\/21\/festival-des-inrocks-2016-jour-2\/keep-dancing-inc-festival-des-inrocks-la-boule-noire-paris-18112016\/'><img fetchpriority=\"high\" decoding=\"async\" width=\"300\" height=\"200\" src=\"https:\/\/www.wallendorff.com\/belogue\/wp-content\/uploads\/2016\/11\/20161120-01-300x200.jpg\" class=\"attachment-medium size-medium\" alt=\"\" aria-describedby=\"gallery-1-33022\" srcset=\"https:\/\/www.wallendorff.com\/belogue\/wp-content\/uploads\/2016\/11\/20161120-01-300x200.jpg 300w, https:\/\/www.wallendorff.com\/belogue\/wp-content\/uploads\/2016\/11\/20161120-01-200x133.jpg 200w, https:\/\/www.wallendorff.com\/belogue\/wp-content\/uploads\/2016\/11\/20161120-01-525x350.jpg 525w, https:\/\/www.wallendorff.com\/belogue\/wp-content\/uploads\/2016\/11\/20161120-01-600x400.jpg 600w, https:\/\/www.wallendorff.com\/belogue\/wp-content\/uploads\/2016\/11\/20161120-01.jpg 820w\" sizes=\"(max-width: 300px) 100vw, 300px\" \/><\/a>\n\t\t\t<\/div>\n\t\t\t\t<figcaption class='wp-caption-text gallery-caption' id='gallery-1-33022'>\n\t\t\t\tKeep Dancing Inc @ Festival des Inrocks, la Boule Noire, Paris, 18\/11\/2016\n\t\t\t\t<\/figcaption><\/figure><figure class='gallery-item'>\n\t\t\t<div class='gallery-icon landscape'>\n\t\t\t\t<a href='https:\/\/www.wallendorff.com\/belogue\/2016\/11\/21\/festival-des-inrocks-2016-jour-2\/keep-dancing-inc-festival-des-inrocks-la-boule-noire-paris-18112016-2\/'><img decoding=\"async\" width=\"300\" height=\"200\" src=\"https:\/\/www.wallendorff.com\/belogue\/wp-content\/uploads\/2016\/11\/20161120-02-300x200.jpg\" class=\"attachment-medium size-medium\" alt=\"\" aria-describedby=\"gallery-1-33023\" srcset=\"https:\/\/www.wallendorff.com\/belogue\/wp-content\/uploads\/2016\/11\/20161120-02-300x200.jpg 300w, https:\/\/www.wallendorff.com\/belogue\/wp-content\/uploads\/2016\/11\/20161120-02-200x133.jpg 200w, https:\/\/www.wallendorff.com\/belogue\/wp-content\/uploads\/2016\/11\/20161120-02-525x350.jpg 525w, https:\/\/www.wallendorff.com\/belogue\/wp-content\/uploads\/2016\/11\/20161120-02-600x400.jpg 600w, https:\/\/www.wallendorff.com\/belogue\/wp-content\/uploads\/2016\/11\/20161120-02.jpg 820w\" sizes=\"(max-width: 300px) 100vw, 300px\" \/><\/a>\n\t\t\t<\/div>\n\t\t\t\t<figcaption class='wp-caption-text gallery-caption' id='gallery-1-33023'>\n\t\t\t\tKeep Dancing Inc @ Festival des Inrocks, la Boule Noire, Paris, 18\/11\/2016\n\t\t\t\t<\/figcaption><\/figure><figure class='gallery-item'>\n\t\t\t<div class='gallery-icon landscape'>\n\t\t\t\t<a href='https:\/\/www.wallendorff.com\/belogue\/2016\/11\/21\/festival-des-inrocks-2016-jour-2\/keep-dancing-inc-festival-des-inrocks-la-boule-noire-paris-18112016-3\/'><img decoding=\"async\" width=\"300\" height=\"200\" src=\"https:\/\/www.wallendorff.com\/belogue\/wp-content\/uploads\/2016\/11\/20161120-03-300x200.jpg\" class=\"attachment-medium size-medium\" alt=\"\" aria-describedby=\"gallery-1-33024\" srcset=\"https:\/\/www.wallendorff.com\/belogue\/wp-content\/uploads\/2016\/11\/20161120-03-300x200.jpg 300w, https:\/\/www.wallendorff.com\/belogue\/wp-content\/uploads\/2016\/11\/20161120-03-200x133.jpg 200w, https:\/\/www.wallendorff.com\/belogue\/wp-content\/uploads\/2016\/11\/20161120-03-525x350.jpg 525w, https:\/\/www.wallendorff.com\/belogue\/wp-content\/uploads\/2016\/11\/20161120-03-600x400.jpg 600w, https:\/\/www.wallendorff.com\/belogue\/wp-content\/uploads\/2016\/11\/20161120-03.jpg 820w\" sizes=\"(max-width: 300px) 100vw, 300px\" \/><\/a>\n\t\t\t<\/div>\n\t\t\t\t<figcaption class='wp-caption-text gallery-caption' id='gallery-1-33024'>\n\t\t\t\tKeep Dancing Inc @ Festival des Inrocks, la Boule Noire, Paris, 18\/11\/2016\n\t\t\t\t<\/figcaption><\/figure><figure class='gallery-item'>\n\t\t\t<div class='gallery-icon landscape'>\n\t\t\t\t<a href='https:\/\/www.wallendorff.com\/belogue\/2016\/11\/21\/festival-des-inrocks-2016-jour-2\/keep-dancing-inc-festival-des-inrocks-la-boule-noire-paris-18112016-4\/'><img loading=\"lazy\" decoding=\"async\" width=\"300\" height=\"200\" src=\"https:\/\/www.wallendorff.com\/belogue\/wp-content\/uploads\/2016\/11\/20161120-04-300x200.jpg\" class=\"attachment-medium size-medium\" alt=\"\" aria-describedby=\"gallery-1-33025\" srcset=\"https:\/\/www.wallendorff.com\/belogue\/wp-content\/uploads\/2016\/11\/20161120-04-300x200.jpg 300w, https:\/\/www.wallendorff.com\/belogue\/wp-content\/uploads\/2016\/11\/20161120-04-200x133.jpg 200w, https:\/\/www.wallendorff.com\/belogue\/wp-content\/uploads\/2016\/11\/20161120-04-525x350.jpg 525w, https:\/\/www.wallendorff.com\/belogue\/wp-content\/uploads\/2016\/11\/20161120-04-600x400.jpg 600w, https:\/\/www.wallendorff.com\/belogue\/wp-content\/uploads\/2016\/11\/20161120-04.jpg 820w\" sizes=\"(max-width: 300px) 100vw, 300px\" \/><\/a>\n\t\t\t<\/div>\n\t\t\t\t<figcaption class='wp-caption-text gallery-caption' id='gallery-1-33025'>\n\t\t\t\tKeep Dancing Inc @ Festival des Inrocks, la Boule Noire, Paris, 18\/11\/2016\n\t\t\t\t<\/figcaption><\/figure><figure class='gallery-item'>\n\t\t\t<div class='gallery-icon landscape'>\n\t\t\t\t<a href='https:\/\/www.wallendorff.com\/belogue\/2016\/11\/21\/festival-des-inrocks-2016-jour-2\/keep-dancing-inc-festival-des-inrocks-la-boule-noire-paris-18112016-5\/'><img loading=\"lazy\" decoding=\"async\" width=\"300\" height=\"200\" src=\"https:\/\/www.wallendorff.com\/belogue\/wp-content\/uploads\/2016\/11\/20161120-05-300x200.jpg\" class=\"attachment-medium size-medium\" alt=\"\" aria-describedby=\"gallery-1-33026\" srcset=\"https:\/\/www.wallendorff.com\/belogue\/wp-content\/uploads\/2016\/11\/20161120-05-300x200.jpg 300w, https:\/\/www.wallendorff.com\/belogue\/wp-content\/uploads\/2016\/11\/20161120-05-200x133.jpg 200w, https:\/\/www.wallendorff.com\/belogue\/wp-content\/uploads\/2016\/11\/20161120-05-525x350.jpg 525w, https:\/\/www.wallendorff.com\/belogue\/wp-content\/uploads\/2016\/11\/20161120-05-600x400.jpg 600w, https:\/\/www.wallendorff.com\/belogue\/wp-content\/uploads\/2016\/11\/20161120-05.jpg 820w\" sizes=\"(max-width: 300px) 100vw, 300px\" \/><\/a>\n\t\t\t<\/div>\n\t\t\t\t<figcaption class='wp-caption-text gallery-caption' id='gallery-1-33026'>\n\t\t\t\tKeep Dancing Inc @ Festival des Inrocks, la Boule Noire, Paris, 18\/11\/2016\n\t\t\t\t<\/figcaption><\/figure>\n\t\t<\/div>\n\n<h2>RAT BOY<\/h2>\n<div id='gallery-2' class='gallery galleryid-33021 gallery-columns-3 gallery-size-medium'><figure class='gallery-item'>\n\t\t\t<div class='gallery-icon landscape'>\n\t\t\t\t<a href='https:\/\/www.wallendorff.com\/belogue\/2016\/11\/21\/festival-des-inrocks-2016-jour-2\/rat-boy-festival-des-inrocks-la-cigale-paris-19112016\/'><img loading=\"lazy\" decoding=\"async\" width=\"300\" height=\"200\" src=\"https:\/\/www.wallendorff.com\/belogue\/wp-content\/uploads\/2016\/11\/20161120-06-300x200.jpg\" class=\"attachment-medium size-medium\" alt=\"\" aria-describedby=\"gallery-2-33027\" srcset=\"https:\/\/www.wallendorff.com\/belogue\/wp-content\/uploads\/2016\/11\/20161120-06-300x200.jpg 300w, https:\/\/www.wallendorff.com\/belogue\/wp-content\/uploads\/2016\/11\/20161120-06-200x133.jpg 200w, https:\/\/www.wallendorff.com\/belogue\/wp-content\/uploads\/2016\/11\/20161120-06-525x350.jpg 525w, https:\/\/www.wallendorff.com\/belogue\/wp-content\/uploads\/2016\/11\/20161120-06-600x400.jpg 600w, https:\/\/www.wallendorff.com\/belogue\/wp-content\/uploads\/2016\/11\/20161120-06.jpg 820w\" sizes=\"(max-width: 300px) 100vw, 300px\" \/><\/a>\n\t\t\t<\/div>\n\t\t\t\t<figcaption class='wp-caption-text gallery-caption' id='gallery-2-33027'>\n\t\t\t\tRat Boy @ Festival des Inrocks, la Cigale, Paris, 19\/11\/2016\n\t\t\t\t<\/figcaption><\/figure><figure class='gallery-item'>\n\t\t\t<div class='gallery-icon portrait'>\n\t\t\t\t<a href='https:\/\/www.wallendorff.com\/belogue\/2016\/11\/21\/festival-des-inrocks-2016-jour-2\/rat-boy-festival-des-inrocks-la-cigale-paris-19112016-2\/'><img loading=\"lazy\" decoding=\"async\" width=\"200\" height=\"300\" src=\"https:\/\/www.wallendorff.com\/belogue\/wp-content\/uploads\/2016\/11\/20161120-07-200x300.jpg\" class=\"attachment-medium size-medium\" alt=\"\" aria-describedby=\"gallery-2-33028\" srcset=\"https:\/\/www.wallendorff.com\/belogue\/wp-content\/uploads\/2016\/11\/20161120-07-200x300.jpg 200w, https:\/\/www.wallendorff.com\/belogue\/wp-content\/uploads\/2016\/11\/20161120-07-133x200.jpg 133w, https:\/\/www.wallendorff.com\/belogue\/wp-content\/uploads\/2016\/11\/20161120-07-233x350.jpg 233w, https:\/\/www.wallendorff.com\/belogue\/wp-content\/uploads\/2016\/11\/20161120-07.jpg 547w\" sizes=\"(max-width: 200px) 100vw, 200px\" \/><\/a>\n\t\t\t<\/div>\n\t\t\t\t<figcaption class='wp-caption-text gallery-caption' id='gallery-2-33028'>\n\t\t\t\tRat Boy @ Festival des Inrocks, la Cigale, Paris, 19\/11\/2016\n\t\t\t\t<\/figcaption><\/figure><figure class='gallery-item'>\n\t\t\t<div class='gallery-icon landscape'>\n\t\t\t\t<a href='https:\/\/www.wallendorff.com\/belogue\/2016\/11\/21\/festival-des-inrocks-2016-jour-2\/rat-boy-festival-des-inrocks-la-cigale-paris-19112016-3\/'><img loading=\"lazy\" decoding=\"async\" width=\"300\" height=\"200\" src=\"https:\/\/www.wallendorff.com\/belogue\/wp-content\/uploads\/2016\/11\/20161120-08-300x200.jpg\" class=\"attachment-medium size-medium\" alt=\"\" aria-describedby=\"gallery-2-33029\" srcset=\"https:\/\/www.wallendorff.com\/belogue\/wp-content\/uploads\/2016\/11\/20161120-08-300x200.jpg 300w, https:\/\/www.wallendorff.com\/belogue\/wp-content\/uploads\/2016\/11\/20161120-08-200x133.jpg 200w, https:\/\/www.wallendorff.com\/belogue\/wp-content\/uploads\/2016\/11\/20161120-08-525x350.jpg 525w, https:\/\/www.wallendorff.com\/belogue\/wp-content\/uploads\/2016\/11\/20161120-08-600x400.jpg 600w, https:\/\/www.wallendorff.com\/belogue\/wp-content\/uploads\/2016\/11\/20161120-08.jpg 820w\" sizes=\"(max-width: 300px) 100vw, 300px\" \/><\/a>\n\t\t\t<\/div>\n\t\t\t\t<figcaption class='wp-caption-text gallery-caption' id='gallery-2-33029'>\n\t\t\t\tRat Boy @ Festival des Inrocks, la Cigale, Paris, 19\/11\/2016\n\t\t\t\t<\/figcaption><\/figure><figure class='gallery-item'>\n\t\t\t<div class='gallery-icon landscape'>\n\t\t\t\t<a href='https:\/\/www.wallendorff.com\/belogue\/2016\/11\/21\/festival-des-inrocks-2016-jour-2\/rat-boy-festival-des-inrocks-la-cigale-paris-19112016-4\/'><img loading=\"lazy\" decoding=\"async\" width=\"300\" height=\"200\" src=\"https:\/\/www.wallendorff.com\/belogue\/wp-content\/uploads\/2016\/11\/20161120-09-300x200.jpg\" class=\"attachment-medium size-medium\" alt=\"\" aria-describedby=\"gallery-2-33030\" srcset=\"https:\/\/www.wallendorff.com\/belogue\/wp-content\/uploads\/2016\/11\/20161120-09-300x200.jpg 300w, https:\/\/www.wallendorff.com\/belogue\/wp-content\/uploads\/2016\/11\/20161120-09-200x133.jpg 200w, https:\/\/www.wallendorff.com\/belogue\/wp-content\/uploads\/2016\/11\/20161120-09-525x350.jpg 525w, https:\/\/www.wallendorff.com\/belogue\/wp-content\/uploads\/2016\/11\/20161120-09-600x400.jpg 600w, https:\/\/www.wallendorff.com\/belogue\/wp-content\/uploads\/2016\/11\/20161120-09.jpg 820w\" sizes=\"(max-width: 300px) 100vw, 300px\" \/><\/a>\n\t\t\t<\/div>\n\t\t\t\t<figcaption class='wp-caption-text gallery-caption' id='gallery-2-33030'>\n\t\t\t\tRat Boy @ Festival des Inrocks, la Cigale, Paris, 19\/11\/2016\n\t\t\t\t<\/figcaption><\/figure><figure class='gallery-item'>\n\t\t\t<div class='gallery-icon landscape'>\n\t\t\t\t<a href='https:\/\/www.wallendorff.com\/belogue\/2016\/11\/21\/festival-des-inrocks-2016-jour-2\/rat-boy-festival-des-inrocks-la-cigale-paris-19112016-5\/'><img loading=\"lazy\" decoding=\"async\" width=\"300\" height=\"200\" src=\"https:\/\/www.wallendorff.com\/belogue\/wp-content\/uploads\/2016\/11\/20161120-10-300x200.jpg\" class=\"attachment-medium size-medium\" alt=\"\" aria-describedby=\"gallery-2-33031\" srcset=\"https:\/\/www.wallendorff.com\/belogue\/wp-content\/uploads\/2016\/11\/20161120-10-300x200.jpg 300w, https:\/\/www.wallendorff.com\/belogue\/wp-content\/uploads\/2016\/11\/20161120-10-200x133.jpg 200w, https:\/\/www.wallendorff.com\/belogue\/wp-content\/uploads\/2016\/11\/20161120-10-525x350.jpg 525w, https:\/\/www.wallendorff.com\/belogue\/wp-content\/uploads\/2016\/11\/20161120-10-600x400.jpg 600w, https:\/\/www.wallendorff.com\/belogue\/wp-content\/uploads\/2016\/11\/20161120-10.jpg 820w\" sizes=\"(max-width: 300px) 100vw, 300px\" \/><\/a>\n\t\t\t<\/div>\n\t\t\t\t<figcaption class='wp-caption-text gallery-caption' id='gallery-2-33031'>\n\t\t\t\tRat Boy @ Festival des Inrocks, la Cigale, Paris, 19\/11\/2016\n\t\t\t\t<\/figcaption><\/figure><figure class='gallery-item'>\n\t\t\t<div class='gallery-icon portrait'>\n\t\t\t\t<a href='https:\/\/www.wallendorff.com\/belogue\/2016\/11\/21\/festival-des-inrocks-2016-jour-2\/rat-boy-festival-des-inrocks-la-cigale-paris-19112016-6\/'><img loading=\"lazy\" decoding=\"async\" width=\"200\" height=\"300\" src=\"https:\/\/www.wallendorff.com\/belogue\/wp-content\/uploads\/2016\/11\/20161120-11-200x300.jpg\" class=\"attachment-medium size-medium\" alt=\"\" aria-describedby=\"gallery-2-33032\" srcset=\"https:\/\/www.wallendorff.com\/belogue\/wp-content\/uploads\/2016\/11\/20161120-11-200x300.jpg 200w, https:\/\/www.wallendorff.com\/belogue\/wp-content\/uploads\/2016\/11\/20161120-11-133x200.jpg 133w, https:\/\/www.wallendorff.com\/belogue\/wp-content\/uploads\/2016\/11\/20161120-11-233x350.jpg 233w, https:\/\/www.wallendorff.com\/belogue\/wp-content\/uploads\/2016\/11\/20161120-11.jpg 547w\" sizes=\"(max-width: 200px) 100vw, 200px\" \/><\/a>\n\t\t\t<\/div>\n\t\t\t\t<figcaption class='wp-caption-text gallery-caption' id='gallery-2-33032'>\n\t\t\t\tRat Boy @ Festival des Inrocks, la Cigale, Paris, 19\/11\/2016\n\t\t\t\t<\/figcaption><\/figure><figure class='gallery-item'>\n\t\t\t<div class='gallery-icon landscape'>\n\t\t\t\t<a href='https:\/\/www.wallendorff.com\/belogue\/2016\/11\/21\/festival-des-inrocks-2016-jour-2\/rat-boy-festival-des-inrocks-la-cigale-paris-19112016-7\/'><img loading=\"lazy\" decoding=\"async\" width=\"300\" height=\"200\" src=\"https:\/\/www.wallendorff.com\/belogue\/wp-content\/uploads\/2016\/11\/20161120-12-300x200.jpg\" class=\"attachment-medium size-medium\" alt=\"\" aria-describedby=\"gallery-2-33033\" srcset=\"https:\/\/www.wallendorff.com\/belogue\/wp-content\/uploads\/2016\/11\/20161120-12-300x200.jpg 300w, https:\/\/www.wallendorff.com\/belogue\/wp-content\/uploads\/2016\/11\/20161120-12-200x133.jpg 200w, https:\/\/www.wallendorff.com\/belogue\/wp-content\/uploads\/2016\/11\/20161120-12-525x350.jpg 525w, https:\/\/www.wallendorff.com\/belogue\/wp-content\/uploads\/2016\/11\/20161120-12-600x400.jpg 600w, https:\/\/www.wallendorff.com\/belogue\/wp-content\/uploads\/2016\/11\/20161120-12.jpg 820w\" sizes=\"(max-width: 300px) 100vw, 300px\" \/><\/a>\n\t\t\t<\/div>\n\t\t\t\t<figcaption class='wp-caption-text gallery-caption' id='gallery-2-33033'>\n\t\t\t\tRat Boy @ Festival des Inrocks, la Cigale, Paris, 19\/11\/2016\n\t\t\t\t<\/figcaption><\/figure><figure class='gallery-item'>\n\t\t\t<div class='gallery-icon landscape'>\n\t\t\t\t<a href='https:\/\/www.wallendorff.com\/belogue\/2016\/11\/21\/festival-des-inrocks-2016-jour-2\/rat-boy-festival-des-inrocks-la-cigale-paris-19112016-8\/'><img loading=\"lazy\" decoding=\"async\" width=\"300\" height=\"200\" src=\"https:\/\/www.wallendorff.com\/belogue\/wp-content\/uploads\/2016\/11\/20161120-13-300x200.jpg\" class=\"attachment-medium size-medium\" alt=\"\" aria-describedby=\"gallery-2-33034\" srcset=\"https:\/\/www.wallendorff.com\/belogue\/wp-content\/uploads\/2016\/11\/20161120-13-300x200.jpg 300w, https:\/\/www.wallendorff.com\/belogue\/wp-content\/uploads\/2016\/11\/20161120-13-200x133.jpg 200w, https:\/\/www.wallendorff.com\/belogue\/wp-content\/uploads\/2016\/11\/20161120-13-525x350.jpg 525w, https:\/\/www.wallendorff.com\/belogue\/wp-content\/uploads\/2016\/11\/20161120-13-600x400.jpg 600w, https:\/\/www.wallendorff.com\/belogue\/wp-content\/uploads\/2016\/11\/20161120-13.jpg 820w\" sizes=\"(max-width: 300px) 100vw, 300px\" \/><\/a>\n\t\t\t<\/div>\n\t\t\t\t<figcaption class='wp-caption-text gallery-caption' id='gallery-2-33034'>\n\t\t\t\tRat Boy @ Festival des Inrocks, la Cigale, Paris, 19\/11\/2016\n\t\t\t\t<\/figcaption><\/figure><figure class='gallery-item'>\n\t\t\t<div class='gallery-icon landscape'>\n\t\t\t\t<a href='https:\/\/www.wallendorff.com\/belogue\/2016\/11\/21\/festival-des-inrocks-2016-jour-2\/rat-boy-festival-des-inrocks-la-cigale-paris-19112016-9\/'><img loading=\"lazy\" decoding=\"async\" width=\"300\" height=\"200\" src=\"https:\/\/www.wallendorff.com\/belogue\/wp-content\/uploads\/2016\/11\/20161120-14-300x200.jpg\" class=\"attachment-medium size-medium\" alt=\"\" aria-describedby=\"gallery-2-33035\" srcset=\"https:\/\/www.wallendorff.com\/belogue\/wp-content\/uploads\/2016\/11\/20161120-14-300x200.jpg 300w, https:\/\/www.wallendorff.com\/belogue\/wp-content\/uploads\/2016\/11\/20161120-14-200x133.jpg 200w, https:\/\/www.wallendorff.com\/belogue\/wp-content\/uploads\/2016\/11\/20161120-14-525x350.jpg 525w, https:\/\/www.wallendorff.com\/belogue\/wp-content\/uploads\/2016\/11\/20161120-14-600x400.jpg 600w, https:\/\/www.wallendorff.com\/belogue\/wp-content\/uploads\/2016\/11\/20161120-14.jpg 820w\" sizes=\"(max-width: 300px) 100vw, 300px\" \/><\/a>\n\t\t\t<\/div>\n\t\t\t\t<figcaption class='wp-caption-text gallery-caption' id='gallery-2-33035'>\n\t\t\t\tRat Boy @ Festival des Inrocks, la Cigale, Paris, 19\/11\/2016\n\t\t\t\t<\/figcaption><\/figure><figure class='gallery-item'>\n\t\t\t<div class='gallery-icon landscape'>\n\t\t\t\t<a href='https:\/\/www.wallendorff.com\/belogue\/2016\/11\/21\/festival-des-inrocks-2016-jour-2\/rat-boy-festival-des-inrocks-la-cigale-paris-19112016-10\/'><img loading=\"lazy\" decoding=\"async\" width=\"300\" height=\"200\" src=\"https:\/\/www.wallendorff.com\/belogue\/wp-content\/uploads\/2016\/11\/20161120-15-300x200.jpg\" class=\"attachment-medium size-medium\" alt=\"\" aria-describedby=\"gallery-2-33036\" srcset=\"https:\/\/www.wallendorff.com\/belogue\/wp-content\/uploads\/2016\/11\/20161120-15-300x200.jpg 300w, https:\/\/www.wallendorff.com\/belogue\/wp-content\/uploads\/2016\/11\/20161120-15-200x133.jpg 200w, https:\/\/www.wallendorff.com\/belogue\/wp-content\/uploads\/2016\/11\/20161120-15-525x350.jpg 525w, https:\/\/www.wallendorff.com\/belogue\/wp-content\/uploads\/2016\/11\/20161120-15-600x400.jpg 600w, https:\/\/www.wallendorff.com\/belogue\/wp-content\/uploads\/2016\/11\/20161120-15.jpg 820w\" sizes=\"(max-width: 300px) 100vw, 300px\" \/><\/a>\n\t\t\t<\/div>\n\t\t\t\t<figcaption class='wp-caption-text gallery-caption' id='gallery-2-33036'>\n\t\t\t\tRat Boy @ Festival des Inrocks, la Cigale, Paris, 19\/11\/2016\n\t\t\t\t<\/figcaption><\/figure><figure class='gallery-item'>\n\t\t\t<div class='gallery-icon landscape'>\n\t\t\t\t<a href='https:\/\/www.wallendorff.com\/belogue\/2016\/11\/21\/festival-des-inrocks-2016-jour-2\/rat-boy-festival-des-inrocks-la-cigale-paris-19112016-11\/'><img loading=\"lazy\" decoding=\"async\" width=\"300\" height=\"200\" src=\"https:\/\/www.wallendorff.com\/belogue\/wp-content\/uploads\/2016\/11\/20161120-16-300x200.jpg\" class=\"attachment-medium size-medium\" alt=\"\" aria-describedby=\"gallery-2-33037\" srcset=\"https:\/\/www.wallendorff.com\/belogue\/wp-content\/uploads\/2016\/11\/20161120-16-300x200.jpg 300w, https:\/\/www.wallendorff.com\/belogue\/wp-content\/uploads\/2016\/11\/20161120-16-200x133.jpg 200w, https:\/\/www.wallendorff.com\/belogue\/wp-content\/uploads\/2016\/11\/20161120-16-525x350.jpg 525w, https:\/\/www.wallendorff.com\/belogue\/wp-content\/uploads\/2016\/11\/20161120-16-600x400.jpg 600w, https:\/\/www.wallendorff.com\/belogue\/wp-content\/uploads\/2016\/11\/20161120-16.jpg 820w\" sizes=\"(max-width: 300px) 100vw, 300px\" \/><\/a>\n\t\t\t<\/div>\n\t\t\t\t<figcaption class='wp-caption-text gallery-caption' id='gallery-2-33037'>\n\t\t\t\tRat Boy @ Festival des Inrocks, la Cigale, Paris, 19\/11\/2016\n\t\t\t\t<\/figcaption><\/figure>\n\t\t<\/div>\n\n<h2>Jagwar Ma<\/h2>\n<div id='gallery-3' class='gallery galleryid-33021 gallery-columns-3 gallery-size-medium'><figure class='gallery-item'>\n\t\t\t<div class='gallery-icon landscape'>\n\t\t\t\t<a href='https:\/\/www.wallendorff.com\/belogue\/2016\/11\/21\/festival-des-inrocks-2016-jour-2\/jagwar-ma-festival-des-inrocks-la-cigale-paris-19112016\/'><img loading=\"lazy\" decoding=\"async\" width=\"300\" height=\"200\" src=\"https:\/\/www.wallendorff.com\/belogue\/wp-content\/uploads\/2016\/11\/20161120-17-300x200.jpg\" class=\"attachment-medium size-medium\" alt=\"\" aria-describedby=\"gallery-3-33038\" srcset=\"https:\/\/www.wallendorff.com\/belogue\/wp-content\/uploads\/2016\/11\/20161120-17-300x200.jpg 300w, https:\/\/www.wallendorff.com\/belogue\/wp-content\/uploads\/2016\/11\/20161120-17-200x133.jpg 200w, https:\/\/www.wallendorff.com\/belogue\/wp-content\/uploads\/2016\/11\/20161120-17-525x350.jpg 525w, https:\/\/www.wallendorff.com\/belogue\/wp-content\/uploads\/2016\/11\/20161120-17-600x400.jpg 600w, https:\/\/www.wallendorff.com\/belogue\/wp-content\/uploads\/2016\/11\/20161120-17.jpg 820w\" sizes=\"(max-width: 300px) 100vw, 300px\" \/><\/a>\n\t\t\t<\/div>\n\t\t\t\t<figcaption class='wp-caption-text gallery-caption' id='gallery-3-33038'>\n\t\t\t\tJagwar Ma @ Festival des Inrocks, la Cigale, Paris, 19\/11\/2016\n\t\t\t\t<\/figcaption><\/figure><figure class='gallery-item'>\n\t\t\t<div class='gallery-icon landscape'>\n\t\t\t\t<a href='https:\/\/www.wallendorff.com\/belogue\/2016\/11\/21\/festival-des-inrocks-2016-jour-2\/jagwar-ma-festival-des-inrocks-la-cigale-paris-19112016-2\/'><img loading=\"lazy\" decoding=\"async\" width=\"300\" height=\"200\" src=\"https:\/\/www.wallendorff.com\/belogue\/wp-content\/uploads\/2016\/11\/20161120-18-300x200.jpg\" class=\"attachment-medium size-medium\" alt=\"\" aria-describedby=\"gallery-3-33039\" srcset=\"https:\/\/www.wallendorff.com\/belogue\/wp-content\/uploads\/2016\/11\/20161120-18-300x200.jpg 300w, https:\/\/www.wallendorff.com\/belogue\/wp-content\/uploads\/2016\/11\/20161120-18-200x133.jpg 200w, https:\/\/www.wallendorff.com\/belogue\/wp-content\/uploads\/2016\/11\/20161120-18-525x350.jpg 525w, https:\/\/www.wallendorff.com\/belogue\/wp-content\/uploads\/2016\/11\/20161120-18-600x400.jpg 600w, https:\/\/www.wallendorff.com\/belogue\/wp-content\/uploads\/2016\/11\/20161120-18.jpg 820w\" sizes=\"(max-width: 300px) 100vw, 300px\" \/><\/a>\n\t\t\t<\/div>\n\t\t\t\t<figcaption class='wp-caption-text gallery-caption' id='gallery-3-33039'>\n\t\t\t\tJagwar Ma @ Festival des Inrocks, la Cigale, Paris, 19\/11\/2016\n\t\t\t\t<\/figcaption><\/figure><figure class='gallery-item'>\n\t\t\t<div class='gallery-icon landscape'>\n\t\t\t\t<a href='https:\/\/www.wallendorff.com\/belogue\/2016\/11\/21\/festival-des-inrocks-2016-jour-2\/jagwar-ma-festival-des-inrocks-la-cigale-paris-19112016-3\/'><img loading=\"lazy\" decoding=\"async\" width=\"300\" height=\"200\" src=\"https:\/\/www.wallendorff.com\/belogue\/wp-content\/uploads\/2016\/11\/20161120-19-300x200.jpg\" class=\"attachment-medium size-medium\" alt=\"\" aria-describedby=\"gallery-3-33040\" srcset=\"https:\/\/www.wallendorff.com\/belogue\/wp-content\/uploads\/2016\/11\/20161120-19-300x200.jpg 300w, https:\/\/www.wallendorff.com\/belogue\/wp-content\/uploads\/2016\/11\/20161120-19-200x133.jpg 200w, https:\/\/www.wallendorff.com\/belogue\/wp-content\/uploads\/2016\/11\/20161120-19-525x350.jpg 525w, https:\/\/www.wallendorff.com\/belogue\/wp-content\/uploads\/2016\/11\/20161120-19-600x400.jpg 600w, https:\/\/www.wallendorff.com\/belogue\/wp-content\/uploads\/2016\/11\/20161120-19.jpg 820w\" sizes=\"(max-width: 300px) 100vw, 300px\" \/><\/a>\n\t\t\t<\/div>\n\t\t\t\t<figcaption class='wp-caption-text gallery-caption' id='gallery-3-33040'>\n\t\t\t\tJagwar Ma @ Festival des Inrocks, la Cigale, Paris, 19\/11\/2016\n\t\t\t\t<\/figcaption><\/figure><figure class='gallery-item'>\n\t\t\t<div class='gallery-icon landscape'>\n\t\t\t\t<a href='https:\/\/www.wallendorff.com\/belogue\/2016\/11\/21\/festival-des-inrocks-2016-jour-2\/jagwar-ma-festival-des-inrocks-la-cigale-paris-19112016-4\/'><img loading=\"lazy\" decoding=\"async\" width=\"300\" height=\"200\" src=\"https:\/\/www.wallendorff.com\/belogue\/wp-content\/uploads\/2016\/11\/20161120-20-300x200.jpg\" class=\"attachment-medium size-medium\" alt=\"\" aria-describedby=\"gallery-3-33041\" srcset=\"https:\/\/www.wallendorff.com\/belogue\/wp-content\/uploads\/2016\/11\/20161120-20-300x200.jpg 300w, https:\/\/www.wallendorff.com\/belogue\/wp-content\/uploads\/2016\/11\/20161120-20-200x133.jpg 200w, https:\/\/www.wallendorff.com\/belogue\/wp-content\/uploads\/2016\/11\/20161120-20-525x350.jpg 525w, https:\/\/www.wallendorff.com\/belogue\/wp-content\/uploads\/2016\/11\/20161120-20-600x400.jpg 600w, https:\/\/www.wallendorff.com\/belogue\/wp-content\/uploads\/2016\/11\/20161120-20.jpg 820w\" sizes=\"(max-width: 300px) 100vw, 300px\" \/><\/a>\n\t\t\t<\/div>\n\t\t\t\t<figcaption class='wp-caption-text gallery-caption' id='gallery-3-33041'>\n\t\t\t\tJagwar Ma @ Festival des Inrocks, la Cigale, Paris, 19\/11\/2016\n\t\t\t\t<\/figcaption><\/figure><figure class='gallery-item'>\n\t\t\t<div class='gallery-icon landscape'>\n\t\t\t\t<a href='https:\/\/www.wallendorff.com\/belogue\/2016\/11\/21\/festival-des-inrocks-2016-jour-2\/jagwar-ma-festival-des-inrocks-la-cigale-paris-19112016-5\/'><img loading=\"lazy\" decoding=\"async\" width=\"300\" height=\"200\" src=\"https:\/\/www.wallendorff.com\/belogue\/wp-content\/uploads\/2016\/11\/20161120-21-300x200.jpg\" class=\"attachment-medium size-medium\" alt=\"\" aria-describedby=\"gallery-3-33042\" srcset=\"https:\/\/www.wallendorff.com\/belogue\/wp-content\/uploads\/2016\/11\/20161120-21-300x200.jpg 300w, https:\/\/www.wallendorff.com\/belogue\/wp-content\/uploads\/2016\/11\/20161120-21-200x133.jpg 200w, https:\/\/www.wallendorff.com\/belogue\/wp-content\/uploads\/2016\/11\/20161120-21-525x350.jpg 525w, https:\/\/www.wallendorff.com\/belogue\/wp-content\/uploads\/2016\/11\/20161120-21-600x400.jpg 600w, https:\/\/www.wallendorff.com\/belogue\/wp-content\/uploads\/2016\/11\/20161120-21.jpg 820w\" sizes=\"(max-width: 300px) 100vw, 300px\" \/><\/a>\n\t\t\t<\/div>\n\t\t\t\t<figcaption class='wp-caption-text gallery-caption' id='gallery-3-33042'>\n\t\t\t\tJagwar Ma @ Festival des Inrocks, la Cigale, Paris, 19\/11\/2016\n\t\t\t\t<\/figcaption><\/figure><figure class='gallery-item'>\n\t\t\t<div class='gallery-icon landscape'>\n\t\t\t\t<a href='https:\/\/www.wallendorff.com\/belogue\/2016\/11\/21\/festival-des-inrocks-2016-jour-2\/jagwar-ma-festival-des-inrocks-la-cigale-paris-19112016-6\/'><img loading=\"lazy\" decoding=\"async\" width=\"300\" height=\"200\" src=\"https:\/\/www.wallendorff.com\/belogue\/wp-content\/uploads\/2016\/11\/20161120-22-300x200.jpg\" class=\"attachment-medium size-medium\" alt=\"\" aria-describedby=\"gallery-3-33043\" srcset=\"https:\/\/www.wallendorff.com\/belogue\/wp-content\/uploads\/2016\/11\/20161120-22-300x200.jpg 300w, https:\/\/www.wallendorff.com\/belogue\/wp-content\/uploads\/2016\/11\/20161120-22-200x133.jpg 200w, https:\/\/www.wallendorff.com\/belogue\/wp-content\/uploads\/2016\/11\/20161120-22-525x350.jpg 525w, https:\/\/www.wallendorff.com\/belogue\/wp-content\/uploads\/2016\/11\/20161120-22-600x400.jpg 600w, https:\/\/www.wallendorff.com\/belogue\/wp-content\/uploads\/2016\/11\/20161120-22.jpg 820w\" sizes=\"(max-width: 300px) 100vw, 300px\" \/><\/a>\n\t\t\t<\/div>\n\t\t\t\t<figcaption class='wp-caption-text gallery-caption' id='gallery-3-33043'>\n\t\t\t\tJagwar Ma @ Festival des Inrocks, la Cigale, Paris, 19\/11\/2016\n\t\t\t\t<\/figcaption><\/figure><figure class='gallery-item'>\n\t\t\t<div class='gallery-icon landscape'>\n\t\t\t\t<a href='https:\/\/www.wallendorff.com\/belogue\/2016\/11\/21\/festival-des-inrocks-2016-jour-2\/jagwar-ma-festival-des-inrocks-la-cigale-paris-19112016-7\/'><img loading=\"lazy\" decoding=\"async\" width=\"300\" height=\"200\" src=\"https:\/\/www.wallendorff.com\/belogue\/wp-content\/uploads\/2016\/11\/20161120-23-300x200.jpg\" class=\"attachment-medium size-medium\" alt=\"\" aria-describedby=\"gallery-3-33044\" srcset=\"https:\/\/www.wallendorff.com\/belogue\/wp-content\/uploads\/2016\/11\/20161120-23-300x200.jpg 300w, https:\/\/www.wallendorff.com\/belogue\/wp-content\/uploads\/2016\/11\/20161120-23-200x133.jpg 200w, https:\/\/www.wallendorff.com\/belogue\/wp-content\/uploads\/2016\/11\/20161120-23-525x350.jpg 525w, https:\/\/www.wallendorff.com\/belogue\/wp-content\/uploads\/2016\/11\/20161120-23-600x400.jpg 600w, https:\/\/www.wallendorff.com\/belogue\/wp-content\/uploads\/2016\/11\/20161120-23.jpg 820w\" sizes=\"(max-width: 300px) 100vw, 300px\" \/><\/a>\n\t\t\t<\/div>\n\t\t\t\t<figcaption class='wp-caption-text gallery-caption' id='gallery-3-33044'>\n\t\t\t\tJagwar Ma @ Festival des Inrocks, la Cigale, Paris, 19\/11\/2016\n\t\t\t\t<\/figcaption><\/figure><figure class='gallery-item'>\n\t\t\t<div class='gallery-icon landscape'>\n\t\t\t\t<a href='https:\/\/www.wallendorff.com\/belogue\/2016\/11\/21\/festival-des-inrocks-2016-jour-2\/jagwar-ma-festival-des-inrocks-la-cigale-paris-19112016-8\/'><img loading=\"lazy\" decoding=\"async\" width=\"300\" height=\"200\" src=\"https:\/\/www.wallendorff.com\/belogue\/wp-content\/uploads\/2016\/11\/20161120-24-300x200.jpg\" class=\"attachment-medium size-medium\" alt=\"\" aria-describedby=\"gallery-3-33045\" srcset=\"https:\/\/www.wallendorff.com\/belogue\/wp-content\/uploads\/2016\/11\/20161120-24-300x200.jpg 300w, https:\/\/www.wallendorff.com\/belogue\/wp-content\/uploads\/2016\/11\/20161120-24-200x133.jpg 200w, https:\/\/www.wallendorff.com\/belogue\/wp-content\/uploads\/2016\/11\/20161120-24-525x350.jpg 525w, https:\/\/www.wallendorff.com\/belogue\/wp-content\/uploads\/2016\/11\/20161120-24-600x400.jpg 600w, https:\/\/www.wallendorff.com\/belogue\/wp-content\/uploads\/2016\/11\/20161120-24.jpg 820w\" sizes=\"(max-width: 300px) 100vw, 300px\" \/><\/a>\n\t\t\t<\/div>\n\t\t\t\t<figcaption class='wp-caption-text gallery-caption' id='gallery-3-33045'>\n\t\t\t\tJagwar Ma @ Festival des Inrocks, la Cigale, Paris, 19\/11\/2016\n\t\t\t\t<\/figcaption><\/figure>\n\t\t<\/div>\n\n","protected":false},"excerpt":{"rendered":"<p>Keep Dancing Inc RAT BOY Jagwar Ma<\/p>\n","protected":false},"author":1,"featured_media":33047,"comment_status":"open","ping_status":"open","sticky":false,"template":"","format":"standard","meta":{"_acf_changed":false,"ngg_post_thumbnail":0,"jetpack_post_was_ever_published":false,"_jetpack_newsletter_access":"","_jetpack_dont_email_post_to_subs":false,"_jetpack_newsletter_tier_id":0,"_jetpack_memberships_contains_paywalled_content":false,"_jetpack_memberships_contains_paid_content":false,"footnotes":"","jetpack_publicize_message":"","jetpack_publicize_feature_enabled":true,"jetpack_social_post_already_shared":true,"jetpack_social_options":{"image_generator_settings":{"template":"highway","default_image_id":0,"font":"","enabled":false},"version":2}},"categories":[7],"tags":[10143,11014,8170,181,8351,10136,8164,13473,10121,11626,13474,10273,10139,10098,13188],"class_list":["post-33021","post","type-post","status-publish","format-standard","has-post-thumbnail","hentry","category-alive","tag-10143","tag-boulevard-de-rochechouart","tag-ef-24-70-mm-f2-8l-ii-usm","tag-ef-70-200-mm-f28l-usm","tag-eos-6d","tag-festival","tag-festival-des-inrocks-2","tag-festival-des-inrocks-2016","tag-ile-de-france","tag-jagwar-ma","tag-keep-dancing-inc","tag-la-boule-noire","tag-la-cigale","tag-paris","tag-rat-boy"],"acf":[],"geo":{"latitude":48.8822441,"longitude":2.340147,"description":"118-126 Boulevard de Rochechouart, 75018 Paris, France"},"jetpack_publicize_connections":[],"jetpack_featured_media_url":"https:\/\/www.wallendorff.com\/belogue\/wp-content\/uploads\/2016\/11\/20161120-24-1.jpg","jetpack_shortlink":"https:\/\/wp.me\/p3b35P-8AB","jetpack_sharing_enabled":true,"jetpack-related-posts":[{"id":22024,"url":"https:\/\/www.wallendorff.com\/belogue\/2013\/11\/17\/foals-breton-festival-des-inrocks-le-zenith-paris-12-novembre\/","url_meta":{"origin":33021,"position":0},"title":"Foals + Breton @ Festival des Inrocks, le Z\u00e9nith, Paris, 12 novembre.","author":"dpc","date":"17 novembre 2013","format":false,"excerpt":"Breton \u00a0 Foals \u00a0","rel":"","context":"Dans &quot;Alive&quot;","block_context":{"text":"Alive","link":"https:\/\/www.wallendorff.com\/belogue\/category\/alive\/"},"img":{"alt_text":"","src":"https:\/\/i0.wp.com\/www.wallendorff.com\/belogue\/wp-content\/uploads\/2015\/04\/201311171.jpg?resize=350%2C200&ssl=1","width":350,"height":200,"srcset":"https:\/\/i0.wp.com\/www.wallendorff.com\/belogue\/wp-content\/uploads\/2015\/04\/201311171.jpg?resize=350%2C200&ssl=1 1x, https:\/\/i0.wp.com\/www.wallendorff.com\/belogue\/wp-content\/uploads\/2015\/04\/201311171.jpg?resize=525%2C300&ssl=1 1.5x, https:\/\/i0.wp.com\/www.wallendorff.com\/belogue\/wp-content\/uploads\/2015\/04\/201311171.jpg?resize=700%2C400&ssl=1 2x"},"classes":[]},{"id":33004,"url":"https:\/\/www.wallendorff.com\/belogue\/2016\/11\/20\/lescop-paradis-festival-des-inrocks-la-cigale-paris\/","url_meta":{"origin":33021,"position":1},"title":"Lescop + Paradis @ Festival des Inrocks, la Cigale, Paris.","author":"dpc","date":"20 novembre 2016","format":false,"excerpt":"Paradis Lescop","rel":"","context":"Dans &quot;Alive&quot;","block_context":{"text":"Alive","link":"https:\/\/www.wallendorff.com\/belogue\/category\/alive\/"},"img":{"alt_text":"","src":"https:\/\/i0.wp.com\/www.wallendorff.com\/belogue\/wp-content\/uploads\/2016\/11\/20161119-08-1.jpg?resize=350%2C200&ssl=1","width":350,"height":200,"srcset":"https:\/\/i0.wp.com\/www.wallendorff.com\/belogue\/wp-content\/uploads\/2016\/11\/20161119-08-1.jpg?resize=350%2C200&ssl=1 1x, https:\/\/i0.wp.com\/www.wallendorff.com\/belogue\/wp-content\/uploads\/2016\/11\/20161119-08-1.jpg?resize=525%2C300&ssl=1 1.5x, https:\/\/i0.wp.com\/www.wallendorff.com\/belogue\/wp-content\/uploads\/2016\/11\/20161119-08-1.jpg?resize=700%2C400&ssl=1 2x"},"classes":[]},{"id":33049,"url":"https:\/\/www.wallendorff.com\/belogue\/2016\/11\/22\/tinariwen-serotones-the-lemon-twigs-le-bataclan-paris\/","url_meta":{"origin":33021,"position":2},"title":"Tinariwen + Serotones + The Lemon Twigs @ le Bataclan, Paris.","author":"dpc","date":"22 novembre 2016","format":false,"excerpt":"The Lemon Twigs Serotones Tinariwen","rel":"","context":"Dans &quot;Alive&quot;","block_context":{"text":"Alive","link":"https:\/\/www.wallendorff.com\/belogue\/category\/alive\/"},"img":{"alt_text":"","src":"https:\/\/i0.wp.com\/www.wallendorff.com\/belogue\/wp-content\/uploads\/2016\/11\/20161122-20-1.jpg?resize=350%2C200&ssl=1","width":350,"height":200,"srcset":"https:\/\/i0.wp.com\/www.wallendorff.com\/belogue\/wp-content\/uploads\/2016\/11\/20161122-20-1.jpg?resize=350%2C200&ssl=1 1x, https:\/\/i0.wp.com\/www.wallendorff.com\/belogue\/wp-content\/uploads\/2016\/11\/20161122-20-1.jpg?resize=525%2C300&ssl=1 1.5x, https:\/\/i0.wp.com\/www.wallendorff.com\/belogue\/wp-content\/uploads\/2016\/11\/20161122-20-1.jpg?resize=700%2C400&ssl=1 2x"},"classes":[]},{"id":129779,"url":"https:\/\/www.wallendorff.com\/belogue\/2024\/07\/30\/paleo-festival-2024-nyon-jour-6\/","url_meta":{"origin":33021,"position":3},"title":"Pal\u00e9o Festival 2024, Nyon, jour 6.","author":"dpc","date":"30 juillet 2024","format":false,"excerpt":"","rel":"","context":"Dans &quot;Alive&quot;","block_context":{"text":"Alive","link":"https:\/\/www.wallendorff.com\/belogue\/category\/alive\/"},"img":{"alt_text":"","src":"https:\/\/i0.wp.com\/www.wallendorff.com\/belogue\/wp-content\/uploads\/2024\/07\/20240729-35.jpg?resize=350%2C200&ssl=1","width":350,"height":200,"srcset":"https:\/\/i0.wp.com\/www.wallendorff.com\/belogue\/wp-content\/uploads\/2024\/07\/20240729-35.jpg?resize=350%2C200&ssl=1 1x, https:\/\/i0.wp.com\/www.wallendorff.com\/belogue\/wp-content\/uploads\/2024\/07\/20240729-35.jpg?resize=525%2C300&ssl=1 1.5x, https:\/\/i0.wp.com\/www.wallendorff.com\/belogue\/wp-content\/uploads\/2024\/07\/20240729-35.jpg?resize=700%2C400&ssl=1 2x, https:\/\/i0.wp.com\/www.wallendorff.com\/belogue\/wp-content\/uploads\/2024\/07\/20240729-35.jpg?resize=1050%2C600&ssl=1 3x"},"classes":[]},{"id":4986,"url":"https:\/\/www.wallendorff.com\/belogue\/2009\/11\/05\/bat-for-lashes-bad-lieutenant-lolympia-paris\/","url_meta":{"origin":33021,"position":4},"title":"Bat for Lashes + Bad Lieutenant @ l&rsquo;Olympia, Paris.","author":"dpc","date":"5 novembre 2009","format":false,"excerpt":"La bande-son est d\u00e9di\u00e9e \u00e0 une grande fan qui se reconna\u00eetra. \u00a0Bat for Lashes \u2013 A Forest (The Cure cover) Bad Lieutenant Bat for Lashes","rel":"","context":"Dans &quot;Alive&quot;","block_context":{"text":"Alive","link":"https:\/\/www.wallendorff.com\/belogue\/category\/alive\/"},"img":{"alt_text":"","src":"https:\/\/i0.wp.com\/www.wallendorff.com\/belogue\/wp-content\/uploads\/2015\/04\/200911051.jpg?resize=350%2C200&ssl=1","width":350,"height":200,"srcset":"https:\/\/i0.wp.com\/www.wallendorff.com\/belogue\/wp-content\/uploads\/2015\/04\/200911051.jpg?resize=350%2C200&ssl=1 1x, https:\/\/i0.wp.com\/www.wallendorff.com\/belogue\/wp-content\/uploads\/2015\/04\/200911051.jpg?resize=525%2C300&ssl=1 1.5x, https:\/\/i0.wp.com\/www.wallendorff.com\/belogue\/wp-content\/uploads\/2015\/04\/200911051.jpg?resize=700%2C400&ssl=1 2x"},"classes":[]},{"id":1079,"url":"https:\/\/www.wallendorff.com\/belogue\/2007\/11\/12\/editors-la-cigale-paris\/","url_meta":{"origin":33021,"position":5},"title":"Editors @ la Cigale, Paris.","author":"dpc","date":"12 novembre 2007","format":false,"excerpt":"Bones Bullets An End Has a Start The Weight of the World Blood A\u00efe mon dos A\u00efe mon dos A\u00efe mon dos A\u00efe mon dos A\u00efe mon dos Rappel A\u00efe mon dos A\u00efe mon dos A\u00efe mon dos, a\u00efe mon dos, a\u00efe mon dos, a\u00efe mon dos. \u00a0Editors \u2013 You\u2026","rel":"","context":"Dans &quot;Alive&quot;","block_context":{"text":"Alive","link":"https:\/\/www.wallendorff.com\/belogue\/category\/alive\/"},"img":{"alt_text":"","src":"https:\/\/i0.wp.com\/www.wallendorff.com\/belogue\/wp-content\/uploads\/2015\/04\/200711121.jpg?resize=350%2C200&ssl=1","width":350,"height":200},"classes":[]}],"_links":{"self":[{"href":"https:\/\/www.wallendorff.com\/belogue\/wp-json\/wp\/v2\/posts\/33021","targetHints":{"allow":["GET"]}}],"collection":[{"href":"https:\/\/www.wallendorff.com\/belogue\/wp-json\/wp\/v2\/posts"}],"about":[{"href":"https:\/\/www.wallendorff.com\/belogue\/wp-json\/wp\/v2\/types\/post"}],"author":[{"embeddable":true,"href":"https:\/\/www.wallendorff.com\/belogue\/wp-json\/wp\/v2\/users\/1"}],"replies":[{"embeddable":true,"href":"https:\/\/www.wallendorff.com\/belogue\/wp-json\/wp\/v2\/comments?post=33021"}],"version-history":[{"count":1,"href":"https:\/\/www.wallendorff.com\/belogue\/wp-json\/wp\/v2\/posts\/33021\/revisions"}],"predecessor-version":[{"id":33046,"href":"https:\/\/www.wallendorff.com\/belogue\/wp-json\/wp\/v2\/posts\/33021\/revisions\/33046"}],"wp:featuredmedia":[{"embeddable":true,"href":"https:\/\/www.wallendorff.com\/belogue\/wp-json\/wp\/v2\/media\/33047"}],"wp:attachment":[{"href":"https:\/\/www.wallendorff.com\/belogue\/wp-json\/wp\/v2\/media?parent=33021"}],"wp:term":[{"taxonomy":"category","embeddable":true,"href":"https:\/\/www.wallendorff.com\/belogue\/wp-json\/wp\/v2\/categories?post=33021"},{"taxonomy":"post_tag","embeddable":true,"href":"https:\/\/www.wallendorff.com\/belogue\/wp-json\/wp\/v2\/tags?post=33021"}],"curies":[{"name":"wp","href":"https:\/\/api.w.org\/{rel}","templated":true}]}}