{"id":330,"date":"2005-06-30T09:20:41","date_gmt":"2005-06-30T09:20:41","guid":{"rendered":"http:\/\/www.po-l.com\/wordpress\/?p=330"},"modified":"2012-05-20T16:34:42","modified_gmt":"2012-05-20T14:34:42","slug":"un-dieu-croit-mikado-n-a-d-l-emoi","status":"publish","type":"post","link":"https:\/\/www.wallendorff.com\/belogue\/2005\/06\/30\/un-dieu-croit-mikado-n-a-d-l-emoi\/","title":{"rendered":"Un, dieu, croit [mikado n&rsquo;a d&rsquo;l&rsquo;&eacute;moi]."},"content":{"rendered":"\n<div id=\"photo\">\n<p><img decoding=\"async\" src=\"http:\/\/www.po-L.com\/belogue\/photo\/2005\/06\/20050630.jpg\" \/><br \/>\n          &Eacute;glise St-&Eacute;tienne<sup>1<\/sup>, St-&Eacute;tienne<sup>2<\/sup>, 25 juin.<\/p>\n<\/p><\/div>\n<p><a href=\"http:\/\/www.purefm.be\/\">Pure FM<\/a>&nbsp;sera&nbsp;&agrave; <a href=\"http:\/\/www.rockwerchter.be\/\">Werchter<\/a><sup>3<\/sup> &agrave; partir d&rsquo;aujourd&rsquo;hui et pour les 4 jours du festival. Au programme, concerts en direct, interviouves et surtout, surtout, beaucoup de rigolade joviale<sup>4<\/sup>. &nbsp;Un truc inratable que je vais rater parce que dans ma bo&icirc;te, on a pas de lecteur vindoz multim&eacute;dia pour &eacute;couter les radios sympas qui &eacute;mettent en direct de festivals sympas en racontant des trucs sympas. C&rsquo;est pas sympa<sup>5<\/sup>.<\/p>\n<p>[Si vous pr&eacute;f&eacute;rez <a href=\"http:\/\/www.eurockeennes.fr\/\">Belfort<\/a>, faudra plut&ocirc;t aller voir <a href=\"http:\/\/www.couleur3.ch\/\">Couleur 3<\/a>, &agrave; partir de demain, 20h. Tout aussi sympa et&nbsp;tout aussi inratable.]<\/p>\n<p>[Pour le <a href=\"http:\/\/www.newcenter.com\/tastefest\/info.htm\">Tastefest<\/a>, en revanche, je ne peux rien pour vous.]<sup>6<\/sup><\/p>\n<div id=\"bandeson\">\n<p><img decoding=\"async\" src=\"https:\/\/www.wallendorff.com\/belogue\/photo\/pochettes\/k\/kills_the-keep_on_your_mean_side.jpg\" align=\"left\" \/>&nbsp;<a href=\"http:\/\/www.thekills.tv\">The Kills<\/a> &ndash; <em>Hitched<\/em><\/p>\n<\/div>\n<div id=\"bas_note\">\n<p>_____<\/p>\n<p><sup>1<\/sup> Allez, allez, allez.<\/p>\n<p><sup>2<\/sup> Allez, allez, allez.<\/p>\n<p><sup>3<\/sup> Prononcer ouairchtaire. Je sais, &ccedil;a sonne moins bien que verchtaire, mais c&rsquo;est pas moi qui d&eacute;cide, hein.<\/p>\n<p><sup>4<\/sup> Mes yeux s&#8217;emplissent de larmes de nostalgie et de rire irr&eacute;sistible lorsque je me r&eacute;m&eacute;more l&rsquo;ann&eacute;e derni&egrave;re, avec J&eacute;r&ocirc;me Colin faisant des flaques devant Slash, d&eacute;fiant ses reporters de terrain (&quot;Allez, R&eacute;mi, tu as 5 minutes pour trouver une jeune fille dans le public de la grande sc&egrave;ne qui accepte de t&rsquo;h&eacute;berger dans sa tente ce soir&quot;) ou d&eacute;batant sur des sujets chauds de l&rsquo;actualit&eacute; du jour (&quot;Gros Robert<sup>a<\/sup> peut-il encore &ecirc;tre au meilleur de sa forme apr&egrave;s la cuisante d&eacute;faite anglaise de la semaine derni&egrave;re au championnat d&rsquo;Europe de fouteballe?&quot;)<\/p>\n<p><sup>5<\/sup> Heureusement, pour pallier le probl&egrave;me, le service informatique m&rsquo;a dot&eacute; de deux coll&egrave;gues bavardes qui me parlent toute la journ&eacute;e de sujets int&eacute;ressants tels que le chien de la fille de Gis&egrave;le qui s&rsquo;est &eacute;chapp&eacute;, le gagnant de la derni&egrave;re Ferme Acad&eacute;mie ou le tournoi de p&eacute;tanque du CE qui va bient&ocirc;t s&rsquo;achever<sup>b<\/sup>. En agr&eacute;mentant le dispositif d&rsquo;un mini-disque viss&eacute; sur mes oreilles toute la journ&eacute;e, on s&rsquo;y croirait: Le mouvement des l&egrave;vres de ma chef, ses cheveux blonds boucl&eacute;s et <em>Black Dog<\/em> sur le tout, &ccedil;a y est, Robert Plant est dans mon bureau.<\/p>\n<p><sup>6<\/sup> Ouais, en effet, cette derni&egrave;re parenth&egrave;se est peut-&ecirc;tre superflue.<\/p>\n<p><sup>a<\/sup> Smith<\/p>\n<p><sup>b<\/sup> Oui oui, promis, on a un tournoi de p&eacute;tanque du CE, ici.<\/p>\n<\/p><\/div>\n","protected":false},"excerpt":{"rendered":"<p>&Eacute;glise St-&Eacute;tienne1, St-&Eacute;tienne2, 25 juin. Pure FM&nbsp;sera&nbsp;&agrave; Werchter3 &agrave; partir d&rsquo;aujourd&rsquo;hui et pour les 4 jours du festival. Au programme, concerts en direct, interviouves et surtout, surtout, beaucoup de rigolade joviale4. &nbsp;Un truc inratable que je vais rater parce que dans ma bo&icirc;te, on a pas de lecteur vindoz multim&eacute;dia pour &eacute;couter les radios sympas&hellip;<\/p>\n","protected":false},"author":1,"featured_media":24270,"comment_status":"open","ping_status":"open","sticky":false,"template":"","format":"standard","meta":{"_acf_changed":false,"ngg_post_thumbnail":0,"jetpack_post_was_ever_published":false,"_jetpack_newsletter_access":"","_jetpack_dont_email_post_to_subs":false,"_jetpack_newsletter_tier_id":0,"_jetpack_memberships_contains_paywalled_content":false,"_jetpack_memberships_contains_paid_content":false,"footnotes":"","jetpack_publicize_message":"","jetpack_publicize_feature_enabled":true,"jetpack_social_post_already_shared":false,"jetpack_social_options":{"image_generator_settings":{"template":"highway","default_image_id":0,"font":"","enabled":false},"version":2}},"categories":[3],"tags":[10110,774,157,132,10240,10246,10130,10238,10109,3350,10120,1098,1096,10293,1094,10089,10212,10692],"class_list":["post-330","post","type-post","status-publish","format-standard","has-post-thumbnail","hentry","category-dpc","tag-belfort","tag-brun","tag-ef-50-mm-f18-ii","tag-eos-20d","tag-chaises","tag-contre-jour","tag-couleur-3","tag-eglise","tag-eurockeennes","tag-eurockeennes-2005","tag-france","tag-hitched","tag-loire","tag-rhone-alpes","tag-saint-etienne","tag-steve-hewitt","tag-the-kills","tag-vitrail"],"acf":[],"geo":{"latitude":45.4355736,"longitude":4.3920312,"description":"Rue Dormand, 42000 Saint-\u00c9tienne, France"},"jetpack_publicize_connections":[],"jetpack_featured_media_url":"https:\/\/www.wallendorff.com\/belogue\/wp-content\/uploads\/2015\/04\/200506301.jpg","jetpack_shortlink":"https:\/\/wp.me\/p3b35P-5k","jetpack_sharing_enabled":true,"jetpack-related-posts":[{"id":1381,"url":"https:\/\/www.wallendorff.com\/belogue\/2006\/06\/30\/und-jetzt-nach-belfort-2\/","url_meta":{"origin":330,"position":0},"title":"Und Jetzt, Nach Belfort.","author":"dpc","date":"30 juin 2006","format":false,"excerpt":"Bus nonante-six, Paris, 23 juin. Comme Meg White, moi aussi je me teins en blonde pour ne pas qu'on me reconnaisse, je l\u00e8ve les bras bien haut et allez, c'est parti, demain je retourne \u00e0 Memphis sur l'autoroute 61, oui madame, oui madame, oui madame, ou \u00e0 d\u00e9faut \u00e0 Belfort\u2026","rel":"","context":"Dans &quot;DPC&quot;","block_context":{"text":"DPC","link":"https:\/\/www.wallendorff.com\/belogue\/category\/dpc\/"},"img":{"alt_text":"","src":"https:\/\/i0.wp.com\/www.wallendorff.com\/belogue\/wp-content\/uploads\/2015\/04\/200606301.jpg?resize=350%2C200&ssl=1","width":350,"height":200},"classes":[]},{"id":814,"url":"https:\/\/www.wallendorff.com\/belogue\/2006\/10\/26\/elista-le-bataclan-paris\/","url_meta":{"origin":330,"position":1},"title":"Elista @ Le Bataclan, Paris.","author":"dpc","date":"26 octobre 2006","format":false,"excerpt":"Ils ont s\u00e9duit en premi\u00e8re partie de The Servant hier soir, ils sont sympas, ils ont fait un chouette album y a trois ans et un encore plus chouette y a trois jours et je vous les conseille parce que pour une fois qu'un groupe fran\u00e7ais est bien, hein, profitons-en.\u2026","rel":"","context":"Dans &quot;Alive&quot;","block_context":{"text":"Alive","link":"https:\/\/www.wallendorff.com\/belogue\/category\/alive\/"},"img":{"alt_text":"","src":"https:\/\/i0.wp.com\/www.wallendorff.com\/belogue\/wp-content\/uploads\/2015\/04\/200610261.jpg?resize=350%2C200&ssl=1","width":350,"height":200},"classes":[]},{"id":125173,"url":"https:\/\/www.wallendorff.com\/belogue\/2023\/07\/04\/les-eurockeennes-belfort-29-juin-2-juillet-2023\/","url_meta":{"origin":330,"position":2},"title":"Les Eurock\u00e9ennes, Belfort, 29 juin \u2013 2 juillet 2023.","author":"dpc","date":"4 juillet 2023","format":false,"excerpt":"Parce que je suis \u00e0 un homme de tradition-tion-tion-tion-tion-tion-tion-tion-tion-tion-tion-tion-tion-tion. \u00c0 l'ann\u00e9e prochaine pour \u2013\u00a0esp\u00e9rons-le, en tout cas\u00a0\u2013 un retour \u00e0 la normale. It's Better People Oasis","rel":"","context":"Dans &quot;Alive&quot;","block_context":{"text":"Alive","link":"https:\/\/www.wallendorff.com\/belogue\/category\/alive\/"},"img":{"alt_text":"","src":"https:\/\/i0.wp.com\/www.wallendorff.com\/belogue\/wp-content\/uploads\/2023\/07\/20230704.jpg?resize=350%2C200&ssl=1","width":350,"height":200,"srcset":"https:\/\/i0.wp.com\/www.wallendorff.com\/belogue\/wp-content\/uploads\/2023\/07\/20230704.jpg?resize=350%2C200&ssl=1 1x, https:\/\/i0.wp.com\/www.wallendorff.com\/belogue\/wp-content\/uploads\/2023\/07\/20230704.jpg?resize=525%2C300&ssl=1 1.5x, https:\/\/i0.wp.com\/www.wallendorff.com\/belogue\/wp-content\/uploads\/2023\/07\/20230704.jpg?resize=700%2C400&ssl=1 2x, https:\/\/i0.wp.com\/www.wallendorff.com\/belogue\/wp-content\/uploads\/2023\/07\/20230704.jpg?resize=1050%2C600&ssl=1 3x"},"classes":[]},{"id":129128,"url":"https:\/\/www.wallendorff.com\/belogue\/2024\/07\/07\/les-eurockeennes-2024-belfort-jour-3\/","url_meta":{"origin":330,"position":3},"title":"Les Eurock\u00e9ennes 2024, Belfort, jour 3.","author":"dpc","date":"7 juillet 2024","format":false,"excerpt":"Et on finit par une \u00e9pique journ\u00e9e bien bien boueuse des familles. Je m'arr\u00eate l\u00e0 pour cette ann\u00e9e. \u00c0 l'ann\u00e9e prochaine ? Les Eurock\u00e9ennes, Belfort, 06\/07\/2024 Bar Italia @ les Eurock\u00e9ennes, Belfort, 06\/07\/2024 Les Eurock\u00e9ennes, Belfort, 06\/07\/2024 Bar Italia @ les Eurock\u00e9ennes, Belfort, 06\/07\/2024 Les Eurock\u00e9ennes, Belfort, 06\/07\/2024 Bar Italia\u2026","rel":"","context":"Dans &quot;Alive&quot;","block_context":{"text":"Alive","link":"https:\/\/www.wallendorff.com\/belogue\/category\/alive\/"},"img":{"alt_text":"","src":"https:\/\/i0.wp.com\/www.wallendorff.com\/belogue\/wp-content\/uploads\/2024\/07\/20240707-81.jpg?resize=350%2C200&ssl=1","width":350,"height":200,"srcset":"https:\/\/i0.wp.com\/www.wallendorff.com\/belogue\/wp-content\/uploads\/2024\/07\/20240707-81.jpg?resize=350%2C200&ssl=1 1x, https:\/\/i0.wp.com\/www.wallendorff.com\/belogue\/wp-content\/uploads\/2024\/07\/20240707-81.jpg?resize=525%2C300&ssl=1 1.5x, https:\/\/i0.wp.com\/www.wallendorff.com\/belogue\/wp-content\/uploads\/2024\/07\/20240707-81.jpg?resize=700%2C400&ssl=1 2x, https:\/\/i0.wp.com\/www.wallendorff.com\/belogue\/wp-content\/uploads\/2024\/07\/20240707-81.jpg?resize=1050%2C600&ssl=1 3x"},"classes":[]},{"id":23178,"url":"https:\/\/www.wallendorff.com\/belogue\/2014\/07\/11\/les-eurockeennes-belfort-6-juillet-2\/","url_meta":{"origin":330,"position":4},"title":"Les Eurock\u00e9ennes, Belfort, 6 juillet.","author":"dpc","date":"11 juillet 2014","format":false,"excerpt":"Souvenirs du 3e jour (toujours en vrac)\u00a0: \u00ab\u00a0Vous voulez du lard\u00a0?\u00a0\u00bb Je n'ai PAS vu UN SEUL drapeau breton du week-end. PAS UN. La m\u00e9t\u00e9o avait pr\u00e9vu des orages, des temp\u00eates, des attaques de zombies et des p\u00e9nuries de bi\u00e8re, mais finalement il n'a plu que de 19\u00a0h 02 \u00e0\u2026","rel":"","context":"Dans &quot;Alive&quot;","block_context":{"text":"Alive","link":"https:\/\/www.wallendorff.com\/belogue\/category\/alive\/"},"img":{"alt_text":"","src":"https:\/\/i0.wp.com\/www.wallendorff.com\/belogue\/wp-content\/uploads\/2015\/04\/201407111.jpg?resize=350%2C200&ssl=1","width":350,"height":200,"srcset":"https:\/\/i0.wp.com\/www.wallendorff.com\/belogue\/wp-content\/uploads\/2015\/04\/201407111.jpg?resize=350%2C200&ssl=1 1x, https:\/\/i0.wp.com\/www.wallendorff.com\/belogue\/wp-content\/uploads\/2015\/04\/201407111.jpg?resize=525%2C300&ssl=1 1.5x, https:\/\/i0.wp.com\/www.wallendorff.com\/belogue\/wp-content\/uploads\/2015\/04\/201407111.jpg?resize=700%2C400&ssl=1 2x"},"classes":[]},{"id":125131,"url":"https:\/\/www.wallendorff.com\/belogue\/2023\/07\/03\/les-eurockeennes-2023-belfort-jour-4\/","url_meta":{"origin":330,"position":5},"title":"Les Eurock\u00e9ennes 2023, Belfort, jour 4.","author":"dpc","date":"3 juillet 2023","format":false,"excerpt":"1 sc\u00e8ne + 3 groupes dont 1 t\u00eate d'affiche qui limite les photographes et qui bloque l'acc\u00e8s au front de sc\u00e8ne = une maigre galerie. Chef and the Gang @ les Eurock\u00e9ennes, Belfort, 02\/07\/2023 Les Eurock\u00e9ennes, Belfort, 02\/07\/2023 Chef and the Gang @ les Eurock\u00e9ennes, Belfort, 02\/07\/2023 Les Eurock\u00e9ennes, Belfort,\u2026","rel":"","context":"Dans &quot;Alive&quot;","block_context":{"text":"Alive","link":"https:\/\/www.wallendorff.com\/belogue\/category\/alive\/"},"img":{"alt_text":"","src":"https:\/\/i0.wp.com\/www.wallendorff.com\/belogue\/wp-content\/uploads\/2023\/07\/20230703-07.jpg?resize=350%2C200&ssl=1","width":350,"height":200,"srcset":"https:\/\/i0.wp.com\/www.wallendorff.com\/belogue\/wp-content\/uploads\/2023\/07\/20230703-07.jpg?resize=350%2C200&ssl=1 1x, https:\/\/i0.wp.com\/www.wallendorff.com\/belogue\/wp-content\/uploads\/2023\/07\/20230703-07.jpg?resize=525%2C300&ssl=1 1.5x, https:\/\/i0.wp.com\/www.wallendorff.com\/belogue\/wp-content\/uploads\/2023\/07\/20230703-07.jpg?resize=700%2C400&ssl=1 2x, https:\/\/i0.wp.com\/www.wallendorff.com\/belogue\/wp-content\/uploads\/2023\/07\/20230703-07.jpg?resize=1050%2C600&ssl=1 3x"},"classes":[]}],"_links":{"self":[{"href":"https:\/\/www.wallendorff.com\/belogue\/wp-json\/wp\/v2\/posts\/330","targetHints":{"allow":["GET"]}}],"collection":[{"href":"https:\/\/www.wallendorff.com\/belogue\/wp-json\/wp\/v2\/posts"}],"about":[{"href":"https:\/\/www.wallendorff.com\/belogue\/wp-json\/wp\/v2\/types\/post"}],"author":[{"embeddable":true,"href":"https:\/\/www.wallendorff.com\/belogue\/wp-json\/wp\/v2\/users\/1"}],"replies":[{"embeddable":true,"href":"https:\/\/www.wallendorff.com\/belogue\/wp-json\/wp\/v2\/comments?post=330"}],"version-history":[{"count":1,"href":"https:\/\/www.wallendorff.com\/belogue\/wp-json\/wp\/v2\/posts\/330\/revisions"}],"predecessor-version":[{"id":17346,"href":"https:\/\/www.wallendorff.com\/belogue\/wp-json\/wp\/v2\/posts\/330\/revisions\/17346"}],"wp:featuredmedia":[{"embeddable":true,"href":"https:\/\/www.wallendorff.com\/belogue\/wp-json\/wp\/v2\/media\/24270"}],"wp:attachment":[{"href":"https:\/\/www.wallendorff.com\/belogue\/wp-json\/wp\/v2\/media?parent=330"}],"wp:term":[{"taxonomy":"category","embeddable":true,"href":"https:\/\/www.wallendorff.com\/belogue\/wp-json\/wp\/v2\/categories?post=330"},{"taxonomy":"post_tag","embeddable":true,"href":"https:\/\/www.wallendorff.com\/belogue\/wp-json\/wp\/v2\/tags?post=330"}],"curies":[{"name":"wp","href":"https:\/\/api.w.org\/{rel}","templated":true}]}}