{"id":32971,"date":"2016-11-18T20:35:52","date_gmt":"2016-11-18T18:35:52","guid":{"rendered":"http:\/\/www.wallendorff.com\/belogue\/?p=32971"},"modified":"2018-05-23T08:03:35","modified_gmt":"2018-05-23T06:03:35","slug":"francis-zegut-40-ans-de-radio-grand-studio-rtl-paris","status":"publish","type":"post","link":"https:\/\/www.wallendorff.com\/belogue\/2016\/11\/18\/francis-zegut-40-ans-de-radio-grand-studio-rtl-paris\/","title":{"rendered":"Francis Z\u00e9gut \u2013 40 ans de radio @ Grand Studio RTL, Paris."},"content":{"rendered":"\n<div id=\"photo\">\n<p><img decoding=\"async\" src=\"https:\/\/www.wallendorff.com\/belogue\/photo\/galeries\/2016\/11\/20161117-zegut\/20161118-02.jpg\"><\/p>\n<\/p><\/div>\n<p>La vie te fait parfois ce genre de blague ou tu te retrouves &agrave; devoir choisir entre regarder un copain partir dans l&rsquo;espace et aller voir un copain qui f&ecirc;te 40 ans de radio (m&ecirc;me si, au final, nous avons pu voir la fus&eacute;e d&eacute;coller sur l&rsquo;&eacute;cran d&rsquo;un t&eacute;l&eacute;phone dans une brasserie du XVIII<sup>e<\/sup> un verre de c&ocirc;tes-du-Rh&ocirc;ne &agrave; la main, donc &ccedil;a va).<\/p>\n<p>Difficile de r&eacute;sumer 40 ans de radio en 2&nbsp;h d&rsquo;&eacute;mission. Mais Z&eacute;gut s&rsquo;en est bien tir&eacute;, en choisissant savamment les anecdotes qu&rsquo;il a distill&eacute;es et les questions auxquelles il a r&eacute;pondu malgr&eacute; les nombreuses perturbations qui l&rsquo;ont interrompu (invit&eacute;s-surprises divers, hordes de motards vari&eacute;es,  interventions vocales en pagaille et g&acirc;teau rose avec de la cr&egrave;me dessus). J&rsquo;ai pass&eacute; la soir&eacute;e bien entour&eacute; par des gens d&rsquo;hier, des gens d&rsquo;avant-hier &ndash;&nbsp;pour certains pas vus depuis le XX<sup>e<\/sup> si&egrave;cle, c&rsquo;est dire&nbsp;&ndash;, et m&ecirc;me quelques-uns d&rsquo;aujourd&rsquo;hui (merci au passage &agrave; <a href=\"htttp:\/\/www.manuwino.com\">Manu Wino<\/a> de m&rsquo;avoir pr&ecirc;t&eacute; une carte m&eacute;moire alors que j&rsquo;&eacute;tais venu avec un sac de 4&nbsp;kg de matos et pas une seule carte SD, ahah). Ce fut un peu irr&eacute;el, ce fut un peu nostalgique, ce fut un peu fou, mais ce fut surtout bien. Merci Francis pour ces 40 ans de radio. Puissent-ils faire plein de petits.<\/p>\n<div id='gallery-1' class='gallery galleryid-32971 gallery-columns-3 gallery-size-large'><figure class='gallery-item'>\n\t\t\t<div class='gallery-icon landscape'>\n\t\t\t\t<a href='https:\/\/www.wallendorff.com\/belogue\/2016\/11\/18\/francis-zegut-40-ans-de-radio-grand-studio-rtl-paris\/francis-zegut-40-ans-de-radio-grand-studio-rtl-paris-17112016\/'><img fetchpriority=\"high\" decoding=\"async\" width=\"820\" height=\"547\" src=\"https:\/\/www.wallendorff.com\/belogue\/wp-content\/uploads\/2016\/11\/20161118-01.jpg\" class=\"attachment-large size-large\" alt=\"\" aria-describedby=\"gallery-1-32974\" srcset=\"https:\/\/www.wallendorff.com\/belogue\/wp-content\/uploads\/2016\/11\/20161118-01.jpg 820w, https:\/\/www.wallendorff.com\/belogue\/wp-content\/uploads\/2016\/11\/20161118-01-200x133.jpg 200w, https:\/\/www.wallendorff.com\/belogue\/wp-content\/uploads\/2016\/11\/20161118-01-300x200.jpg 300w, https:\/\/www.wallendorff.com\/belogue\/wp-content\/uploads\/2016\/11\/20161118-01-525x350.jpg 525w, https:\/\/www.wallendorff.com\/belogue\/wp-content\/uploads\/2016\/11\/20161118-01-600x400.jpg 600w\" sizes=\"(max-width: 820px) 100vw, 820px\" \/><\/a>\n\t\t\t<\/div>\n\t\t\t\t<figcaption class='wp-caption-text gallery-caption' id='gallery-1-32974'>\n\t\t\t\tFrancis Z\u00e9gut \u2013 40 ans de radio @ Grand Studio RTL, Paris, 17\/11\/2016\n\t\t\t\t<\/figcaption><\/figure><figure class='gallery-item'>\n\t\t\t<div class='gallery-icon landscape'>\n\t\t\t\t<a href='https:\/\/www.wallendorff.com\/belogue\/2016\/11\/18\/francis-zegut-40-ans-de-radio-grand-studio-rtl-paris\/francis-zegut-40-ans-de-radio-grand-studio-rtl-paris-17112016-2\/'><img decoding=\"async\" width=\"820\" height=\"547\" src=\"https:\/\/www.wallendorff.com\/belogue\/wp-content\/uploads\/2016\/11\/20161118-02.jpg\" class=\"attachment-large size-large\" alt=\"\" aria-describedby=\"gallery-1-32975\" srcset=\"https:\/\/www.wallendorff.com\/belogue\/wp-content\/uploads\/2016\/11\/20161118-02.jpg 820w, https:\/\/www.wallendorff.com\/belogue\/wp-content\/uploads\/2016\/11\/20161118-02-200x133.jpg 200w, https:\/\/www.wallendorff.com\/belogue\/wp-content\/uploads\/2016\/11\/20161118-02-300x200.jpg 300w, https:\/\/www.wallendorff.com\/belogue\/wp-content\/uploads\/2016\/11\/20161118-02-525x350.jpg 525w, https:\/\/www.wallendorff.com\/belogue\/wp-content\/uploads\/2016\/11\/20161118-02-600x400.jpg 600w\" sizes=\"(max-width: 820px) 100vw, 820px\" \/><\/a>\n\t\t\t<\/div>\n\t\t\t\t<figcaption class='wp-caption-text gallery-caption' id='gallery-1-32975'>\n\t\t\t\tFrancis Z\u00e9gut \u2013 40 ans de radio @ Grand Studio RTL, Paris, 17\/11\/2016\n\t\t\t\t<\/figcaption><\/figure><figure class='gallery-item'>\n\t\t\t<div class='gallery-icon landscape'>\n\t\t\t\t<a href='https:\/\/www.wallendorff.com\/belogue\/2016\/11\/18\/francis-zegut-40-ans-de-radio-grand-studio-rtl-paris\/francis-zegut-40-ans-de-radio-grand-studio-rtl-paris-17112016-3\/'><img decoding=\"async\" width=\"820\" height=\"547\" src=\"https:\/\/www.wallendorff.com\/belogue\/wp-content\/uploads\/2016\/11\/20161118-03.jpg\" class=\"attachment-large size-large\" alt=\"\" aria-describedby=\"gallery-1-32976\" srcset=\"https:\/\/www.wallendorff.com\/belogue\/wp-content\/uploads\/2016\/11\/20161118-03.jpg 820w, https:\/\/www.wallendorff.com\/belogue\/wp-content\/uploads\/2016\/11\/20161118-03-200x133.jpg 200w, https:\/\/www.wallendorff.com\/belogue\/wp-content\/uploads\/2016\/11\/20161118-03-300x200.jpg 300w, https:\/\/www.wallendorff.com\/belogue\/wp-content\/uploads\/2016\/11\/20161118-03-525x350.jpg 525w, https:\/\/www.wallendorff.com\/belogue\/wp-content\/uploads\/2016\/11\/20161118-03-600x400.jpg 600w\" sizes=\"(max-width: 820px) 100vw, 820px\" \/><\/a>\n\t\t\t<\/div>\n\t\t\t\t<figcaption class='wp-caption-text gallery-caption' id='gallery-1-32976'>\n\t\t\t\tFrancis Z\u00e9gut \u2013 40 ans de radio @ Grand Studio RTL, Paris, 17\/11\/2016\n\t\t\t\t<\/figcaption><\/figure><figure class='gallery-item'>\n\t\t\t<div class='gallery-icon landscape'>\n\t\t\t\t<a href='https:\/\/www.wallendorff.com\/belogue\/2016\/11\/18\/francis-zegut-40-ans-de-radio-grand-studio-rtl-paris\/francis-zegut-40-ans-de-radio-grand-studio-rtl-paris-17112016-4\/'><img loading=\"lazy\" decoding=\"async\" width=\"820\" height=\"547\" src=\"https:\/\/www.wallendorff.com\/belogue\/wp-content\/uploads\/2016\/11\/20161118-04.jpg\" class=\"attachment-large size-large\" alt=\"\" aria-describedby=\"gallery-1-32977\" srcset=\"https:\/\/www.wallendorff.com\/belogue\/wp-content\/uploads\/2016\/11\/20161118-04.jpg 820w, https:\/\/www.wallendorff.com\/belogue\/wp-content\/uploads\/2016\/11\/20161118-04-200x133.jpg 200w, https:\/\/www.wallendorff.com\/belogue\/wp-content\/uploads\/2016\/11\/20161118-04-300x200.jpg 300w, https:\/\/www.wallendorff.com\/belogue\/wp-content\/uploads\/2016\/11\/20161118-04-525x350.jpg 525w, https:\/\/www.wallendorff.com\/belogue\/wp-content\/uploads\/2016\/11\/20161118-04-600x400.jpg 600w\" sizes=\"(max-width: 820px) 100vw, 820px\" \/><\/a>\n\t\t\t<\/div>\n\t\t\t\t<figcaption class='wp-caption-text gallery-caption' id='gallery-1-32977'>\n\t\t\t\tFrancis Z\u00e9gut \u2013 40 ans de radio @ Grand Studio RTL, Paris, 17\/11\/2016\n\t\t\t\t<\/figcaption><\/figure><figure class='gallery-item'>\n\t\t\t<div class='gallery-icon landscape'>\n\t\t\t\t<a href='https:\/\/www.wallendorff.com\/belogue\/2016\/11\/18\/francis-zegut-40-ans-de-radio-grand-studio-rtl-paris\/francis-zegut-40-ans-de-radio-grand-studio-rtl-paris-17112016-5\/'><img loading=\"lazy\" decoding=\"async\" width=\"820\" height=\"547\" src=\"https:\/\/www.wallendorff.com\/belogue\/wp-content\/uploads\/2016\/11\/20161118-05.jpg\" class=\"attachment-large size-large\" alt=\"\" aria-describedby=\"gallery-1-32978\" srcset=\"https:\/\/www.wallendorff.com\/belogue\/wp-content\/uploads\/2016\/11\/20161118-05.jpg 820w, https:\/\/www.wallendorff.com\/belogue\/wp-content\/uploads\/2016\/11\/20161118-05-200x133.jpg 200w, https:\/\/www.wallendorff.com\/belogue\/wp-content\/uploads\/2016\/11\/20161118-05-300x200.jpg 300w, https:\/\/www.wallendorff.com\/belogue\/wp-content\/uploads\/2016\/11\/20161118-05-525x350.jpg 525w, https:\/\/www.wallendorff.com\/belogue\/wp-content\/uploads\/2016\/11\/20161118-05-600x400.jpg 600w\" sizes=\"(max-width: 820px) 100vw, 820px\" \/><\/a>\n\t\t\t<\/div>\n\t\t\t\t<figcaption class='wp-caption-text gallery-caption' id='gallery-1-32978'>\n\t\t\t\tFrancis Z\u00e9gut \u2013 40 ans de radio @ Grand Studio RTL, Paris, 17\/11\/2016\n\t\t\t\t<\/figcaption><\/figure><figure class='gallery-item'>\n\t\t\t<div class='gallery-icon landscape'>\n\t\t\t\t<a href='https:\/\/www.wallendorff.com\/belogue\/2016\/11\/18\/francis-zegut-40-ans-de-radio-grand-studio-rtl-paris\/francis-zegut-40-ans-de-radio-grand-studio-rtl-paris-17112016-6\/'><img loading=\"lazy\" decoding=\"async\" width=\"820\" height=\"547\" src=\"https:\/\/www.wallendorff.com\/belogue\/wp-content\/uploads\/2016\/11\/20161118-06.jpg\" class=\"attachment-large size-large\" alt=\"\" aria-describedby=\"gallery-1-32979\" srcset=\"https:\/\/www.wallendorff.com\/belogue\/wp-content\/uploads\/2016\/11\/20161118-06.jpg 820w, https:\/\/www.wallendorff.com\/belogue\/wp-content\/uploads\/2016\/11\/20161118-06-200x133.jpg 200w, https:\/\/www.wallendorff.com\/belogue\/wp-content\/uploads\/2016\/11\/20161118-06-300x200.jpg 300w, https:\/\/www.wallendorff.com\/belogue\/wp-content\/uploads\/2016\/11\/20161118-06-525x350.jpg 525w, https:\/\/www.wallendorff.com\/belogue\/wp-content\/uploads\/2016\/11\/20161118-06-600x400.jpg 600w\" sizes=\"(max-width: 820px) 100vw, 820px\" \/><\/a>\n\t\t\t<\/div>\n\t\t\t\t<figcaption class='wp-caption-text gallery-caption' id='gallery-1-32979'>\n\t\t\t\tFrancis Z\u00e9gut \u2013 40 ans de radio @ Grand Studio RTL, Paris, 17\/11\/2016\n\t\t\t\t<\/figcaption><\/figure><figure class='gallery-item'>\n\t\t\t<div class='gallery-icon landscape'>\n\t\t\t\t<a href='https:\/\/www.wallendorff.com\/belogue\/2016\/11\/18\/francis-zegut-40-ans-de-radio-grand-studio-rtl-paris\/francis-zegut-40-ans-de-radio-grand-studio-rtl-paris-17112016-7\/'><img loading=\"lazy\" decoding=\"async\" width=\"820\" height=\"547\" src=\"https:\/\/www.wallendorff.com\/belogue\/wp-content\/uploads\/2016\/11\/20161118-07.jpg\" class=\"attachment-large size-large\" alt=\"\" aria-describedby=\"gallery-1-32980\" srcset=\"https:\/\/www.wallendorff.com\/belogue\/wp-content\/uploads\/2016\/11\/20161118-07.jpg 820w, https:\/\/www.wallendorff.com\/belogue\/wp-content\/uploads\/2016\/11\/20161118-07-200x133.jpg 200w, https:\/\/www.wallendorff.com\/belogue\/wp-content\/uploads\/2016\/11\/20161118-07-300x200.jpg 300w, https:\/\/www.wallendorff.com\/belogue\/wp-content\/uploads\/2016\/11\/20161118-07-525x350.jpg 525w, https:\/\/www.wallendorff.com\/belogue\/wp-content\/uploads\/2016\/11\/20161118-07-600x400.jpg 600w\" sizes=\"(max-width: 820px) 100vw, 820px\" \/><\/a>\n\t\t\t<\/div>\n\t\t\t\t<figcaption class='wp-caption-text gallery-caption' id='gallery-1-32980'>\n\t\t\t\tFrancis Z\u00e9gut \u2013 40 ans de radio @ Grand Studio RTL, Paris, 17\/11\/2016\n\t\t\t\t<\/figcaption><\/figure><figure class='gallery-item'>\n\t\t\t<div class='gallery-icon landscape'>\n\t\t\t\t<a href='https:\/\/www.wallendorff.com\/belogue\/2016\/11\/18\/francis-zegut-40-ans-de-radio-grand-studio-rtl-paris\/francis-zegut-40-ans-de-radio-grand-studio-rtl-paris-17112016-8\/'><img loading=\"lazy\" decoding=\"async\" width=\"820\" height=\"547\" src=\"https:\/\/www.wallendorff.com\/belogue\/wp-content\/uploads\/2016\/11\/20161118-08.jpg\" class=\"attachment-large size-large\" alt=\"\" aria-describedby=\"gallery-1-32981\" srcset=\"https:\/\/www.wallendorff.com\/belogue\/wp-content\/uploads\/2016\/11\/20161118-08.jpg 820w, https:\/\/www.wallendorff.com\/belogue\/wp-content\/uploads\/2016\/11\/20161118-08-200x133.jpg 200w, https:\/\/www.wallendorff.com\/belogue\/wp-content\/uploads\/2016\/11\/20161118-08-300x200.jpg 300w, https:\/\/www.wallendorff.com\/belogue\/wp-content\/uploads\/2016\/11\/20161118-08-525x350.jpg 525w, https:\/\/www.wallendorff.com\/belogue\/wp-content\/uploads\/2016\/11\/20161118-08-600x400.jpg 600w\" sizes=\"(max-width: 820px) 100vw, 820px\" \/><\/a>\n\t\t\t<\/div>\n\t\t\t\t<figcaption class='wp-caption-text gallery-caption' id='gallery-1-32981'>\n\t\t\t\tFrancis Z\u00e9gut \u2013 40 ans de radio @ Grand Studio RTL, Paris, 17\/11\/2016\n\t\t\t\t<\/figcaption><\/figure><figure class='gallery-item'>\n\t\t\t<div class='gallery-icon landscape'>\n\t\t\t\t<a href='https:\/\/www.wallendorff.com\/belogue\/2016\/11\/18\/francis-zegut-40-ans-de-radio-grand-studio-rtl-paris\/francis-zegut-40-ans-de-radio-grand-studio-rtl-paris-17112016-9\/'><img loading=\"lazy\" decoding=\"async\" width=\"820\" height=\"547\" src=\"https:\/\/www.wallendorff.com\/belogue\/wp-content\/uploads\/2016\/11\/20161118-09.jpg\" class=\"attachment-large size-large\" alt=\"\" aria-describedby=\"gallery-1-32982\" srcset=\"https:\/\/www.wallendorff.com\/belogue\/wp-content\/uploads\/2016\/11\/20161118-09.jpg 820w, https:\/\/www.wallendorff.com\/belogue\/wp-content\/uploads\/2016\/11\/20161118-09-200x133.jpg 200w, https:\/\/www.wallendorff.com\/belogue\/wp-content\/uploads\/2016\/11\/20161118-09-300x200.jpg 300w, https:\/\/www.wallendorff.com\/belogue\/wp-content\/uploads\/2016\/11\/20161118-09-525x350.jpg 525w, https:\/\/www.wallendorff.com\/belogue\/wp-content\/uploads\/2016\/11\/20161118-09-600x400.jpg 600w\" sizes=\"(max-width: 820px) 100vw, 820px\" \/><\/a>\n\t\t\t<\/div>\n\t\t\t\t<figcaption class='wp-caption-text gallery-caption' id='gallery-1-32982'>\n\t\t\t\tFrancis Z\u00e9gut \u2013 40 ans de radio @ Grand Studio RTL, Paris, 17\/11\/2016\n\t\t\t\t<\/figcaption><\/figure><figure class='gallery-item'>\n\t\t\t<div class='gallery-icon landscape'>\n\t\t\t\t<a href='https:\/\/www.wallendorff.com\/belogue\/2016\/11\/18\/francis-zegut-40-ans-de-radio-grand-studio-rtl-paris\/francis-zegut-40-ans-de-radio-grand-studio-rtl-paris-17112016-10\/'><img loading=\"lazy\" decoding=\"async\" width=\"820\" height=\"547\" src=\"https:\/\/www.wallendorff.com\/belogue\/wp-content\/uploads\/2016\/11\/20161118-10.jpg\" class=\"attachment-large size-large\" alt=\"\" aria-describedby=\"gallery-1-32983\" srcset=\"https:\/\/www.wallendorff.com\/belogue\/wp-content\/uploads\/2016\/11\/20161118-10.jpg 820w, https:\/\/www.wallendorff.com\/belogue\/wp-content\/uploads\/2016\/11\/20161118-10-200x133.jpg 200w, https:\/\/www.wallendorff.com\/belogue\/wp-content\/uploads\/2016\/11\/20161118-10-300x200.jpg 300w, https:\/\/www.wallendorff.com\/belogue\/wp-content\/uploads\/2016\/11\/20161118-10-525x350.jpg 525w, https:\/\/www.wallendorff.com\/belogue\/wp-content\/uploads\/2016\/11\/20161118-10-600x400.jpg 600w\" sizes=\"(max-width: 820px) 100vw, 820px\" \/><\/a>\n\t\t\t<\/div>\n\t\t\t\t<figcaption class='wp-caption-text gallery-caption' id='gallery-1-32983'>\n\t\t\t\tFrancis Z\u00e9gut \u2013 40 ans de radio @ Grand Studio RTL, Paris, 17\/11\/2016\n\t\t\t\t<\/figcaption><\/figure><figure class='gallery-item'>\n\t\t\t<div class='gallery-icon landscape'>\n\t\t\t\t<a href='https:\/\/www.wallendorff.com\/belogue\/2016\/11\/18\/francis-zegut-40-ans-de-radio-grand-studio-rtl-paris\/francis-zegut-40-ans-de-radio-grand-studio-rtl-paris-17112016-11\/'><img loading=\"lazy\" decoding=\"async\" width=\"820\" height=\"547\" src=\"https:\/\/www.wallendorff.com\/belogue\/wp-content\/uploads\/2016\/11\/20161118-11.jpg\" class=\"attachment-large size-large\" alt=\"\" aria-describedby=\"gallery-1-32984\" srcset=\"https:\/\/www.wallendorff.com\/belogue\/wp-content\/uploads\/2016\/11\/20161118-11.jpg 820w, https:\/\/www.wallendorff.com\/belogue\/wp-content\/uploads\/2016\/11\/20161118-11-200x133.jpg 200w, https:\/\/www.wallendorff.com\/belogue\/wp-content\/uploads\/2016\/11\/20161118-11-300x200.jpg 300w, https:\/\/www.wallendorff.com\/belogue\/wp-content\/uploads\/2016\/11\/20161118-11-525x350.jpg 525w, https:\/\/www.wallendorff.com\/belogue\/wp-content\/uploads\/2016\/11\/20161118-11-600x400.jpg 600w\" sizes=\"(max-width: 820px) 100vw, 820px\" \/><\/a>\n\t\t\t<\/div>\n\t\t\t\t<figcaption class='wp-caption-text gallery-caption' id='gallery-1-32984'>\n\t\t\t\tFrancis Z\u00e9gut \u2013 40 ans de radio @ Grand Studio RTL, Paris, 17\/11\/2016\n\t\t\t\t<\/figcaption><\/figure><figure class='gallery-item'>\n\t\t\t<div class='gallery-icon landscape'>\n\t\t\t\t<a href='https:\/\/www.wallendorff.com\/belogue\/2016\/11\/18\/francis-zegut-40-ans-de-radio-grand-studio-rtl-paris\/francis-zegut-40-ans-de-radio-grand-studio-rtl-paris-17112016-12\/'><img loading=\"lazy\" decoding=\"async\" width=\"820\" height=\"547\" src=\"https:\/\/www.wallendorff.com\/belogue\/wp-content\/uploads\/2016\/11\/20161118-12.jpg\" class=\"attachment-large size-large\" alt=\"\" aria-describedby=\"gallery-1-32985\" srcset=\"https:\/\/www.wallendorff.com\/belogue\/wp-content\/uploads\/2016\/11\/20161118-12.jpg 820w, https:\/\/www.wallendorff.com\/belogue\/wp-content\/uploads\/2016\/11\/20161118-12-200x133.jpg 200w, https:\/\/www.wallendorff.com\/belogue\/wp-content\/uploads\/2016\/11\/20161118-12-300x200.jpg 300w, https:\/\/www.wallendorff.com\/belogue\/wp-content\/uploads\/2016\/11\/20161118-12-525x350.jpg 525w, https:\/\/www.wallendorff.com\/belogue\/wp-content\/uploads\/2016\/11\/20161118-12-600x400.jpg 600w\" sizes=\"(max-width: 820px) 100vw, 820px\" \/><\/a>\n\t\t\t<\/div>\n\t\t\t\t<figcaption class='wp-caption-text gallery-caption' id='gallery-1-32985'>\n\t\t\t\tFrancis Z\u00e9gut \u2013 40 ans de radio @ Grand Studio RTL, Paris, 17\/11\/2016\n\t\t\t\t<\/figcaption><\/figure><figure class='gallery-item'>\n\t\t\t<div class='gallery-icon landscape'>\n\t\t\t\t<a href='https:\/\/www.wallendorff.com\/belogue\/2016\/11\/18\/francis-zegut-40-ans-de-radio-grand-studio-rtl-paris\/francis-zegut-40-ans-de-radio-grand-studio-rtl-paris-17112016-13\/'><img loading=\"lazy\" decoding=\"async\" width=\"820\" height=\"547\" src=\"https:\/\/www.wallendorff.com\/belogue\/wp-content\/uploads\/2016\/11\/20161118-13.jpg\" class=\"attachment-large size-large\" alt=\"\" aria-describedby=\"gallery-1-32986\" srcset=\"https:\/\/www.wallendorff.com\/belogue\/wp-content\/uploads\/2016\/11\/20161118-13.jpg 820w, https:\/\/www.wallendorff.com\/belogue\/wp-content\/uploads\/2016\/11\/20161118-13-200x133.jpg 200w, https:\/\/www.wallendorff.com\/belogue\/wp-content\/uploads\/2016\/11\/20161118-13-300x200.jpg 300w, https:\/\/www.wallendorff.com\/belogue\/wp-content\/uploads\/2016\/11\/20161118-13-525x350.jpg 525w, https:\/\/www.wallendorff.com\/belogue\/wp-content\/uploads\/2016\/11\/20161118-13-600x400.jpg 600w\" sizes=\"(max-width: 820px) 100vw, 820px\" \/><\/a>\n\t\t\t<\/div>\n\t\t\t\t<figcaption class='wp-caption-text gallery-caption' id='gallery-1-32986'>\n\t\t\t\tFrancis Z\u00e9gut \u2013 40 ans de radio @ Grand Studio RTL, Paris, 17\/11\/2016\n\t\t\t\t<\/figcaption><\/figure><figure class='gallery-item'>\n\t\t\t<div class='gallery-icon portrait'>\n\t\t\t\t<a href='https:\/\/www.wallendorff.com\/belogue\/2016\/11\/18\/francis-zegut-40-ans-de-radio-grand-studio-rtl-paris\/francis-zegut-40-ans-de-radio-grand-studio-rtl-paris-17112016-14\/'><img loading=\"lazy\" decoding=\"async\" width=\"547\" height=\"820\" src=\"https:\/\/www.wallendorff.com\/belogue\/wp-content\/uploads\/2016\/11\/20161118-14.jpg\" class=\"attachment-large size-large\" alt=\"\" aria-describedby=\"gallery-1-32987\" srcset=\"https:\/\/www.wallendorff.com\/belogue\/wp-content\/uploads\/2016\/11\/20161118-14.jpg 547w, https:\/\/www.wallendorff.com\/belogue\/wp-content\/uploads\/2016\/11\/20161118-14-133x200.jpg 133w, https:\/\/www.wallendorff.com\/belogue\/wp-content\/uploads\/2016\/11\/20161118-14-200x300.jpg 200w, https:\/\/www.wallendorff.com\/belogue\/wp-content\/uploads\/2016\/11\/20161118-14-233x350.jpg 233w\" sizes=\"(max-width: 547px) 100vw, 547px\" \/><\/a>\n\t\t\t<\/div>\n\t\t\t\t<figcaption class='wp-caption-text gallery-caption' id='gallery-1-32987'>\n\t\t\t\tFrancis Z\u00e9gut \u2013 40 ans de radio @ Grand Studio RTL, Paris, 17\/11\/2016\n\t\t\t\t<\/figcaption><\/figure><figure class='gallery-item'>\n\t\t\t<div class='gallery-icon portrait'>\n\t\t\t\t<a href='https:\/\/www.wallendorff.com\/belogue\/2016\/11\/18\/francis-zegut-40-ans-de-radio-grand-studio-rtl-paris\/francis-zegut-40-ans-de-radio-grand-studio-rtl-paris-17112016-15\/'><img loading=\"lazy\" decoding=\"async\" width=\"547\" height=\"820\" src=\"https:\/\/www.wallendorff.com\/belogue\/wp-content\/uploads\/2016\/11\/20161118-15.jpg\" class=\"attachment-large size-large\" alt=\"\" aria-describedby=\"gallery-1-32988\" srcset=\"https:\/\/www.wallendorff.com\/belogue\/wp-content\/uploads\/2016\/11\/20161118-15.jpg 547w, https:\/\/www.wallendorff.com\/belogue\/wp-content\/uploads\/2016\/11\/20161118-15-133x200.jpg 133w, https:\/\/www.wallendorff.com\/belogue\/wp-content\/uploads\/2016\/11\/20161118-15-200x300.jpg 200w, https:\/\/www.wallendorff.com\/belogue\/wp-content\/uploads\/2016\/11\/20161118-15-233x350.jpg 233w\" sizes=\"(max-width: 547px) 100vw, 547px\" \/><\/a>\n\t\t\t<\/div>\n\t\t\t\t<figcaption class='wp-caption-text gallery-caption' id='gallery-1-32988'>\n\t\t\t\tFrancis Z\u00e9gut \u2013 40 ans de radio @ Grand Studio RTL, Paris, 17\/11\/2016\n\t\t\t\t<\/figcaption><\/figure><figure class='gallery-item'>\n\t\t\t<div class='gallery-icon landscape'>\n\t\t\t\t<a href='https:\/\/www.wallendorff.com\/belogue\/2016\/11\/18\/francis-zegut-40-ans-de-radio-grand-studio-rtl-paris\/francis-zegut-40-ans-de-radio-grand-studio-rtl-paris-17112016-16\/'><img loading=\"lazy\" decoding=\"async\" width=\"820\" height=\"547\" src=\"https:\/\/www.wallendorff.com\/belogue\/wp-content\/uploads\/2016\/11\/20161118-16.jpg\" class=\"attachment-large size-large\" alt=\"\" aria-describedby=\"gallery-1-32989\" srcset=\"https:\/\/www.wallendorff.com\/belogue\/wp-content\/uploads\/2016\/11\/20161118-16.jpg 820w, https:\/\/www.wallendorff.com\/belogue\/wp-content\/uploads\/2016\/11\/20161118-16-200x133.jpg 200w, https:\/\/www.wallendorff.com\/belogue\/wp-content\/uploads\/2016\/11\/20161118-16-300x200.jpg 300w, https:\/\/www.wallendorff.com\/belogue\/wp-content\/uploads\/2016\/11\/20161118-16-525x350.jpg 525w, https:\/\/www.wallendorff.com\/belogue\/wp-content\/uploads\/2016\/11\/20161118-16-600x400.jpg 600w\" sizes=\"(max-width: 820px) 100vw, 820px\" \/><\/a>\n\t\t\t<\/div>\n\t\t\t\t<figcaption class='wp-caption-text gallery-caption' id='gallery-1-32989'>\n\t\t\t\tFrancis Z\u00e9gut \u2013 40 ans de radio @ Grand Studio RTL, Paris, 17\/11\/2016\n\t\t\t\t<\/figcaption><\/figure><figure class='gallery-item'>\n\t\t\t<div class='gallery-icon landscape'>\n\t\t\t\t<a href='https:\/\/www.wallendorff.com\/belogue\/2016\/11\/18\/francis-zegut-40-ans-de-radio-grand-studio-rtl-paris\/francis-zegut-40-ans-de-radio-grand-studio-rtl-paris-17112016-17\/'><img loading=\"lazy\" decoding=\"async\" width=\"820\" height=\"547\" src=\"https:\/\/www.wallendorff.com\/belogue\/wp-content\/uploads\/2016\/11\/20161118-17.jpg\" class=\"attachment-large size-large\" alt=\"\" aria-describedby=\"gallery-1-32990\" srcset=\"https:\/\/www.wallendorff.com\/belogue\/wp-content\/uploads\/2016\/11\/20161118-17.jpg 820w, https:\/\/www.wallendorff.com\/belogue\/wp-content\/uploads\/2016\/11\/20161118-17-200x133.jpg 200w, https:\/\/www.wallendorff.com\/belogue\/wp-content\/uploads\/2016\/11\/20161118-17-300x200.jpg 300w, https:\/\/www.wallendorff.com\/belogue\/wp-content\/uploads\/2016\/11\/20161118-17-525x350.jpg 525w, https:\/\/www.wallendorff.com\/belogue\/wp-content\/uploads\/2016\/11\/20161118-17-600x400.jpg 600w\" sizes=\"(max-width: 820px) 100vw, 820px\" \/><\/a>\n\t\t\t<\/div>\n\t\t\t\t<figcaption class='wp-caption-text gallery-caption' id='gallery-1-32990'>\n\t\t\t\tFrancis Z\u00e9gut \u2013 40 ans de radio @ Grand Studio RTL, Paris, 17\/11\/2016\n\t\t\t\t<\/figcaption><\/figure><figure class='gallery-item'>\n\t\t\t<div class='gallery-icon landscape'>\n\t\t\t\t<a href='https:\/\/www.wallendorff.com\/belogue\/2016\/11\/18\/francis-zegut-40-ans-de-radio-grand-studio-rtl-paris\/francis-zegut-40-ans-de-radio-grand-studio-rtl-paris-17112016-18\/'><img loading=\"lazy\" decoding=\"async\" width=\"820\" height=\"547\" src=\"https:\/\/www.wallendorff.com\/belogue\/wp-content\/uploads\/2016\/11\/20161118-18.jpg\" class=\"attachment-large size-large\" alt=\"\" aria-describedby=\"gallery-1-32991\" srcset=\"https:\/\/www.wallendorff.com\/belogue\/wp-content\/uploads\/2016\/11\/20161118-18.jpg 820w, https:\/\/www.wallendorff.com\/belogue\/wp-content\/uploads\/2016\/11\/20161118-18-200x133.jpg 200w, https:\/\/www.wallendorff.com\/belogue\/wp-content\/uploads\/2016\/11\/20161118-18-300x200.jpg 300w, https:\/\/www.wallendorff.com\/belogue\/wp-content\/uploads\/2016\/11\/20161118-18-525x350.jpg 525w, https:\/\/www.wallendorff.com\/belogue\/wp-content\/uploads\/2016\/11\/20161118-18-600x400.jpg 600w\" sizes=\"(max-width: 820px) 100vw, 820px\" \/><\/a>\n\t\t\t<\/div>\n\t\t\t\t<figcaption class='wp-caption-text gallery-caption' id='gallery-1-32991'>\n\t\t\t\tFrancis Z\u00e9gut \u2013 40 ans de radio @ Grand Studio RTL, Paris, 17\/11\/2016\n\t\t\t\t<\/figcaption><\/figure><figure class='gallery-item'>\n\t\t\t<div class='gallery-icon landscape'>\n\t\t\t\t<a href='https:\/\/www.wallendorff.com\/belogue\/2016\/11\/18\/francis-zegut-40-ans-de-radio-grand-studio-rtl-paris\/francis-zegut-40-ans-de-radio-grand-studio-rtl-paris-17112016-19\/'><img loading=\"lazy\" decoding=\"async\" width=\"820\" height=\"547\" src=\"https:\/\/www.wallendorff.com\/belogue\/wp-content\/uploads\/2016\/11\/20161118-19.jpg\" class=\"attachment-large size-large\" alt=\"\" aria-describedby=\"gallery-1-32992\" srcset=\"https:\/\/www.wallendorff.com\/belogue\/wp-content\/uploads\/2016\/11\/20161118-19.jpg 820w, https:\/\/www.wallendorff.com\/belogue\/wp-content\/uploads\/2016\/11\/20161118-19-200x133.jpg 200w, https:\/\/www.wallendorff.com\/belogue\/wp-content\/uploads\/2016\/11\/20161118-19-300x200.jpg 300w, https:\/\/www.wallendorff.com\/belogue\/wp-content\/uploads\/2016\/11\/20161118-19-525x350.jpg 525w, https:\/\/www.wallendorff.com\/belogue\/wp-content\/uploads\/2016\/11\/20161118-19-600x400.jpg 600w\" sizes=\"(max-width: 820px) 100vw, 820px\" \/><\/a>\n\t\t\t<\/div>\n\t\t\t\t<figcaption class='wp-caption-text gallery-caption' id='gallery-1-32992'>\n\t\t\t\tFrancis Z\u00e9gut \u2013 40 ans de radio @ Grand Studio RTL, Paris, 17\/11\/2016\n\t\t\t\t<\/figcaption><\/figure><figure class='gallery-item'>\n\t\t\t<div class='gallery-icon landscape'>\n\t\t\t\t<a href='https:\/\/www.wallendorff.com\/belogue\/2016\/11\/18\/francis-zegut-40-ans-de-radio-grand-studio-rtl-paris\/francis-zegut-40-ans-de-radio-grand-studio-rtl-paris-17112016-20\/'><img loading=\"lazy\" decoding=\"async\" width=\"820\" height=\"547\" src=\"https:\/\/www.wallendorff.com\/belogue\/wp-content\/uploads\/2016\/11\/20161118-20.jpg\" class=\"attachment-large size-large\" alt=\"\" aria-describedby=\"gallery-1-32993\" srcset=\"https:\/\/www.wallendorff.com\/belogue\/wp-content\/uploads\/2016\/11\/20161118-20.jpg 820w, https:\/\/www.wallendorff.com\/belogue\/wp-content\/uploads\/2016\/11\/20161118-20-200x133.jpg 200w, https:\/\/www.wallendorff.com\/belogue\/wp-content\/uploads\/2016\/11\/20161118-20-300x200.jpg 300w, https:\/\/www.wallendorff.com\/belogue\/wp-content\/uploads\/2016\/11\/20161118-20-525x350.jpg 525w, https:\/\/www.wallendorff.com\/belogue\/wp-content\/uploads\/2016\/11\/20161118-20-600x400.jpg 600w\" sizes=\"(max-width: 820px) 100vw, 820px\" \/><\/a>\n\t\t\t<\/div>\n\t\t\t\t<figcaption class='wp-caption-text gallery-caption' id='gallery-1-32993'>\n\t\t\t\tFrancis Z\u00e9gut \u2013 40 ans de radio @ Grand Studio RTL, Paris, 17\/11\/2016\n\t\t\t\t<\/figcaption><\/figure><figure class='gallery-item'>\n\t\t\t<div class='gallery-icon landscape'>\n\t\t\t\t<a href='https:\/\/www.wallendorff.com\/belogue\/2016\/11\/18\/francis-zegut-40-ans-de-radio-grand-studio-rtl-paris\/francis-zegut-40-ans-de-radio-grand-studio-rtl-paris-17112016-21\/'><img loading=\"lazy\" decoding=\"async\" width=\"820\" height=\"547\" src=\"https:\/\/www.wallendorff.com\/belogue\/wp-content\/uploads\/2016\/11\/20161118-21.jpg\" class=\"attachment-large size-large\" alt=\"\" aria-describedby=\"gallery-1-32994\" srcset=\"https:\/\/www.wallendorff.com\/belogue\/wp-content\/uploads\/2016\/11\/20161118-21.jpg 820w, https:\/\/www.wallendorff.com\/belogue\/wp-content\/uploads\/2016\/11\/20161118-21-200x133.jpg 200w, https:\/\/www.wallendorff.com\/belogue\/wp-content\/uploads\/2016\/11\/20161118-21-300x200.jpg 300w, https:\/\/www.wallendorff.com\/belogue\/wp-content\/uploads\/2016\/11\/20161118-21-525x350.jpg 525w, https:\/\/www.wallendorff.com\/belogue\/wp-content\/uploads\/2016\/11\/20161118-21-600x400.jpg 600w\" sizes=\"(max-width: 820px) 100vw, 820px\" \/><\/a>\n\t\t\t<\/div>\n\t\t\t\t<figcaption class='wp-caption-text gallery-caption' id='gallery-1-32994'>\n\t\t\t\tFrancis Z\u00e9gut \u2013 40 ans de radio @ Grand Studio RTL, Paris, 17\/11\/2016\n\t\t\t\t<\/figcaption><\/figure><figure class='gallery-item'>\n\t\t\t<div class='gallery-icon landscape'>\n\t\t\t\t<a href='https:\/\/www.wallendorff.com\/belogue\/2016\/11\/18\/francis-zegut-40-ans-de-radio-grand-studio-rtl-paris\/francis-zegut-40-ans-de-radio-grand-studio-rtl-paris-17112016-22\/'><img loading=\"lazy\" decoding=\"async\" width=\"820\" height=\"547\" src=\"https:\/\/www.wallendorff.com\/belogue\/wp-content\/uploads\/2016\/11\/20161118-22.jpg\" class=\"attachment-large size-large\" alt=\"\" aria-describedby=\"gallery-1-32995\" srcset=\"https:\/\/www.wallendorff.com\/belogue\/wp-content\/uploads\/2016\/11\/20161118-22.jpg 820w, https:\/\/www.wallendorff.com\/belogue\/wp-content\/uploads\/2016\/11\/20161118-22-200x133.jpg 200w, https:\/\/www.wallendorff.com\/belogue\/wp-content\/uploads\/2016\/11\/20161118-22-300x200.jpg 300w, https:\/\/www.wallendorff.com\/belogue\/wp-content\/uploads\/2016\/11\/20161118-22-525x350.jpg 525w, https:\/\/www.wallendorff.com\/belogue\/wp-content\/uploads\/2016\/11\/20161118-22-600x400.jpg 600w\" sizes=\"(max-width: 820px) 100vw, 820px\" \/><\/a>\n\t\t\t<\/div>\n\t\t\t\t<figcaption class='wp-caption-text gallery-caption' id='gallery-1-32995'>\n\t\t\t\tFrancis Z\u00e9gut \u2013 40 ans de radio @ Grand Studio RTL, Paris, 17\/11\/2016\n\t\t\t\t<\/figcaption><\/figure><figure class='gallery-item'>\n\t\t\t<div class='gallery-icon landscape'>\n\t\t\t\t<a href='https:\/\/www.wallendorff.com\/belogue\/2016\/11\/18\/francis-zegut-40-ans-de-radio-grand-studio-rtl-paris\/francis-zegut-40-ans-de-radio-grand-studio-rtl-paris-17112016-23\/'><img loading=\"lazy\" decoding=\"async\" width=\"820\" height=\"547\" src=\"https:\/\/www.wallendorff.com\/belogue\/wp-content\/uploads\/2016\/11\/20161118-23.jpg\" class=\"attachment-large size-large\" alt=\"\" aria-describedby=\"gallery-1-32996\" srcset=\"https:\/\/www.wallendorff.com\/belogue\/wp-content\/uploads\/2016\/11\/20161118-23.jpg 820w, https:\/\/www.wallendorff.com\/belogue\/wp-content\/uploads\/2016\/11\/20161118-23-200x133.jpg 200w, https:\/\/www.wallendorff.com\/belogue\/wp-content\/uploads\/2016\/11\/20161118-23-300x200.jpg 300w, https:\/\/www.wallendorff.com\/belogue\/wp-content\/uploads\/2016\/11\/20161118-23-525x350.jpg 525w, https:\/\/www.wallendorff.com\/belogue\/wp-content\/uploads\/2016\/11\/20161118-23-600x400.jpg 600w\" sizes=\"(max-width: 820px) 100vw, 820px\" \/><\/a>\n\t\t\t<\/div>\n\t\t\t\t<figcaption class='wp-caption-text gallery-caption' id='gallery-1-32996'>\n\t\t\t\tFrancis Z\u00e9gut \u2013 40 ans de radio @ Grand Studio RTL, Paris, 17\/11\/2016\n\t\t\t\t<\/figcaption><\/figure><figure class='gallery-item'>\n\t\t\t<div class='gallery-icon landscape'>\n\t\t\t\t<a href='https:\/\/www.wallendorff.com\/belogue\/2016\/11\/18\/francis-zegut-40-ans-de-radio-grand-studio-rtl-paris\/francis-zegut-40-ans-de-radio-grand-studio-rtl-paris-17112016-24\/'><img loading=\"lazy\" decoding=\"async\" width=\"820\" height=\"547\" src=\"https:\/\/www.wallendorff.com\/belogue\/wp-content\/uploads\/2016\/11\/20161118-24.jpg\" class=\"attachment-large size-large\" alt=\"\" aria-describedby=\"gallery-1-32997\" srcset=\"https:\/\/www.wallendorff.com\/belogue\/wp-content\/uploads\/2016\/11\/20161118-24.jpg 820w, https:\/\/www.wallendorff.com\/belogue\/wp-content\/uploads\/2016\/11\/20161118-24-200x133.jpg 200w, https:\/\/www.wallendorff.com\/belogue\/wp-content\/uploads\/2016\/11\/20161118-24-300x200.jpg 300w, https:\/\/www.wallendorff.com\/belogue\/wp-content\/uploads\/2016\/11\/20161118-24-525x350.jpg 525w, https:\/\/www.wallendorff.com\/belogue\/wp-content\/uploads\/2016\/11\/20161118-24-600x400.jpg 600w\" sizes=\"(max-width: 820px) 100vw, 820px\" \/><\/a>\n\t\t\t<\/div>\n\t\t\t\t<figcaption class='wp-caption-text gallery-caption' id='gallery-1-32997'>\n\t\t\t\tFrancis Z\u00e9gut \u2013 40 ans de radio @ Grand Studio RTL, Paris, 17\/11\/2016\n\t\t\t\t<\/figcaption><\/figure><figure class='gallery-item'>\n\t\t\t<div class='gallery-icon landscape'>\n\t\t\t\t<a href='https:\/\/www.wallendorff.com\/belogue\/2016\/11\/18\/francis-zegut-40-ans-de-radio-grand-studio-rtl-paris\/francis-zegut-40-ans-de-radio-grand-studio-rtl-paris-17112016-25\/'><img loading=\"lazy\" decoding=\"async\" width=\"820\" height=\"547\" src=\"https:\/\/www.wallendorff.com\/belogue\/wp-content\/uploads\/2016\/11\/20161118-25.jpg\" class=\"attachment-large size-large\" alt=\"\" aria-describedby=\"gallery-1-32998\" srcset=\"https:\/\/www.wallendorff.com\/belogue\/wp-content\/uploads\/2016\/11\/20161118-25.jpg 820w, https:\/\/www.wallendorff.com\/belogue\/wp-content\/uploads\/2016\/11\/20161118-25-200x133.jpg 200w, https:\/\/www.wallendorff.com\/belogue\/wp-content\/uploads\/2016\/11\/20161118-25-300x200.jpg 300w, https:\/\/www.wallendorff.com\/belogue\/wp-content\/uploads\/2016\/11\/20161118-25-525x350.jpg 525w, https:\/\/www.wallendorff.com\/belogue\/wp-content\/uploads\/2016\/11\/20161118-25-600x400.jpg 600w\" sizes=\"(max-width: 820px) 100vw, 820px\" \/><\/a>\n\t\t\t<\/div>\n\t\t\t\t<figcaption class='wp-caption-text gallery-caption' id='gallery-1-32998'>\n\t\t\t\tFrancis Z\u00e9gut \u2013 40 ans de radio @ Grand Studio RTL, Paris, 17\/11\/2016\n\t\t\t\t<\/figcaption><\/figure><figure class='gallery-item'>\n\t\t\t<div class='gallery-icon landscape'>\n\t\t\t\t<a href='https:\/\/www.wallendorff.com\/belogue\/2016\/11\/18\/francis-zegut-40-ans-de-radio-grand-studio-rtl-paris\/francis-zegut-40-ans-de-radio-grand-studio-rtl-paris-17112016-26\/'><img loading=\"lazy\" decoding=\"async\" width=\"820\" height=\"547\" src=\"https:\/\/www.wallendorff.com\/belogue\/wp-content\/uploads\/2016\/11\/20161118-26.jpg\" class=\"attachment-large size-large\" alt=\"\" aria-describedby=\"gallery-1-32999\" srcset=\"https:\/\/www.wallendorff.com\/belogue\/wp-content\/uploads\/2016\/11\/20161118-26.jpg 820w, https:\/\/www.wallendorff.com\/belogue\/wp-content\/uploads\/2016\/11\/20161118-26-200x133.jpg 200w, https:\/\/www.wallendorff.com\/belogue\/wp-content\/uploads\/2016\/11\/20161118-26-300x200.jpg 300w, https:\/\/www.wallendorff.com\/belogue\/wp-content\/uploads\/2016\/11\/20161118-26-525x350.jpg 525w, https:\/\/www.wallendorff.com\/belogue\/wp-content\/uploads\/2016\/11\/20161118-26-600x400.jpg 600w\" sizes=\"(max-width: 820px) 100vw, 820px\" \/><\/a>\n\t\t\t<\/div>\n\t\t\t\t<figcaption class='wp-caption-text gallery-caption' id='gallery-1-32999'>\n\t\t\t\tFrancis Z\u00e9gut \u2013 40 ans de radio @ Grand Studio RTL, Paris, 17\/11\/2016\n\t\t\t\t<\/figcaption><\/figure><figure class='gallery-item'>\n\t\t\t<div class='gallery-icon landscape'>\n\t\t\t\t<a href='https:\/\/www.wallendorff.com\/belogue\/2016\/11\/18\/francis-zegut-40-ans-de-radio-grand-studio-rtl-paris\/francis-zegut-40-ans-de-radio-grand-studio-rtl-paris-17112016-27\/'><img loading=\"lazy\" decoding=\"async\" width=\"820\" height=\"547\" src=\"https:\/\/www.wallendorff.com\/belogue\/wp-content\/uploads\/2016\/11\/20161118-27.jpg\" class=\"attachment-large size-large\" alt=\"\" aria-describedby=\"gallery-1-33000\" srcset=\"https:\/\/www.wallendorff.com\/belogue\/wp-content\/uploads\/2016\/11\/20161118-27.jpg 820w, https:\/\/www.wallendorff.com\/belogue\/wp-content\/uploads\/2016\/11\/20161118-27-200x133.jpg 200w, https:\/\/www.wallendorff.com\/belogue\/wp-content\/uploads\/2016\/11\/20161118-27-300x200.jpg 300w, https:\/\/www.wallendorff.com\/belogue\/wp-content\/uploads\/2016\/11\/20161118-27-525x350.jpg 525w, https:\/\/www.wallendorff.com\/belogue\/wp-content\/uploads\/2016\/11\/20161118-27-600x400.jpg 600w\" sizes=\"(max-width: 820px) 100vw, 820px\" \/><\/a>\n\t\t\t<\/div>\n\t\t\t\t<figcaption class='wp-caption-text gallery-caption' id='gallery-1-33000'>\n\t\t\t\tFrancis Z\u00e9gut \u2013 40 ans de radio @ Grand Studio RTL, Paris, 17\/11\/2016\n\t\t\t\t<\/figcaption><\/figure>\n\t\t<\/div>\n\n","protected":false},"excerpt":{"rendered":"<p>La vie te fait parfois ce genre de blague ou tu te retrouves &agrave; devoir choisir entre regarder un copain partir dans l&rsquo;espace et aller voir un copain qui f&ecirc;te 40 ans de radio (m&ecirc;me si, au final, nous avons pu voir la fus&eacute;e d&eacute;coller sur l&rsquo;&eacute;cran d&rsquo;un t&eacute;l&eacute;phone dans une brasserie du XVIIIe un&hellip;<\/p>\n","protected":false},"author":1,"featured_media":33001,"comment_status":"open","ping_status":"open","sticky":false,"template":"","format":"standard","meta":{"_acf_changed":false,"ngg_post_thumbnail":0,"jetpack_post_was_ever_published":false,"_jetpack_newsletter_access":"","_jetpack_dont_email_post_to_subs":false,"_jetpack_newsletter_tier_id":0,"_jetpack_memberships_contains_paywalled_content":false,"_jetpack_memberships_contains_paid_content":false,"footnotes":"","jetpack_publicize_message":"","jetpack_publicize_feature_enabled":true,"jetpack_social_post_already_shared":true,"jetpack_social_options":{"image_generator_settings":{"template":"highway","default_image_id":0,"font":"","enabled":false},"version":2}},"categories":[7],"tags":[12813,10237,10084,8170,181,8351,10120,13466,13469,10121,12515,13471,10098,13470,13468,12796,13467,8243],"class_list":["post-32971","post","type-post","status-publish","format-standard","has-post-thumbnail","hentry","category-alive","tag-12813","tag-10237","tag-alive","tag-ef-24-70-mm-f2-8l-ii-usm","tag-ef-70-200-mm-f28l-usm","tag-eos-6d","tag-france","tag-francis-zegut","tag-grand-studio-rtl","tag-ile-de-france","tag-last-train","tag-matmatah","tag-paris","tag-paul-personne","tag-rtl","tag-rtl2","tag-rue-bayard","tag-sigma-15-mm-f2-8-ex-dg-diagonal-fish-eye"],"acf":[],"geo":{"latitude":48.8670273,"longitude":2.3079484,"description":"Paris 08, \u00cele-de-France, 75008, FR"},"jetpack_publicize_connections":[],"jetpack_featured_media_url":"https:\/\/www.wallendorff.com\/belogue\/wp-content\/uploads\/2016\/11\/20161118-02-1.jpg","jetpack_shortlink":"https:\/\/wp.me\/p3b35P-8zN","jetpack_sharing_enabled":true,"jetpack-related-posts":[{"id":37592,"url":"https:\/\/www.wallendorff.com\/belogue\/2018\/03\/14\/editors-pop-rock-station-hard-rock-cafe-paris\/","url_meta":{"origin":32971,"position":0},"title":"Editors @ Pop-Rock Station, Hard Rock Caf\u00e9, Paris.","author":"dpc","date":"14 mars 2018","format":false,"excerpt":"Violence | Papillon | Formaldehyde | Munich | Magazine | Cold | Smokers Outside the Hospital Doors | Nothing | A Ton of Love | Blood | No Sound But the Wind","rel":"","context":"Dans &quot;Alive&quot;","block_context":{"text":"Alive","link":"https:\/\/www.wallendorff.com\/belogue\/category\/alive\/"},"img":{"alt_text":"","src":"https:\/\/i0.wp.com\/www.wallendorff.com\/belogue\/wp-content\/uploads\/2018\/03\/20180314-15.jpg?resize=350%2C200&ssl=1","width":350,"height":200,"srcset":"https:\/\/i0.wp.com\/www.wallendorff.com\/belogue\/wp-content\/uploads\/2018\/03\/20180314-15.jpg?resize=350%2C200&ssl=1 1x, https:\/\/i0.wp.com\/www.wallendorff.com\/belogue\/wp-content\/uploads\/2018\/03\/20180314-15.jpg?resize=525%2C300&ssl=1 1.5x, https:\/\/i0.wp.com\/www.wallendorff.com\/belogue\/wp-content\/uploads\/2018\/03\/20180314-15.jpg?resize=700%2C400&ssl=1 2x, https:\/\/i0.wp.com\/www.wallendorff.com\/belogue\/wp-content\/uploads\/2018\/03\/20180314-15.jpg?resize=1050%2C600&ssl=1 3x"},"classes":[]},{"id":130521,"url":"https:\/\/www.wallendorff.com\/belogue\/2024\/09\/05\/50-ans-du-sa330-puma-base-aerienne-126-solenzara-2-mai-2024\/","url_meta":{"origin":32971,"position":1},"title":"50 ans du SA330 Puma.","author":"dpc","date":"5 septembre 2024","format":false,"excerpt":"Tour Montparnasse, Paris, 18 avril 2024. Ce fut une journ\u00e9e avec de grandes premi\u00e8res et une grande d\u00e9couverte pour moi : Premi\u00e8re photos avec l'arm\u00e9e de l'Air Premi\u00e8re fois que je mets les pieds en Corse. Les vols en Hercule C130, \u00e7a fait mal aux fesses.","rel":"","context":"Dans &quot;DPC&quot;","block_context":{"text":"DPC","link":"https:\/\/www.wallendorff.com\/belogue\/category\/dpc\/"},"img":{"alt_text":"","src":"https:\/\/i0.wp.com\/www.wallendorff.com\/belogue\/wp-content\/uploads\/2024\/09\/20240905-10.jpg?resize=350%2C200&ssl=1","width":350,"height":200,"srcset":"https:\/\/i0.wp.com\/www.wallendorff.com\/belogue\/wp-content\/uploads\/2024\/09\/20240905-10.jpg?resize=350%2C200&ssl=1 1x, https:\/\/i0.wp.com\/www.wallendorff.com\/belogue\/wp-content\/uploads\/2024\/09\/20240905-10.jpg?resize=525%2C300&ssl=1 1.5x, https:\/\/i0.wp.com\/www.wallendorff.com\/belogue\/wp-content\/uploads\/2024\/09\/20240905-10.jpg?resize=700%2C400&ssl=1 2x, https:\/\/i0.wp.com\/www.wallendorff.com\/belogue\/wp-content\/uploads\/2024\/09\/20240905-10.jpg?resize=1050%2C600&ssl=1 3x"},"classes":[]},{"id":931,"url":"https:\/\/www.wallendorff.com\/belogue\/2007\/04\/11\/herman-dune-le-bataclan-paris\/","url_meta":{"origin":32971,"position":2},"title":"Herman D\u00fcne @ le Bataclan, Paris.","author":"dpc","date":"11 avril 2007","format":false,"excerpt":"On r\u00e9sume pour aller vite\u00a0: Toujours se m\u00e9fier des concerts T\u00e9l\u00e9rama, \u00e7a attire une faune amorphe et blas\u00e9e contagieuse. Herman D\u00fcne, c'est bien... ... Sauf quand ils font dans le folklore caucasien. ... Sauf quand se pointe leur saxophoniste qui ressemble \u00e0 Z\u00e9gut, l'oreille musicale en moins. Sinon c'est bien\u00a0:\u2026","rel":"","context":"Dans &quot;Alive&quot;","block_context":{"text":"Alive","link":"https:\/\/www.wallendorff.com\/belogue\/category\/alive\/"},"img":{"alt_text":"","src":"https:\/\/i0.wp.com\/www.wallendorff.com\/belogue\/wp-content\/uploads\/2015\/04\/200704111.jpg?resize=350%2C200&ssl=1","width":350,"height":200},"classes":[]},{"id":127695,"url":"https:\/\/www.wallendorff.com\/belogue\/2024\/04\/14\/suivre-la-fleche-1-3-reference\/","url_meta":{"origin":32971,"position":3},"title":"Suivre la fl\u00e8che [1\/3] : R\u00e9f\u00e9rence.","author":"dpc","date":"14 avril 2024","format":false,"excerpt":"Voil\u00e0 5 ans, la fl\u00e8che s\u2019effondrait, emportant quelques-unes de nos certitudes.Voil\u00e0 5 ans, l\u2019incendie laissait un trou b\u00e9ant \u00e0 la place de l\u2019un des plus anciens, des plus classiques point de r\u00e9f\u00e9rence du paysage parisien.Voil\u00e0 5 ans commen\u00e7ait la lente recouvrance qui devrait se terminer \u00e0 la fin de l'ann\u00e9e\u2026","rel":"","context":"Dans &quot;DPC&quot;","block_context":{"text":"DPC","link":"https:\/\/www.wallendorff.com\/belogue\/category\/dpc\/"},"img":{"alt_text":"","src":"https:\/\/i0.wp.com\/www.wallendorff.com\/belogue\/wp-content\/uploads\/2024\/04\/20240414-01.jpg?resize=350%2C200&ssl=1","width":350,"height":200,"srcset":"https:\/\/i0.wp.com\/www.wallendorff.com\/belogue\/wp-content\/uploads\/2024\/04\/20240414-01.jpg?resize=350%2C200&ssl=1 1x, https:\/\/i0.wp.com\/www.wallendorff.com\/belogue\/wp-content\/uploads\/2024\/04\/20240414-01.jpg?resize=525%2C300&ssl=1 1.5x, https:\/\/i0.wp.com\/www.wallendorff.com\/belogue\/wp-content\/uploads\/2024\/04\/20240414-01.jpg?resize=700%2C400&ssl=1 2x, https:\/\/i0.wp.com\/www.wallendorff.com\/belogue\/wp-content\/uploads\/2024\/04\/20240414-01.jpg?resize=1050%2C600&ssl=1 3x"},"classes":[]},{"id":18051,"url":"https:\/\/www.wallendorff.com\/belogue\/2012\/07\/04\/main-square-festival-jour-2-2\/","url_meta":{"origin":32971,"position":4},"title":"Main Square Festival 2012, jour 2.","author":"dpc","date":"4 juillet 2012","format":false,"excerpt":"D\u00e9couvrir qu'on est valid\u00e9 pour Pearl Jam. Rater \u00e0 deux reprises le saut du chanteur de Skip the Use. Aller s'assurer qu'on est bien valid\u00e9 pour Pearl Jam. Se faire saucer. Chiper un poncho Virgin Radio. Rater Within Temptation. Aller voir si on est toujours valid\u00e9 pour Pearl Jam. Se\u2026","rel":"","context":"Dans &quot;Alive&quot;","block_context":{"text":"Alive","link":"https:\/\/www.wallendorff.com\/belogue\/category\/alive\/"},"img":{"alt_text":"","src":"https:\/\/i0.wp.com\/www.wallendorff.com\/belogue\/wp-content\/uploads\/2015\/04\/201207041.jpg?resize=350%2C200&ssl=1","width":350,"height":200,"srcset":"https:\/\/i0.wp.com\/www.wallendorff.com\/belogue\/wp-content\/uploads\/2015\/04\/201207041.jpg?resize=350%2C200&ssl=1 1x, https:\/\/i0.wp.com\/www.wallendorff.com\/belogue\/wp-content\/uploads\/2015\/04\/201207041.jpg?resize=525%2C300&ssl=1 1.5x, https:\/\/i0.wp.com\/www.wallendorff.com\/belogue\/wp-content\/uploads\/2015\/04\/201207041.jpg?resize=700%2C400&ssl=1 2x"},"classes":[]},{"id":9994,"url":"https:\/\/www.wallendorff.com\/belogue\/2010\/11\/30\/electric-six-jackdaw4-le-trabendo-paris\/","url_meta":{"origin":32971,"position":5},"title":"Electric Six + Jackdaw4 @ le Trabendo, Paris.","author":"dpc","date":"30 novembre 2010","format":false,"excerpt":"[J'avoue que, malgr\u00e9 tout, j'esp\u00e9rai longtemps sans me l'avouer que Jack White surg\u00eet sur sc\u00e8ne pour faire les ch\u0153urs de Danger! High Voltage.] Electric Six \u2013 American Cheese Jackdaw4 Electric Six PS \u2015 Bonne soir\u00e9e, sinon. \u00c9tonnant de voir que, pr\u00e8s de sept ans apr\u00e8s Gay Bar, Electric Six peut\u2026","rel":"","context":"Dans &quot;Alive&quot;","block_context":{"text":"Alive","link":"https:\/\/www.wallendorff.com\/belogue\/category\/alive\/"},"img":{"alt_text":"","src":"https:\/\/i0.wp.com\/www.wallendorff.com\/belogue\/wp-content\/uploads\/2015\/04\/201011301.jpg?resize=350%2C200&ssl=1","width":350,"height":200,"srcset":"https:\/\/i0.wp.com\/www.wallendorff.com\/belogue\/wp-content\/uploads\/2015\/04\/201011301.jpg?resize=350%2C200&ssl=1 1x, https:\/\/i0.wp.com\/www.wallendorff.com\/belogue\/wp-content\/uploads\/2015\/04\/201011301.jpg?resize=525%2C300&ssl=1 1.5x, https:\/\/i0.wp.com\/www.wallendorff.com\/belogue\/wp-content\/uploads\/2015\/04\/201011301.jpg?resize=700%2C400&ssl=1 2x"},"classes":[]}],"_links":{"self":[{"href":"https:\/\/www.wallendorff.com\/belogue\/wp-json\/wp\/v2\/posts\/32971","targetHints":{"allow":["GET"]}}],"collection":[{"href":"https:\/\/www.wallendorff.com\/belogue\/wp-json\/wp\/v2\/posts"}],"about":[{"href":"https:\/\/www.wallendorff.com\/belogue\/wp-json\/wp\/v2\/types\/post"}],"author":[{"embeddable":true,"href":"https:\/\/www.wallendorff.com\/belogue\/wp-json\/wp\/v2\/users\/1"}],"replies":[{"embeddable":true,"href":"https:\/\/www.wallendorff.com\/belogue\/wp-json\/wp\/v2\/comments?post=32971"}],"version-history":[{"count":3,"href":"https:\/\/www.wallendorff.com\/belogue\/wp-json\/wp\/v2\/posts\/32971\/revisions"}],"predecessor-version":[{"id":33002,"href":"https:\/\/www.wallendorff.com\/belogue\/wp-json\/wp\/v2\/posts\/32971\/revisions\/33002"}],"wp:featuredmedia":[{"embeddable":true,"href":"https:\/\/www.wallendorff.com\/belogue\/wp-json\/wp\/v2\/media\/33001"}],"wp:attachment":[{"href":"https:\/\/www.wallendorff.com\/belogue\/wp-json\/wp\/v2\/media?parent=32971"}],"wp:term":[{"taxonomy":"category","embeddable":true,"href":"https:\/\/www.wallendorff.com\/belogue\/wp-json\/wp\/v2\/categories?post=32971"},{"taxonomy":"post_tag","embeddable":true,"href":"https:\/\/www.wallendorff.com\/belogue\/wp-json\/wp\/v2\/tags?post=32971"}],"curies":[{"name":"wp","href":"https:\/\/api.w.org\/{rel}","templated":true}]}}