{"id":32839,"date":"2016-11-07T14:15:55","date_gmt":"2016-11-07T12:15:55","guid":{"rendered":"http:\/\/www.wallendorff.com\/belogue\/?p=32839"},"modified":"2018-05-23T08:22:50","modified_gmt":"2018-05-23T06:22:50","slug":"shooting-people-126","status":"publish","type":"post","link":"https:\/\/www.wallendorff.com\/belogue\/2016\/11\/07\/shooting-people-126\/","title":{"rendered":"Shooting people #126."},"content":{"rendered":"\n<div id=\"photo\">\n<p><img decoding=\"async\" src=\"https:\/\/www.wallendorff.com\/belogue\/photo\/2016\/11\/20161107-04.jpg\"><br \/>\nLa Machine du Moulin Rouge, Paris, 13 octobre.<\/p>\n<\/p><\/div>\n<p style=\"text-align:right\"><em>Portrait illustrant <a href=\"http:\/\/www.soul-kitchen.fr\/70626-interview-jacques\">l&rsquo;interview par No&eacute;mie Lambert &agrave; lire chez Soul Kitchen<\/a><\/em>.<\/p>\n<p>5<sup>e<\/sup> &eacute;tape et 3<sup>e<\/sup> portait de la soir&eacute;e. Nous nous glissons avec bien du mal &agrave; travers la foule de la Machine du Moulin Rouge et tombons dans ses coulisses sur une v&eacute;ritable fourmili&egrave;re. Il nous re&ccedil;oit dans sa loge et nous parle pendant une bonne demi-heure. Le bonhomme est atteint de cette folie b&eacute;n&eacute;fique qui fait sortir la t&ecirc;te de l&rsquo;eau, regarder la masse de l&rsquo;ext&eacute;rieur et ne rien faire comme elle. La conversation est passionnante et ce n&rsquo;est que lorsque le journaliste suivant frappe &agrave; la porte que nous constatons qu&rsquo;il ne nous reste que quelques secondes pour faire des photos. 0&nbsp;h 52. Nous en faisons une devant le miroir, puis tentons le canap&eacute;. Il saisit une grappe de raisin, se couche et commence &agrave; se lancer des grains dans la bouche.<\/p>\n<p style=\"text-align:right\">Clac, clac.<\/p>\n<p style=\"text-align:right\">0&nbsp;h 54. Fin de la journ&eacute;e.<\/p>\n<div id=\"photo2\">\n<p><img decoding=\"async\" src=\"https:\/\/www.wallendorff.com\/belogue\/photo\/2016\/11\/20161107-01.jpg\"><\/p>\n<\/p><\/div>\n<div id=\"photo2\">\n<p><img decoding=\"async\" src=\"https:\/\/www.wallendorff.com\/belogue\/photo\/2016\/11\/20161107-02.jpg\"><\/p>\n<\/p><\/div>\n<div id=\"photo2\">\n<p><img decoding=\"async\" src=\"https:\/\/www.wallendorff.com\/belogue\/photo\/2016\/11\/20161107-03.jpg\"><\/p>\n<\/p><\/div>\n<div id=\"photo2\">\n<p><img decoding=\"async\" src=\"https:\/\/www.wallendorff.com\/belogue\/photo\/2016\/11\/20161107-04.jpg\"><\/p>\n<\/p><\/div>\n<div id=\"photo2\">\n<p><img decoding=\"async\" src=\"https:\/\/www.wallendorff.com\/belogue\/photo\/2016\/11\/20161107-05.jpg\"><\/p>\n<\/p><\/div>\n","protected":false},"excerpt":{"rendered":"<p>La Machine du Moulin Rouge, Paris, 13 octobre. Portrait illustrant l&rsquo;interview par No&eacute;mie Lambert &agrave; lire chez Soul Kitchen. 5e &eacute;tape et 3e portait de la soir&eacute;e. Nous nous glissons avec bien du mal &agrave; travers la foule de la Machine du Moulin Rouge et tombons dans ses coulisses sur une v&eacute;ritable fourmili&egrave;re. Il nous&hellip;<\/p>\n","protected":false},"author":1,"featured_media":32845,"comment_status":"open","ping_status":"open","sticky":false,"template":"","format":"standard","meta":{"_acf_changed":false,"ngg_post_thumbnail":0,"jetpack_post_was_ever_published":false,"_jetpack_newsletter_access":"","_jetpack_dont_email_post_to_subs":false,"_jetpack_newsletter_tier_id":0,"_jetpack_memberships_contains_paywalled_content":false,"_jetpack_memberships_contains_paid_content":false,"footnotes":"","jetpack_publicize_message":"","jetpack_publicize_feature_enabled":true,"jetpack_social_post_already_shared":true,"jetpack_social_options":{"image_generator_settings":{"template":"highway","default_image_id":0,"font":"","enabled":false},"version":2}},"categories":[8],"tags":[10143,10898,11205,13421,10998,12311,13399,8096,13400,10272,10376],"class_list":["post-32839","post","type-post","status-publish","format-standard","has-post-thumbnail","hentry","category-portraits","tag-10143","tag-boulevard-de-clichy","tag-coulisses","tag-jacques","tag-la-machine-du-moulin-rouge","tag-mama-event","tag-mama-event-2016","tag-mama-festival","tag-mama-festival-2016","tag-portrait","tag-promo"],"acf":[],"geo":{"latitude":48.8841705,"longitude":2.3322077,"description":"Paris 17 Batignolles-Monceau, \u00cele-de-France, 75845 CEDEX 17, FR"},"jetpack_publicize_connections":[],"jetpack_featured_media_url":"https:\/\/www.wallendorff.com\/belogue\/wp-content\/uploads\/2016\/11\/20161107-04.jpg","jetpack_shortlink":"https:\/\/wp.me\/p3b35P-8xF","jetpack_sharing_enabled":true,"jetpack-related-posts":[{"id":32759,"url":"https:\/\/www.wallendorff.com\/belogue\/2016\/10\/27\/shooting-people-123\/","url_meta":{"origin":32839,"position":0},"title":"Shooting people #123.","author":"dpc","date":"27 octobre 2016","format":false,"excerpt":"La Cigale, Paris, 13 octobre. Portrait illustrant l'interview par No\u00e9mie Lambert \u00e0 lire chez Soul Kitchen. C'est la premi\u00e8re \u00e9tape d'une soir\u00e9e en bin\u00f4me \u00e0 3 interviews, 4 sessions portraits et 3 concerts. 19\u00a0h 31. L'heure tourne et les emplacements sont peu nombreux\u00a0: une loge blanche, une cage d'escalier bleue\u2026","rel":"","context":"Dans &quot;Portraits&quot;","block_context":{"text":"Portraits","link":"https:\/\/www.wallendorff.com\/belogue\/category\/portraits\/"},"img":{"alt_text":"","src":"https:\/\/i0.wp.com\/www.wallendorff.com\/belogue\/wp-content\/uploads\/2016\/10\/20161026.jpg?resize=350%2C200&ssl=1","width":350,"height":200,"srcset":"https:\/\/i0.wp.com\/www.wallendorff.com\/belogue\/wp-content\/uploads\/2016\/10\/20161026.jpg?resize=350%2C200&ssl=1 1x, https:\/\/i0.wp.com\/www.wallendorff.com\/belogue\/wp-content\/uploads\/2016\/10\/20161026.jpg?resize=525%2C300&ssl=1 1.5x"},"classes":[]},{"id":40247,"url":"https:\/\/www.wallendorff.com\/belogue\/2018\/10\/24\/mama-festival-paris-17-19-octobre-2018\/","url_meta":{"origin":32839,"position":1},"title":"MaMA Festival, Paris, 17 \u2013 19 octobre 2018.","author":"dpc","date":"24 octobre 2018","format":false,"excerpt":"Alors d\u00e9j\u00e0, pr\u00e9cisons que le pr\u00e9c\u00e9dent record de ma d\u00e9sormais fameuse statistique de plus long intervalle entre des photos de concert du m\u00eame artiste, une statistique qui fait r\u00eaver toutes les g\u00e9n\u00e9rations de Maubeuge \u00e0 Wasquehal, pr\u00e9c\u00e9dent record, donc, d\u00e9tenu par KoRn avec 4\u00a0341 jours \u00e9coul\u00e9s entre le passe photo\u2026","rel":"","context":"Dans &quot;Alive&quot;","block_context":{"text":"Alive","link":"https:\/\/www.wallendorff.com\/belogue\/category\/alive\/"},"img":{"alt_text":"","src":"https:\/\/i0.wp.com\/www.wallendorff.com\/belogue\/wp-content\/uploads\/2018\/10\/20181022-47.jpg?resize=350%2C200&ssl=1","width":350,"height":200,"srcset":"https:\/\/i0.wp.com\/www.wallendorff.com\/belogue\/wp-content\/uploads\/2018\/10\/20181022-47.jpg?resize=350%2C200&ssl=1 1x, https:\/\/i0.wp.com\/www.wallendorff.com\/belogue\/wp-content\/uploads\/2018\/10\/20181022-47.jpg?resize=525%2C300&ssl=1 1.5x, https:\/\/i0.wp.com\/www.wallendorff.com\/belogue\/wp-content\/uploads\/2018\/10\/20181022-47.jpg?resize=700%2C400&ssl=1 2x, https:\/\/i0.wp.com\/www.wallendorff.com\/belogue\/wp-content\/uploads\/2018\/10\/20181022-47.jpg?resize=1050%2C600&ssl=1 3x"},"classes":[]},{"id":49918,"url":"https:\/\/www.wallendorff.com\/belogue\/2021\/10\/31\/octobre-2021\/","url_meta":{"origin":32839,"position":2},"title":"Octobre 2021.","author":"dpc","date":"31 octobre 2021","format":false,"excerpt":"Un train, un resto, un spectacle, une passerelle, un spectacle, une bo\u00eete, un bar, un nuage, un lac, un train, un coucher de soleil, une lecture, un buste, un clocher, un ap\u00e9ro, un RER, un a\u00e9roport, un avion, un a\u00e9roport, un hurling, un handball ga\u00e9lique, un pub, un mur, un\u2026","rel":"","context":"Dans &quot;Blog-note&quot;","block_context":{"text":"Blog-note","link":"https:\/\/www.wallendorff.com\/belogue\/category\/blog-note\/"},"img":{"alt_text":"","src":"https:\/\/i0.wp.com\/www.wallendorff.com\/belogue\/wp-content\/uploads\/2021\/11\/20211115-60.jpg?resize=350%2C200&ssl=1","width":350,"height":200,"srcset":"https:\/\/i0.wp.com\/www.wallendorff.com\/belogue\/wp-content\/uploads\/2021\/11\/20211115-60.jpg?resize=350%2C200&ssl=1 1x, https:\/\/i0.wp.com\/www.wallendorff.com\/belogue\/wp-content\/uploads\/2021\/11\/20211115-60.jpg?resize=525%2C300&ssl=1 1.5x, https:\/\/i0.wp.com\/www.wallendorff.com\/belogue\/wp-content\/uploads\/2021\/11\/20211115-60.jpg?resize=700%2C400&ssl=1 2x, https:\/\/i0.wp.com\/www.wallendorff.com\/belogue\/wp-content\/uploads\/2021\/11\/20211115-60.jpg?resize=1050%2C600&ssl=1 3x"},"classes":[]},{"id":132422,"url":"https:\/\/www.wallendorff.com\/belogue\/2025\/06\/12\/jaunes-dombres\/","url_meta":{"origin":32839,"position":3},"title":"Jaunes d&rsquo;ombres.","author":"dpc","date":"12 juin 2025","format":false,"excerpt":"Tour Montparnasse, Paris, 18 avril 2024.Merci \u00e0 Lala mais pas \u00e0 Leffe\u00ae ni Twinuts\u00ae car j'ai sottement oubli\u00e9 de faire les commissions. Et \u00e0 part \u00e7a... Il y a vingt-et-un ans, les Pistons de D\u00e9troit \u00e9taient en finale NBA. Il y a vingt ans, les Pistons de D\u00e9troit \u00e9taient encore\u2026","rel":"","context":"Dans &quot;DPC&quot;","block_context":{"text":"DPC","link":"https:\/\/www.wallendorff.com\/belogue\/category\/dpc\/"},"img":{"alt_text":"","src":"https:\/\/i0.wp.com\/www.wallendorff.com\/belogue\/wp-content\/uploads\/2025\/06\/20250612-08.jpg?resize=350%2C200&ssl=1","width":350,"height":200,"srcset":"https:\/\/i0.wp.com\/www.wallendorff.com\/belogue\/wp-content\/uploads\/2025\/06\/20250612-08.jpg?resize=350%2C200&ssl=1 1x, https:\/\/i0.wp.com\/www.wallendorff.com\/belogue\/wp-content\/uploads\/2025\/06\/20250612-08.jpg?resize=525%2C300&ssl=1 1.5x, https:\/\/i0.wp.com\/www.wallendorff.com\/belogue\/wp-content\/uploads\/2025\/06\/20250612-08.jpg?resize=700%2C400&ssl=1 2x, https:\/\/i0.wp.com\/www.wallendorff.com\/belogue\/wp-content\/uploads\/2025\/06\/20250612-08.jpg?resize=1050%2C600&ssl=1 3x"},"classes":[]},{"id":22209,"url":"https:\/\/www.wallendorff.com\/belogue\/2013\/12\/28\/2013-en-10-concerts-qui-postillonnrent-du-poney\/","url_meta":{"origin":32839,"position":4},"title":"2013 en 10 concerts qui postillonn&egrave;rent du poney.","author":"dpc","date":"28 d\u00e9cembre 2013","format":false,"excerpt":"Je n'ai jamais fait de mauvais concert de Kasabian. Celui-l\u00e0 ne pouvait pas d\u00e9roger \u00e0 la r\u00e8gle\u00a0: le voyage, le lieu, le passe photo l\u00e9g\u00e8rement chapard\u00e9, la barri\u00e8re qui s'\u00e9croule et, \u00e9videmment, le show en lui-m\u00eame\u00a0: celui d'un groupe qui devient d\u00e9cid\u00e9ment \u00e9norme d\u00e9roulant des hymnes de stade devant quelques\u2026","rel":"","context":"Dans &quot;DPC&quot;","block_context":{"text":"DPC","link":"https:\/\/www.wallendorff.com\/belogue\/category\/dpc\/"},"img":{"alt_text":"","src":"https:\/\/i0.wp.com\/www.wallendorff.com\/belogue\/wp-content\/uploads\/2015\/04\/201312281.jpg?resize=350%2C200&ssl=1","width":350,"height":200,"srcset":"https:\/\/i0.wp.com\/www.wallendorff.com\/belogue\/wp-content\/uploads\/2015\/04\/201312281.jpg?resize=350%2C200&ssl=1 1x, https:\/\/i0.wp.com\/www.wallendorff.com\/belogue\/wp-content\/uploads\/2015\/04\/201312281.jpg?resize=525%2C300&ssl=1 1.5x, https:\/\/i0.wp.com\/www.wallendorff.com\/belogue\/wp-content\/uploads\/2015\/04\/201312281.jpg?resize=700%2C400&ssl=1 2x"},"classes":[]},{"id":7617,"url":"https:\/\/www.wallendorff.com\/belogue\/2010\/06\/02\/kate-nash-la-cigale-paris\/","url_meta":{"origin":32839,"position":5},"title":"Kate Nash @ la Cigale, Paris.","author":"dpc","date":"2 juin 2010","format":false,"excerpt":"Entre nous, c'est quand m\u00eame plus facile quand la rock star sourit tout le temps. [Et dans une belle robe en forme de drapeau breton qu'on se croirait d\u00e9j\u00e0 en pleine saison des festivals, c'est encore mieux.] \u00a0Kate Nash \u2013 Mouthwash","rel":"","context":"Dans &quot;Alive&quot;","block_context":{"text":"Alive","link":"https:\/\/www.wallendorff.com\/belogue\/category\/alive\/"},"img":{"alt_text":"","src":"https:\/\/i0.wp.com\/www.wallendorff.com\/belogue\/wp-content\/uploads\/2015\/04\/201006021.jpg?resize=350%2C200&ssl=1","width":350,"height":200,"srcset":"https:\/\/i0.wp.com\/www.wallendorff.com\/belogue\/wp-content\/uploads\/2015\/04\/201006021.jpg?resize=350%2C200&ssl=1 1x, https:\/\/i0.wp.com\/www.wallendorff.com\/belogue\/wp-content\/uploads\/2015\/04\/201006021.jpg?resize=525%2C300&ssl=1 1.5x, https:\/\/i0.wp.com\/www.wallendorff.com\/belogue\/wp-content\/uploads\/2015\/04\/201006021.jpg?resize=700%2C400&ssl=1 2x"},"classes":[]}],"_links":{"self":[{"href":"https:\/\/www.wallendorff.com\/belogue\/wp-json\/wp\/v2\/posts\/32839","targetHints":{"allow":["GET"]}}],"collection":[{"href":"https:\/\/www.wallendorff.com\/belogue\/wp-json\/wp\/v2\/posts"}],"about":[{"href":"https:\/\/www.wallendorff.com\/belogue\/wp-json\/wp\/v2\/types\/post"}],"author":[{"embeddable":true,"href":"https:\/\/www.wallendorff.com\/belogue\/wp-json\/wp\/v2\/users\/1"}],"replies":[{"embeddable":true,"href":"https:\/\/www.wallendorff.com\/belogue\/wp-json\/wp\/v2\/comments?post=32839"}],"version-history":[{"count":4,"href":"https:\/\/www.wallendorff.com\/belogue\/wp-json\/wp\/v2\/posts\/32839\/revisions"}],"predecessor-version":[{"id":32844,"href":"https:\/\/www.wallendorff.com\/belogue\/wp-json\/wp\/v2\/posts\/32839\/revisions\/32844"}],"wp:featuredmedia":[{"embeddable":true,"href":"https:\/\/www.wallendorff.com\/belogue\/wp-json\/wp\/v2\/media\/32845"}],"wp:attachment":[{"href":"https:\/\/www.wallendorff.com\/belogue\/wp-json\/wp\/v2\/media?parent=32839"}],"wp:term":[{"taxonomy":"category","embeddable":true,"href":"https:\/\/www.wallendorff.com\/belogue\/wp-json\/wp\/v2\/categories?post=32839"},{"taxonomy":"post_tag","embeddable":true,"href":"https:\/\/www.wallendorff.com\/belogue\/wp-json\/wp\/v2\/tags?post=32839"}],"curies":[{"name":"wp","href":"https:\/\/api.w.org\/{rel}","templated":true}]}}