{"id":32831,"date":"2016-11-04T17:53:36","date_gmt":"2016-11-04T15:53:36","guid":{"rendered":"http:\/\/www.wallendorff.com\/belogue\/?p=32831"},"modified":"2018-05-23T08:03:36","modified_gmt":"2018-05-23T06:03:36","slug":"shooting-people-125","status":"publish","type":"post","link":"https:\/\/www.wallendorff.com\/belogue\/2016\/11\/04\/shooting-people-125\/","title":{"rendered":"Shooting people #125."},"content":{"rendered":"\n<div id=\"photo\">\n<p><img decoding=\"async\" src=\"https:\/\/www.wallendorff.com\/belogue\/photo\/2016\/11\/20161104-03.jpg\"><br \/>\nRue des Martyrs, Paris, 20 septembre.<\/p>\n<\/p><\/div>\n<p style=\"text-align:right\"><em>Ce num&eacute;ro 125 n&rsquo;est, fort logiquement, ni le successeur du 124, ni le pr&eacute;d&eacute;cesseur du 126. Le fait est que l&rsquo;album sort aujourd&rsquo;hui, et que <a href=\"http:\/\/www.soul-kitchen.fr\/70498-hip-hop-selon-lambchop\">l&rsquo;interview par Louis Teyssedou<\/a> aussi<\/em>.<\/p>\n<p style=\"text-align:right\">17&nbsp;h 46.<\/p>\n<p>Je le trouve attabl&eacute; &agrave; la Marmite. Le temps qu&rsquo;il finisse sa bi&egrave;re, je fais le tour des options qui se pr&eacute;sentent : une terrasse, un bureau et la fa&ccedil;ade du Divan du Monde. Ce sera la fa&ccedil;ade. Je cherche la sym&eacute;trie. Je m&rsquo;approche, clic, je m&rsquo;&eacute;loigne, clac, termin&eacute;. Il me serre la main, me pr&eacute;sente ses excuses d&rsquo;&ecirc;tre aussi press&eacute; car son train l&rsquo;attend, saute dans un taxi et dispara&icirc;t.<\/p>\n<p style=\"text-align:right\">17&nbsp;h 54.<\/p>\n<div id=\"photo2\">\n<p><img decoding=\"async\" src=\"https:\/\/www.wallendorff.com\/belogue\/photo\/2016\/11\/20161104-01.jpg\"><\/p>\n<\/p><\/div>\n<div id=\"photo2\">\n<p><img decoding=\"async\" src=\"https:\/\/www.wallendorff.com\/belogue\/photo\/2016\/11\/20161104-02.jpg\"><\/p>\n<\/p><\/div>\n<div id=\"photo2\">\n<p><img decoding=\"async\" src=\"https:\/\/www.wallendorff.com\/belogue\/photo\/2016\/11\/20161104-03.jpg\"><\/p>\n<\/p><\/div>\n","protected":false},"excerpt":{"rendered":"<p>Rue des Martyrs, Paris, 20 septembre. Ce num&eacute;ro 125 n&rsquo;est, fort logiquement, ni le successeur du 124, ni le pr&eacute;d&eacute;cesseur du 126. Le fait est que l&rsquo;album sort aujourd&rsquo;hui, et que l&rsquo;interview par Louis Teyssedou aussi. 17&nbsp;h 46. Je le trouve attabl&eacute; &agrave; la Marmite. Le temps qu&rsquo;il finisse sa bi&egrave;re, je fais le tour&hellip;<\/p>\n","protected":false},"author":1,"featured_media":32838,"comment_status":"open","ping_status":"open","sticky":false,"template":"","format":"standard","meta":{"_acf_changed":false,"ngg_post_thumbnail":0,"jetpack_post_was_ever_published":false,"_jetpack_newsletter_access":"","_jetpack_dont_email_post_to_subs":false,"_jetpack_newsletter_tier_id":0,"_jetpack_memberships_contains_paywalled_content":false,"_jetpack_memberships_contains_paid_content":false,"footnotes":"","jetpack_publicize_message":"","jetpack_publicize_feature_enabled":true,"jetpack_social_post_already_shared":true,"jetpack_social_options":{"image_generator_settings":{"template":"highway","default_image_id":0,"font":"","enabled":false},"version":2}},"categories":[8],"tags":[10143,8170,8351,10120,10121,13420,10375,10098,10272,10376,11143],"class_list":["post-32831","post","type-post","status-publish","format-standard","has-post-thumbnail","hentry","category-portraits","tag-10143","tag-ef-24-70-mm-f2-8l-ii-usm","tag-eos-6d","tag-france","tag-ile-de-france","tag-lambchop","tag-le-divan-du-monde","tag-paris","tag-portrait","tag-promo","tag-rue-des-martyrs"],"acf":[],"geo":{"latitude":48.8824692,"longitude":2.3394871,"description":"75 Rue des Martyrs, 75018 Paris, France"},"jetpack_publicize_connections":[],"jetpack_featured_media_url":"https:\/\/www.wallendorff.com\/belogue\/wp-content\/uploads\/2016\/11\/20161104-03.jpg","jetpack_shortlink":"https:\/\/wp.me\/p3b35P-8xx","jetpack_sharing_enabled":true,"jetpack-related-posts":[{"id":19027,"url":"https:\/\/www.wallendorff.com\/belogue\/2012\/09\/21\/torche-le-divan-du-monde-paris\/","url_meta":{"origin":32831,"position":0},"title":"Torche @ le Divan du Monde, Paris.","author":"dpc","date":"21 septembre 2012","format":false,"excerpt":"Torche \u2013 Kicking \u00a0","rel":"","context":"Dans &quot;Alive&quot;","block_context":{"text":"Alive","link":"https:\/\/www.wallendorff.com\/belogue\/category\/alive\/"},"img":{"alt_text":"","src":"https:\/\/i0.wp.com\/www.wallendorff.com\/belogue\/wp-content\/uploads\/2015\/04\/201209211.jpg?resize=350%2C200&ssl=1","width":350,"height":200,"srcset":"https:\/\/i0.wp.com\/www.wallendorff.com\/belogue\/wp-content\/uploads\/2015\/04\/201209211.jpg?resize=350%2C200&ssl=1 1x, https:\/\/i0.wp.com\/www.wallendorff.com\/belogue\/wp-content\/uploads\/2015\/04\/201209211.jpg?resize=525%2C300&ssl=1 1.5x, https:\/\/i0.wp.com\/www.wallendorff.com\/belogue\/wp-content\/uploads\/2015\/04\/201209211.jpg?resize=700%2C400&ssl=1 2x"},"classes":[]},{"id":23498,"url":"https:\/\/www.wallendorff.com\/belogue\/2014\/10\/30\/the-asteroids-galaxy-tour-le-divan-du-monde-paris\/","url_meta":{"origin":32831,"position":1},"title":"The Asteroids Galaxy Tour @ le Divan du Monde, Paris.","author":"dpc","date":"30 octobre 2014","format":false,"excerpt":"Rock the Ride The Asteroids Galaxy Tour \u00a0","rel":"","context":"Dans &quot;Alive&quot;","block_context":{"text":"Alive","link":"https:\/\/www.wallendorff.com\/belogue\/category\/alive\/"},"img":{"alt_text":"","src":"https:\/\/i0.wp.com\/www.wallendorff.com\/belogue\/wp-content\/uploads\/2015\/04\/201410301.jpg?resize=350%2C200&ssl=1","width":350,"height":200,"srcset":"https:\/\/i0.wp.com\/www.wallendorff.com\/belogue\/wp-content\/uploads\/2015\/04\/201410301.jpg?resize=350%2C200&ssl=1 1x, https:\/\/i0.wp.com\/www.wallendorff.com\/belogue\/wp-content\/uploads\/2015\/04\/201410301.jpg?resize=525%2C300&ssl=1 1.5x, https:\/\/i0.wp.com\/www.wallendorff.com\/belogue\/wp-content\/uploads\/2015\/04\/201410301.jpg?resize=700%2C400&ssl=1 2x"},"classes":[]},{"id":23917,"url":"https:\/\/www.wallendorff.com\/belogue\/2015\/03\/26\/courtney-barnett-sallie-ford-le-divan-du-monde-paris\/","url_meta":{"origin":32831,"position":2},"title":"Courtney Barnett \/ Sallie Ford @ le Divan du Monde, Paris.","author":"dpc","date":"26 mars 2015","format":false,"excerpt":"Pedestrian at Best Courtney Barnett Courtney Barnett Sallie Ford \u00a0","rel":"","context":"Dans &quot;Alive&quot;","block_context":{"text":"Alive","link":"https:\/\/www.wallendorff.com\/belogue\/category\/alive\/"},"img":{"alt_text":"","src":"https:\/\/i0.wp.com\/www.wallendorff.com\/belogue\/wp-content\/uploads\/2015\/04\/201503261.jpg?resize=350%2C200&ssl=1","width":350,"height":200,"srcset":"https:\/\/i0.wp.com\/www.wallendorff.com\/belogue\/wp-content\/uploads\/2015\/04\/201503261.jpg?resize=350%2C200&ssl=1 1x, https:\/\/i0.wp.com\/www.wallendorff.com\/belogue\/wp-content\/uploads\/2015\/04\/201503261.jpg?resize=525%2C300&ssl=1 1.5x, https:\/\/i0.wp.com\/www.wallendorff.com\/belogue\/wp-content\/uploads\/2015\/04\/201503261.jpg?resize=700%2C400&ssl=1 2x"},"classes":[]},{"id":6764,"url":"https:\/\/www.wallendorff.com\/belogue\/2010\/02\/10\/doutes-orties-et-defis-nient-yves\/","url_meta":{"origin":32831,"position":3},"title":"Doutes orties et d\u00e9fis nient Yves.","author":"dpc","date":"10 f\u00e9vrier 2010","format":false,"excerpt":"Th\u00e9\u00e2tre de l'Od\u00e9on, Paris, 3 janvier. C'est fou comme des fois dans la vie on peut mettre plein du temps pour revenir au m\u00eame endroit, quand m\u00eame. \u00a0My Vitriol \u2013 War of the Worlds","rel":"","context":"Dans &quot;DPC&quot;","block_context":{"text":"DPC","link":"https:\/\/www.wallendorff.com\/belogue\/category\/dpc\/"},"img":{"alt_text":"","src":"https:\/\/i0.wp.com\/www.wallendorff.com\/belogue\/wp-content\/uploads\/2015\/04\/201002101.jpg?resize=350%2C200&ssl=1","width":350,"height":200},"classes":[]},{"id":32482,"url":"https:\/\/www.wallendorff.com\/belogue\/2016\/10\/16\/mama-festival-paris-13-et-14-octobre\/","url_meta":{"origin":32831,"position":4},"title":"MaMa Festival, Paris, 13 et 14 octobre.","author":"dpc","date":"16 octobre 2016","format":false,"excerpt":"DBFC, FGO-Barbara, 13 octobre Samba de la Muerte, le Divan du Monde, 14 octobre Buvette, le Bus Palladium, 14 octobre Talisco, Backstage by the Mill, 14 octobre","rel":"","context":"Dans &quot;Alive&quot;","block_context":{"text":"Alive","link":"https:\/\/www.wallendorff.com\/belogue\/category\/alive\/"},"img":{"alt_text":"","src":"https:\/\/i0.wp.com\/www.wallendorff.com\/belogue\/wp-content\/uploads\/2016\/10\/20161015-12-1.jpg?resize=350%2C200&ssl=1","width":350,"height":200,"srcset":"https:\/\/i0.wp.com\/www.wallendorff.com\/belogue\/wp-content\/uploads\/2016\/10\/20161015-12-1.jpg?resize=350%2C200&ssl=1 1x, https:\/\/i0.wp.com\/www.wallendorff.com\/belogue\/wp-content\/uploads\/2016\/10\/20161015-12-1.jpg?resize=525%2C300&ssl=1 1.5x, https:\/\/i0.wp.com\/www.wallendorff.com\/belogue\/wp-content\/uploads\/2016\/10\/20161015-12-1.jpg?resize=700%2C400&ssl=1 2x"},"classes":[]},{"id":19650,"url":"https:\/\/www.wallendorff.com\/belogue\/2012\/11\/27\/biffy-clyro-triggerfinger-le-divan-du-monde-paris\/","url_meta":{"origin":32831,"position":5},"title":"Biffy Clyro + Triggerfinger @ le Divan du Monde, Paris.","author":"dpc","date":"27 novembre 2012","format":false,"excerpt":"Stingin' Belle | The Captain | 27 | Modern Magic Formula | Folding Stars | Victory Over the Sun | A Whole Child Ago | Strung to Your Ribcase | God & Satan | Who's Got a Match? | The Joke's on Us | Bubbles | Black Chandelier | Liberate\u2026","rel":"","context":"Dans &quot;Alive&quot;","block_context":{"text":"Alive","link":"https:\/\/www.wallendorff.com\/belogue\/category\/alive\/"},"img":{"alt_text":"","src":"https:\/\/i0.wp.com\/www.wallendorff.com\/belogue\/wp-content\/uploads\/2015\/04\/201211271.jpg?resize=350%2C200&ssl=1","width":350,"height":200,"srcset":"https:\/\/i0.wp.com\/www.wallendorff.com\/belogue\/wp-content\/uploads\/2015\/04\/201211271.jpg?resize=350%2C200&ssl=1 1x, https:\/\/i0.wp.com\/www.wallendorff.com\/belogue\/wp-content\/uploads\/2015\/04\/201211271.jpg?resize=525%2C300&ssl=1 1.5x, https:\/\/i0.wp.com\/www.wallendorff.com\/belogue\/wp-content\/uploads\/2015\/04\/201211271.jpg?resize=700%2C400&ssl=1 2x"},"classes":[]}],"_links":{"self":[{"href":"https:\/\/www.wallendorff.com\/belogue\/wp-json\/wp\/v2\/posts\/32831","targetHints":{"allow":["GET"]}}],"collection":[{"href":"https:\/\/www.wallendorff.com\/belogue\/wp-json\/wp\/v2\/posts"}],"about":[{"href":"https:\/\/www.wallendorff.com\/belogue\/wp-json\/wp\/v2\/types\/post"}],"author":[{"embeddable":true,"href":"https:\/\/www.wallendorff.com\/belogue\/wp-json\/wp\/v2\/users\/1"}],"replies":[{"embeddable":true,"href":"https:\/\/www.wallendorff.com\/belogue\/wp-json\/wp\/v2\/comments?post=32831"}],"version-history":[{"count":5,"href":"https:\/\/www.wallendorff.com\/belogue\/wp-json\/wp\/v2\/posts\/32831\/revisions"}],"predecessor-version":[{"id":32837,"href":"https:\/\/www.wallendorff.com\/belogue\/wp-json\/wp\/v2\/posts\/32831\/revisions\/32837"}],"wp:featuredmedia":[{"embeddable":true,"href":"https:\/\/www.wallendorff.com\/belogue\/wp-json\/wp\/v2\/media\/32838"}],"wp:attachment":[{"href":"https:\/\/www.wallendorff.com\/belogue\/wp-json\/wp\/v2\/media?parent=32831"}],"wp:term":[{"taxonomy":"category","embeddable":true,"href":"https:\/\/www.wallendorff.com\/belogue\/wp-json\/wp\/v2\/categories?post=32831"},{"taxonomy":"post_tag","embeddable":true,"href":"https:\/\/www.wallendorff.com\/belogue\/wp-json\/wp\/v2\/tags?post=32831"}],"curies":[{"name":"wp","href":"https:\/\/api.w.org\/{rel}","templated":true}]}}