{"id":32793,"date":"2016-11-03T11:17:58","date_gmt":"2016-11-03T09:17:58","guid":{"rendered":"http:\/\/www.wallendorff.com\/belogue\/?p=32793"},"modified":"2018-05-23T08:03:36","modified_gmt":"2018-05-23T06:03:36","slug":"shooting-people-124","status":"publish","type":"post","link":"https:\/\/www.wallendorff.com\/belogue\/2016\/11\/03\/shooting-people-124\/","title":{"rendered":"Shooting people #124."},"content":{"rendered":"\n<div id=\"photo\">\n<p><img decoding=\"async\" src=\"https:\/\/www.wallendorff.com\/belogue\/photo\/2016\/11\/20161102.jpg\"><br \/>\nRue Lemercier, Paris, 13 octobre.<\/p>\n<\/p><\/div>\n<p style=\"text-align:right\"><em>Portrait illustrant <a href=\"http:\/\/www.soul-kitchen.fr\/70539-jean-tonique-petillant\">l&rsquo;interview par No&eacute;mie Lambert &agrave; lire chez Soul Kitchen<\/a><\/em>.<\/p>\n<p>Nous sortons de <a href=\"https:\/\/www.wallendorff.com\/belogue\/2016\/10\/27\/shooting-people-123\/\">la Cigale<\/a> en retard et sautons dans le m&eacute;tro, direction les Batignolles. Il nous re&ccedil;oit dans une cour d&rsquo;immeuble. Nuit noire, l&eacute;g&egrave;re pluie. Dans le local d&rsquo;&agrave; c&ocirc;t&eacute;, on double un dessin anim&eacute;. Cela ne nous laisse que son mini-studio. <\/p>\n<p style=\"text-align:right\">Va pour le mini-studio.<\/p>\n<p>20&nbsp;h 18. Je lui demande de s&rsquo;asseoir, puis de se relever, puis de s&rsquo;approcher du clavier, puis finalement de le laisser. Je ne garde qu&rsquo;une photo, qui vaut ce qu&rsquo;elle vaut&#8230; mais compte tenu des conditions, hein&#8230;<\/p>\n<p style=\"text-align:right\">20&nbsp;h 29. Direction <a href=\"https:\/\/www.wallendorff.com\/belogue\/2016\/10\/15\/wild-beasts-la-gaite-lyrique-paris\/\">la Ga&icirc;t&eacute;-Lyrique<\/a>.<\/p>\n","protected":false},"excerpt":{"rendered":"<p>Rue Lemercier, Paris, 13 octobre. Portrait illustrant l&rsquo;interview par No&eacute;mie Lambert &agrave; lire chez Soul Kitchen. Nous sortons de la Cigale en retard et sautons dans le m&eacute;tro, direction les Batignolles. Il nous re&ccedil;oit dans une cour d&rsquo;immeuble. Nuit noire, l&eacute;g&egrave;re pluie. Dans le local d&rsquo;&agrave; c&ocirc;t&eacute;, on double un dessin anim&eacute;. Cela ne nous&hellip;<\/p>\n","protected":false},"author":1,"featured_media":32795,"comment_status":"open","ping_status":"open","sticky":false,"template":"","format":"standard","meta":{"_acf_changed":false,"ngg_post_thumbnail":0,"jetpack_post_was_ever_published":false,"_jetpack_newsletter_access":"","_jetpack_dont_email_post_to_subs":false,"_jetpack_newsletter_tier_id":0,"_jetpack_memberships_contains_paywalled_content":false,"_jetpack_memberships_contains_paid_content":false,"footnotes":"","jetpack_publicize_message":"","jetpack_publicize_feature_enabled":true,"jetpack_social_post_already_shared":true,"jetpack_social_options":{"image_generator_settings":{"template":"highway","default_image_id":0,"font":"","enabled":false},"version":2}},"categories":[8],"tags":[10414,8351,10120,10121,13418,10098,10272,10376,12920,8243],"class_list":["post-32793","post","type-post","status-publish","format-standard","has-post-thumbnail","hentry","category-portraits","tag-10414","tag-eos-6d","tag-france","tag-ile-de-france","tag-jean-tonique","tag-paris","tag-portrait","tag-promo","tag-rue-lemercier","tag-sigma-15-mm-f2-8-ex-dg-diagonal-fish-eye"],"acf":[],"geo":{"latitude":48.8870316,"longitude":2.3224041,"description":"Paris 17, \u00cele-de-France, 75017, FR"},"jetpack_publicize_connections":[],"jetpack_featured_media_url":"https:\/\/www.wallendorff.com\/belogue\/wp-content\/uploads\/2016\/11\/20161102.jpg","jetpack_shortlink":"https:\/\/wp.me\/p3b35P-8wV","jetpack_sharing_enabled":true,"jetpack-related-posts":[{"id":32175,"url":"https:\/\/www.wallendorff.com\/belogue\/2016\/08\/23\/shooting-people-122\/","url_meta":{"origin":32793,"position":0},"title":"Shooting people #122.","author":"dpc","date":"23 ao\u00fbt 2016","format":false,"excerpt":"Rue Laferri\u00e8re, Paris, 5 juillet. S\u00e9rie ex\u00e9cut\u00e9e dans le cadre de cette interview-ci, par notre Louis Teyssedou national. On m'a convoqu\u00e9 au m\u00eame endroit que ce jour-l\u00e0. Je tombe sur lui d\u00e8s ma sortie du m\u00e9tro, en pleine session avec elle. Deux bises, une poign\u00e9e de main. Je les laisse\u2026","rel":"","context":"Dans &quot;Portraits&quot;","block_context":{"text":"Portraits","link":"https:\/\/www.wallendorff.com\/belogue\/category\/portraits\/"},"img":{"alt_text":"","src":"https:\/\/i0.wp.com\/www.wallendorff.com\/belogue\/wp-content\/uploads\/2016\/08\/20160823-05-1.jpg?resize=350%2C200&ssl=1","width":350,"height":200,"srcset":"https:\/\/i0.wp.com\/www.wallendorff.com\/belogue\/wp-content\/uploads\/2016\/08\/20160823-05-1.jpg?resize=350%2C200&ssl=1 1x, https:\/\/i0.wp.com\/www.wallendorff.com\/belogue\/wp-content\/uploads\/2016\/08\/20160823-05-1.jpg?resize=525%2C300&ssl=1 1.5x, https:\/\/i0.wp.com\/www.wallendorff.com\/belogue\/wp-content\/uploads\/2016\/08\/20160823-05-1.jpg?resize=700%2C400&ssl=1 2x"},"classes":[]},{"id":217,"url":"https:\/\/www.wallendorff.com\/belogue\/2005\/09\/19\/a-se-mettre-saoul-la-d-dans\/","url_meta":{"origin":32793,"position":1},"title":"&Agrave; se mettre saoul l&agrave;-d&rsquo;dans.","author":"dpc","date":"19 septembre 2005","format":false,"excerpt":"Rue Oberkampf, Paris, 12 septembre. \u00c7a a commenc\u00e9 le 1er septembre 2001 avec le chez lui d'Ann Arbor. Puis deux ans de chez nous et 4 mois de chez le gros, \u00e0 Metz Puis un peu de chez les parents. Puis un an de Michigan chez M\u00e9m\u00e8re. Puis encore un\u2026","rel":"","context":"Dans &quot;DPC&quot;","block_context":{"text":"DPC","link":"https:\/\/www.wallendorff.com\/belogue\/category\/dpc\/"},"img":{"alt_text":"","src":"https:\/\/i0.wp.com\/www.wallendorff.com\/belogue\/wp-content\/uploads\/2015\/04\/200509191.jpg?resize=350%2C200&ssl=1","width":350,"height":200},"classes":[]},{"id":815,"url":"https:\/\/www.wallendorff.com\/belogue\/2006\/10\/27\/clefs-de-l-hagard\/","url_meta":{"origin":32793,"position":2},"title":"Clefs de l&rsquo;hagard.","author":"dpc","date":"27 octobre 2006","format":false,"excerpt":"Rue Lemercier, Paris, 22 octobre. T'as pass\u00e9 une soir\u00e9e reposante et productive, t'as tri\u00e9 300 photos en retard, tu t'es lev\u00e9 d\u00e9tendu, tu trempes tes tartines dans une visite fructueuse qui t'apporte bien-\u00eatre et regain de joie au son d'un Peter Bj\u00f6rn And John qui t'en ferait presque voir Paris\u2026","rel":"","context":"Dans &quot;DPC&quot;","block_context":{"text":"DPC","link":"https:\/\/www.wallendorff.com\/belogue\/category\/dpc\/"},"img":{"alt_text":"","src":"https:\/\/i0.wp.com\/www.wallendorff.com\/belogue\/wp-content\/uploads\/2015\/04\/200610271.jpg?resize=350%2C200&ssl=1","width":350,"height":200},"classes":[]},{"id":20441,"url":"https:\/\/www.wallendorff.com\/belogue\/2013\/02\/14\/shooting-people-100\/","url_meta":{"origin":32793,"position":3},"title":"Shooting people #100.","author":"dpc","date":"14 f\u00e9vrier 2013","format":false,"excerpt":"H\u00f4tel Arvor, Paris, 6 f\u00e9vrier. Ils ne sont venus qu'\u00e0 deux. Lorsque j'arrive, ils sont au bar, en interview avec B.. Je distingue vaguement leurs profils dans le reflet de la vitre. P. a plus de cheveux qu'avant. M. m'accueille et m'annonce qu'il y a eu changement de derni\u00e8re minute\u00a0;\u2026","rel":"","context":"Dans &quot;Portraits&quot;","block_context":{"text":"Portraits","link":"https:\/\/www.wallendorff.com\/belogue\/category\/portraits\/"},"img":{"alt_text":"","src":"https:\/\/i0.wp.com\/www.wallendorff.com\/belogue\/wp-content\/uploads\/2015\/04\/20130214.jpg?resize=350%2C200&ssl=1","width":350,"height":200,"srcset":"https:\/\/i0.wp.com\/www.wallendorff.com\/belogue\/wp-content\/uploads\/2015\/04\/20130214.jpg?resize=350%2C200&ssl=1 1x, https:\/\/i0.wp.com\/www.wallendorff.com\/belogue\/wp-content\/uploads\/2015\/04\/20130214.jpg?resize=525%2C300&ssl=1 1.5x, https:\/\/i0.wp.com\/www.wallendorff.com\/belogue\/wp-content\/uploads\/2015\/04\/20130214.jpg?resize=700%2C400&ssl=1 2x"},"classes":[]},{"id":12174,"url":"https:\/\/www.wallendorff.com\/belogue\/2011\/02\/03\/red-death-at-20h04\/","url_meta":{"origin":32793,"position":4},"title":"Red Death at 20h04.","author":"dpc","date":"3 f\u00e9vrier 2011","format":false,"excerpt":"Quand j'ai lu la nouvelle, j'ai pleur\u00e9. Puis j'ai refus\u00e9 d'y croire. Puis j'ai rejet\u00e9 la faute sur les mafieux mexicains qui squattent nuit et jour devant Third Man pour faire du trafic de disques rares et sur les fans de fouteballe qui ont fait de l'insupportable Seven Nation Army\u2026","rel":"","context":"Dans &quot;Alive&quot;","block_context":{"text":"Alive","link":"https:\/\/www.wallendorff.com\/belogue\/category\/alive\/"},"img":{"alt_text":"","src":"https:\/\/i0.wp.com\/www.wallendorff.com\/belogue\/wp-content\/uploads\/2015\/04\/201102031.jpg?resize=350%2C200&ssl=1","width":350,"height":200,"srcset":"https:\/\/i0.wp.com\/www.wallendorff.com\/belogue\/wp-content\/uploads\/2015\/04\/201102031.jpg?resize=350%2C200&ssl=1 1x, https:\/\/i0.wp.com\/www.wallendorff.com\/belogue\/wp-content\/uploads\/2015\/04\/201102031.jpg?resize=525%2C300&ssl=1 1.5x, https:\/\/i0.wp.com\/www.wallendorff.com\/belogue\/wp-content\/uploads\/2015\/04\/201102031.jpg?resize=700%2C400&ssl=1 2x"},"classes":[]},{"id":33111,"url":"https:\/\/www.wallendorff.com\/belogue\/2016\/11\/29\/shooting-people-128\/","url_meta":{"origin":32793,"position":5},"title":"Shooting people #128.","author":"dpc","date":"29 novembre 2016","format":false,"excerpt":"Canal Factory, Boulogne-Billancourt, 7 octobre. Portrait illustrant l\u2019interview par No\u00e9mie Lambert \u00e0 lire chez Soul Kitchen. 18\u00a0h 02. Pas facile de trouver un cadre calme et visuellement potable dans des coulisses de studio t\u00e9l\u00e9. Surtout quand les dits studios entament deux \u00e9missions en direct, diffus\u00e9es en m\u00eame temps. Surtout quand\u2026","rel":"","context":"Dans &quot;Portraits&quot;","block_context":{"text":"Portraits","link":"https:\/\/www.wallendorff.com\/belogue\/category\/portraits\/"},"img":{"alt_text":"","src":"https:\/\/i0.wp.com\/www.wallendorff.com\/belogue\/wp-content\/uploads\/2016\/11\/20161129-05-1.jpg?resize=350%2C200&ssl=1","width":350,"height":200,"srcset":"https:\/\/i0.wp.com\/www.wallendorff.com\/belogue\/wp-content\/uploads\/2016\/11\/20161129-05-1.jpg?resize=350%2C200&ssl=1 1x, https:\/\/i0.wp.com\/www.wallendorff.com\/belogue\/wp-content\/uploads\/2016\/11\/20161129-05-1.jpg?resize=525%2C300&ssl=1 1.5x, https:\/\/i0.wp.com\/www.wallendorff.com\/belogue\/wp-content\/uploads\/2016\/11\/20161129-05-1.jpg?resize=700%2C400&ssl=1 2x"},"classes":[]}],"_links":{"self":[{"href":"https:\/\/www.wallendorff.com\/belogue\/wp-json\/wp\/v2\/posts\/32793","targetHints":{"allow":["GET"]}}],"collection":[{"href":"https:\/\/www.wallendorff.com\/belogue\/wp-json\/wp\/v2\/posts"}],"about":[{"href":"https:\/\/www.wallendorff.com\/belogue\/wp-json\/wp\/v2\/types\/post"}],"author":[{"embeddable":true,"href":"https:\/\/www.wallendorff.com\/belogue\/wp-json\/wp\/v2\/users\/1"}],"replies":[{"embeddable":true,"href":"https:\/\/www.wallendorff.com\/belogue\/wp-json\/wp\/v2\/comments?post=32793"}],"version-history":[{"count":2,"href":"https:\/\/www.wallendorff.com\/belogue\/wp-json\/wp\/v2\/posts\/32793\/revisions"}],"predecessor-version":[{"id":32796,"href":"https:\/\/www.wallendorff.com\/belogue\/wp-json\/wp\/v2\/posts\/32793\/revisions\/32796"}],"wp:featuredmedia":[{"embeddable":true,"href":"https:\/\/www.wallendorff.com\/belogue\/wp-json\/wp\/v2\/media\/32795"}],"wp:attachment":[{"href":"https:\/\/www.wallendorff.com\/belogue\/wp-json\/wp\/v2\/media?parent=32793"}],"wp:term":[{"taxonomy":"category","embeddable":true,"href":"https:\/\/www.wallendorff.com\/belogue\/wp-json\/wp\/v2\/categories?post=32793"},{"taxonomy":"post_tag","embeddable":true,"href":"https:\/\/www.wallendorff.com\/belogue\/wp-json\/wp\/v2\/tags?post=32793"}],"curies":[{"name":"wp","href":"https:\/\/api.w.org\/{rel}","templated":true}]}}