{"id":32759,"date":"2016-10-27T14:04:30","date_gmt":"2016-10-27T12:04:30","guid":{"rendered":"http:\/\/www.wallendorff.com\/belogue\/?p=32759"},"modified":"2018-05-23T08:03:38","modified_gmt":"2018-05-23T06:03:38","slug":"shooting-people-123","status":"publish","type":"post","link":"https:\/\/www.wallendorff.com\/belogue\/2016\/10\/27\/shooting-people-123\/","title":{"rendered":"Shooting people #123."},"content":{"rendered":"\n<div id=\"photo\">\n<p><img decoding=\"async\" src=\"https:\/\/www.wallendorff.com\/belogue\/photo\/2016\/10\/20161026.jpg\"><br \/>\nLa Cigale, Paris, 13 octobre.<\/p>\n<\/p><\/div>\n<p style=\"text-align:right\"><em>Portrait illustrant <a href=\"http:\/\/www.soul-kitchen.fr\/70463-interview-birdy-nam-nam\">l&rsquo;interview par No&eacute;mie Lambert &agrave; lire chez Soul Kitchen<\/em><\/a>.<\/p>\n<p>C&rsquo;est la premi&egrave;re &eacute;tape d&rsquo;une soir&eacute;e en bin&ocirc;me &agrave; 3 interviews,  4 sessions portraits et 3 concerts. 19&nbsp;h 31. L&rsquo;heure tourne et les emplacements sont peu nombreux&nbsp;: une loge blanche, une cage d&rsquo;escalier bleue et un couloir multicolore. Ce sera le couloir multicolore. J&rsquo;en suis &agrave; me demander comment je vais les placer, quant il a l&rsquo;id&eacute;e g&eacute;niale de monter sur le radiateur. Je t&acirc;tonne un peu avec le flash et finis par le faire taper par terre. Les carreaux s&rsquo;illuminent, eux aussi. Un peu durement peut-&ecirc;tre, au point qu&rsquo;on pourrait les croire enferm&eacute;s dans un frigo, mais apr&egrave;s tout, &ccedil;a rend pas mal. Surtout compte tenu des conditions. 19&nbsp;h 36. Je les remercie pour leur temps et pour cette id&eacute;e g&eacute;niale du chevauchement de radiateur et nous partons pour notre deuxi&egrave;me &eacute;tape de la soir&eacute;e.<\/p>\n","protected":false},"excerpt":{"rendered":"<p>La Cigale, Paris, 13 octobre. Portrait illustrant l&rsquo;interview par No&eacute;mie Lambert &agrave; lire chez Soul Kitchen. C&rsquo;est la premi&egrave;re &eacute;tape d&rsquo;une soir&eacute;e en bin&ocirc;me &agrave; 3 interviews, 4 sessions portraits et 3 concerts. 19&nbsp;h 31. L&rsquo;heure tourne et les emplacements sont peu nombreux&nbsp;: une loge blanche, une cage d&rsquo;escalier bleue et un couloir multicolore. Ce&hellip;<\/p>\n","protected":false},"author":1,"featured_media":32785,"comment_status":"open","ping_status":"open","sticky":false,"template":"","format":"standard","meta":{"_acf_changed":false,"ngg_post_thumbnail":0,"jetpack_post_was_ever_published":false,"_jetpack_newsletter_access":"","_jetpack_dont_email_post_to_subs":false,"_jetpack_newsletter_tier_id":0,"_jetpack_memberships_contains_paywalled_content":false,"_jetpack_memberships_contains_paid_content":false,"footnotes":"","jetpack_publicize_message":"","jetpack_publicize_feature_enabled":true,"jetpack_social_post_already_shared":true,"jetpack_social_options":{"image_generator_settings":{"template":"highway","default_image_id":0,"font":"","enabled":false},"version":2}},"categories":[8],"tags":[10143,6064,11014,8351,11205,10120,10121,10139,12311,13399,8096,13400,10098,10272,10376,8243],"class_list":["post-32759","post","type-post","status-publish","format-standard","has-post-thumbnail","hentry","category-portraits","tag-10143","tag-birdy-nam-nam","tag-boulevard-de-rochechouart","tag-eos-6d","tag-coulisses","tag-france","tag-ile-de-france","tag-la-cigale","tag-mama-event","tag-mama-event-2016","tag-mama-festival","tag-mama-festival-2016","tag-paris","tag-portrait","tag-promo","tag-sigma-15-mm-f2-8-ex-dg-diagonal-fish-eye"],"acf":[],"geo":{"latitude":48.8822441,"longitude":2.340147,"description":"118-126 Boulevard de Rochechouart, 75018 Paris, France"},"jetpack_publicize_connections":[],"jetpack_featured_media_url":"https:\/\/www.wallendorff.com\/belogue\/wp-content\/uploads\/2016\/10\/20161026.jpg","jetpack_shortlink":"https:\/\/wp.me\/p3b35P-8wn","jetpack_sharing_enabled":true,"jetpack-related-posts":[{"id":40247,"url":"https:\/\/www.wallendorff.com\/belogue\/2018\/10\/24\/mama-festival-paris-17-19-octobre-2018\/","url_meta":{"origin":32759,"position":0},"title":"MaMA Festival, Paris, 17 \u2013 19 octobre 2018.","author":"dpc","date":"24 octobre 2018","format":false,"excerpt":"Alors d\u00e9j\u00e0, pr\u00e9cisons que le pr\u00e9c\u00e9dent record de ma d\u00e9sormais fameuse statistique de plus long intervalle entre des photos de concert du m\u00eame artiste, une statistique qui fait r\u00eaver toutes les g\u00e9n\u00e9rations de Maubeuge \u00e0 Wasquehal, pr\u00e9c\u00e9dent record, donc, d\u00e9tenu par KoRn avec 4\u00a0341 jours \u00e9coul\u00e9s entre le passe photo\u2026","rel":"","context":"Dans &quot;Alive&quot;","block_context":{"text":"Alive","link":"https:\/\/www.wallendorff.com\/belogue\/category\/alive\/"},"img":{"alt_text":"","src":"https:\/\/i0.wp.com\/www.wallendorff.com\/belogue\/wp-content\/uploads\/2018\/10\/20181022-47.jpg?resize=350%2C200&ssl=1","width":350,"height":200,"srcset":"https:\/\/i0.wp.com\/www.wallendorff.com\/belogue\/wp-content\/uploads\/2018\/10\/20181022-47.jpg?resize=350%2C200&ssl=1 1x, https:\/\/i0.wp.com\/www.wallendorff.com\/belogue\/wp-content\/uploads\/2018\/10\/20181022-47.jpg?resize=525%2C300&ssl=1 1.5x, https:\/\/i0.wp.com\/www.wallendorff.com\/belogue\/wp-content\/uploads\/2018\/10\/20181022-47.jpg?resize=700%2C400&ssl=1 2x, https:\/\/i0.wp.com\/www.wallendorff.com\/belogue\/wp-content\/uploads\/2018\/10\/20181022-47.jpg?resize=1050%2C600&ssl=1 3x"},"classes":[]},{"id":40410,"url":"https:\/\/www.wallendorff.com\/belogue\/2018\/10\/31\/octobre-2018\/","url_meta":{"origin":32759,"position":1},"title":"Octobre 2018","author":"dpc","date":"31 octobre 2018","format":false,"excerpt":"Un mur, une pizza, une voiture, un concert, une expo, une cour, une expo, un carrefour, une chapelle, un chat pr\u00e9nomm\u00e9 Zoubida, une pyramide, une passerelle, une gare, un train, une biblioth\u00e8que, un pigeonnier, une porte, un ch\u00e2teau, un salon, un couloir, un plafond, une chapelle, une salle \u00e0 manger,\u2026","rel":"","context":"Dans &quot;Blog-note&quot;","block_context":{"text":"Blog-note","link":"https:\/\/www.wallendorff.com\/belogue\/category\/blog-note\/"},"img":{"alt_text":"","src":"https:\/\/i0.wp.com\/www.wallendorff.com\/belogue\/wp-content\/uploads\/2018\/11\/20181112-08.jpg?resize=350%2C200&ssl=1","width":350,"height":200,"srcset":"https:\/\/i0.wp.com\/www.wallendorff.com\/belogue\/wp-content\/uploads\/2018\/11\/20181112-08.jpg?resize=350%2C200&ssl=1 1x, https:\/\/i0.wp.com\/www.wallendorff.com\/belogue\/wp-content\/uploads\/2018\/11\/20181112-08.jpg?resize=525%2C300&ssl=1 1.5x, https:\/\/i0.wp.com\/www.wallendorff.com\/belogue\/wp-content\/uploads\/2018\/11\/20181112-08.jpg?resize=700%2C400&ssl=1 2x, https:\/\/i0.wp.com\/www.wallendorff.com\/belogue\/wp-content\/uploads\/2018\/11\/20181112-08.jpg?resize=1050%2C600&ssl=1 3x"},"classes":[]},{"id":883,"url":"https:\/\/www.wallendorff.com\/belogue\/2007\/01\/26\/mademoiselle-k-la-cigale-paris\/","url_meta":{"origin":32759,"position":2},"title":"Mademoiselle K @ la Cigale, Paris.","author":"dpc","date":"26 janvier 2007","format":false,"excerpt":"R\u00e9sumons\u00a0: depuis la derni\u00e8re fois, la musique s'est endurcie, Katerine Gierak a pris de l'assurance, elle arrive m\u00eame \u00e0 accorder sa guitare super-vite, maintenant, en plus elle a \u00e9crit un chouette hymne \u00e0 la gloire de tous les roadies testeurs-de-micro du monde, une litanie de \u00ab\u00a01, 2, 3\u00a0\u00bb dans tout\u2026","rel":"","context":"Dans &quot;Alive&quot;","block_context":{"text":"Alive","link":"https:\/\/www.wallendorff.com\/belogue\/category\/alive\/"},"img":{"alt_text":"","src":"https:\/\/i0.wp.com\/www.wallendorff.com\/belogue\/wp-content\/uploads\/2015\/04\/200701261.jpg?resize=350%2C200&ssl=1","width":350,"height":200,"srcset":"https:\/\/i0.wp.com\/www.wallendorff.com\/belogue\/wp-content\/uploads\/2015\/04\/200701261.jpg?resize=350%2C200&ssl=1 1x, https:\/\/i0.wp.com\/www.wallendorff.com\/belogue\/wp-content\/uploads\/2015\/04\/200701261.jpg?resize=525%2C300&ssl=1 1.5x, https:\/\/i0.wp.com\/www.wallendorff.com\/belogue\/wp-content\/uploads\/2015\/04\/200701261.jpg?resize=700%2C400&ssl=1 2x"},"classes":[]},{"id":32880,"url":"https:\/\/www.wallendorff.com\/belogue\/2016\/10\/31\/octobre-2016\/","url_meta":{"origin":32759,"position":3},"title":"Octobre 2016.","author":"dpc","date":"31 octobre 2016","format":false,"excerpt":"Une montagne, une cr\u00e9maill\u00e8re, un ma\u00eetre du menton, une coulisse, un concert, un orchestre, un concert, un spectacle, un graffiti, une Fistini\u00e8re-mobile, un anniversaire, un concert, une interview, un concert, un concert, une interview, un concert, un concert, une interview, un concert, un passe photo, un anniversaire, un retour en\u2026","rel":"","context":"Dans &quot;Blog-note&quot;","block_context":{"text":"Blog-note","link":"https:\/\/www.wallendorff.com\/belogue\/category\/blog-note\/"},"img":{"alt_text":"","src":"https:\/\/i0.wp.com\/www.wallendorff.com\/belogue\/wp-content\/uploads\/2016\/11\/20161115-01.jpg?resize=350%2C200&ssl=1","width":350,"height":200,"srcset":"https:\/\/i0.wp.com\/www.wallendorff.com\/belogue\/wp-content\/uploads\/2016\/11\/20161115-01.jpg?resize=350%2C200&ssl=1 1x, https:\/\/i0.wp.com\/www.wallendorff.com\/belogue\/wp-content\/uploads\/2016\/11\/20161115-01.jpg?resize=525%2C300&ssl=1 1.5x, https:\/\/i0.wp.com\/www.wallendorff.com\/belogue\/wp-content\/uploads\/2016\/11\/20161115-01.jpg?resize=700%2C400&ssl=1 2x"},"classes":[]},{"id":20331,"url":"https:\/\/www.wallendorff.com\/belogue\/2007\/11\/10\/cold-war-kids-la-cigale-paris\/","url_meta":{"origin":32759,"position":4},"title":"Cold War Kids @ la Cigale, Paris.","author":"dpc","date":"10 novembre 2007","format":false,"excerpt":"Alors que Jon McClure de Reverend and the Makers, pas rassasi\u00e9 de sa premi\u00e8re partie un peu dingue, s\u2019assoit devant la Cigale dans une session acoustique pour les passants du boulevard Rochechouart, Cold War Kids montent sur sc\u00e8ne devant une salle \u00e0 la fi\u00e8vre palpable. D\u2019entr\u00e9e de jeu, les Californiens\u2026","rel":"","context":"Dans &quot;Alive&quot;","block_context":{"text":"Alive","link":"https:\/\/www.wallendorff.com\/belogue\/category\/alive\/"},"img":{"alt_text":"","src":"","width":0,"height":0},"classes":[]},{"id":29519,"url":"https:\/\/www.wallendorff.com\/belogue\/2015\/10\/22\/shooting-people-112\/","url_meta":{"origin":32759,"position":5},"title":"Shooting people #112.","author":"dpc","date":"22 octobre 2015","format":false,"excerpt":"Le Cinq Codet, Paris, 15 octobre. Je les retrouve dans la chambre. C'est la derni\u00e8re session de la journ\u00e9e, ils se sont fait prendre en photo partout\u00a0: sur la terrasse, dans la salle de bain, sur le canap\u00e9... Je leur propose le couloir. Deux essais avec le flash ne donnent\u2026","rel":"","context":"Dans &quot;Portraits&quot;","block_context":{"text":"Portraits","link":"https:\/\/www.wallendorff.com\/belogue\/category\/portraits\/"},"img":{"alt_text":"","src":"https:\/\/i0.wp.com\/www.wallendorff.com\/belogue\/wp-content\/uploads\/2015\/10\/20151021-071.jpg?resize=350%2C200&ssl=1","width":350,"height":200,"srcset":"https:\/\/i0.wp.com\/www.wallendorff.com\/belogue\/wp-content\/uploads\/2015\/10\/20151021-071.jpg?resize=350%2C200&ssl=1 1x, https:\/\/i0.wp.com\/www.wallendorff.com\/belogue\/wp-content\/uploads\/2015\/10\/20151021-071.jpg?resize=525%2C300&ssl=1 1.5x, https:\/\/i0.wp.com\/www.wallendorff.com\/belogue\/wp-content\/uploads\/2015\/10\/20151021-071.jpg?resize=700%2C400&ssl=1 2x"},"classes":[]}],"_links":{"self":[{"href":"https:\/\/www.wallendorff.com\/belogue\/wp-json\/wp\/v2\/posts\/32759","targetHints":{"allow":["GET"]}}],"collection":[{"href":"https:\/\/www.wallendorff.com\/belogue\/wp-json\/wp\/v2\/posts"}],"about":[{"href":"https:\/\/www.wallendorff.com\/belogue\/wp-json\/wp\/v2\/types\/post"}],"author":[{"embeddable":true,"href":"https:\/\/www.wallendorff.com\/belogue\/wp-json\/wp\/v2\/users\/1"}],"replies":[{"embeddable":true,"href":"https:\/\/www.wallendorff.com\/belogue\/wp-json\/wp\/v2\/comments?post=32759"}],"version-history":[{"count":4,"href":"https:\/\/www.wallendorff.com\/belogue\/wp-json\/wp\/v2\/posts\/32759\/revisions"}],"predecessor-version":[{"id":32784,"href":"https:\/\/www.wallendorff.com\/belogue\/wp-json\/wp\/v2\/posts\/32759\/revisions\/32784"}],"wp:featuredmedia":[{"embeddable":true,"href":"https:\/\/www.wallendorff.com\/belogue\/wp-json\/wp\/v2\/media\/32785"}],"wp:attachment":[{"href":"https:\/\/www.wallendorff.com\/belogue\/wp-json\/wp\/v2\/media?parent=32759"}],"wp:term":[{"taxonomy":"category","embeddable":true,"href":"https:\/\/www.wallendorff.com\/belogue\/wp-json\/wp\/v2\/categories?post=32759"},{"taxonomy":"post_tag","embeddable":true,"href":"https:\/\/www.wallendorff.com\/belogue\/wp-json\/wp\/v2\/tags?post=32759"}],"curies":[{"name":"wp","href":"https:\/\/api.w.org\/{rel}","templated":true}]}}