{"id":32754,"date":"2016-10-24T18:29:12","date_gmt":"2016-10-24T16:29:12","guid":{"rendered":"http:\/\/www.wallendorff.com\/belogue\/?p=32754"},"modified":"2017-03-02T17:06:21","modified_gmt":"2017-03-02T15:06:21","slug":"couloir-no-18-824","status":"publish","type":"post","link":"https:\/\/www.wallendorff.com\/belogue\/2016\/10\/24\/couloir-no-18-824\/","title":{"rendered":"Couloir n<sup>o<\/sup> 18 824."},"content":{"rendered":"\n<div id=\"photo\">\n<p><img decoding=\"async\" src=\"https:\/\/www.wallendorff.com\/belogue\/photo\/2016\/10\/20161024.jpg\"><br \/>\nGrand H&ocirc;tel Amr&acirc;th, Amsterdam, 14 ao&ucirc;t.<\/p>\n<\/p><\/div>\n<ul style=\"text-align:right\">\n<li><a href=\"https:\/\/www.wallendorff.com\/belogue\/2009\/06\/08\/on-tentend-en-portes-le-faon\/\">Milwaukee<\/a> &#10003;<\/li>\n<li><a href=\"https:\/\/www.wallendorff.com\/belogue\/2012\/02\/02\/triple-tremolos\/\">Londres<\/a> &#10003;<\/li>\n<li><a href=\"https:\/\/www.wallendorff.com\/belogue\/2012\/09\/18\/couloir-no-127\/\">Sarajevo<\/a> &#10003;<\/li>\n<li><a href=\"https:\/\/www.wallendorff.com\/belogue\/2013\/07\/19\/last-exit\/\">Milan<\/a> &#10003;<\/li>\n<li><a href=\"https:\/\/www.wallendorff.com\/belogue\/2014\/03\/06\/couloir-no-4212\/\">Bruxelles<\/a> &#10003;<\/li>\n<li><a href=\"https:\/\/www.wallendorff.com\/belogue\/2014\/05\/27\/couloir-no-10619\/\">Dublin<\/a> &#10003;<\/li>\n<li><a href=\"https:\/\/www.wallendorff.com\/belogue\/2015\/04\/23\/couloir-no-16-669\/\">West Harrison<\/a> &#10003;<\/li>\n<li><a href=\"https:\/\/www.wallendorff.com\/belogue\/2016\/05\/09\/couloir-no-17042\/\">Vienne<\/a> &#10003;<\/li>\n<li>Amsterdam &#10003;<\/li>\n<\/ul>\n<div id=\"bandeson\">\n<p><img decoding=\"async\" src=\"https:\/\/www.wallendorff.com\/belogue\/photo\/pochettes\/n\/night_beats-who_sold_my_generation.jpg\" align=\"left\" \/><a href=\"http:\/\/www.youtube.com\/watch?v=Yxpng-b1VAc\" a style=\"font-weight:normal\" id=\"lienmp3\"><em>Right \/ Wrong<\/em><\/a><br \/>\n<a href=\"http:\/\/www.thenightbeats.us\/\">Night Beats<\/a><\/p>\n<\/div>\n","protected":false},"excerpt":{"rendered":"<p>Grand H&ocirc;tel Amr&acirc;th, Amsterdam, 14 ao&ucirc;t. Milwaukee &#10003; Londres &#10003; Sarajevo &#10003; Milan &#10003; Bruxelles &#10003; Dublin &#10003; West Harrison &#10003; Vienne &#10003; Amsterdam &#10003; Right \/ Wrong Night Beats<\/p>\n","protected":false},"author":1,"featured_media":32756,"comment_status":"open","ping_status":"open","sticky":false,"template":"","format":"standard","meta":{"_acf_changed":false,"ngg_post_thumbnail":0,"jetpack_post_was_ever_published":false,"_jetpack_newsletter_access":"","_jetpack_dont_email_post_to_subs":true,"_jetpack_newsletter_tier_id":0,"_jetpack_memberships_contains_paywalled_content":false,"_jetpack_memberships_contains_paid_content":false,"footnotes":"","jetpack_publicize_message":"","jetpack_publicize_feature_enabled":true,"jetpack_social_post_already_shared":true,"jetpack_social_options":{"image_generator_settings":{"template":"highway","default_image_id":0,"font":"","enabled":false},"version":2}},"categories":[3],"tags":[711,8170,8351,10322,13415,4040,10257,12817,10147,414,13416,13414],"class_list":["post-32754","post","type-post","status-publish","format-standard","has-post-thumbnail","hentry","category-dpc","tag-amsterdam","tag-ef-24-70-mm-f2-8l-ii-usm","tag-eos-6d","tag-couloir","tag-grand-hotel-amrath","tag-hollande-septentrionale","tag-hotel","tag-night-beats","tag-nuit","tag-pays-bas","tag-prins-hendrikkade","tag-right-wrong"],"acf":[],"geo":{"latitude":52.3745918,"longitude":4.9038639,"description":"Amsterdam, Noord-Holland, 1011, NL"},"jetpack_publicize_connections":[],"jetpack_featured_media_url":"https:\/\/www.wallendorff.com\/belogue\/wp-content\/uploads\/2016\/10\/20161024.jpg","jetpack_shortlink":"https:\/\/wp.me\/p3b35P-8wi","jetpack_sharing_enabled":true,"jetpack-related-posts":[{"id":18985,"url":"https:\/\/www.wallendorff.com\/belogue\/2012\/09\/18\/couloir-no-127\/","url_meta":{"origin":32754,"position":0},"title":"Couloir no 127.","author":"dpc","date":"18 septembre 2012","format":false,"excerpt":"H\u00f4tel Grand, Sarajevo, 28 juillet. [Pur\u00e9e c'est dingue ce qu'on se croirait \u00e0 Milwaukee ou Londres.] The Raveonettes \u2013 Curse the Night","rel":"","context":"Dans &quot;DPC&quot;","block_context":{"text":"DPC","link":"https:\/\/www.wallendorff.com\/belogue\/category\/dpc\/"},"img":{"alt_text":"","src":"https:\/\/i0.wp.com\/www.wallendorff.com\/belogue\/wp-content\/uploads\/2015\/04\/201209181.jpg?resize=350%2C200&ssl=1","width":350,"height":200},"classes":[]},{"id":22566,"url":"https:\/\/www.wallendorff.com\/belogue\/2014\/03\/06\/couloir-no-4212\/","url_meta":{"origin":32754,"position":1},"title":"Couloir no 4&nbsp;212.","author":"dpc","date":"6 mars 2014","format":false,"excerpt":"H\u00f4tel Bloom, Bruxelles, 22 f\u00e9vrier. Milwaukee \u2713 Londres \u2713 Sarajevo \u2713 Milan \u2713 Bruxelles \u2713 \u00a0 Speech Coma Blood Red Shoes","rel":"","context":"Dans &quot;DPC&quot;","block_context":{"text":"DPC","link":"https:\/\/www.wallendorff.com\/belogue\/category\/dpc\/"},"img":{"alt_text":"","src":"https:\/\/i0.wp.com\/www.wallendorff.com\/belogue\/wp-content\/uploads\/2015\/04\/201403061.jpg?resize=350%2C200&ssl=1","width":350,"height":200,"srcset":"https:\/\/i0.wp.com\/www.wallendorff.com\/belogue\/wp-content\/uploads\/2015\/04\/201403061.jpg?resize=350%2C200&ssl=1 1x, https:\/\/i0.wp.com\/www.wallendorff.com\/belogue\/wp-content\/uploads\/2015\/04\/201403061.jpg?resize=525%2C300&ssl=1 1.5x"},"classes":[]},{"id":27120,"url":"https:\/\/www.wallendorff.com\/belogue\/2015\/04\/23\/couloir-no-16-669\/","url_meta":{"origin":32754,"position":2},"title":"Couloir no 16 669.","author":"dpc","date":"23 avril 2015","format":false,"excerpt":"Renaissance Westchester Hotel, West Harrison, 10 mars. Milwaukee \u2713 Londres \u2713 Sarajevo \u2713 Milan \u2713 Bruxelles \u2713 Dublin \u2713 West Harrison \u2713 Kim's Caravan Courtney Barnett","rel":"","context":"Dans &quot;DPC&quot;","block_context":{"text":"DPC","link":"https:\/\/www.wallendorff.com\/belogue\/category\/dpc\/"},"img":{"alt_text":"","src":"https:\/\/i0.wp.com\/www.wallendorff.com\/belogue\/wp-content\/uploads\/2015\/04\/20150423.jpg?resize=350%2C200&ssl=1","width":350,"height":200,"srcset":"https:\/\/i0.wp.com\/www.wallendorff.com\/belogue\/wp-content\/uploads\/2015\/04\/20150423.jpg?resize=350%2C200&ssl=1 1x, https:\/\/i0.wp.com\/www.wallendorff.com\/belogue\/wp-content\/uploads\/2015\/04\/20150423.jpg?resize=525%2C300&ssl=1 1.5x"},"classes":[]},{"id":48674,"url":"https:\/\/www.wallendorff.com\/belogue\/2021\/06\/28\/couloir-no-24-133\/","url_meta":{"origin":32754,"position":3},"title":"Couloir no 24&nbsp;133.","author":"dpc","date":"28 juin 2021","format":false,"excerpt":"Freehand, Miami, 17 avril 2021. Milwaukee \u2713 Londres \u2713 Sarajevo \u2713 Milan \u2713 Bruxelles \u2713 Dublin \u2713 West Harrison \u2713 Vienne \u2713 Amsterdam \u2713 Miami \u2713 Dead Souls (Joy Division cover) Nine Inch Nails","rel":"","context":"Dans &quot;DPC&quot;","block_context":{"text":"DPC","link":"https:\/\/www.wallendorff.com\/belogue\/category\/dpc\/"},"img":{"alt_text":"","src":"https:\/\/i0.wp.com\/www.wallendorff.com\/belogue\/wp-content\/uploads\/2021\/06\/20210628.jpg?resize=350%2C200&ssl=1","width":350,"height":200,"srcset":"https:\/\/i0.wp.com\/www.wallendorff.com\/belogue\/wp-content\/uploads\/2021\/06\/20210628.jpg?resize=350%2C200&ssl=1 1x, https:\/\/i0.wp.com\/www.wallendorff.com\/belogue\/wp-content\/uploads\/2021\/06\/20210628.jpg?resize=525%2C300&ssl=1 1.5x, https:\/\/i0.wp.com\/www.wallendorff.com\/belogue\/wp-content\/uploads\/2021\/06\/20210628.jpg?resize=700%2C400&ssl=1 2x"},"classes":[]},{"id":21436,"url":"https:\/\/www.wallendorff.com\/belogue\/2013\/08\/14\/jaune-dombre\/","url_meta":{"origin":32754,"position":4},"title":"Jaune d&rsquo;ombre.","author":"dpc","date":"14 ao\u00fbt 2013","format":false,"excerpt":"H\u00f4tel des Invalides, Paris, 8 juin. 613 Asaf Avidan","rel":"","context":"Dans &quot;DPC&quot;","block_context":{"text":"DPC","link":"https:\/\/www.wallendorff.com\/belogue\/category\/dpc\/"},"img":{"alt_text":"","src":"https:\/\/i0.wp.com\/www.wallendorff.com\/belogue\/wp-content\/uploads\/2015\/04\/201308141.jpg?resize=350%2C200&ssl=1","width":350,"height":200},"classes":[]},{"id":21600,"url":"https:\/\/www.wallendorff.com\/belogue\/2013\/09\/13\/into-the-wide-19\/","url_meta":{"origin":32754,"position":5},"title":"Into the wide #19.","author":"dpc","date":"13 septembre 2013","format":false,"excerpt":"H\u00f4tel des Invalides, Paris, 11 ao\u00fbt. LiesChvrches","rel":"","context":"Dans &quot;Into the wide&quot;","block_context":{"text":"Into the wide","link":"https:\/\/www.wallendorff.com\/belogue\/category\/into-the-wide\/"},"img":{"alt_text":"","src":"https:\/\/i0.wp.com\/www.wallendorff.com\/belogue\/wp-content\/uploads\/2015\/04\/201309131.jpg?resize=350%2C200&ssl=1","width":350,"height":200,"srcset":"https:\/\/i0.wp.com\/www.wallendorff.com\/belogue\/wp-content\/uploads\/2015\/04\/201309131.jpg?resize=350%2C200&ssl=1 1x, https:\/\/i0.wp.com\/www.wallendorff.com\/belogue\/wp-content\/uploads\/2015\/04\/201309131.jpg?resize=525%2C300&ssl=1 1.5x, https:\/\/i0.wp.com\/www.wallendorff.com\/belogue\/wp-content\/uploads\/2015\/04\/201309131.jpg?resize=700%2C400&ssl=1 2x"},"classes":[]}],"_links":{"self":[{"href":"https:\/\/www.wallendorff.com\/belogue\/wp-json\/wp\/v2\/posts\/32754","targetHints":{"allow":["GET"]}}],"collection":[{"href":"https:\/\/www.wallendorff.com\/belogue\/wp-json\/wp\/v2\/posts"}],"about":[{"href":"https:\/\/www.wallendorff.com\/belogue\/wp-json\/wp\/v2\/types\/post"}],"author":[{"embeddable":true,"href":"https:\/\/www.wallendorff.com\/belogue\/wp-json\/wp\/v2\/users\/1"}],"replies":[{"embeddable":true,"href":"https:\/\/www.wallendorff.com\/belogue\/wp-json\/wp\/v2\/comments?post=32754"}],"version-history":[{"count":3,"href":"https:\/\/www.wallendorff.com\/belogue\/wp-json\/wp\/v2\/posts\/32754\/revisions"}],"predecessor-version":[{"id":33656,"href":"https:\/\/www.wallendorff.com\/belogue\/wp-json\/wp\/v2\/posts\/32754\/revisions\/33656"}],"wp:featuredmedia":[{"embeddable":true,"href":"https:\/\/www.wallendorff.com\/belogue\/wp-json\/wp\/v2\/media\/32756"}],"wp:attachment":[{"href":"https:\/\/www.wallendorff.com\/belogue\/wp-json\/wp\/v2\/media?parent=32754"}],"wp:term":[{"taxonomy":"category","embeddable":true,"href":"https:\/\/www.wallendorff.com\/belogue\/wp-json\/wp\/v2\/categories?post=32754"},{"taxonomy":"post_tag","embeddable":true,"href":"https:\/\/www.wallendorff.com\/belogue\/wp-json\/wp\/v2\/tags?post=32754"}],"curies":[{"name":"wp","href":"https:\/\/api.w.org\/{rel}","templated":true}]}}