{"id":32697,"date":"2016-10-20T12:50:15","date_gmt":"2016-10-20T10:50:15","guid":{"rendered":"http:\/\/www.wallendorff.com\/belogue\/?p=32697"},"modified":"2018-05-23T08:03:38","modified_gmt":"2018-05-23T06:03:38","slug":"the-kills-lolympia-paris","status":"publish","type":"post","link":"https:\/\/www.wallendorff.com\/belogue\/2016\/10\/20\/the-kills-lolympia-paris\/","title":{"rendered":"The Kills @ l&rsquo;Olympia, Paris."},"content":{"rendered":"\n<div id=\"photo\">\n<p><img decoding=\"async\" src=\"https:\/\/www.wallendorff.com\/belogue\/photo\/galeries\/2016\/10\/20161019-kills\/20161020-10.jpg\"><\/p>\n<\/p><\/div>\n<p style=\"text-align:right\">J&rsquo;esp&egrave;re que vous aimez les noirs et blancs p&acirc;teux, les violents contres-jours et les gens rendus flous &agrave; cause du photographe qui tenait absolument restituer les mouvements de cheveux de Mosshart et a pour ce faire choisi une vitesse trop lente bigre que cette phrase est trop longue.<\/p>\n<p style=\"text-align:right\">12 ann&eacute;es se sont &eacute;coul&eacute;es depuis mes premi&egrave;res photos des Kills [<a href=\"https:\/\/www.wallendorff.com\/belogue\/2004\/11\/27\/the-kills-blanche-magic-stick-detroit\/\">vous pouvez en voir l&agrave;<\/a> et <a href=\"https:\/\/www.wallendorff.com\/belogue\/2005\/04\/08\/previously-unreleased-13\/\">l&agrave;<\/a>, si vous avez envie de rire]. Cela fait-il d&rsquo;eux un vieux groupe&nbsp;? Oui, bien s&ucirc;r&nbsp;; mais cela en fait aussi un groupe mature, un de ces jalons qu&rsquo;on aime &agrave; retrouver ici ou l&agrave;, sur un continent ou un autre et qui ne d&eacute;&ccedil;oivent jamais, ou si peu.<\/p>\n<div id=\"bandeson\">\n<p><img decoding=\"async\" src=\"https:\/\/www.wallendorff.com\/belogue\/photo\/pochettes\/k\/kills_the-ash_and_ice.jpg\" align=\"left\" \/><a style=\"font-weight:normal\" id=\"lienmp3\" href=\"http:\/\/www.youtube.com\/watch?v=haEqhj76z3I\"><em>Impossible Tracks<\/em><\/a><br \/>\n<a href=\"http:\/\/www.thekills.tv\">The Kills<\/a><\/p>\n<\/p><\/div>\n<div id='gallery-1' class='gallery galleryid-32697 gallery-columns-3 gallery-size-large'><figure class='gallery-item'>\n\t\t\t<div class='gallery-icon landscape'>\n\t\t\t\t<a href='https:\/\/www.wallendorff.com\/belogue\/2016\/10\/20\/the-kills-lolympia-paris\/the-kills-lolympia-paris-19102016\/'><img fetchpriority=\"high\" decoding=\"async\" width=\"820\" height=\"547\" src=\"https:\/\/www.wallendorff.com\/belogue\/wp-content\/uploads\/2016\/10\/20161020-01.jpg\" class=\"attachment-large size-large\" alt=\"\" aria-describedby=\"gallery-1-32698\" srcset=\"https:\/\/www.wallendorff.com\/belogue\/wp-content\/uploads\/2016\/10\/20161020-01.jpg 820w, https:\/\/www.wallendorff.com\/belogue\/wp-content\/uploads\/2016\/10\/20161020-01-200x133.jpg 200w, https:\/\/www.wallendorff.com\/belogue\/wp-content\/uploads\/2016\/10\/20161020-01-300x200.jpg 300w, https:\/\/www.wallendorff.com\/belogue\/wp-content\/uploads\/2016\/10\/20161020-01-525x350.jpg 525w, https:\/\/www.wallendorff.com\/belogue\/wp-content\/uploads\/2016\/10\/20161020-01-600x400.jpg 600w\" sizes=\"(max-width: 820px) 100vw, 820px\" \/><\/a>\n\t\t\t<\/div>\n\t\t\t\t<figcaption class='wp-caption-text gallery-caption' id='gallery-1-32698'>\n\t\t\t\tThe Kills @ l&rsquo;Olympia, Paris, 19\/10\/2016\n\t\t\t\t<\/figcaption><\/figure><figure class='gallery-item'>\n\t\t\t<div class='gallery-icon landscape'>\n\t\t\t\t<a href='https:\/\/www.wallendorff.com\/belogue\/2016\/10\/20\/the-kills-lolympia-paris\/the-kills-lolympia-paris-19102016-2\/'><img decoding=\"async\" width=\"820\" height=\"547\" src=\"https:\/\/www.wallendorff.com\/belogue\/wp-content\/uploads\/2016\/10\/20161020-02.jpg\" class=\"attachment-large size-large\" alt=\"\" aria-describedby=\"gallery-1-32699\" srcset=\"https:\/\/www.wallendorff.com\/belogue\/wp-content\/uploads\/2016\/10\/20161020-02.jpg 820w, https:\/\/www.wallendorff.com\/belogue\/wp-content\/uploads\/2016\/10\/20161020-02-200x133.jpg 200w, https:\/\/www.wallendorff.com\/belogue\/wp-content\/uploads\/2016\/10\/20161020-02-300x200.jpg 300w, https:\/\/www.wallendorff.com\/belogue\/wp-content\/uploads\/2016\/10\/20161020-02-525x350.jpg 525w, https:\/\/www.wallendorff.com\/belogue\/wp-content\/uploads\/2016\/10\/20161020-02-600x400.jpg 600w\" sizes=\"(max-width: 820px) 100vw, 820px\" \/><\/a>\n\t\t\t<\/div>\n\t\t\t\t<figcaption class='wp-caption-text gallery-caption' id='gallery-1-32699'>\n\t\t\t\tThe Kills @ l&rsquo;Olympia, Paris, 19\/10\/2016\n\t\t\t\t<\/figcaption><\/figure><figure class='gallery-item'>\n\t\t\t<div class='gallery-icon landscape'>\n\t\t\t\t<a href='https:\/\/www.wallendorff.com\/belogue\/2016\/10\/20\/the-kills-lolympia-paris\/the-kills-lolympia-paris-19102016-3\/'><img decoding=\"async\" width=\"820\" height=\"547\" src=\"https:\/\/www.wallendorff.com\/belogue\/wp-content\/uploads\/2016\/10\/20161020-03.jpg\" class=\"attachment-large size-large\" alt=\"\" aria-describedby=\"gallery-1-32700\" srcset=\"https:\/\/www.wallendorff.com\/belogue\/wp-content\/uploads\/2016\/10\/20161020-03.jpg 820w, https:\/\/www.wallendorff.com\/belogue\/wp-content\/uploads\/2016\/10\/20161020-03-200x133.jpg 200w, https:\/\/www.wallendorff.com\/belogue\/wp-content\/uploads\/2016\/10\/20161020-03-300x200.jpg 300w, https:\/\/www.wallendorff.com\/belogue\/wp-content\/uploads\/2016\/10\/20161020-03-525x350.jpg 525w, https:\/\/www.wallendorff.com\/belogue\/wp-content\/uploads\/2016\/10\/20161020-03-600x400.jpg 600w\" sizes=\"(max-width: 820px) 100vw, 820px\" \/><\/a>\n\t\t\t<\/div>\n\t\t\t\t<figcaption class='wp-caption-text gallery-caption' id='gallery-1-32700'>\n\t\t\t\tThe Kills @ l&rsquo;Olympia, Paris, 19\/10\/2016\n\t\t\t\t<\/figcaption><\/figure><figure class='gallery-item'>\n\t\t\t<div class='gallery-icon portrait'>\n\t\t\t\t<a href='https:\/\/www.wallendorff.com\/belogue\/2016\/10\/20\/the-kills-lolympia-paris\/the-kills-lolympia-paris-19102016-4\/'><img loading=\"lazy\" decoding=\"async\" width=\"547\" height=\"820\" src=\"https:\/\/www.wallendorff.com\/belogue\/wp-content\/uploads\/2016\/10\/20161020-04.jpg\" class=\"attachment-large size-large\" alt=\"\" aria-describedby=\"gallery-1-32701\" srcset=\"https:\/\/www.wallendorff.com\/belogue\/wp-content\/uploads\/2016\/10\/20161020-04.jpg 547w, https:\/\/www.wallendorff.com\/belogue\/wp-content\/uploads\/2016\/10\/20161020-04-133x200.jpg 133w, https:\/\/www.wallendorff.com\/belogue\/wp-content\/uploads\/2016\/10\/20161020-04-200x300.jpg 200w, https:\/\/www.wallendorff.com\/belogue\/wp-content\/uploads\/2016\/10\/20161020-04-233x350.jpg 233w\" sizes=\"(max-width: 547px) 100vw, 547px\" \/><\/a>\n\t\t\t<\/div>\n\t\t\t\t<figcaption class='wp-caption-text gallery-caption' id='gallery-1-32701'>\n\t\t\t\tThe Kills @ l&rsquo;Olympia, Paris, 19\/10\/2016\n\t\t\t\t<\/figcaption><\/figure><figure class='gallery-item'>\n\t\t\t<div class='gallery-icon landscape'>\n\t\t\t\t<a href='https:\/\/www.wallendorff.com\/belogue\/2016\/10\/20\/the-kills-lolympia-paris\/the-kills-lolympia-paris-19102016-5\/'><img loading=\"lazy\" decoding=\"async\" width=\"820\" height=\"547\" src=\"https:\/\/www.wallendorff.com\/belogue\/wp-content\/uploads\/2016\/10\/20161020-05.jpg\" class=\"attachment-large size-large\" alt=\"\" aria-describedby=\"gallery-1-32702\" srcset=\"https:\/\/www.wallendorff.com\/belogue\/wp-content\/uploads\/2016\/10\/20161020-05.jpg 820w, https:\/\/www.wallendorff.com\/belogue\/wp-content\/uploads\/2016\/10\/20161020-05-200x133.jpg 200w, https:\/\/www.wallendorff.com\/belogue\/wp-content\/uploads\/2016\/10\/20161020-05-300x200.jpg 300w, https:\/\/www.wallendorff.com\/belogue\/wp-content\/uploads\/2016\/10\/20161020-05-525x350.jpg 525w, https:\/\/www.wallendorff.com\/belogue\/wp-content\/uploads\/2016\/10\/20161020-05-600x400.jpg 600w\" sizes=\"(max-width: 820px) 100vw, 820px\" \/><\/a>\n\t\t\t<\/div>\n\t\t\t\t<figcaption class='wp-caption-text gallery-caption' id='gallery-1-32702'>\n\t\t\t\tThe Kills @ l&rsquo;Olympia, Paris, 19\/10\/2016\n\t\t\t\t<\/figcaption><\/figure><figure class='gallery-item'>\n\t\t\t<div class='gallery-icon portrait'>\n\t\t\t\t<a href='https:\/\/www.wallendorff.com\/belogue\/2016\/10\/20\/the-kills-lolympia-paris\/the-kills-lolympia-paris-19102016-6\/'><img loading=\"lazy\" decoding=\"async\" width=\"547\" height=\"820\" src=\"https:\/\/www.wallendorff.com\/belogue\/wp-content\/uploads\/2016\/10\/20161020-06.jpg\" class=\"attachment-large size-large\" alt=\"\" aria-describedby=\"gallery-1-32703\" srcset=\"https:\/\/www.wallendorff.com\/belogue\/wp-content\/uploads\/2016\/10\/20161020-06.jpg 547w, https:\/\/www.wallendorff.com\/belogue\/wp-content\/uploads\/2016\/10\/20161020-06-133x200.jpg 133w, https:\/\/www.wallendorff.com\/belogue\/wp-content\/uploads\/2016\/10\/20161020-06-200x300.jpg 200w, https:\/\/www.wallendorff.com\/belogue\/wp-content\/uploads\/2016\/10\/20161020-06-233x350.jpg 233w\" sizes=\"(max-width: 547px) 100vw, 547px\" \/><\/a>\n\t\t\t<\/div>\n\t\t\t\t<figcaption class='wp-caption-text gallery-caption' id='gallery-1-32703'>\n\t\t\t\tThe Kills @ l&rsquo;Olympia, Paris, 19\/10\/2016\n\t\t\t\t<\/figcaption><\/figure><figure class='gallery-item'>\n\t\t\t<div class='gallery-icon landscape'>\n\t\t\t\t<a href='https:\/\/www.wallendorff.com\/belogue\/2016\/10\/20\/the-kills-lolympia-paris\/the-kills-lolympia-paris-19102016-7\/'><img loading=\"lazy\" decoding=\"async\" width=\"820\" height=\"547\" src=\"https:\/\/www.wallendorff.com\/belogue\/wp-content\/uploads\/2016\/10\/20161020-07.jpg\" class=\"attachment-large size-large\" alt=\"\" aria-describedby=\"gallery-1-32704\" srcset=\"https:\/\/www.wallendorff.com\/belogue\/wp-content\/uploads\/2016\/10\/20161020-07.jpg 820w, https:\/\/www.wallendorff.com\/belogue\/wp-content\/uploads\/2016\/10\/20161020-07-200x133.jpg 200w, https:\/\/www.wallendorff.com\/belogue\/wp-content\/uploads\/2016\/10\/20161020-07-300x200.jpg 300w, https:\/\/www.wallendorff.com\/belogue\/wp-content\/uploads\/2016\/10\/20161020-07-525x350.jpg 525w, https:\/\/www.wallendorff.com\/belogue\/wp-content\/uploads\/2016\/10\/20161020-07-600x400.jpg 600w\" sizes=\"(max-width: 820px) 100vw, 820px\" \/><\/a>\n\t\t\t<\/div>\n\t\t\t\t<figcaption class='wp-caption-text gallery-caption' id='gallery-1-32704'>\n\t\t\t\tThe Kills @ l&rsquo;Olympia, Paris, 19\/10\/2016\n\t\t\t\t<\/figcaption><\/figure><figure class='gallery-item'>\n\t\t\t<div class='gallery-icon landscape'>\n\t\t\t\t<a href='https:\/\/www.wallendorff.com\/belogue\/2016\/10\/20\/the-kills-lolympia-paris\/the-kills-lolympia-paris-19102016-8\/'><img loading=\"lazy\" decoding=\"async\" width=\"820\" height=\"547\" src=\"https:\/\/www.wallendorff.com\/belogue\/wp-content\/uploads\/2016\/10\/20161020-08.jpg\" class=\"attachment-large size-large\" alt=\"\" aria-describedby=\"gallery-1-32705\" srcset=\"https:\/\/www.wallendorff.com\/belogue\/wp-content\/uploads\/2016\/10\/20161020-08.jpg 820w, https:\/\/www.wallendorff.com\/belogue\/wp-content\/uploads\/2016\/10\/20161020-08-200x133.jpg 200w, https:\/\/www.wallendorff.com\/belogue\/wp-content\/uploads\/2016\/10\/20161020-08-300x200.jpg 300w, https:\/\/www.wallendorff.com\/belogue\/wp-content\/uploads\/2016\/10\/20161020-08-525x350.jpg 525w, https:\/\/www.wallendorff.com\/belogue\/wp-content\/uploads\/2016\/10\/20161020-08-600x400.jpg 600w\" sizes=\"(max-width: 820px) 100vw, 820px\" \/><\/a>\n\t\t\t<\/div>\n\t\t\t\t<figcaption class='wp-caption-text gallery-caption' id='gallery-1-32705'>\n\t\t\t\tThe Kills @ l&rsquo;Olympia, Paris, 19\/10\/2016\n\t\t\t\t<\/figcaption><\/figure><figure class='gallery-item'>\n\t\t\t<div class='gallery-icon portrait'>\n\t\t\t\t<a href='https:\/\/www.wallendorff.com\/belogue\/2016\/10\/20\/the-kills-lolympia-paris\/the-kills-lolympia-paris-19102016-9\/'><img loading=\"lazy\" decoding=\"async\" width=\"547\" height=\"820\" src=\"https:\/\/www.wallendorff.com\/belogue\/wp-content\/uploads\/2016\/10\/20161020-09.jpg\" class=\"attachment-large size-large\" alt=\"\" aria-describedby=\"gallery-1-32706\" srcset=\"https:\/\/www.wallendorff.com\/belogue\/wp-content\/uploads\/2016\/10\/20161020-09.jpg 547w, https:\/\/www.wallendorff.com\/belogue\/wp-content\/uploads\/2016\/10\/20161020-09-133x200.jpg 133w, https:\/\/www.wallendorff.com\/belogue\/wp-content\/uploads\/2016\/10\/20161020-09-200x300.jpg 200w, https:\/\/www.wallendorff.com\/belogue\/wp-content\/uploads\/2016\/10\/20161020-09-233x350.jpg 233w\" sizes=\"(max-width: 547px) 100vw, 547px\" \/><\/a>\n\t\t\t<\/div>\n\t\t\t\t<figcaption class='wp-caption-text gallery-caption' id='gallery-1-32706'>\n\t\t\t\tThe Kills @ l&rsquo;Olympia, Paris, 19\/10\/2016\n\t\t\t\t<\/figcaption><\/figure><figure class='gallery-item'>\n\t\t\t<div class='gallery-icon landscape'>\n\t\t\t\t<a href='https:\/\/www.wallendorff.com\/belogue\/2016\/10\/20\/the-kills-lolympia-paris\/the-kills-lolympia-paris-19102016-10\/'><img loading=\"lazy\" decoding=\"async\" width=\"820\" height=\"547\" src=\"https:\/\/www.wallendorff.com\/belogue\/wp-content\/uploads\/2016\/10\/20161020-10.jpg\" class=\"attachment-large size-large\" alt=\"\" aria-describedby=\"gallery-1-32707\" srcset=\"https:\/\/www.wallendorff.com\/belogue\/wp-content\/uploads\/2016\/10\/20161020-10.jpg 820w, https:\/\/www.wallendorff.com\/belogue\/wp-content\/uploads\/2016\/10\/20161020-10-200x133.jpg 200w, https:\/\/www.wallendorff.com\/belogue\/wp-content\/uploads\/2016\/10\/20161020-10-300x200.jpg 300w, https:\/\/www.wallendorff.com\/belogue\/wp-content\/uploads\/2016\/10\/20161020-10-525x350.jpg 525w, https:\/\/www.wallendorff.com\/belogue\/wp-content\/uploads\/2016\/10\/20161020-10-600x400.jpg 600w\" sizes=\"(max-width: 820px) 100vw, 820px\" \/><\/a>\n\t\t\t<\/div>\n\t\t\t\t<figcaption class='wp-caption-text gallery-caption' id='gallery-1-32707'>\n\t\t\t\tThe Kills @ l&rsquo;Olympia, Paris, 19\/10\/2016\n\t\t\t\t<\/figcaption><\/figure><figure class='gallery-item'>\n\t\t\t<div class='gallery-icon landscape'>\n\t\t\t\t<a href='https:\/\/www.wallendorff.com\/belogue\/2016\/10\/20\/the-kills-lolympia-paris\/the-kills-lolympia-paris-19102016-11\/'><img loading=\"lazy\" decoding=\"async\" width=\"820\" height=\"547\" src=\"https:\/\/www.wallendorff.com\/belogue\/wp-content\/uploads\/2016\/10\/20161020-11.jpg\" class=\"attachment-large size-large\" alt=\"\" aria-describedby=\"gallery-1-32708\" srcset=\"https:\/\/www.wallendorff.com\/belogue\/wp-content\/uploads\/2016\/10\/20161020-11.jpg 820w, https:\/\/www.wallendorff.com\/belogue\/wp-content\/uploads\/2016\/10\/20161020-11-200x133.jpg 200w, https:\/\/www.wallendorff.com\/belogue\/wp-content\/uploads\/2016\/10\/20161020-11-300x200.jpg 300w, https:\/\/www.wallendorff.com\/belogue\/wp-content\/uploads\/2016\/10\/20161020-11-525x350.jpg 525w, https:\/\/www.wallendorff.com\/belogue\/wp-content\/uploads\/2016\/10\/20161020-11-600x400.jpg 600w\" sizes=\"(max-width: 820px) 100vw, 820px\" \/><\/a>\n\t\t\t<\/div>\n\t\t\t\t<figcaption class='wp-caption-text gallery-caption' id='gallery-1-32708'>\n\t\t\t\tThe Kills @ l&rsquo;Olympia, Paris, 19\/10\/2016\n\t\t\t\t<\/figcaption><\/figure><figure class='gallery-item'>\n\t\t\t<div class='gallery-icon portrait'>\n\t\t\t\t<a href='https:\/\/www.wallendorff.com\/belogue\/2016\/10\/20\/the-kills-lolympia-paris\/the-kills-lolympia-paris-19102016-12\/'><img loading=\"lazy\" decoding=\"async\" width=\"547\" height=\"820\" src=\"https:\/\/www.wallendorff.com\/belogue\/wp-content\/uploads\/2016\/10\/20161020-12.jpg\" class=\"attachment-large size-large\" alt=\"\" aria-describedby=\"gallery-1-32709\" srcset=\"https:\/\/www.wallendorff.com\/belogue\/wp-content\/uploads\/2016\/10\/20161020-12.jpg 547w, https:\/\/www.wallendorff.com\/belogue\/wp-content\/uploads\/2016\/10\/20161020-12-133x200.jpg 133w, https:\/\/www.wallendorff.com\/belogue\/wp-content\/uploads\/2016\/10\/20161020-12-200x300.jpg 200w, https:\/\/www.wallendorff.com\/belogue\/wp-content\/uploads\/2016\/10\/20161020-12-233x350.jpg 233w\" sizes=\"(max-width: 547px) 100vw, 547px\" \/><\/a>\n\t\t\t<\/div>\n\t\t\t\t<figcaption class='wp-caption-text gallery-caption' id='gallery-1-32709'>\n\t\t\t\tThe Kills @ l&rsquo;Olympia, Paris, 19\/10\/2016\n\t\t\t\t<\/figcaption><\/figure><figure class='gallery-item'>\n\t\t\t<div class='gallery-icon landscape'>\n\t\t\t\t<a href='https:\/\/www.wallendorff.com\/belogue\/2016\/10\/20\/the-kills-lolympia-paris\/the-kills-lolympia-paris-19102016-13\/'><img loading=\"lazy\" decoding=\"async\" width=\"820\" height=\"547\" src=\"https:\/\/www.wallendorff.com\/belogue\/wp-content\/uploads\/2016\/10\/20161020-13.jpg\" class=\"attachment-large size-large\" alt=\"\" aria-describedby=\"gallery-1-32710\" srcset=\"https:\/\/www.wallendorff.com\/belogue\/wp-content\/uploads\/2016\/10\/20161020-13.jpg 820w, https:\/\/www.wallendorff.com\/belogue\/wp-content\/uploads\/2016\/10\/20161020-13-200x133.jpg 200w, https:\/\/www.wallendorff.com\/belogue\/wp-content\/uploads\/2016\/10\/20161020-13-300x200.jpg 300w, https:\/\/www.wallendorff.com\/belogue\/wp-content\/uploads\/2016\/10\/20161020-13-525x350.jpg 525w, https:\/\/www.wallendorff.com\/belogue\/wp-content\/uploads\/2016\/10\/20161020-13-600x400.jpg 600w\" sizes=\"(max-width: 820px) 100vw, 820px\" \/><\/a>\n\t\t\t<\/div>\n\t\t\t\t<figcaption class='wp-caption-text gallery-caption' id='gallery-1-32710'>\n\t\t\t\tThe Kills @ l&rsquo;Olympia, Paris, 19\/10\/2016\n\t\t\t\t<\/figcaption><\/figure><figure class='gallery-item'>\n\t\t\t<div class='gallery-icon portrait'>\n\t\t\t\t<a href='https:\/\/www.wallendorff.com\/belogue\/2016\/10\/20\/the-kills-lolympia-paris\/the-kills-lolympia-paris-19102016-14\/'><img loading=\"lazy\" decoding=\"async\" width=\"547\" height=\"820\" src=\"https:\/\/www.wallendorff.com\/belogue\/wp-content\/uploads\/2016\/10\/20161020-14.jpg\" class=\"attachment-large size-large\" alt=\"\" aria-describedby=\"gallery-1-32711\" srcset=\"https:\/\/www.wallendorff.com\/belogue\/wp-content\/uploads\/2016\/10\/20161020-14.jpg 547w, https:\/\/www.wallendorff.com\/belogue\/wp-content\/uploads\/2016\/10\/20161020-14-133x200.jpg 133w, https:\/\/www.wallendorff.com\/belogue\/wp-content\/uploads\/2016\/10\/20161020-14-200x300.jpg 200w, https:\/\/www.wallendorff.com\/belogue\/wp-content\/uploads\/2016\/10\/20161020-14-233x350.jpg 233w\" sizes=\"(max-width: 547px) 100vw, 547px\" \/><\/a>\n\t\t\t<\/div>\n\t\t\t\t<figcaption class='wp-caption-text gallery-caption' id='gallery-1-32711'>\n\t\t\t\tThe Kills @ l&rsquo;Olympia, Paris, 19\/10\/2016\n\t\t\t\t<\/figcaption><\/figure><figure class='gallery-item'>\n\t\t\t<div class='gallery-icon landscape'>\n\t\t\t\t<a href='https:\/\/www.wallendorff.com\/belogue\/2016\/10\/20\/the-kills-lolympia-paris\/the-kills-lolympia-paris-19102016-15\/'><img loading=\"lazy\" decoding=\"async\" width=\"820\" height=\"547\" src=\"https:\/\/www.wallendorff.com\/belogue\/wp-content\/uploads\/2016\/10\/20161020-15.jpg\" class=\"attachment-large size-large\" alt=\"\" aria-describedby=\"gallery-1-32712\" srcset=\"https:\/\/www.wallendorff.com\/belogue\/wp-content\/uploads\/2016\/10\/20161020-15.jpg 820w, https:\/\/www.wallendorff.com\/belogue\/wp-content\/uploads\/2016\/10\/20161020-15-200x133.jpg 200w, https:\/\/www.wallendorff.com\/belogue\/wp-content\/uploads\/2016\/10\/20161020-15-300x200.jpg 300w, https:\/\/www.wallendorff.com\/belogue\/wp-content\/uploads\/2016\/10\/20161020-15-525x350.jpg 525w, https:\/\/www.wallendorff.com\/belogue\/wp-content\/uploads\/2016\/10\/20161020-15-600x400.jpg 600w\" sizes=\"(max-width: 820px) 100vw, 820px\" \/><\/a>\n\t\t\t<\/div>\n\t\t\t\t<figcaption class='wp-caption-text gallery-caption' id='gallery-1-32712'>\n\t\t\t\tThe Kills @ l&rsquo;Olympia, Paris, 19\/10\/2016\n\t\t\t\t<\/figcaption><\/figure><figure class='gallery-item'>\n\t\t\t<div class='gallery-icon portrait'>\n\t\t\t\t<a href='https:\/\/www.wallendorff.com\/belogue\/2016\/10\/20\/the-kills-lolympia-paris\/the-kills-lolympia-paris-19102016-16\/'><img loading=\"lazy\" decoding=\"async\" width=\"547\" height=\"820\" src=\"https:\/\/www.wallendorff.com\/belogue\/wp-content\/uploads\/2016\/10\/20161020-16.jpg\" class=\"attachment-large size-large\" alt=\"\" aria-describedby=\"gallery-1-32713\" srcset=\"https:\/\/www.wallendorff.com\/belogue\/wp-content\/uploads\/2016\/10\/20161020-16.jpg 547w, https:\/\/www.wallendorff.com\/belogue\/wp-content\/uploads\/2016\/10\/20161020-16-133x200.jpg 133w, https:\/\/www.wallendorff.com\/belogue\/wp-content\/uploads\/2016\/10\/20161020-16-200x300.jpg 200w, https:\/\/www.wallendorff.com\/belogue\/wp-content\/uploads\/2016\/10\/20161020-16-233x350.jpg 233w\" sizes=\"(max-width: 547px) 100vw, 547px\" \/><\/a>\n\t\t\t<\/div>\n\t\t\t\t<figcaption class='wp-caption-text gallery-caption' id='gallery-1-32713'>\n\t\t\t\tThe Kills @ l&rsquo;Olympia, Paris, 19\/10\/2016\n\t\t\t\t<\/figcaption><\/figure><figure class='gallery-item'>\n\t\t\t<div class='gallery-icon landscape'>\n\t\t\t\t<a href='https:\/\/www.wallendorff.com\/belogue\/2016\/10\/20\/the-kills-lolympia-paris\/the-kills-lolympia-paris-19102016-17\/'><img loading=\"lazy\" decoding=\"async\" width=\"820\" height=\"547\" src=\"https:\/\/www.wallendorff.com\/belogue\/wp-content\/uploads\/2016\/10\/20161020-17.jpg\" class=\"attachment-large size-large\" alt=\"\" aria-describedby=\"gallery-1-32714\" srcset=\"https:\/\/www.wallendorff.com\/belogue\/wp-content\/uploads\/2016\/10\/20161020-17.jpg 820w, https:\/\/www.wallendorff.com\/belogue\/wp-content\/uploads\/2016\/10\/20161020-17-200x133.jpg 200w, https:\/\/www.wallendorff.com\/belogue\/wp-content\/uploads\/2016\/10\/20161020-17-300x200.jpg 300w, https:\/\/www.wallendorff.com\/belogue\/wp-content\/uploads\/2016\/10\/20161020-17-525x350.jpg 525w, https:\/\/www.wallendorff.com\/belogue\/wp-content\/uploads\/2016\/10\/20161020-17-600x400.jpg 600w\" sizes=\"(max-width: 820px) 100vw, 820px\" \/><\/a>\n\t\t\t<\/div>\n\t\t\t\t<figcaption class='wp-caption-text gallery-caption' id='gallery-1-32714'>\n\t\t\t\tThe Kills @ l&rsquo;Olympia, Paris, 19\/10\/2016\n\t\t\t\t<\/figcaption><\/figure><figure class='gallery-item'>\n\t\t\t<div class='gallery-icon landscape'>\n\t\t\t\t<a href='https:\/\/www.wallendorff.com\/belogue\/2016\/10\/20\/the-kills-lolympia-paris\/the-kills-lolympia-paris-19102016-18\/'><img loading=\"lazy\" decoding=\"async\" width=\"820\" height=\"547\" src=\"https:\/\/www.wallendorff.com\/belogue\/wp-content\/uploads\/2016\/10\/20161020-18.jpg\" class=\"attachment-large size-large\" alt=\"\" aria-describedby=\"gallery-1-32715\" srcset=\"https:\/\/www.wallendorff.com\/belogue\/wp-content\/uploads\/2016\/10\/20161020-18.jpg 820w, https:\/\/www.wallendorff.com\/belogue\/wp-content\/uploads\/2016\/10\/20161020-18-200x133.jpg 200w, https:\/\/www.wallendorff.com\/belogue\/wp-content\/uploads\/2016\/10\/20161020-18-300x200.jpg 300w, https:\/\/www.wallendorff.com\/belogue\/wp-content\/uploads\/2016\/10\/20161020-18-525x350.jpg 525w, https:\/\/www.wallendorff.com\/belogue\/wp-content\/uploads\/2016\/10\/20161020-18-600x400.jpg 600w\" sizes=\"(max-width: 820px) 100vw, 820px\" \/><\/a>\n\t\t\t<\/div>\n\t\t\t\t<figcaption class='wp-caption-text gallery-caption' id='gallery-1-32715'>\n\t\t\t\tThe Kills @ l&rsquo;Olympia, Paris, 19\/10\/2016\n\t\t\t\t<\/figcaption><\/figure><figure class='gallery-item'>\n\t\t\t<div class='gallery-icon landscape'>\n\t\t\t\t<a href='https:\/\/www.wallendorff.com\/belogue\/2016\/10\/20\/the-kills-lolympia-paris\/the-kills-lolympia-paris-19102016-19\/'><img loading=\"lazy\" decoding=\"async\" width=\"820\" height=\"547\" src=\"https:\/\/www.wallendorff.com\/belogue\/wp-content\/uploads\/2016\/10\/20161020-19.jpg\" class=\"attachment-large size-large\" alt=\"\" aria-describedby=\"gallery-1-32716\" srcset=\"https:\/\/www.wallendorff.com\/belogue\/wp-content\/uploads\/2016\/10\/20161020-19.jpg 820w, https:\/\/www.wallendorff.com\/belogue\/wp-content\/uploads\/2016\/10\/20161020-19-200x133.jpg 200w, https:\/\/www.wallendorff.com\/belogue\/wp-content\/uploads\/2016\/10\/20161020-19-300x200.jpg 300w, https:\/\/www.wallendorff.com\/belogue\/wp-content\/uploads\/2016\/10\/20161020-19-525x350.jpg 525w, https:\/\/www.wallendorff.com\/belogue\/wp-content\/uploads\/2016\/10\/20161020-19-600x400.jpg 600w\" sizes=\"(max-width: 820px) 100vw, 820px\" \/><\/a>\n\t\t\t<\/div>\n\t\t\t\t<figcaption class='wp-caption-text gallery-caption' id='gallery-1-32716'>\n\t\t\t\tThe Kills @ l&rsquo;Olympia, Paris, 19\/10\/2016\n\t\t\t\t<\/figcaption><\/figure><figure class='gallery-item'>\n\t\t\t<div class='gallery-icon portrait'>\n\t\t\t\t<a href='https:\/\/www.wallendorff.com\/belogue\/2016\/10\/20\/the-kills-lolympia-paris\/the-kills-lolympia-paris-19102016-20\/'><img loading=\"lazy\" decoding=\"async\" width=\"547\" height=\"820\" src=\"https:\/\/www.wallendorff.com\/belogue\/wp-content\/uploads\/2016\/10\/20161020-20.jpg\" class=\"attachment-large size-large\" alt=\"\" aria-describedby=\"gallery-1-32717\" srcset=\"https:\/\/www.wallendorff.com\/belogue\/wp-content\/uploads\/2016\/10\/20161020-20.jpg 547w, https:\/\/www.wallendorff.com\/belogue\/wp-content\/uploads\/2016\/10\/20161020-20-133x200.jpg 133w, https:\/\/www.wallendorff.com\/belogue\/wp-content\/uploads\/2016\/10\/20161020-20-200x300.jpg 200w, https:\/\/www.wallendorff.com\/belogue\/wp-content\/uploads\/2016\/10\/20161020-20-233x350.jpg 233w\" sizes=\"(max-width: 547px) 100vw, 547px\" \/><\/a>\n\t\t\t<\/div>\n\t\t\t\t<figcaption class='wp-caption-text gallery-caption' id='gallery-1-32717'>\n\t\t\t\tThe Kills @ l&rsquo;Olympia, Paris, 19\/10\/2016\n\t\t\t\t<\/figcaption><\/figure><figure class='gallery-item'>\n\t\t\t<div class='gallery-icon landscape'>\n\t\t\t\t<a href='https:\/\/www.wallendorff.com\/belogue\/2016\/10\/20\/the-kills-lolympia-paris\/the-kills-lolympia-paris-19102016-21\/'><img loading=\"lazy\" decoding=\"async\" width=\"820\" height=\"547\" src=\"https:\/\/www.wallendorff.com\/belogue\/wp-content\/uploads\/2016\/10\/20161020-21.jpg\" class=\"attachment-large size-large\" alt=\"\" aria-describedby=\"gallery-1-32718\" srcset=\"https:\/\/www.wallendorff.com\/belogue\/wp-content\/uploads\/2016\/10\/20161020-21.jpg 820w, https:\/\/www.wallendorff.com\/belogue\/wp-content\/uploads\/2016\/10\/20161020-21-200x133.jpg 200w, https:\/\/www.wallendorff.com\/belogue\/wp-content\/uploads\/2016\/10\/20161020-21-300x200.jpg 300w, https:\/\/www.wallendorff.com\/belogue\/wp-content\/uploads\/2016\/10\/20161020-21-525x350.jpg 525w, https:\/\/www.wallendorff.com\/belogue\/wp-content\/uploads\/2016\/10\/20161020-21-600x400.jpg 600w\" sizes=\"(max-width: 820px) 100vw, 820px\" \/><\/a>\n\t\t\t<\/div>\n\t\t\t\t<figcaption class='wp-caption-text gallery-caption' id='gallery-1-32718'>\n\t\t\t\tThe Kills @ l&rsquo;Olympia, Paris, 19\/10\/2016\n\t\t\t\t<\/figcaption><\/figure><figure class='gallery-item'>\n\t\t\t<div class='gallery-icon landscape'>\n\t\t\t\t<a href='https:\/\/www.wallendorff.com\/belogue\/2016\/10\/20\/the-kills-lolympia-paris\/the-kills-lolympia-paris-19102016-22\/'><img loading=\"lazy\" decoding=\"async\" width=\"820\" height=\"547\" src=\"https:\/\/www.wallendorff.com\/belogue\/wp-content\/uploads\/2016\/10\/20161020-22.jpg\" class=\"attachment-large size-large\" alt=\"\" aria-describedby=\"gallery-1-32719\" srcset=\"https:\/\/www.wallendorff.com\/belogue\/wp-content\/uploads\/2016\/10\/20161020-22.jpg 820w, https:\/\/www.wallendorff.com\/belogue\/wp-content\/uploads\/2016\/10\/20161020-22-200x133.jpg 200w, https:\/\/www.wallendorff.com\/belogue\/wp-content\/uploads\/2016\/10\/20161020-22-300x200.jpg 300w, https:\/\/www.wallendorff.com\/belogue\/wp-content\/uploads\/2016\/10\/20161020-22-525x350.jpg 525w, https:\/\/www.wallendorff.com\/belogue\/wp-content\/uploads\/2016\/10\/20161020-22-600x400.jpg 600w\" sizes=\"(max-width: 820px) 100vw, 820px\" \/><\/a>\n\t\t\t<\/div>\n\t\t\t\t<figcaption class='wp-caption-text gallery-caption' id='gallery-1-32719'>\n\t\t\t\tThe Kills @ l&rsquo;Olympia, Paris, 19\/10\/2016\n\t\t\t\t<\/figcaption><\/figure><figure class='gallery-item'>\n\t\t\t<div class='gallery-icon landscape'>\n\t\t\t\t<a href='https:\/\/www.wallendorff.com\/belogue\/2016\/10\/20\/the-kills-lolympia-paris\/the-kills-lolympia-paris-19102016-23\/'><img loading=\"lazy\" decoding=\"async\" width=\"820\" height=\"547\" src=\"https:\/\/www.wallendorff.com\/belogue\/wp-content\/uploads\/2016\/10\/20161020-23.jpg\" class=\"attachment-large size-large\" alt=\"\" aria-describedby=\"gallery-1-32720\" srcset=\"https:\/\/www.wallendorff.com\/belogue\/wp-content\/uploads\/2016\/10\/20161020-23.jpg 820w, https:\/\/www.wallendorff.com\/belogue\/wp-content\/uploads\/2016\/10\/20161020-23-200x133.jpg 200w, https:\/\/www.wallendorff.com\/belogue\/wp-content\/uploads\/2016\/10\/20161020-23-300x200.jpg 300w, https:\/\/www.wallendorff.com\/belogue\/wp-content\/uploads\/2016\/10\/20161020-23-525x350.jpg 525w, https:\/\/www.wallendorff.com\/belogue\/wp-content\/uploads\/2016\/10\/20161020-23-600x400.jpg 600w\" sizes=\"(max-width: 820px) 100vw, 820px\" \/><\/a>\n\t\t\t<\/div>\n\t\t\t\t<figcaption class='wp-caption-text gallery-caption' id='gallery-1-32720'>\n\t\t\t\tThe Kills @ l&rsquo;Olympia, Paris, 19\/10\/2016\n\t\t\t\t<\/figcaption><\/figure><figure class='gallery-item'>\n\t\t\t<div class='gallery-icon landscape'>\n\t\t\t\t<a href='https:\/\/www.wallendorff.com\/belogue\/2016\/10\/20\/the-kills-lolympia-paris\/the-kills-lolympia-paris-19102016-24\/'><img loading=\"lazy\" decoding=\"async\" width=\"820\" height=\"547\" src=\"https:\/\/www.wallendorff.com\/belogue\/wp-content\/uploads\/2016\/10\/20161020-24.jpg\" class=\"attachment-large size-large\" alt=\"\" aria-describedby=\"gallery-1-32721\" srcset=\"https:\/\/www.wallendorff.com\/belogue\/wp-content\/uploads\/2016\/10\/20161020-24.jpg 820w, https:\/\/www.wallendorff.com\/belogue\/wp-content\/uploads\/2016\/10\/20161020-24-200x133.jpg 200w, https:\/\/www.wallendorff.com\/belogue\/wp-content\/uploads\/2016\/10\/20161020-24-300x200.jpg 300w, https:\/\/www.wallendorff.com\/belogue\/wp-content\/uploads\/2016\/10\/20161020-24-525x350.jpg 525w, https:\/\/www.wallendorff.com\/belogue\/wp-content\/uploads\/2016\/10\/20161020-24-600x400.jpg 600w\" sizes=\"(max-width: 820px) 100vw, 820px\" \/><\/a>\n\t\t\t<\/div>\n\t\t\t\t<figcaption class='wp-caption-text gallery-caption' id='gallery-1-32721'>\n\t\t\t\tThe Kills @ l&rsquo;Olympia, Paris, 19\/10\/2016\n\t\t\t\t<\/figcaption><\/figure><figure class='gallery-item'>\n\t\t\t<div class='gallery-icon landscape'>\n\t\t\t\t<a href='https:\/\/www.wallendorff.com\/belogue\/2016\/10\/20\/the-kills-lolympia-paris\/the-kills-lolympia-paris-19102016-25\/'><img loading=\"lazy\" decoding=\"async\" width=\"820\" height=\"547\" src=\"https:\/\/www.wallendorff.com\/belogue\/wp-content\/uploads\/2016\/10\/20161020-25.jpg\" class=\"attachment-large size-large\" alt=\"\" aria-describedby=\"gallery-1-32722\" srcset=\"https:\/\/www.wallendorff.com\/belogue\/wp-content\/uploads\/2016\/10\/20161020-25.jpg 820w, https:\/\/www.wallendorff.com\/belogue\/wp-content\/uploads\/2016\/10\/20161020-25-200x133.jpg 200w, https:\/\/www.wallendorff.com\/belogue\/wp-content\/uploads\/2016\/10\/20161020-25-300x200.jpg 300w, https:\/\/www.wallendorff.com\/belogue\/wp-content\/uploads\/2016\/10\/20161020-25-525x350.jpg 525w, https:\/\/www.wallendorff.com\/belogue\/wp-content\/uploads\/2016\/10\/20161020-25-600x400.jpg 600w\" sizes=\"(max-width: 820px) 100vw, 820px\" \/><\/a>\n\t\t\t<\/div>\n\t\t\t\t<figcaption class='wp-caption-text gallery-caption' id='gallery-1-32722'>\n\t\t\t\tThe Kills @ l&rsquo;Olympia, Paris, 19\/10\/2016\n\t\t\t\t<\/figcaption><\/figure>\n\t\t<\/div>\n\n","protected":false},"excerpt":{"rendered":"<p>J&rsquo;esp&egrave;re que vous aimez les noirs et blancs p&acirc;teux, les violents contres-jours et les gens rendus flous &agrave; cause du photographe qui tenait absolument restituer les mouvements de cheveux de Mosshart et a pour ce faire choisi une vitesse trop lente bigre que cette phrase est trop longue. 12 ann&eacute;es se sont &eacute;coul&eacute;es depuis mes&hellip;<\/p>\n","protected":false},"author":1,"featured_media":32724,"comment_status":"open","ping_status":"open","sticky":false,"template":"","format":"standard","meta":{"_acf_changed":false,"ngg_post_thumbnail":0,"jetpack_post_was_ever_published":false,"_jetpack_newsletter_access":"","_jetpack_dont_email_post_to_subs":false,"_jetpack_newsletter_tier_id":0,"_jetpack_memberships_contains_paywalled_content":false,"_jetpack_memberships_contains_paid_content":false,"footnotes":"","jetpack_publicize_message":"","jetpack_publicize_feature_enabled":true,"jetpack_social_post_already_shared":true,"jetpack_social_options":{"image_generator_settings":{"template":"highway","default_image_id":0,"font":"","enabled":false},"version":2}},"categories":[7],"tags":[12813,10223,10084,13569,12420,2571,8170,6766,8351,10120,10121,13413,10434,10098,10212],"class_list":["post-32697","post","type-post","status-publish","format-standard","has-post-thumbnail","hentry","category-alive","tag-12813","tag-10223","tag-alive","tag-ash-ice","tag-boulevard-des-capucines","tag-ef-16-35-mm-f28l-ii-usm","tag-ef-24-70-mm-f2-8l-ii-usm","tag-eos-5d-mark-iii","tag-eos-6d","tag-france","tag-ile-de-france","tag-impossible-tracks","tag-lolympia","tag-paris","tag-the-kills"],"acf":[],"geo":{"latitude":48.8703232,"longitude":2.3282957,"description":"2-16 Rue de Caumartin, 75009 Paris, France"},"jetpack_publicize_connections":[],"jetpack_featured_media_url":"https:\/\/www.wallendorff.com\/belogue\/wp-content\/uploads\/2016\/10\/20161020-10-1.jpg","jetpack_shortlink":"https:\/\/wp.me\/p3b35P-8vn","jetpack_sharing_enabled":true,"jetpack-related-posts":[{"id":127632,"url":"https:\/\/www.wallendorff.com\/belogue\/2024\/03\/27\/pixies-lolympia-paris-26-mars-2024\/","url_meta":{"origin":32697,"position":0},"title":"Pixies @ l&rsquo;Olympia, Paris, 26 mars 2024.","author":"dpc","date":"27 mars 2024","format":false,"excerpt":"Pixies @ l\u2019Olympia, Paris, 26\/03\/2024 Pixies @ l\u2019Olympia, Paris, 26\/03\/2024 Pixies @ l\u2019Olympia, Paris, 26\/03\/2024 Pixies @ l\u2019Olympia, Paris, 26\/03\/2024 Pixies @ l\u2019Olympia, Paris, 26\/03\/2024 Pixies @ l\u2019Olympia, Paris, 26\/03\/2024 Pixies @ l\u2019Olympia, Paris, 26\/03\/2024 Pixies @ l\u2019Olympia, Paris, 26\/03\/2024 Pixies @ l\u2019Olympia, Paris, 26\/03\/2024 Pixies @ l\u2019Olympia, Paris, 26\/03\/2024\u2026","rel":"","context":"Dans &quot;Alive&quot;","block_context":{"text":"Alive","link":"https:\/\/www.wallendorff.com\/belogue\/category\/alive\/"},"img":{"alt_text":"","src":"https:\/\/i0.wp.com\/www.wallendorff.com\/belogue\/wp-content\/uploads\/2024\/03\/20240327-22.jpg?resize=350%2C200&ssl=1","width":350,"height":200,"srcset":"https:\/\/i0.wp.com\/www.wallendorff.com\/belogue\/wp-content\/uploads\/2024\/03\/20240327-22.jpg?resize=350%2C200&ssl=1 1x, https:\/\/i0.wp.com\/www.wallendorff.com\/belogue\/wp-content\/uploads\/2024\/03\/20240327-22.jpg?resize=525%2C300&ssl=1 1.5x, https:\/\/i0.wp.com\/www.wallendorff.com\/belogue\/wp-content\/uploads\/2024\/03\/20240327-22.jpg?resize=700%2C400&ssl=1 2x, https:\/\/i0.wp.com\/www.wallendorff.com\/belogue\/wp-content\/uploads\/2024\/03\/20240327-22.jpg?resize=1050%2C600&ssl=1 3x"},"classes":[]},{"id":12546,"url":"https:\/\/www.wallendorff.com\/belogue\/2011\/04\/07\/the-kills-s-c-u-m-le-bataclan-paris\/","url_meta":{"origin":32697,"position":1},"title":"The Kills + S.C.U.M @ le Bataclan, Paris.","author":"dpc","date":"7 avril 2011","format":false,"excerpt":"No Wow | Future Starts Slow | Heart Is a Beating Drum | Kissy Kissy | U.R.A. Fever | DNA | Satellite | Tape Song | Baby Says | You Don't Own the Road | Sour Cherry || The Last Goodbye | Pots and Pans | Fried My Little Brains\u2026","rel":"","context":"Dans &quot;Alive&quot;","block_context":{"text":"Alive","link":"https:\/\/www.wallendorff.com\/belogue\/category\/alive\/"},"img":{"alt_text":"","src":"https:\/\/i0.wp.com\/www.wallendorff.com\/belogue\/wp-content\/uploads\/2015\/04\/201104071.jpg?resize=350%2C200&ssl=1","width":350,"height":200,"srcset":"https:\/\/i0.wp.com\/www.wallendorff.com\/belogue\/wp-content\/uploads\/2015\/04\/201104071.jpg?resize=350%2C200&ssl=1 1x, https:\/\/i0.wp.com\/www.wallendorff.com\/belogue\/wp-content\/uploads\/2015\/04\/201104071.jpg?resize=525%2C300&ssl=1 1.5x, https:\/\/i0.wp.com\/www.wallendorff.com\/belogue\/wp-content\/uploads\/2015\/04\/201104071.jpg?resize=700%2C400&ssl=1 2x"},"classes":[]},{"id":130484,"url":"https:\/\/www.wallendorff.com\/belogue\/2024\/09\/03\/bleachers-lolympia-paris-2-septembre-2024\/","url_meta":{"origin":32697,"position":2},"title":"Bleachers @ l&rsquo;Olympia, Paris, 2 septembre 2024","author":"dpc","date":"3 septembre 2024","format":false,"excerpt":"Bleachers @ l\u2019OLympia, Paris, 02\/09\/2024 Bleachers @ l\u2019OLympia, Paris, 02\/09\/2024 Bleachers @ l\u2019OLympia, Paris, 02\/09\/2024 Bleachers @ l\u2019OLympia, Paris, 02\/09\/2024 Bleachers @ l\u2019OLympia, Paris, 02\/09\/2024 Bleachers @ l\u2019OLympia, Paris, 02\/09\/2024 Bleachers @ l\u2019OLympia, Paris, 02\/09\/2024 Bleachers @ l\u2019OLympia, Paris, 02\/09\/2024 Bleachers @ l\u2019OLympia, Paris, 02\/09\/2024 Bleachers @ l\u2019OLympia, Paris, 02\/09\/2024\u2026","rel":"","context":"Dans &quot;Alive&quot;","block_context":{"text":"Alive","link":"https:\/\/www.wallendorff.com\/belogue\/category\/alive\/"},"img":{"alt_text":"","src":"https:\/\/i0.wp.com\/www.wallendorff.com\/belogue\/wp-content\/uploads\/2024\/09\/20240903-21.jpg?resize=350%2C200&ssl=1","width":350,"height":200,"srcset":"https:\/\/i0.wp.com\/www.wallendorff.com\/belogue\/wp-content\/uploads\/2024\/09\/20240903-21.jpg?resize=350%2C200&ssl=1 1x, https:\/\/i0.wp.com\/www.wallendorff.com\/belogue\/wp-content\/uploads\/2024\/09\/20240903-21.jpg?resize=525%2C300&ssl=1 1.5x, https:\/\/i0.wp.com\/www.wallendorff.com\/belogue\/wp-content\/uploads\/2024\/09\/20240903-21.jpg?resize=700%2C400&ssl=1 2x, https:\/\/i0.wp.com\/www.wallendorff.com\/belogue\/wp-content\/uploads\/2024\/09\/20240903-21.jpg?resize=1050%2C600&ssl=1 3x"},"classes":[]},{"id":131821,"url":"https:\/\/www.wallendorff.com\/belogue\/2025\/03\/06\/sam-fender-lolympia-paris-4-mars-2025\/","url_meta":{"origin":32697,"position":3},"title":"Sam Fender @ l&rsquo;Olympia, Paris, 4 mars 2025.","author":"dpc","date":"6 mars 2025","format":false,"excerpt":"Sam Fender @ l\u2019Olympia, Paris, 04\/03\/2025 Sam Fender @ l\u2019Olympia, Paris, 04\/03\/2025 Sam Fender @ l\u2019Olympia, Paris, 04\/03\/2025 Sam Fender @ l\u2019Olympia, Paris, 04\/03\/2025 Sam Fender @ l\u2019Olympia, Paris, 04\/03\/2025 Sam Fender @ l\u2019Olympia, Paris, 04\/03\/2025 Sam Fender @ l\u2019Olympia, Paris, 04\/03\/2025 Sam Fender @ l\u2019Olympia, Paris, 04\/03\/2025 Sam Fender\u2026","rel":"","context":"Dans &quot;Alive&quot;","block_context":{"text":"Alive","link":"https:\/\/www.wallendorff.com\/belogue\/category\/alive\/"},"img":{"alt_text":"","src":"https:\/\/i0.wp.com\/www.wallendorff.com\/belogue\/wp-content\/uploads\/2025\/03\/20250306-01.jpg?resize=350%2C200&ssl=1","width":350,"height":200,"srcset":"https:\/\/i0.wp.com\/www.wallendorff.com\/belogue\/wp-content\/uploads\/2025\/03\/20250306-01.jpg?resize=350%2C200&ssl=1 1x, https:\/\/i0.wp.com\/www.wallendorff.com\/belogue\/wp-content\/uploads\/2025\/03\/20250306-01.jpg?resize=525%2C300&ssl=1 1.5x, https:\/\/i0.wp.com\/www.wallendorff.com\/belogue\/wp-content\/uploads\/2025\/03\/20250306-01.jpg?resize=700%2C400&ssl=1 2x, https:\/\/i0.wp.com\/www.wallendorff.com\/belogue\/wp-content\/uploads\/2025\/03\/20250306-01.jpg?resize=1050%2C600&ssl=1 3x"},"classes":[]},{"id":131679,"url":"https:\/\/www.wallendorff.com\/belogue\/2025\/02\/04\/snow-patrol-lolympia-paris-30-janvier-2025\/","url_meta":{"origin":32697,"position":4},"title":"Snow Patrol @ l&rsquo;Olympia, Paris, 30 janvier 2025.","author":"dpc","date":"4 f\u00e9vrier 2025","format":false,"excerpt":"Snow Patrol @ l\u2019Olympia, Paris, 30\/01\/2025 Snow Patrol @ l\u2019Olympia, Paris, 30\/01\/2025 Snow Patrol @ l\u2019Olympia, Paris, 30\/01\/2025 Snow Patrol @ l\u2019Olympia, Paris, 30\/01\/2025 Snow Patrol @ l\u2019Olympia, Paris, 30\/01\/2025 Snow Patrol @ l\u2019Olympia, Paris, 30\/01\/2025 Snow Patrol @ l\u2019Olympia, Paris, 30\/01\/2025 Snow Patrol @ l\u2019Olympia, Paris, 30\/01\/2025 Snow Patrol\u2026","rel":"","context":"Dans &quot;Alive&quot;","block_context":{"text":"Alive","link":"https:\/\/www.wallendorff.com\/belogue\/category\/alive\/"},"img":{"alt_text":"","src":"https:\/\/i0.wp.com\/www.wallendorff.com\/belogue\/wp-content\/uploads\/2025\/02\/20250204-13.jpg?resize=350%2C200&ssl=1","width":350,"height":200,"srcset":"https:\/\/i0.wp.com\/www.wallendorff.com\/belogue\/wp-content\/uploads\/2025\/02\/20250204-13.jpg?resize=350%2C200&ssl=1 1x, https:\/\/i0.wp.com\/www.wallendorff.com\/belogue\/wp-content\/uploads\/2025\/02\/20250204-13.jpg?resize=525%2C300&ssl=1 1.5x, https:\/\/i0.wp.com\/www.wallendorff.com\/belogue\/wp-content\/uploads\/2025\/02\/20250204-13.jpg?resize=700%2C400&ssl=1 2x, https:\/\/i0.wp.com\/www.wallendorff.com\/belogue\/wp-content\/uploads\/2025\/02\/20250204-13.jpg?resize=1050%2C600&ssl=1 3x"},"classes":[]},{"id":6730,"url":"https:\/\/www.wallendorff.com\/belogue\/2010\/02\/09\/kasabian-control-lolympia-paris\/","url_meta":{"origin":32697,"position":5},"title":"Kasabian + Control @ l&rsquo;Olympia, Paris.","author":"dpc","date":"9 f\u00e9vrier 2010","format":false,"excerpt":"[Y a pas que les faux punks qui font bien l'avion.] Autant \u00e9conomiser un peu d'encre \u00e0 pixels en nous en tenant \u00e0 simplement constater que Kasabian en concert est une primesauti\u00e8re tuerie de masse \u00e0 renouveler sans attendre. Et pour ceux qui les ont loup\u00e9s, \u00e9pisodes I et II\u2026","rel":"","context":"Dans &quot;Alive&quot;","block_context":{"text":"Alive","link":"https:\/\/www.wallendorff.com\/belogue\/category\/alive\/"},"img":{"alt_text":"","src":"https:\/\/i0.wp.com\/www.wallendorff.com\/belogue\/wp-content\/uploads\/2015\/04\/201002091.jpg?resize=350%2C200&ssl=1","width":350,"height":200,"srcset":"https:\/\/i0.wp.com\/www.wallendorff.com\/belogue\/wp-content\/uploads\/2015\/04\/201002091.jpg?resize=350%2C200&ssl=1 1x, https:\/\/i0.wp.com\/www.wallendorff.com\/belogue\/wp-content\/uploads\/2015\/04\/201002091.jpg?resize=525%2C300&ssl=1 1.5x, https:\/\/i0.wp.com\/www.wallendorff.com\/belogue\/wp-content\/uploads\/2015\/04\/201002091.jpg?resize=700%2C400&ssl=1 2x"},"classes":[]}],"_links":{"self":[{"href":"https:\/\/www.wallendorff.com\/belogue\/wp-json\/wp\/v2\/posts\/32697","targetHints":{"allow":["GET"]}}],"collection":[{"href":"https:\/\/www.wallendorff.com\/belogue\/wp-json\/wp\/v2\/posts"}],"about":[{"href":"https:\/\/www.wallendorff.com\/belogue\/wp-json\/wp\/v2\/types\/post"}],"author":[{"embeddable":true,"href":"https:\/\/www.wallendorff.com\/belogue\/wp-json\/wp\/v2\/users\/1"}],"replies":[{"embeddable":true,"href":"https:\/\/www.wallendorff.com\/belogue\/wp-json\/wp\/v2\/comments?post=32697"}],"version-history":[{"count":1,"href":"https:\/\/www.wallendorff.com\/belogue\/wp-json\/wp\/v2\/posts\/32697\/revisions"}],"predecessor-version":[{"id":32723,"href":"https:\/\/www.wallendorff.com\/belogue\/wp-json\/wp\/v2\/posts\/32697\/revisions\/32723"}],"wp:featuredmedia":[{"embeddable":true,"href":"https:\/\/www.wallendorff.com\/belogue\/wp-json\/wp\/v2\/media\/32724"}],"wp:attachment":[{"href":"https:\/\/www.wallendorff.com\/belogue\/wp-json\/wp\/v2\/media?parent=32697"}],"wp:term":[{"taxonomy":"category","embeddable":true,"href":"https:\/\/www.wallendorff.com\/belogue\/wp-json\/wp\/v2\/categories?post=32697"},{"taxonomy":"post_tag","embeddable":true,"href":"https:\/\/www.wallendorff.com\/belogue\/wp-json\/wp\/v2\/tags?post=32697"}],"curies":[{"name":"wp","href":"https:\/\/api.w.org\/{rel}","templated":true}]}}