{"id":326,"date":"2005-07-04T10:12:02","date_gmt":"2005-07-04T10:12:02","guid":{"rendered":"http:\/\/www.po-l.com\/wordpress\/?p=326"},"modified":"2012-05-20T16:40:59","modified_gmt":"2012-05-20T14:40:59","slug":"i-m-siiiiiiiiiiiiiitting-in-the-raiiiiiiiin","status":"publish","type":"post","link":"https:\/\/www.wallendorff.com\/belogue\/2005\/07\/04\/i-m-siiiiiiiiiiiiiitting-in-the-raiiiiiiiin\/","title":{"rendered":"I&rsquo;m siiiiiiiiiiiiiitting in the raiiiiiiiin."},"content":{"rendered":"<div id=\"photo\">\n<p><img decoding=\"async\" src=\"http:\/\/www.po-L.com\/belogue\/photo\/2005\/07\/20050704.jpg\" \/><br \/>\nAvenue des Champs-&Eacute;lys&eacute;es, Paris, 30 juin.<\/p>\n<\/div>\n<p>Bien&nbsp;: Belfort. Ce week-end<sup>1<\/sup>.<\/p>\n<p>Pas bien&nbsp;: 5 filles qui causent de probl&egrave;mes dentaires infantiles, de Kangoos repli&eacute;s &agrave; des feux rouges et de compte-rendus du concert fabuleux de Calogero samedi &agrave; Versailles. Au secours, la beaufitude me guette.<\/p>\n<p>Bien&nbsp;: Un mini-disc pour couvrir tout &ccedil;a.<\/p>\n<p>Pas bien&nbsp;: Il pleut.<\/p>\n<p>Bien&nbsp;: Je n&rsquo;ai plus chaud.<\/p>\n<p>Pas bien&nbsp;: Je suis revenu de Belfort les Docs enduites de terre rouge boueuse<sup>2<\/sup>.<\/p>\n<p>Bien&nbsp;: La pluie, &ccedil;a nettoie super bien les Docs.<\/p>\n<p>Pas bien&nbsp;: Je dors encore. C&rsquo;est parti pour durer.<\/p>\n<p>Bien&nbsp;: Jack White, lui, est r&eacute;veill&eacute; pour deux.<\/p>\n<p>Pas bien&nbsp;: au vu de leurs l&egrave;vres qui se meuvent<sup>3<\/sup>, elles causent toujours de Kangoos qui ont mal aux dents.<\/p>\n<p>Bien&nbsp;: Pendant ce temps-l&agrave;, au moins, personne ne me donne de boulot &agrave; faire.<\/p>\n<p style=\"text-align:right\">&quot;<em>And the only thing I could care for<br \/>\nIs a place in a home that is safe and warm<br \/>\nSafe and warm, safe and warm, safe and warm<\/em>&quot;<\/p>\n<p>\/Edit: Il y a les festival mouvement&eacute;s, mais aussi les festivals <a href=\"http:\/\/www.motorcityrocks.com\/2005_06_26_archive.htm#112014950813066598\">mou-venteux<\/a>.<\/p>\n<div id=\"bandeson\">\n<p><img decoding=\"async\" src=\"https:\/\/www.wallendorff.com\/belogue\/photo\/pochettes\/w\/white_stripes_the-get_behind_me_satan.jpg\" align=\"left\" \/>&nbsp;<a href=\"http:\/\/www.whitestripes.com\/\">The White Stripes<\/a> &ndash; <em>As Ugly as I Seem<\/em><\/p>\n<\/p><\/div>\n<div id=\"bas_note\">\n<p>_____<\/p>\n<p><sup>1<\/sup> &#8211; Photos &agrave; partir de demain. Ou bien.<\/p>\n<p><sup>2<\/sup> &#8211; Et pas de&nbsp;<a href=\"http:\/\/www.terres-rouges.lu\/\">Terres Rouges<\/a><sup>a<\/sup> les Docs enduites de <a href=\"http:\/\/www.pelforth.fr\/\">Pelforth<\/a> houblonneuse. Ah, ah, ah.<\/p>\n<p><sup>3<\/sup> &#8211; Y a quand m&ecirc;me, en fran&ccedil;ais, des verbes super chouettes dont on ne se sert pas assez souvent, je trouve.<\/p>\n<p><sup>a<\/sup> &#8211; Oui, j&rsquo;ai vu aussi, le site est ferm&eacute;, ce qui rend tout clic inutile. Mes confuses.<\/p>\n<\/div>\n","protected":false},"excerpt":{"rendered":"<p>Avenue des Champs-&Eacute;lys&eacute;es, Paris, 30 juin. Bien&nbsp;: Belfort. Ce week-end1. Pas bien&nbsp;: 5 filles qui causent de probl&egrave;mes dentaires infantiles, de Kangoos repli&eacute;s &agrave; des feux rouges et de compte-rendus du concert fabuleux de Calogero samedi &agrave; Versailles. Au secours, la beaufitude me guette. Bien&nbsp;: Un mini-disc pour couvrir tout &ccedil;a. Pas bien&nbsp;: Il pleut.&hellip;<\/p>\n","protected":false},"author":1,"featured_media":24266,"comment_status":"open","ping_status":"open","sticky":false,"template":"","format":"standard","meta":{"_acf_changed":false,"ngg_post_thumbnail":0,"jetpack_post_was_ever_published":false,"_jetpack_newsletter_access":"","_jetpack_dont_email_post_to_subs":false,"_jetpack_newsletter_tier_id":0,"_jetpack_memberships_contains_paywalled_content":false,"_jetpack_memberships_contains_paid_content":false,"footnotes":"","jetpack_publicize_message":"","jetpack_publicize_feature_enabled":true,"jetpack_social_post_already_shared":false,"jetpack_social_options":{"image_generator_settings":{"template":"highway","default_image_id":0,"font":"","enabled":false},"version":2}},"categories":[3],"tags":[10237,1104,1103,132,10240,10120,10121,10095,10098,10102,173,10097],"class_list":["post-326","post","type-post","status-publish","format-standard","has-post-thumbnail","hentry","category-dpc","tag-10237","tag-as-ugly-as-i-seem","tag-avenue-des-champs-elysees","tag-eos-20d","tag-chaises","tag-france","tag-ile-de-france","tag-jack-white","tag-paris","tag-pluie","tag-sigma-28-70-mm-f28-dg-ex","tag-the-white-stripes"],"acf":[],"geo":{"latitude":48.8659058,"longitude":2.3189521,"description":null},"jetpack_publicize_connections":[],"jetpack_featured_media_url":"https:\/\/www.wallendorff.com\/belogue\/wp-content\/uploads\/2015\/04\/200507041.jpg","jetpack_shortlink":"https:\/\/wp.me\/p3b35P-5g","jetpack_sharing_enabled":true,"jetpack-related-posts":[{"id":831,"url":"https:\/\/www.wallendorff.com\/belogue\/2006\/11\/18\/wolfmother-l-elysee-montmartre-paris\/","url_meta":{"origin":326,"position":0},"title":"Wolfmother @ l&rsquo;\u00c9lys\u00e9e-Montmartre, Paris.","author":"dpc","date":"18 novembre 2006","format":false,"excerpt":"Gros papier sur les reformations ce mois-ci dans Rock n'Fluque. Foutrement bien \u00e9crit, d'ailleurs. Et terriblement juste. En substance, \u00e7a cherche \u00e0 comprendre pourquoi on y souscrit, pourquoi on va voir des ombres survivantes de combos morts et enterr\u00e9s \u2015\u00a0au figur\u00e9 et souvent m\u00eame au propre\u00a0\u2015 s'approprier leur nom et\u2026","rel":"","context":"Dans &quot;Alive&quot;","block_context":{"text":"Alive","link":"https:\/\/www.wallendorff.com\/belogue\/category\/alive\/"},"img":{"alt_text":"","src":"https:\/\/i0.wp.com\/www.wallendorff.com\/belogue\/wp-content\/uploads\/2015\/04\/200611181.jpg?resize=350%2C200&ssl=1","width":350,"height":200},"classes":[]},{"id":40755,"url":"https:\/\/www.wallendorff.com\/belogue\/2018\/12\/29\/2018-en-1\/","url_meta":{"origin":326,"position":1},"title":"2018 en&#8230; #1.","author":"dpc","date":"29 d\u00e9cembre 2018","format":false,"excerpt":"2018 en 10 concerts. On me r\u00e9torquera \u2013\u00a0\u00e0 juste titre\u00a0\u2013 que, de toute fa\u00e7on, d\u00e8s que Pearl Jam surgissent dans mon programme, ils finissent concert de l'ann\u00e9e comme en 2012, 2010 et (... ah tiens non, pas en) 2006. Et on aura bien raison. Le fait est que, de tous\u2026","rel":"","context":"Dans &quot;DPC&quot;","block_context":{"text":"DPC","link":"https:\/\/www.wallendorff.com\/belogue\/category\/dpc\/"},"img":{"alt_text":"","src":"https:\/\/i0.wp.com\/www.wallendorff.com\/belogue\/wp-content\/uploads\/2018\/07\/20180727-50.jpg?resize=350%2C200&ssl=1","width":350,"height":200,"srcset":"https:\/\/i0.wp.com\/www.wallendorff.com\/belogue\/wp-content\/uploads\/2018\/07\/20180727-50.jpg?resize=350%2C200&ssl=1 1x, https:\/\/i0.wp.com\/www.wallendorff.com\/belogue\/wp-content\/uploads\/2018\/07\/20180727-50.jpg?resize=525%2C300&ssl=1 1.5x, https:\/\/i0.wp.com\/www.wallendorff.com\/belogue\/wp-content\/uploads\/2018\/07\/20180727-50.jpg?resize=700%2C400&ssl=1 2x, https:\/\/i0.wp.com\/www.wallendorff.com\/belogue\/wp-content\/uploads\/2018\/07\/20180727-50.jpg?resize=1050%2C600&ssl=1 3x"},"classes":[]},{"id":132422,"url":"https:\/\/www.wallendorff.com\/belogue\/2025\/06\/12\/jaunes-dombres\/","url_meta":{"origin":326,"position":2},"title":"Jaunes d&rsquo;ombres.","author":"dpc","date":"12 juin 2025","format":false,"excerpt":"Tour Montparnasse, Paris, 18 avril 2024.Merci \u00e0 Lala mais pas \u00e0 Leffe\u00ae ni Twinuts\u00ae car j'ai sottement oubli\u00e9 de faire les commissions. Et \u00e0 part \u00e7a... Il y a vingt-et-un ans, les Pistons de D\u00e9troit \u00e9taient en finale NBA. Il y a vingt ans, les Pistons de D\u00e9troit \u00e9taient encore\u2026","rel":"","context":"Dans &quot;DPC&quot;","block_context":{"text":"DPC","link":"https:\/\/www.wallendorff.com\/belogue\/category\/dpc\/"},"img":{"alt_text":"","src":"https:\/\/i0.wp.com\/www.wallendorff.com\/belogue\/wp-content\/uploads\/2025\/06\/20250612-08.jpg?resize=350%2C200&ssl=1","width":350,"height":200,"srcset":"https:\/\/i0.wp.com\/www.wallendorff.com\/belogue\/wp-content\/uploads\/2025\/06\/20250612-08.jpg?resize=350%2C200&ssl=1 1x, https:\/\/i0.wp.com\/www.wallendorff.com\/belogue\/wp-content\/uploads\/2025\/06\/20250612-08.jpg?resize=525%2C300&ssl=1 1.5x, https:\/\/i0.wp.com\/www.wallendorff.com\/belogue\/wp-content\/uploads\/2025\/06\/20250612-08.jpg?resize=700%2C400&ssl=1 2x, https:\/\/i0.wp.com\/www.wallendorff.com\/belogue\/wp-content\/uploads\/2025\/06\/20250612-08.jpg?resize=1050%2C600&ssl=1 3x"},"classes":[]},{"id":7949,"url":"https:\/\/www.wallendorff.com\/belogue\/2010\/08\/03\/le-levres-et-la-tord1\/","url_meta":{"origin":326,"position":3},"title":"Le L\u00e8vres et la Tordu1.","author":"dpc","date":"3 ao\u00fbt 2010","format":false,"excerpt":"Marlusse et Lapin, Paris, 16 juillet. R\u00e9capitulons\u00a0: La femme de Jack White se d\u00e9guise donc en Tracee Miller [mais si, enfin, Tracee Miller] et nous pond le m\u00eame genre d'album que le Van Lear Rose qu'il avait \u00e9crit pour la Loretta Lynn en 2004. Je veux pas dire mais tout\u2026","rel":"","context":"Dans &quot;DPC&quot;","block_context":{"text":"DPC","link":"https:\/\/www.wallendorff.com\/belogue\/category\/dpc\/"},"img":{"alt_text":"","src":"https:\/\/i0.wp.com\/www.wallendorff.com\/belogue\/wp-content\/uploads\/2015\/04\/201008031.jpg?resize=350%2C200&ssl=1","width":350,"height":200},"classes":[]},{"id":1381,"url":"https:\/\/www.wallendorff.com\/belogue\/2006\/06\/30\/und-jetzt-nach-belfort-2\/","url_meta":{"origin":326,"position":4},"title":"Und Jetzt, Nach Belfort.","author":"dpc","date":"30 juin 2006","format":false,"excerpt":"Bus nonante-six, Paris, 23 juin. Comme Meg White, moi aussi je me teins en blonde pour ne pas qu'on me reconnaisse, je l\u00e8ve les bras bien haut et allez, c'est parti, demain je retourne \u00e0 Memphis sur l'autoroute 61, oui madame, oui madame, oui madame, ou \u00e0 d\u00e9faut \u00e0 Belfort\u2026","rel":"","context":"Dans &quot;DPC&quot;","block_context":{"text":"DPC","link":"https:\/\/www.wallendorff.com\/belogue\/category\/dpc\/"},"img":{"alt_text":"","src":"https:\/\/i0.wp.com\/www.wallendorff.com\/belogue\/wp-content\/uploads\/2015\/04\/200606301.jpg?resize=350%2C200&ssl=1","width":350,"height":200},"classes":[]},{"id":124649,"url":"https:\/\/www.wallendorff.com\/belogue\/2023\/06\/12\/servus-wien-6\/","url_meta":{"origin":326,"position":5},"title":"Servus Wien.","author":"dpc","date":"12 juin 2023","format":false,"excerpt":"[La galerie compl\u00e8te vient apr\u00e8s ce looooong texte traditionnel dont l'origine se perd dans les pr\u00e9mices de ce mill\u00e9naires.] Vienne, 14 \u2013 15 avril 2023. Can't Even Tell Soul Asylum Il y a dix-neuf ans, les Pistons de D\u00e9troit \u00e9taient en finale NBA. Il y a dix-huit ans, les Pistons\u2026","rel":"","context":"Dans &quot;DPC&quot;","block_context":{"text":"DPC","link":"https:\/\/www.wallendorff.com\/belogue\/category\/dpc\/"},"img":{"alt_text":"","src":"https:\/\/i0.wp.com\/www.wallendorff.com\/belogue\/wp-content\/uploads\/2023\/06\/20230612-09.jpg?resize=350%2C200&ssl=1","width":350,"height":200,"srcset":"https:\/\/i0.wp.com\/www.wallendorff.com\/belogue\/wp-content\/uploads\/2023\/06\/20230612-09.jpg?resize=350%2C200&ssl=1 1x, https:\/\/i0.wp.com\/www.wallendorff.com\/belogue\/wp-content\/uploads\/2023\/06\/20230612-09.jpg?resize=525%2C300&ssl=1 1.5x, https:\/\/i0.wp.com\/www.wallendorff.com\/belogue\/wp-content\/uploads\/2023\/06\/20230612-09.jpg?resize=700%2C400&ssl=1 2x, https:\/\/i0.wp.com\/www.wallendorff.com\/belogue\/wp-content\/uploads\/2023\/06\/20230612-09.jpg?resize=1050%2C600&ssl=1 3x"},"classes":[]}],"_links":{"self":[{"href":"https:\/\/www.wallendorff.com\/belogue\/wp-json\/wp\/v2\/posts\/326","targetHints":{"allow":["GET"]}}],"collection":[{"href":"https:\/\/www.wallendorff.com\/belogue\/wp-json\/wp\/v2\/posts"}],"about":[{"href":"https:\/\/www.wallendorff.com\/belogue\/wp-json\/wp\/v2\/types\/post"}],"author":[{"embeddable":true,"href":"https:\/\/www.wallendorff.com\/belogue\/wp-json\/wp\/v2\/users\/1"}],"replies":[{"embeddable":true,"href":"https:\/\/www.wallendorff.com\/belogue\/wp-json\/wp\/v2\/comments?post=326"}],"version-history":[{"count":1,"href":"https:\/\/www.wallendorff.com\/belogue\/wp-json\/wp\/v2\/posts\/326\/revisions"}],"predecessor-version":[{"id":17348,"href":"https:\/\/www.wallendorff.com\/belogue\/wp-json\/wp\/v2\/posts\/326\/revisions\/17348"}],"wp:featuredmedia":[{"embeddable":true,"href":"https:\/\/www.wallendorff.com\/belogue\/wp-json\/wp\/v2\/media\/24266"}],"wp:attachment":[{"href":"https:\/\/www.wallendorff.com\/belogue\/wp-json\/wp\/v2\/media?parent=326"}],"wp:term":[{"taxonomy":"category","embeddable":true,"href":"https:\/\/www.wallendorff.com\/belogue\/wp-json\/wp\/v2\/categories?post=326"},{"taxonomy":"post_tag","embeddable":true,"href":"https:\/\/www.wallendorff.com\/belogue\/wp-json\/wp\/v2\/tags?post=326"}],"curies":[{"name":"wp","href":"https:\/\/api.w.org\/{rel}","templated":true}]}}