{"id":32460,"date":"2016-10-15T14:18:21","date_gmt":"2016-10-15T12:18:21","guid":{"rendered":"http:\/\/www.wallendorff.com\/belogue\/?p=32460"},"modified":"2018-05-23T08:03:56","modified_gmt":"2018-05-23T06:03:56","slug":"wild-beasts-la-gaite-lyrique-paris","status":"publish","type":"post","link":"https:\/\/www.wallendorff.com\/belogue\/2016\/10\/15\/wild-beasts-la-gaite-lyrique-paris\/","title":{"rendered":"Wild Beasts @ la Ga\u00eet\u00e9-Lyrique, Paris."},"content":{"rendered":"\n<div id=\"photo\">\n<p><img decoding=\"async\" src=\"https:\/\/www.wallendorff.com\/belogue\/photo\/galeries\/2016\/10\/20161013-wb\/20161014-10.jpg\"><\/p>\n<\/p><\/div>\n<div id='gallery-1' class='gallery galleryid-32460 gallery-columns-3 gallery-size-medium'><figure class='gallery-item'>\n\t\t\t<div class='gallery-icon landscape'>\n\t\t\t\t<a href='https:\/\/www.wallendorff.com\/belogue\/2016\/10\/15\/wild-beasts-la-gaite-lyrique-paris\/wild-beasts-la-gaite-lyrique-paris-13102016\/'><img fetchpriority=\"high\" decoding=\"async\" width=\"300\" height=\"200\" src=\"https:\/\/www.wallendorff.com\/belogue\/wp-content\/uploads\/2016\/10\/20161014-01-300x200.jpg\" class=\"attachment-medium size-medium\" alt=\"\" aria-describedby=\"gallery-1-32466\" srcset=\"https:\/\/www.wallendorff.com\/belogue\/wp-content\/uploads\/2016\/10\/20161014-01-300x200.jpg 300w, https:\/\/www.wallendorff.com\/belogue\/wp-content\/uploads\/2016\/10\/20161014-01-200x133.jpg 200w, https:\/\/www.wallendorff.com\/belogue\/wp-content\/uploads\/2016\/10\/20161014-01-525x350.jpg 525w, https:\/\/www.wallendorff.com\/belogue\/wp-content\/uploads\/2016\/10\/20161014-01-600x400.jpg 600w, https:\/\/www.wallendorff.com\/belogue\/wp-content\/uploads\/2016\/10\/20161014-01.jpg 820w\" sizes=\"(max-width: 300px) 100vw, 300px\" \/><\/a>\n\t\t\t<\/div>\n\t\t\t\t<figcaption class='wp-caption-text gallery-caption' id='gallery-1-32466'>\n\t\t\t\tWild Beasts @ la Ga\u00eet\u00e9-Lyrique, Paris, 13\/10\/2016\n\t\t\t\t<\/figcaption><\/figure><figure class='gallery-item'>\n\t\t\t<div class='gallery-icon landscape'>\n\t\t\t\t<a href='https:\/\/www.wallendorff.com\/belogue\/2016\/10\/15\/wild-beasts-la-gaite-lyrique-paris\/wild-beasts-la-gaite-lyrique-paris-13102016-2\/'><img decoding=\"async\" width=\"300\" height=\"200\" src=\"https:\/\/www.wallendorff.com\/belogue\/wp-content\/uploads\/2016\/10\/20161014-02-300x200.jpg\" class=\"attachment-medium size-medium\" alt=\"\" aria-describedby=\"gallery-1-32467\" srcset=\"https:\/\/www.wallendorff.com\/belogue\/wp-content\/uploads\/2016\/10\/20161014-02-300x200.jpg 300w, https:\/\/www.wallendorff.com\/belogue\/wp-content\/uploads\/2016\/10\/20161014-02-200x133.jpg 200w, https:\/\/www.wallendorff.com\/belogue\/wp-content\/uploads\/2016\/10\/20161014-02-525x350.jpg 525w, https:\/\/www.wallendorff.com\/belogue\/wp-content\/uploads\/2016\/10\/20161014-02-600x400.jpg 600w, https:\/\/www.wallendorff.com\/belogue\/wp-content\/uploads\/2016\/10\/20161014-02.jpg 820w\" sizes=\"(max-width: 300px) 100vw, 300px\" \/><\/a>\n\t\t\t<\/div>\n\t\t\t\t<figcaption class='wp-caption-text gallery-caption' id='gallery-1-32467'>\n\t\t\t\tWild Beasts @ la Ga\u00eet\u00e9-Lyrique, Paris, 13\/10\/2016\n\t\t\t\t<\/figcaption><\/figure><figure class='gallery-item'>\n\t\t\t<div class='gallery-icon landscape'>\n\t\t\t\t<a href='https:\/\/www.wallendorff.com\/belogue\/2016\/10\/15\/wild-beasts-la-gaite-lyrique-paris\/wild-beasts-la-gaite-lyrique-paris-13102016-3\/'><img decoding=\"async\" width=\"300\" height=\"200\" src=\"https:\/\/www.wallendorff.com\/belogue\/wp-content\/uploads\/2016\/10\/20161014-03-300x200.jpg\" class=\"attachment-medium size-medium\" alt=\"\" aria-describedby=\"gallery-1-32468\" srcset=\"https:\/\/www.wallendorff.com\/belogue\/wp-content\/uploads\/2016\/10\/20161014-03-300x200.jpg 300w, https:\/\/www.wallendorff.com\/belogue\/wp-content\/uploads\/2016\/10\/20161014-03-200x133.jpg 200w, https:\/\/www.wallendorff.com\/belogue\/wp-content\/uploads\/2016\/10\/20161014-03-525x350.jpg 525w, https:\/\/www.wallendorff.com\/belogue\/wp-content\/uploads\/2016\/10\/20161014-03-600x400.jpg 600w, https:\/\/www.wallendorff.com\/belogue\/wp-content\/uploads\/2016\/10\/20161014-03.jpg 820w\" sizes=\"(max-width: 300px) 100vw, 300px\" \/><\/a>\n\t\t\t<\/div>\n\t\t\t\t<figcaption class='wp-caption-text gallery-caption' id='gallery-1-32468'>\n\t\t\t\tWild Beasts @ la Ga\u00eet\u00e9-Lyrique, Paris, 13\/10\/2016\n\t\t\t\t<\/figcaption><\/figure><figure class='gallery-item'>\n\t\t\t<div class='gallery-icon landscape'>\n\t\t\t\t<a href='https:\/\/www.wallendorff.com\/belogue\/2016\/10\/15\/wild-beasts-la-gaite-lyrique-paris\/wild-beasts-la-gaite-lyrique-paris-13102016-4\/'><img loading=\"lazy\" decoding=\"async\" width=\"300\" height=\"200\" src=\"https:\/\/www.wallendorff.com\/belogue\/wp-content\/uploads\/2016\/10\/20161014-04-300x200.jpg\" class=\"attachment-medium size-medium\" alt=\"\" aria-describedby=\"gallery-1-32469\" srcset=\"https:\/\/www.wallendorff.com\/belogue\/wp-content\/uploads\/2016\/10\/20161014-04-300x200.jpg 300w, https:\/\/www.wallendorff.com\/belogue\/wp-content\/uploads\/2016\/10\/20161014-04-200x133.jpg 200w, https:\/\/www.wallendorff.com\/belogue\/wp-content\/uploads\/2016\/10\/20161014-04-525x350.jpg 525w, https:\/\/www.wallendorff.com\/belogue\/wp-content\/uploads\/2016\/10\/20161014-04-600x400.jpg 600w, https:\/\/www.wallendorff.com\/belogue\/wp-content\/uploads\/2016\/10\/20161014-04.jpg 820w\" sizes=\"(max-width: 300px) 100vw, 300px\" \/><\/a>\n\t\t\t<\/div>\n\t\t\t\t<figcaption class='wp-caption-text gallery-caption' id='gallery-1-32469'>\n\t\t\t\tWild Beasts @ la Ga\u00eet\u00e9-Lyrique, Paris, 13\/10\/2016\n\t\t\t\t<\/figcaption><\/figure><figure class='gallery-item'>\n\t\t\t<div class='gallery-icon landscape'>\n\t\t\t\t<a href='https:\/\/www.wallendorff.com\/belogue\/2016\/10\/15\/wild-beasts-la-gaite-lyrique-paris\/wild-beasts-la-gaite-lyrique-paris-13102016-5\/'><img loading=\"lazy\" decoding=\"async\" width=\"300\" height=\"200\" src=\"https:\/\/www.wallendorff.com\/belogue\/wp-content\/uploads\/2016\/10\/20161014-05-300x200.jpg\" class=\"attachment-medium size-medium\" alt=\"\" aria-describedby=\"gallery-1-32470\" srcset=\"https:\/\/www.wallendorff.com\/belogue\/wp-content\/uploads\/2016\/10\/20161014-05-300x200.jpg 300w, https:\/\/www.wallendorff.com\/belogue\/wp-content\/uploads\/2016\/10\/20161014-05-200x133.jpg 200w, https:\/\/www.wallendorff.com\/belogue\/wp-content\/uploads\/2016\/10\/20161014-05-525x350.jpg 525w, https:\/\/www.wallendorff.com\/belogue\/wp-content\/uploads\/2016\/10\/20161014-05-600x400.jpg 600w, https:\/\/www.wallendorff.com\/belogue\/wp-content\/uploads\/2016\/10\/20161014-05.jpg 820w\" sizes=\"(max-width: 300px) 100vw, 300px\" \/><\/a>\n\t\t\t<\/div>\n\t\t\t\t<figcaption class='wp-caption-text gallery-caption' id='gallery-1-32470'>\n\t\t\t\tWild Beasts @ la Ga\u00eet\u00e9-Lyrique, Paris, 13\/10\/2016\n\t\t\t\t<\/figcaption><\/figure><figure class='gallery-item'>\n\t\t\t<div class='gallery-icon portrait'>\n\t\t\t\t<a href='https:\/\/www.wallendorff.com\/belogue\/2016\/10\/15\/wild-beasts-la-gaite-lyrique-paris\/wild-beasts-la-gaite-lyrique-paris-13102016-6\/'><img loading=\"lazy\" decoding=\"async\" width=\"200\" height=\"300\" src=\"https:\/\/www.wallendorff.com\/belogue\/wp-content\/uploads\/2016\/10\/20161014-06-200x300.jpg\" class=\"attachment-medium size-medium\" alt=\"\" aria-describedby=\"gallery-1-32471\" srcset=\"https:\/\/www.wallendorff.com\/belogue\/wp-content\/uploads\/2016\/10\/20161014-06-200x300.jpg 200w, https:\/\/www.wallendorff.com\/belogue\/wp-content\/uploads\/2016\/10\/20161014-06-133x200.jpg 133w, https:\/\/www.wallendorff.com\/belogue\/wp-content\/uploads\/2016\/10\/20161014-06-233x350.jpg 233w, https:\/\/www.wallendorff.com\/belogue\/wp-content\/uploads\/2016\/10\/20161014-06.jpg 547w\" sizes=\"(max-width: 200px) 100vw, 200px\" \/><\/a>\n\t\t\t<\/div>\n\t\t\t\t<figcaption class='wp-caption-text gallery-caption' id='gallery-1-32471'>\n\t\t\t\tWild Beasts @ la Ga\u00eet\u00e9-Lyrique, Paris, 13\/10\/2016\n\t\t\t\t<\/figcaption><\/figure><figure class='gallery-item'>\n\t\t\t<div class='gallery-icon landscape'>\n\t\t\t\t<a href='https:\/\/www.wallendorff.com\/belogue\/2016\/10\/15\/wild-beasts-la-gaite-lyrique-paris\/wild-beasts-la-gaite-lyrique-paris-13102016-7\/'><img loading=\"lazy\" decoding=\"async\" width=\"300\" height=\"200\" src=\"https:\/\/www.wallendorff.com\/belogue\/wp-content\/uploads\/2016\/10\/20161014-07-300x200.jpg\" class=\"attachment-medium size-medium\" alt=\"\" aria-describedby=\"gallery-1-32472\" srcset=\"https:\/\/www.wallendorff.com\/belogue\/wp-content\/uploads\/2016\/10\/20161014-07-300x200.jpg 300w, https:\/\/www.wallendorff.com\/belogue\/wp-content\/uploads\/2016\/10\/20161014-07-200x133.jpg 200w, https:\/\/www.wallendorff.com\/belogue\/wp-content\/uploads\/2016\/10\/20161014-07-525x350.jpg 525w, https:\/\/www.wallendorff.com\/belogue\/wp-content\/uploads\/2016\/10\/20161014-07-600x400.jpg 600w, https:\/\/www.wallendorff.com\/belogue\/wp-content\/uploads\/2016\/10\/20161014-07.jpg 820w\" sizes=\"(max-width: 300px) 100vw, 300px\" \/><\/a>\n\t\t\t<\/div>\n\t\t\t\t<figcaption class='wp-caption-text gallery-caption' id='gallery-1-32472'>\n\t\t\t\tWild Beasts @ la Ga\u00eet\u00e9-Lyrique, Paris, 13\/10\/2016\n\t\t\t\t<\/figcaption><\/figure><figure class='gallery-item'>\n\t\t\t<div class='gallery-icon portrait'>\n\t\t\t\t<a href='https:\/\/www.wallendorff.com\/belogue\/2016\/10\/15\/wild-beasts-la-gaite-lyrique-paris\/wild-beasts-la-gaite-lyrique-paris-13102016-8\/'><img loading=\"lazy\" decoding=\"async\" width=\"200\" height=\"300\" src=\"https:\/\/www.wallendorff.com\/belogue\/wp-content\/uploads\/2016\/10\/20161014-08-200x300.jpg\" class=\"attachment-medium size-medium\" alt=\"\" aria-describedby=\"gallery-1-32473\" srcset=\"https:\/\/www.wallendorff.com\/belogue\/wp-content\/uploads\/2016\/10\/20161014-08-200x300.jpg 200w, https:\/\/www.wallendorff.com\/belogue\/wp-content\/uploads\/2016\/10\/20161014-08-133x200.jpg 133w, https:\/\/www.wallendorff.com\/belogue\/wp-content\/uploads\/2016\/10\/20161014-08-233x350.jpg 233w, https:\/\/www.wallendorff.com\/belogue\/wp-content\/uploads\/2016\/10\/20161014-08.jpg 547w\" sizes=\"(max-width: 200px) 100vw, 200px\" \/><\/a>\n\t\t\t<\/div>\n\t\t\t\t<figcaption class='wp-caption-text gallery-caption' id='gallery-1-32473'>\n\t\t\t\tWild Beasts @ la Ga\u00eet\u00e9-Lyrique, Paris, 13\/10\/2016\n\t\t\t\t<\/figcaption><\/figure><figure class='gallery-item'>\n\t\t\t<div class='gallery-icon portrait'>\n\t\t\t\t<a href='https:\/\/www.wallendorff.com\/belogue\/2016\/10\/15\/wild-beasts-la-gaite-lyrique-paris\/wild-beasts-la-gaite-lyrique-paris-13102016-9\/'><img loading=\"lazy\" decoding=\"async\" width=\"200\" height=\"300\" src=\"https:\/\/www.wallendorff.com\/belogue\/wp-content\/uploads\/2016\/10\/20161014-09-200x300.jpg\" class=\"attachment-medium size-medium\" alt=\"\" aria-describedby=\"gallery-1-32474\" srcset=\"https:\/\/www.wallendorff.com\/belogue\/wp-content\/uploads\/2016\/10\/20161014-09-200x300.jpg 200w, https:\/\/www.wallendorff.com\/belogue\/wp-content\/uploads\/2016\/10\/20161014-09-133x200.jpg 133w, https:\/\/www.wallendorff.com\/belogue\/wp-content\/uploads\/2016\/10\/20161014-09-233x350.jpg 233w, https:\/\/www.wallendorff.com\/belogue\/wp-content\/uploads\/2016\/10\/20161014-09.jpg 547w\" sizes=\"(max-width: 200px) 100vw, 200px\" \/><\/a>\n\t\t\t<\/div>\n\t\t\t\t<figcaption class='wp-caption-text gallery-caption' id='gallery-1-32474'>\n\t\t\t\tWild Beasts @ la Ga\u00eet\u00e9-Lyrique, Paris, 13\/10\/2016\n\t\t\t\t<\/figcaption><\/figure><figure class='gallery-item'>\n\t\t\t<div class='gallery-icon landscape'>\n\t\t\t\t<a href='https:\/\/www.wallendorff.com\/belogue\/2016\/10\/15\/wild-beasts-la-gaite-lyrique-paris\/wild-beasts-la-gaite-lyrique-paris-13102016-10\/'><img loading=\"lazy\" decoding=\"async\" width=\"300\" height=\"200\" src=\"https:\/\/www.wallendorff.com\/belogue\/wp-content\/uploads\/2016\/10\/20161014-10-300x200.jpg\" class=\"attachment-medium size-medium\" alt=\"\" aria-describedby=\"gallery-1-32475\" srcset=\"https:\/\/www.wallendorff.com\/belogue\/wp-content\/uploads\/2016\/10\/20161014-10-300x200.jpg 300w, https:\/\/www.wallendorff.com\/belogue\/wp-content\/uploads\/2016\/10\/20161014-10-200x133.jpg 200w, https:\/\/www.wallendorff.com\/belogue\/wp-content\/uploads\/2016\/10\/20161014-10-525x350.jpg 525w, https:\/\/www.wallendorff.com\/belogue\/wp-content\/uploads\/2016\/10\/20161014-10-600x400.jpg 600w, https:\/\/www.wallendorff.com\/belogue\/wp-content\/uploads\/2016\/10\/20161014-10.jpg 820w\" sizes=\"(max-width: 300px) 100vw, 300px\" \/><\/a>\n\t\t\t<\/div>\n\t\t\t\t<figcaption class='wp-caption-text gallery-caption' id='gallery-1-32475'>\n\t\t\t\tWild Beasts @ la Ga\u00eet\u00e9-Lyrique, Paris, 13\/10\/2016\n\t\t\t\t<\/figcaption><\/figure><figure class='gallery-item'>\n\t\t\t<div class='gallery-icon portrait'>\n\t\t\t\t<a href='https:\/\/www.wallendorff.com\/belogue\/2016\/10\/15\/wild-beasts-la-gaite-lyrique-paris\/wild-beasts-la-gaite-lyrique-paris-13102016-11\/'><img loading=\"lazy\" decoding=\"async\" width=\"200\" height=\"300\" src=\"https:\/\/www.wallendorff.com\/belogue\/wp-content\/uploads\/2016\/10\/20161014-11-200x300.jpg\" class=\"attachment-medium size-medium\" alt=\"\" aria-describedby=\"gallery-1-32476\" srcset=\"https:\/\/www.wallendorff.com\/belogue\/wp-content\/uploads\/2016\/10\/20161014-11-200x300.jpg 200w, https:\/\/www.wallendorff.com\/belogue\/wp-content\/uploads\/2016\/10\/20161014-11-133x200.jpg 133w, https:\/\/www.wallendorff.com\/belogue\/wp-content\/uploads\/2016\/10\/20161014-11-233x350.jpg 233w, https:\/\/www.wallendorff.com\/belogue\/wp-content\/uploads\/2016\/10\/20161014-11.jpg 547w\" sizes=\"(max-width: 200px) 100vw, 200px\" \/><\/a>\n\t\t\t<\/div>\n\t\t\t\t<figcaption class='wp-caption-text gallery-caption' id='gallery-1-32476'>\n\t\t\t\tWild Beasts @ la Ga\u00eet\u00e9-Lyrique, Paris, 13\/10\/2016\n\t\t\t\t<\/figcaption><\/figure><figure class='gallery-item'>\n\t\t\t<div class='gallery-icon landscape'>\n\t\t\t\t<a href='https:\/\/www.wallendorff.com\/belogue\/2016\/10\/15\/wild-beasts-la-gaite-lyrique-paris\/wild-beasts-la-gaite-lyrique-paris-13102016-12\/'><img loading=\"lazy\" decoding=\"async\" width=\"300\" height=\"200\" src=\"https:\/\/www.wallendorff.com\/belogue\/wp-content\/uploads\/2016\/10\/20161014-12-300x200.jpg\" class=\"attachment-medium size-medium\" alt=\"\" aria-describedby=\"gallery-1-32477\" srcset=\"https:\/\/www.wallendorff.com\/belogue\/wp-content\/uploads\/2016\/10\/20161014-12-300x200.jpg 300w, https:\/\/www.wallendorff.com\/belogue\/wp-content\/uploads\/2016\/10\/20161014-12-200x133.jpg 200w, https:\/\/www.wallendorff.com\/belogue\/wp-content\/uploads\/2016\/10\/20161014-12-525x350.jpg 525w, https:\/\/www.wallendorff.com\/belogue\/wp-content\/uploads\/2016\/10\/20161014-12-600x400.jpg 600w, https:\/\/www.wallendorff.com\/belogue\/wp-content\/uploads\/2016\/10\/20161014-12.jpg 820w\" sizes=\"(max-width: 300px) 100vw, 300px\" \/><\/a>\n\t\t\t<\/div>\n\t\t\t\t<figcaption class='wp-caption-text gallery-caption' id='gallery-1-32477'>\n\t\t\t\tWild Beasts @ la Ga\u00eet\u00e9-Lyrique, Paris, 13\/10\/2016\n\t\t\t\t<\/figcaption><\/figure><figure class='gallery-item'>\n\t\t\t<div class='gallery-icon landscape'>\n\t\t\t\t<a href='https:\/\/www.wallendorff.com\/belogue\/2016\/10\/15\/wild-beasts-la-gaite-lyrique-paris\/wild-beasts-la-gaite-lyrique-paris-13102016-13\/'><img loading=\"lazy\" decoding=\"async\" width=\"300\" height=\"200\" src=\"https:\/\/www.wallendorff.com\/belogue\/wp-content\/uploads\/2016\/10\/20161014-13-300x200.jpg\" class=\"attachment-medium size-medium\" alt=\"\" aria-describedby=\"gallery-1-32478\" srcset=\"https:\/\/www.wallendorff.com\/belogue\/wp-content\/uploads\/2016\/10\/20161014-13-300x200.jpg 300w, https:\/\/www.wallendorff.com\/belogue\/wp-content\/uploads\/2016\/10\/20161014-13-200x133.jpg 200w, https:\/\/www.wallendorff.com\/belogue\/wp-content\/uploads\/2016\/10\/20161014-13-525x350.jpg 525w, https:\/\/www.wallendorff.com\/belogue\/wp-content\/uploads\/2016\/10\/20161014-13-600x400.jpg 600w, https:\/\/www.wallendorff.com\/belogue\/wp-content\/uploads\/2016\/10\/20161014-13.jpg 820w\" sizes=\"(max-width: 300px) 100vw, 300px\" \/><\/a>\n\t\t\t<\/div>\n\t\t\t\t<figcaption class='wp-caption-text gallery-caption' id='gallery-1-32478'>\n\t\t\t\tWild Beasts @ la Ga\u00eet\u00e9-Lyrique, Paris, 13\/10\/2016\n\t\t\t\t<\/figcaption><\/figure><figure class='gallery-item'>\n\t\t\t<div class='gallery-icon landscape'>\n\t\t\t\t<a href='https:\/\/www.wallendorff.com\/belogue\/2016\/10\/15\/wild-beasts-la-gaite-lyrique-paris\/wild-beasts-la-gaite-lyrique-paris-13102016-14\/'><img loading=\"lazy\" decoding=\"async\" width=\"300\" height=\"200\" src=\"https:\/\/www.wallendorff.com\/belogue\/wp-content\/uploads\/2016\/10\/20161014-14-300x200.jpg\" class=\"attachment-medium size-medium\" alt=\"\" aria-describedby=\"gallery-1-32479\" srcset=\"https:\/\/www.wallendorff.com\/belogue\/wp-content\/uploads\/2016\/10\/20161014-14-300x200.jpg 300w, https:\/\/www.wallendorff.com\/belogue\/wp-content\/uploads\/2016\/10\/20161014-14-200x133.jpg 200w, https:\/\/www.wallendorff.com\/belogue\/wp-content\/uploads\/2016\/10\/20161014-14-525x350.jpg 525w, https:\/\/www.wallendorff.com\/belogue\/wp-content\/uploads\/2016\/10\/20161014-14-600x400.jpg 600w, https:\/\/www.wallendorff.com\/belogue\/wp-content\/uploads\/2016\/10\/20161014-14.jpg 820w\" sizes=\"(max-width: 300px) 100vw, 300px\" \/><\/a>\n\t\t\t<\/div>\n\t\t\t\t<figcaption class='wp-caption-text gallery-caption' id='gallery-1-32479'>\n\t\t\t\tWild Beasts @ la Ga\u00eet\u00e9-Lyrique, Paris, 13\/10\/2016\n\t\t\t\t<\/figcaption><\/figure>\n\t\t<\/div>\n\n","protected":false},"excerpt":{"rendered":"Wild Beasts @ la Ga\u00eet\u00e9-Lyrique, Paris, 13\/10\/2016 Wild Beasts @ la Ga\u00eet\u00e9-Lyrique, Paris, 13\/10\/2016 Wild Beasts @ la Ga\u00eet\u00e9-Lyrique, Paris, 13\/10\/2016 Wild Beasts @ la Ga\u00eet\u00e9-Lyrique, Paris, 13\/10\/2016 Wild Beasts @ la Ga\u00eet\u00e9-Lyrique, Paris, 13\/10\/2016 Wild Beasts @ la Ga\u00eet\u00e9-Lyrique, Paris, 13\/10\/2016 Wild Beasts @ la Ga\u00eet\u00e9-Lyrique, Paris, 13\/10\/2016 Wild Beasts @ la Ga\u00eet\u00e9-Lyrique, Paris,&hellip;","protected":false},"author":1,"featured_media":32480,"comment_status":"open","ping_status":"open","sticky":false,"template":"","format":"standard","meta":{"_acf_changed":false,"ngg_post_thumbnail":0,"jetpack_post_was_ever_published":false,"_jetpack_newsletter_access":"","_jetpack_dont_email_post_to_subs":false,"_jetpack_newsletter_tier_id":0,"_jetpack_memberships_contains_paywalled_content":false,"_jetpack_memberships_contains_paid_content":false,"footnotes":"","jetpack_publicize_message":"","jetpack_publicize_feature_enabled":true,"jetpack_social_post_already_shared":true,"jetpack_social_options":{"image_generator_settings":{"template":"highway","default_image_id":0,"font":"","enabled":false},"version":2}},"categories":[7],"tags":[12813,10336,10084,8170,181,8351,10120,10121,11204,10098,11865,13395],"class_list":["post-32460","post","type-post","status-publish","format-standard","has-post-thumbnail","hentry","category-alive","tag-12813","tag-10336","tag-alive","tag-ef-24-70-mm-f2-8l-ii-usm","tag-ef-70-200-mm-f28l-usm","tag-eos-6d","tag-france","tag-ile-de-france","tag-la-gaite-lyrique","tag-paris","tag-rue-papin","tag-wild-beasts"],"acf":[],"geo":{"latitude":48.8666534,"longitude":2.3534882,"description":"Paris 10, \u00cele-de-France, 75010, FR"},"jetpack_publicize_connections":[],"jetpack_featured_media_url":"https:\/\/www.wallendorff.com\/belogue\/wp-content\/uploads\/2016\/10\/20161014-10-1.jpg","jetpack_shortlink":"https:\/\/wp.me\/p3b35P-8ry","jetpack_sharing_enabled":true,"jetpack-related-posts":[{"id":29310,"url":"https:\/\/www.wallendorff.com\/belogue\/2015\/09\/28\/the-apartments-la-gaite-lyrique-paris-23-septembre\/","url_meta":{"origin":32460,"position":0},"title":"The Apartments @ la Ga\u00eet\u00e9-Lyrique, Paris, 23 septembre.","author":"dpc","date":"28 septembre 2015","format":false,"excerpt":"","rel":"","context":"Dans &quot;Alive&quot;","block_context":{"text":"Alive","link":"https:\/\/www.wallendorff.com\/belogue\/category\/alive\/"},"img":{"alt_text":"","src":"https:\/\/i0.wp.com\/www.wallendorff.com\/belogue\/wp-content\/uploads\/2015\/09\/20150927-021.jpg?resize=350%2C200&ssl=1","width":350,"height":200,"srcset":"https:\/\/i0.wp.com\/www.wallendorff.com\/belogue\/wp-content\/uploads\/2015\/09\/20150927-021.jpg?resize=350%2C200&ssl=1 1x, https:\/\/i0.wp.com\/www.wallendorff.com\/belogue\/wp-content\/uploads\/2015\/09\/20150927-021.jpg?resize=525%2C300&ssl=1 1.5x, https:\/\/i0.wp.com\/www.wallendorff.com\/belogue\/wp-content\/uploads\/2015\/09\/20150927-021.jpg?resize=700%2C400&ssl=1 2x"},"classes":[]},{"id":32341,"url":"https:\/\/www.wallendorff.com\/belogue\/2016\/09\/25\/griefjoy-la-gaite-lyrique-paris-23-septembre\/","url_meta":{"origin":32460,"position":1},"title":"Griefjoy @ la Ga\u00eet\u00e9-Lyrique, Paris, 23 septembre.","author":"dpc","date":"25 septembre 2016","format":false,"excerpt":"","rel":"","context":"Dans &quot;Alive&quot;","block_context":{"text":"Alive","link":"https:\/\/www.wallendorff.com\/belogue\/category\/alive\/"},"img":{"alt_text":"","src":"https:\/\/i0.wp.com\/www.wallendorff.com\/belogue\/wp-content\/uploads\/2016\/09\/20160924-09-1.jpg?resize=350%2C200&ssl=1","width":350,"height":200,"srcset":"https:\/\/i0.wp.com\/www.wallendorff.com\/belogue\/wp-content\/uploads\/2016\/09\/20160924-09-1.jpg?resize=350%2C200&ssl=1 1x, https:\/\/i0.wp.com\/www.wallendorff.com\/belogue\/wp-content\/uploads\/2016\/09\/20160924-09-1.jpg?resize=525%2C300&ssl=1 1.5x, https:\/\/i0.wp.com\/www.wallendorff.com\/belogue\/wp-content\/uploads\/2016\/09\/20160924-09-1.jpg?resize=700%2C400&ssl=1 2x"},"classes":[]},{"id":38282,"url":"https:\/\/www.wallendorff.com\/belogue\/2018\/05\/30\/phoenix-la-gaite-lyrique-paris-29-mai-2018\/","url_meta":{"origin":32460,"position":2},"title":"Phoenix @ la Ga\u00eet\u00e9-Lyrique, Paris, 29 mai 2018.","author":"dpc","date":"30 mai 2018","format":false,"excerpt":"Merci merci \u00e0 l'\u00e9quipe de la Ga\u00eet\u00e9-Lyrique pour m'avoir laiss\u00e9 acc\u00e9der \u00e0 la coursive du fond.","rel":"","context":"Dans &quot;Alive&quot;","block_context":{"text":"Alive","link":"https:\/\/www.wallendorff.com\/belogue\/category\/alive\/"},"img":{"alt_text":"","src":"https:\/\/i0.wp.com\/www.wallendorff.com\/belogue\/wp-content\/uploads\/2018\/05\/20180530-29.jpg?resize=350%2C200&ssl=1","width":350,"height":200,"srcset":"https:\/\/i0.wp.com\/www.wallendorff.com\/belogue\/wp-content\/uploads\/2018\/05\/20180530-29.jpg?resize=350%2C200&ssl=1 1x, https:\/\/i0.wp.com\/www.wallendorff.com\/belogue\/wp-content\/uploads\/2018\/05\/20180530-29.jpg?resize=525%2C300&ssl=1 1.5x, https:\/\/i0.wp.com\/www.wallendorff.com\/belogue\/wp-content\/uploads\/2018\/05\/20180530-29.jpg?resize=700%2C400&ssl=1 2x, https:\/\/i0.wp.com\/www.wallendorff.com\/belogue\/wp-content\/uploads\/2018\/05\/20180530-29.jpg?resize=1050%2C600&ssl=1 3x"},"classes":[]},{"id":22795,"url":"https:\/\/www.wallendorff.com\/belogue\/2014\/05\/19\/the-horrors-la-gaite-lyrique-paris-15-mai\/","url_meta":{"origin":32460,"position":3},"title":"The Horrors @ la Ga\u00eet\u00e9-Lyrique, Paris, 15 mai.","author":"dpc","date":"19 mai 2014","format":false,"excerpt":"Sea Within a Sea | Who Can Say | Scarlet Fields | In and Out of Sight | Endless Blue | I See You | Mirror's Image | Falling Star | So Now You Know | Still Life || Moving Further Away So Now You Know The Horrors \u00a0","rel":"","context":"Dans &quot;Alive&quot;","block_context":{"text":"Alive","link":"https:\/\/www.wallendorff.com\/belogue\/category\/alive\/"},"img":{"alt_text":"","src":"https:\/\/i0.wp.com\/www.wallendorff.com\/belogue\/wp-content\/uploads\/2015\/04\/201405191.jpg?resize=350%2C200&ssl=1","width":350,"height":200,"srcset":"https:\/\/i0.wp.com\/www.wallendorff.com\/belogue\/wp-content\/uploads\/2015\/04\/201405191.jpg?resize=350%2C200&ssl=1 1x, https:\/\/i0.wp.com\/www.wallendorff.com\/belogue\/wp-content\/uploads\/2015\/04\/201405191.jpg?resize=525%2C300&ssl=1 1.5x, https:\/\/i0.wp.com\/www.wallendorff.com\/belogue\/wp-content\/uploads\/2015\/04\/201405191.jpg?resize=700%2C400&ssl=1 2x"},"classes":[]},{"id":22634,"url":"https:\/\/www.wallendorff.com\/belogue\/2014\/03\/20\/blood-red-shoes-la-gaite-lyrique-paris\/","url_meta":{"origin":32460,"position":4},"title":"Blood Red Shoes @ la Ga\u00eet\u00e9-Lyrique, Paris.","author":"dpc","date":"20 mars 2014","format":false,"excerpt":"Welcome Home | I Wish I Was Someone Better | Don't Ask | Speech Coma | Everything All at Once | This Is Not for You | It Is Happening Again | Cold | The Perfect Mess | Black Distractions | An Animal | Light It Up | Say Something,\u2026","rel":"","context":"Dans &quot;Alive&quot;","block_context":{"text":"Alive","link":"https:\/\/www.wallendorff.com\/belogue\/category\/alive\/"},"img":{"alt_text":"","src":"https:\/\/i0.wp.com\/www.wallendorff.com\/belogue\/wp-content\/uploads\/2015\/04\/201403201.jpg?resize=350%2C200&ssl=1","width":350,"height":200,"srcset":"https:\/\/i0.wp.com\/www.wallendorff.com\/belogue\/wp-content\/uploads\/2015\/04\/201403201.jpg?resize=350%2C200&ssl=1 1x, https:\/\/i0.wp.com\/www.wallendorff.com\/belogue\/wp-content\/uploads\/2015\/04\/201403201.jpg?resize=525%2C300&ssl=1 1.5x, https:\/\/i0.wp.com\/www.wallendorff.com\/belogue\/wp-content\/uploads\/2015\/04\/201403201.jpg?resize=700%2C400&ssl=1 2x"},"classes":[]},{"id":9770,"url":"https:\/\/www.wallendorff.com\/belogue\/2010\/11\/09\/guitart-10\/","url_meta":{"origin":32460,"position":5},"title":"Guit&rsquo;art #10.","author":"dpc","date":"9 novembre 2010","format":false,"excerpt":"Hellstone Music, Stockholm, 30 ao\u00fbt. Le dernier datait un peu. The Wombats \u2013 Jump into the Fog","rel":"","context":"Dans &quot;Guit'Art&quot;","block_context":{"text":"Guit'Art","link":"https:\/\/www.wallendorff.com\/belogue\/category\/guit-art\/"},"img":{"alt_text":"","src":"https:\/\/i0.wp.com\/www.wallendorff.com\/belogue\/wp-content\/uploads\/2015\/04\/201011091.jpg?resize=350%2C200&ssl=1","width":350,"height":200},"classes":[]}],"_links":{"self":[{"href":"https:\/\/www.wallendorff.com\/belogue\/wp-json\/wp\/v2\/posts\/32460","targetHints":{"allow":["GET"]}}],"collection":[{"href":"https:\/\/www.wallendorff.com\/belogue\/wp-json\/wp\/v2\/posts"}],"about":[{"href":"https:\/\/www.wallendorff.com\/belogue\/wp-json\/wp\/v2\/types\/post"}],"author":[{"embeddable":true,"href":"https:\/\/www.wallendorff.com\/belogue\/wp-json\/wp\/v2\/users\/1"}],"replies":[{"embeddable":true,"href":"https:\/\/www.wallendorff.com\/belogue\/wp-json\/wp\/v2\/comments?post=32460"}],"version-history":[{"count":2,"href":"https:\/\/www.wallendorff.com\/belogue\/wp-json\/wp\/v2\/posts\/32460\/revisions"}],"predecessor-version":[{"id":32481,"href":"https:\/\/www.wallendorff.com\/belogue\/wp-json\/wp\/v2\/posts\/32460\/revisions\/32481"}],"wp:featuredmedia":[{"embeddable":true,"href":"https:\/\/www.wallendorff.com\/belogue\/wp-json\/wp\/v2\/media\/32480"}],"wp:attachment":[{"href":"https:\/\/www.wallendorff.com\/belogue\/wp-json\/wp\/v2\/media?parent=32460"}],"wp:term":[{"taxonomy":"category","embeddable":true,"href":"https:\/\/www.wallendorff.com\/belogue\/wp-json\/wp\/v2\/categories?post=32460"},{"taxonomy":"post_tag","embeddable":true,"href":"https:\/\/www.wallendorff.com\/belogue\/wp-json\/wp\/v2\/tags?post=32460"}],"curies":[{"name":"wp","href":"https:\/\/api.w.org\/{rel}","templated":true}]}}