{"id":32356,"date":"2016-09-26T15:19:18","date_gmt":"2016-09-26T13:19:18","guid":{"rendered":"http:\/\/www.wallendorff.com\/belogue\/?p=32356"},"modified":"2016-09-26T15:19:18","modified_gmt":"2016-09-26T13:19:18","slug":"remise-a-nefs","status":"publish","type":"post","link":"https:\/\/www.wallendorff.com\/belogue\/2016\/09\/26\/remise-a-nefs\/","title":{"rendered":"Remise \u00e0 nefs."},"content":{"rendered":"\n<div id=\"photo\">\n<p><img decoding=\"async\" src=\"https:\/\/www.wallendorff.com\/belogue\/photo\/2016\/09\/20160926.jpg\"><br \/>\nS&ouml;dra Blasieholmshamnen, Stockholm, 21 juin.<\/p>\n<\/p><\/div>\n<div id=\"bandeson\">\n<p><img decoding=\"async\" src=\"https:\/\/www.wallendorff.com\/belogue\/photo\/pochettes\/k\/kaleo-ab.jpg\" align=\"left\" \/><a style=\"font-weight:normal\" id=\"lienmp3\" href=\"https:\/\/www.youtube.com\/watch?v=gpG9QRV9gTk\"><em>I Can&rsquo;t Go on Without You<\/em><\/a><br \/>\n<a href=\"http:\/\/www.officialkaleo.com\/\">Kaleo<\/a><\/p>\n<\/div>\n","protected":false},"excerpt":{"rendered":"<p>S&ouml;dra Blasieholmshamnen, Stockholm, 21 juin. I Can&rsquo;t Go on Without You Kaleo<\/p>\n","protected":false},"author":1,"featured_media":32358,"comment_status":"open","ping_status":"open","sticky":false,"template":"","format":"standard","meta":{"_acf_changed":false,"ngg_post_thumbnail":0,"jetpack_post_was_ever_published":false,"_jetpack_newsletter_access":"","_jetpack_dont_email_post_to_subs":false,"_jetpack_newsletter_tier_id":0,"_jetpack_memberships_contains_paywalled_content":false,"_jetpack_memberships_contains_paid_content":false,"footnotes":"","jetpack_publicize_message":"","jetpack_publicize_feature_enabled":true,"jetpack_social_post_already_shared":true,"jetpack_social_options":{"image_generator_settings":{"template":"highway","default_image_id":0,"font":"","enabled":false},"version":2}},"categories":[3],"tags":[4398,8351,4350,10326,13283,10151,10592,13282,4345,4138,13141],"class_list":["post-32356","post","type-post","status-publish","format-standard","has-post-thumbnail","hentry","category-dpc","tag-af-chapman","tag-eos-6d","tag-comte-de-stockholm","tag-crepuscule","tag-i-cant-go-on-without-you","tag-lune","tag-pose-longue","tag-sodra-blasieholmshamnen","tag-stockholm","tag-suede","tag-the-world"],"acf":[],"geo":{"latitude":59.3279305,"longitude":18.0777454,"description":"Stockholm, Stockholm, 113 01, SE"},"jetpack_publicize_connections":[],"jetpack_featured_media_url":"https:\/\/www.wallendorff.com\/belogue\/wp-content\/uploads\/2016\/09\/20160926.jpg","jetpack_shortlink":"https:\/\/wp.me\/p3b35P-8pS","jetpack_sharing_enabled":true,"jetpack-related-posts":[{"id":37980,"url":"https:\/\/www.wallendorff.com\/belogue\/2018\/04\/13\/into-the-wide-144\/","url_meta":{"origin":32356,"position":0},"title":"Into the wide #144.","author":"dpc","date":"13 avril 2018","format":false,"excerpt":"S\u00f6dra Blasieholmskajen, Stockholm, 10 f\u00e9vrier. A Still HeartThe Naked and Famous","rel":"","context":"Dans &quot;Into the wide&quot;","block_context":{"text":"Into the wide","link":"https:\/\/www.wallendorff.com\/belogue\/category\/into-the-wide\/"},"img":{"alt_text":"S\u00f6dra Blasieholmskajen, Stockholm, 10 f\u00e9vrier 2018.","src":"https:\/\/i0.wp.com\/www.wallendorff.com\/belogue\/wp-content\/uploads\/2018\/04\/20180413.jpg?resize=350%2C200&ssl=1","width":350,"height":200,"srcset":"https:\/\/i0.wp.com\/www.wallendorff.com\/belogue\/wp-content\/uploads\/2018\/04\/20180413.jpg?resize=350%2C200&ssl=1 1x, https:\/\/i0.wp.com\/www.wallendorff.com\/belogue\/wp-content\/uploads\/2018\/04\/20180413.jpg?resize=525%2C300&ssl=1 1.5x, https:\/\/i0.wp.com\/www.wallendorff.com\/belogue\/wp-content\/uploads\/2018\/04\/20180413.jpg?resize=700%2C400&ssl=1 2x, https:\/\/i0.wp.com\/www.wallendorff.com\/belogue\/wp-content\/uploads\/2018\/04\/20180413.jpg?resize=1050%2C600&ssl=1 3x"},"classes":[]},{"id":32359,"url":"https:\/\/www.wallendorff.com\/belogue\/2016\/09\/28\/into-the-wide-77\/","url_meta":{"origin":32356,"position":1},"title":"Into the wide #77.","author":"dpc","date":"28 septembre 2016","format":false,"excerpt":"S\u00f6dra Blasieholmshamnen, Stockholm, 21 juin. Derni\u00e8re photo de Stockholm, figurez-vous. Everybody Wants to Rule the World (acoustic) Curt Smith","rel":"","context":"Dans &quot;Into the wide&quot;","block_context":{"text":"Into the wide","link":"https:\/\/www.wallendorff.com\/belogue\/category\/into-the-wide\/"},"img":{"alt_text":"","src":"https:\/\/i0.wp.com\/www.wallendorff.com\/belogue\/wp-content\/uploads\/2016\/09\/20160928.jpg?resize=350%2C200&ssl=1","width":350,"height":200,"srcset":"https:\/\/i0.wp.com\/www.wallendorff.com\/belogue\/wp-content\/uploads\/2016\/09\/20160928.jpg?resize=350%2C200&ssl=1 1x, https:\/\/i0.wp.com\/www.wallendorff.com\/belogue\/wp-content\/uploads\/2016\/09\/20160928.jpg?resize=525%2C300&ssl=1 1.5x, https:\/\/i0.wp.com\/www.wallendorff.com\/belogue\/wp-content\/uploads\/2016\/09\/20160928.jpg?resize=700%2C400&ssl=1 2x, https:\/\/i0.wp.com\/www.wallendorff.com\/belogue\/wp-content\/uploads\/2016\/09\/20160928.jpg?resize=1050%2C600&ssl=1 3x"},"classes":[]},{"id":31583,"url":"https:\/\/www.wallendorff.com\/belogue\/2016\/06\/30\/juin-2016\/","url_meta":{"origin":32356,"position":2},"title":"Juin 2016.","author":"dpc","date":"30 juin 2016","format":false,"excerpt":"Un graffiti dyslexique, une inondation, un ap\u00e9ro, un pianiste, un atelier, un d\u00e9ji, des cornes, une poule, un cr\u00e2ne qui fait peur, un joli tricot, un festival, un crocodile, une le\u00e7on d'air guitar, un anniversaire, un chat pr\u00e9nomm\u00e9 Ayrton, un avion, une maison de la photo, un caf\u00e9, une nuit\u2026","rel":"","context":"Dans &quot;Blog-note&quot;","block_context":{"text":"Blog-note","link":"https:\/\/www.wallendorff.com\/belogue\/category\/blog-note\/"},"img":{"alt_text":"","src":"https:\/\/i0.wp.com\/www.wallendorff.com\/belogue\/wp-content\/uploads\/2016\/07\/20160718-50.jpg?resize=350%2C200&ssl=1","width":350,"height":200,"srcset":"https:\/\/i0.wp.com\/www.wallendorff.com\/belogue\/wp-content\/uploads\/2016\/07\/20160718-50.jpg?resize=350%2C200&ssl=1 1x, https:\/\/i0.wp.com\/www.wallendorff.com\/belogue\/wp-content\/uploads\/2016\/07\/20160718-50.jpg?resize=525%2C300&ssl=1 1.5x, https:\/\/i0.wp.com\/www.wallendorff.com\/belogue\/wp-content\/uploads\/2016\/07\/20160718-50.jpg?resize=700%2C400&ssl=1 2x"},"classes":[]},{"id":128454,"url":"https:\/\/www.wallendorff.com\/belogue\/2024\/06\/18\/cetait-2010\/","url_meta":{"origin":32356,"position":3},"title":"C&rsquo;\u00e9tait 2010.","author":"dpc","date":"18 juin 2024","format":false,"excerpt":"2010, ann\u00e9e z\u00e9ro. Paris, 9 janvier 2010. Black Rebel Motorcycle Club, Paris, 27 janvier 2010 Mumford & Sons, Paris, 21 f\u00e9vrier 2010 John Butler Trio @ la Boule Noire, Paris, 15 mars 2010 Dieppe, 20 mars 2010. Paris, 25 avril 2010. Gossip @ le Z\u00e9nith, Paris, 26 mai 2010 Gossip\u2026","rel":"","context":"Dans &quot;DPC&quot;","block_context":{"text":"DPC","link":"https:\/\/www.wallendorff.com\/belogue\/category\/dpc\/"},"img":{"alt_text":"","src":"https:\/\/i0.wp.com\/www.wallendorff.com\/belogue\/wp-content\/uploads\/2024\/06\/20240618-20.jpg?resize=350%2C200&ssl=1","width":350,"height":200,"srcset":"https:\/\/i0.wp.com\/www.wallendorff.com\/belogue\/wp-content\/uploads\/2024\/06\/20240618-20.jpg?resize=350%2C200&ssl=1 1x, https:\/\/i0.wp.com\/www.wallendorff.com\/belogue\/wp-content\/uploads\/2024\/06\/20240618-20.jpg?resize=525%2C300&ssl=1 1.5x, https:\/\/i0.wp.com\/www.wallendorff.com\/belogue\/wp-content\/uploads\/2024\/06\/20240618-20.jpg?resize=700%2C400&ssl=1 2x, https:\/\/i0.wp.com\/www.wallendorff.com\/belogue\/wp-content\/uploads\/2024\/06\/20240618-20.jpg?resize=1050%2C600&ssl=1 3x"},"classes":[]},{"id":128699,"url":"https:\/\/www.wallendorff.com\/belogue\/2024\/06\/26\/cetait-2018\/","url_meta":{"origin":32356,"position":4},"title":"C&rsquo;\u00e9tait 2018.","author":"dpc","date":"26 juin 2024","format":false,"excerpt":"2018, latitudes. Alt-J @ Bercy Ar\u00e9na, Paris, 11\/01\/2018 Stockholm, 11 f\u00e9vrier 2018. Langsele, 14 f\u00e9vrier 2018. George Ezra, Paris, 19 f\u00e9vrier 2018 The Wombats @ Pias Nite, la Maroquinerie, Paris, 08 mars 2018 Shaka Ponk @ Bercy Ar\u00e9na, Paris, 22 mars 2018 Phoenix @ la Ga\u00eet\u00e9-Lyrique, Paris, 29 mai 2018\u2026","rel":"","context":"Dans &quot;DPC&quot;","block_context":{"text":"DPC","link":"https:\/\/www.wallendorff.com\/belogue\/category\/dpc\/"},"img":{"alt_text":"","src":"https:\/\/i0.wp.com\/www.wallendorff.com\/belogue\/wp-content\/uploads\/2024\/06\/20240626-11.jpg?resize=350%2C200&ssl=1","width":350,"height":200,"srcset":"https:\/\/i0.wp.com\/www.wallendorff.com\/belogue\/wp-content\/uploads\/2024\/06\/20240626-11.jpg?resize=350%2C200&ssl=1 1x, https:\/\/i0.wp.com\/www.wallendorff.com\/belogue\/wp-content\/uploads\/2024\/06\/20240626-11.jpg?resize=525%2C300&ssl=1 1.5x, https:\/\/i0.wp.com\/www.wallendorff.com\/belogue\/wp-content\/uploads\/2024\/06\/20240626-11.jpg?resize=700%2C400&ssl=1 2x, https:\/\/i0.wp.com\/www.wallendorff.com\/belogue\/wp-content\/uploads\/2024\/06\/20240626-11.jpg?resize=1050%2C600&ssl=1 3x"},"classes":[]},{"id":9760,"url":"https:\/\/www.wallendorff.com\/belogue\/2010\/11\/07\/galerie-degueulasse\/","url_meta":{"origin":32356,"position":5},"title":"Galerie d\u00e9g[ueu]lasse.","author":"dpc","date":"7 novembre 2010","format":false,"excerpt":"M\u00e5rten Trotzigs Gr\u00e4nd, Stockholm, 29 ao\u00fbt. [Oui bon j'exag\u00e8re un peu, d'accord.] The Dead Weather \u2013 I Can't Hear You","rel":"","context":"Dans &quot;DPC&quot;","block_context":{"text":"DPC","link":"https:\/\/www.wallendorff.com\/belogue\/category\/dpc\/"},"img":{"alt_text":"","src":"https:\/\/i0.wp.com\/www.wallendorff.com\/belogue\/wp-content\/uploads\/2015\/04\/201011071.jpg?resize=350%2C200&ssl=1","width":350,"height":200},"classes":[]}],"_links":{"self":[{"href":"https:\/\/www.wallendorff.com\/belogue\/wp-json\/wp\/v2\/posts\/32356","targetHints":{"allow":["GET"]}}],"collection":[{"href":"https:\/\/www.wallendorff.com\/belogue\/wp-json\/wp\/v2\/posts"}],"about":[{"href":"https:\/\/www.wallendorff.com\/belogue\/wp-json\/wp\/v2\/types\/post"}],"author":[{"embeddable":true,"href":"https:\/\/www.wallendorff.com\/belogue\/wp-json\/wp\/v2\/users\/1"}],"replies":[{"embeddable":true,"href":"https:\/\/www.wallendorff.com\/belogue\/wp-json\/wp\/v2\/comments?post=32356"}],"version-history":[{"count":1,"href":"https:\/\/www.wallendorff.com\/belogue\/wp-json\/wp\/v2\/posts\/32356\/revisions"}],"predecessor-version":[{"id":32357,"href":"https:\/\/www.wallendorff.com\/belogue\/wp-json\/wp\/v2\/posts\/32356\/revisions\/32357"}],"wp:featuredmedia":[{"embeddable":true,"href":"https:\/\/www.wallendorff.com\/belogue\/wp-json\/wp\/v2\/media\/32358"}],"wp:attachment":[{"href":"https:\/\/www.wallendorff.com\/belogue\/wp-json\/wp\/v2\/media?parent=32356"}],"wp:term":[{"taxonomy":"category","embeddable":true,"href":"https:\/\/www.wallendorff.com\/belogue\/wp-json\/wp\/v2\/categories?post=32356"},{"taxonomy":"post_tag","embeddable":true,"href":"https:\/\/www.wallendorff.com\/belogue\/wp-json\/wp\/v2\/tags?post=32356"}],"curies":[{"name":"wp","href":"https:\/\/api.w.org\/{rel}","templated":true}]}}