{"id":32311,"date":"2016-09-21T15:58:02","date_gmt":"2016-09-21T13:58:02","guid":{"rendered":"http:\/\/www.wallendorff.com\/belogue\/?p=32311"},"modified":"2016-09-21T15:58:02","modified_gmt":"2016-09-21T13:58:02","slug":"les-gens-dautomne","status":"publish","type":"post","link":"https:\/\/www.wallendorff.com\/belogue\/2016\/09\/21\/les-gens-dautomne\/","title":{"rendered":"Les gens d&rsquo;automne."},"content":{"rendered":"\n<div id=\"photo\">\n<p><img decoding=\"async\" src=\"https:\/\/www.wallendorff.com\/belogue\/photo\/2016\/09\/20160921.jpg\"><br \/>\nH&ocirc;tel de ville de Stockholm, 21 juin.<\/p>\n<\/p><\/div>\n<div id=\"bandeson\">\n<p><img decoding=\"async\" src=\"https:\/\/www.wallendorff.com\/belogue\/photo\/pochettes\/h\/holmes_david-oceans_eleven.jpg\" align=\"left\" \/><a style=\"font-weight:normal\" id=\"lienmp3\" href=\"http:\/\/www.youtube.com\/watch?v=iUFTSoVUQKs\"><em>Tess<\/em><\/a><br \/>\n<a href=\"https:\/\/www.facebook.com\/DavidHolmesProducer\/\">David Holmes<\/a><\/p>\n<\/div>\n","protected":false},"excerpt":{"rendered":"<p>H&ocirc;tel de ville de Stockholm, 21 juin. Tess David Holmes<\/p>\n","protected":false},"author":1,"featured_media":32314,"comment_status":"open","ping_status":"open","sticky":false,"template":"","format":"standard","meta":{"_acf_changed":false,"ngg_post_thumbnail":0,"jetpack_post_was_ever_published":false,"_jetpack_newsletter_access":"","_jetpack_dont_email_post_to_subs":false,"_jetpack_newsletter_tier_id":0,"_jetpack_memberships_contains_paywalled_content":false,"_jetpack_memberships_contains_paid_content":false,"footnotes":"","jetpack_publicize_message":"","jetpack_publicize_feature_enabled":true,"jetpack_social_post_already_shared":true,"jetpack_social_options":{"image_generator_settings":{"template":"highway","default_image_id":0,"font":"","enabled":false},"version":2}},"categories":[3],"tags":[8751,8351,4350,10359,10326,222,10311,13113,13117,13272,4138,1186],"class_list":["post-32311","post","type-post","status-publish","format-standard","has-post-thumbnail","hentry","category-dpc","tag-ef-70-300mm-f4-5-6-is-usm","tag-eos-6d","tag-comte-de-stockholm","tag-couple","tag-crepuscule","tag-david-holmes","tag-dos","tag-gamla-stan","tag-hotel-de-ville-de-stockholm","tag-stockholme","tag-suede","tag-tess"],"acf":[],"geo":{"latitude":59.3268929,"longitude":18.0555363,"description":"Stockholm-globen, , 121 25, SE"},"jetpack_publicize_connections":[],"jetpack_featured_media_url":"https:\/\/www.wallendorff.com\/belogue\/wp-content\/uploads\/2016\/09\/20160921.jpg","jetpack_shortlink":"https:\/\/wp.me\/p3b35P-8p9","jetpack_sharing_enabled":true,"jetpack-related-posts":[{"id":292,"url":"https:\/\/www.wallendorff.com\/belogue\/2005\/08\/12\/cite-fort-tes-sires-au-sport\/","url_meta":{"origin":32311,"position":0},"title":"Cit&eacute;-fort [Tes sires au sport.]","author":"dpc","date":"12 ao\u00fbt 2005","format":false,"excerpt":"\u00cele de la Cit\u00e9, Paris, 7 ao\u00fbt. [Ce coup-ci, je conseille plut\u00f4t d'attendre un coucher de soleil orange pour \u00e9couter la bande-son1.] \u00a0David Holmes \u2013 Tess _____ 1 Oui, je sais. Je suis exigeant.","rel":"","context":"Dans &quot;DPC&quot;","block_context":{"text":"DPC","link":"https:\/\/www.wallendorff.com\/belogue\/category\/dpc\/"},"img":{"alt_text":"","src":"https:\/\/i0.wp.com\/www.wallendorff.com\/belogue\/wp-content\/uploads\/2015\/04\/200508121.jpg?resize=350%2C200&ssl=1","width":350,"height":200},"classes":[]},{"id":32291,"url":"https:\/\/www.wallendorff.com\/belogue\/2016\/09\/14\/into-the-wide-75\/","url_meta":{"origin":32311,"position":1},"title":"Into the wide #75.","author":"dpc","date":"14 septembre 2016","format":false,"excerpt":"H\u00f4tel de ville de Stockholm, 21 juin. 70 ans. Kashmir (live) Jimmy Page & Robert Plant","rel":"","context":"Dans &quot;Into the wide&quot;","block_context":{"text":"Into the wide","link":"https:\/\/www.wallendorff.com\/belogue\/category\/into-the-wide\/"},"img":{"alt_text":"","src":"https:\/\/i0.wp.com\/www.wallendorff.com\/belogue\/wp-content\/uploads\/2016\/09\/20160914.jpg?resize=350%2C200&ssl=1","width":350,"height":200,"srcset":"https:\/\/i0.wp.com\/www.wallendorff.com\/belogue\/wp-content\/uploads\/2016\/09\/20160914.jpg?resize=350%2C200&ssl=1 1x, https:\/\/i0.wp.com\/www.wallendorff.com\/belogue\/wp-content\/uploads\/2016\/09\/20160914.jpg?resize=525%2C300&ssl=1 1.5x, https:\/\/i0.wp.com\/www.wallendorff.com\/belogue\/wp-content\/uploads\/2016\/09\/20160914.jpg?resize=700%2C400&ssl=1 2x"},"classes":[]},{"id":32219,"url":"https:\/\/www.wallendorff.com\/belogue\/2016\/08\/31\/filles-de-dos-sur-un-quai-scandinave-5\/","url_meta":{"origin":32311,"position":2},"title":"Filles-de-dos-sur-un-quai-scandinave #5.","author":"dpc","date":"31 ao\u00fbt 2016","format":false,"excerpt":"H\u00f4tel de ville de Stockholm, 21 juin. Enfin, presque de dos. Real Love Baby Father John Misty","rel":"","context":"Dans &quot;DPC&quot;","block_context":{"text":"DPC","link":"https:\/\/www.wallendorff.com\/belogue\/category\/dpc\/"},"img":{"alt_text":"","src":"https:\/\/i0.wp.com\/www.wallendorff.com\/belogue\/wp-content\/uploads\/2016\/08\/20160831.jpg?resize=350%2C200&ssl=1","width":350,"height":200,"srcset":"https:\/\/i0.wp.com\/www.wallendorff.com\/belogue\/wp-content\/uploads\/2016\/08\/20160831.jpg?resize=350%2C200&ssl=1 1x, https:\/\/i0.wp.com\/www.wallendorff.com\/belogue\/wp-content\/uploads\/2016\/08\/20160831.jpg?resize=525%2C300&ssl=1 1.5x"},"classes":[]},{"id":12103,"url":"https:\/\/www.wallendorff.com\/belogue\/2011\/01\/28\/the-girl-on-the-bridge\/","url_meta":{"origin":32311,"position":3},"title":"The girl [on the bridge].","author":"dpc","date":"28 janvier 2011","format":false,"excerpt":"Pont des Arts, Paris, 22 d\u00e9cembre 2010. Yes, it is posed. It is not La fille sur le pont. There is no blond girl from who-knows-where taking pictures of the Seine with her phone. No Starbucks bag, no sneaking, no mystery, but the story of a Saturday night walk in\u2026","rel":"","context":"Dans &quot;Portraits&quot;","block_context":{"text":"Portraits","link":"https:\/\/www.wallendorff.com\/belogue\/category\/portraits\/"},"img":{"alt_text":"","src":"https:\/\/i0.wp.com\/www.wallendorff.com\/belogue\/wp-content\/uploads\/2015\/04\/201101281.jpg?resize=350%2C200&ssl=1","width":350,"height":200,"srcset":"https:\/\/i0.wp.com\/www.wallendorff.com\/belogue\/wp-content\/uploads\/2015\/04\/201101281.jpg?resize=350%2C200&ssl=1 1x, https:\/\/i0.wp.com\/www.wallendorff.com\/belogue\/wp-content\/uploads\/2015\/04\/201101281.jpg?resize=525%2C300&ssl=1 1.5x, https:\/\/i0.wp.com\/www.wallendorff.com\/belogue\/wp-content\/uploads\/2015\/04\/201101281.jpg?resize=700%2C400&ssl=1 2x"},"classes":[]},{"id":22332,"url":"https:\/\/www.wallendorff.com\/belogue\/2014\/01\/03\/into-the-wide-25\/","url_meta":{"origin":32311,"position":4},"title":"Into the wide #25.","author":"dpc","date":"3 janvier 2014","format":false,"excerpt":"Pont de la Tournelle, Paris, 8 d\u00e9cembre 2013. Une revisite de celle-ci, mais en rose. 69 Police David Holmes","rel":"","context":"Dans &quot;Into the wide&quot;","block_context":{"text":"Into the wide","link":"https:\/\/www.wallendorff.com\/belogue\/category\/into-the-wide\/"},"img":{"alt_text":"","src":"https:\/\/i0.wp.com\/www.wallendorff.com\/belogue\/wp-content\/uploads\/2015\/04\/201401031.jpg?resize=350%2C200&ssl=1","width":350,"height":200,"srcset":"https:\/\/i0.wp.com\/www.wallendorff.com\/belogue\/wp-content\/uploads\/2015\/04\/201401031.jpg?resize=350%2C200&ssl=1 1x, https:\/\/i0.wp.com\/www.wallendorff.com\/belogue\/wp-content\/uploads\/2015\/04\/201401031.jpg?resize=525%2C300&ssl=1 1.5x, https:\/\/i0.wp.com\/www.wallendorff.com\/belogue\/wp-content\/uploads\/2015\/04\/201401031.jpg?resize=700%2C400&ssl=1 2x"},"classes":[]},{"id":9687,"url":"https:\/\/www.wallendorff.com\/belogue\/2010\/10\/19\/ecru-voire-un-chrome-inne\/","url_meta":{"origin":32311,"position":5},"title":"\u00c9cru, voire un chrome inn\u00e9.","author":"dpc","date":"19 octobre 2010","format":false,"excerpt":"Strandv\u00e4gen, Stockholm, 27 ao\u00fbt. Ne dites pas\u00a0: \u00ab\u00a0Le bruit que produit ce bateau trop large en frottant les parois du canal menant de Lyon \u00e0 Paris est fort p\u00e9nible.\u00a0\u00bb Mais dites\u00a0: \u00ab\u00a0C'est l'effet Loire-Seine.\u00a0\u00bb Hum. The Detroit Cobras \u2013 Ya Ya Ya (Looking for My Baby) (The Nite Riders cover)","rel":"","context":"Dans &quot;DPC&quot;","block_context":{"text":"DPC","link":"https:\/\/www.wallendorff.com\/belogue\/category\/dpc\/"},"img":{"alt_text":"","src":"https:\/\/i0.wp.com\/www.wallendorff.com\/belogue\/wp-content\/uploads\/2015\/04\/201010191.jpg?resize=350%2C200&ssl=1","width":350,"height":200},"classes":[]}],"_links":{"self":[{"href":"https:\/\/www.wallendorff.com\/belogue\/wp-json\/wp\/v2\/posts\/32311","targetHints":{"allow":["GET"]}}],"collection":[{"href":"https:\/\/www.wallendorff.com\/belogue\/wp-json\/wp\/v2\/posts"}],"about":[{"href":"https:\/\/www.wallendorff.com\/belogue\/wp-json\/wp\/v2\/types\/post"}],"author":[{"embeddable":true,"href":"https:\/\/www.wallendorff.com\/belogue\/wp-json\/wp\/v2\/users\/1"}],"replies":[{"embeddable":true,"href":"https:\/\/www.wallendorff.com\/belogue\/wp-json\/wp\/v2\/comments?post=32311"}],"version-history":[{"count":2,"href":"https:\/\/www.wallendorff.com\/belogue\/wp-json\/wp\/v2\/posts\/32311\/revisions"}],"predecessor-version":[{"id":32313,"href":"https:\/\/www.wallendorff.com\/belogue\/wp-json\/wp\/v2\/posts\/32311\/revisions\/32313"}],"wp:featuredmedia":[{"embeddable":true,"href":"https:\/\/www.wallendorff.com\/belogue\/wp-json\/wp\/v2\/media\/32314"}],"wp:attachment":[{"href":"https:\/\/www.wallendorff.com\/belogue\/wp-json\/wp\/v2\/media?parent=32311"}],"wp:term":[{"taxonomy":"category","embeddable":true,"href":"https:\/\/www.wallendorff.com\/belogue\/wp-json\/wp\/v2\/categories?post=32311"},{"taxonomy":"post_tag","embeddable":true,"href":"https:\/\/www.wallendorff.com\/belogue\/wp-json\/wp\/v2\/tags?post=32311"}],"curies":[{"name":"wp","href":"https:\/\/api.w.org\/{rel}","templated":true}]}}