{"id":323,"date":"2005-07-07T08:55:52","date_gmt":"2005-07-07T08:55:52","guid":{"rendered":"http:\/\/www.po-l.com\/wordpress\/?p=323"},"modified":"2012-05-21T14:23:16","modified_gmt":"2012-05-21T12:23:16","slug":"les-eurockeennes-belfort-day-0","status":"publish","type":"post","link":"https:\/\/www.wallendorff.com\/belogue\/2005\/07\/07\/les-eurockeennes-belfort-day-0\/","title":{"rendered":"Les Eurock&eacute;ennes, Belfort, day #0."},"content":{"rendered":"<p>Chaque ann&eacute;e, &agrave; l&rsquo;approche des vacances, lors de l&rsquo;ultime v&eacute;rification de l&rsquo;appareil, des milliers de photos-test sont prises et vou&eacute;es, d&egrave;s la naissance, &agrave; l&rsquo;abandon et l&rsquo;ignorance du grand public. Des portraits du chien, des natures mortes de la plante verte de l&rsquo;entr&eacute;e et des paysages de l&rsquo;arri&egrave;re-cuisine de tata Marcelle sont cach&eacute;es sans vergogne aux yeux du plus grand nombre, au profit de photos de vacances sur la plage, de tours de Pise pench&eacute;es et de gens &eacute;m&eacute;ch&eacute;s qui rendent gorge<sup>1<\/sup>. En guise de soutien &agrave; ces clich&eacute;s d&eacute;laiss&eacute;s, j&rsquo;ai d&eacute;cid&eacute; de rendre, ici et&nbsp;maintenant, celle de Belfort publique<sup>2<\/sup>.<\/p>\n<div id=\"photo\">\n<p><img decoding=\"async\" src=\"http:\/\/www.po-L.com\/belogue\/photo\/2005\/07\/20050708-2.jpg\"><br \/>\nI&rsquo;m gonna tie you up the wall and lick the Nutella off your skin, La table du salon, Paris, 01h42.<\/p>\n<\/div>\n<p style=\"text-align:right\">Merci pour elle.<\/p>\n<p style=\"text-align:right\">\u00ab\u00a0<em>All this time<br \/>\n  All this space<br \/>\n  All these words<\/em>\u00ab\u00a0<\/p>\n<p>_________<\/p>\n<div id=\"bas_note\">\n<p><sup>1<\/sup> &#8211; c&rsquo;est quand m&ecirc;me super classe, comme expression.<\/p>\n<p><sup>2<\/sup> &#8211; Non. Ce n&rsquo;est pas vrai. Je ne suis pas r&eacute;duit &agrave; ce genre de grossier subterfuge afin de pallier&nbsp;un quelconque probl&egrave;me de stock de photos qui s&rsquo;amenuise. C&rsquo;est pas gentil, d&rsquo;insinuer de telles choses.<\/p>\n<\/div>\n<div id=\"bandeson\">\n<p><img decoding=\"async\" src=\"https:\/\/www.wallendorff.com\/belogue\/photo\/pochettes\/s\/secret_machines-now_here_is_nowhere.jpg\" align=\"left\" \/>&nbsp;<a href=\"http:\/\/www.thesecretmachines.com\/\">Secret Machines<\/a> &ndash; <em>Now Here Is Nowhere<\/em><\/p>\n<\/div>\n","protected":false},"excerpt":{"rendered":"<p>Chaque ann&eacute;e, &agrave; l&rsquo;approche des vacances, lors de l&rsquo;ultime v&eacute;rification de l&rsquo;appareil, des milliers de photos-test sont prises et vou&eacute;es, d&egrave;s la naissance, &agrave; l&rsquo;abandon et l&rsquo;ignorance du grand public. Des portraits du chien, des natures mortes de la plante verte de l&rsquo;entr&eacute;e et des paysages de l&rsquo;arri&egrave;re-cuisine de tata Marcelle sont cach&eacute;es sans vergogne&hellip;<\/p>\n","protected":false},"author":1,"featured_media":24263,"comment_status":"open","ping_status":"open","sticky":false,"template":"","format":"standard","meta":{"_acf_changed":false,"ngg_post_thumbnail":0,"jetpack_post_was_ever_published":false,"_jetpack_newsletter_access":"","_jetpack_dont_email_post_to_subs":false,"_jetpack_newsletter_tier_id":0,"_jetpack_memberships_contains_paywalled_content":false,"_jetpack_memberships_contains_paid_content":false,"footnotes":"","jetpack_publicize_message":"","jetpack_publicize_feature_enabled":true,"jetpack_social_post_already_shared":false,"jetpack_social_options":{"image_generator_settings":{"template":"highway","default_image_id":0,"font":"","enabled":false},"version":2}},"categories":[3],"tags":[10224,10183,132,1069,10109,3350,10136,10120,10121,1116,1115,10098,587,173,10334],"class_list":["post-323","post","type-post","status-publish","format-standard","has-post-thumbnail","hentry","category-dpc","tag-10224","tag-10183","tag-eos-20d","tag-clope","tag-eurockeennes","tag-eurockeennes-2005","tag-festival","tag-france","tag-ile-de-france","tag-now-here-is-nowhere","tag-nutella","tag-paris","tag-secret-machines","tag-sigma-28-70-mm-f28-dg-ex","tag-table"],"acf":[],"geo":{"latitude":48.8669472,"longitude":2.3822281,"description":null},"jetpack_publicize_connections":[],"jetpack_featured_media_url":"https:\/\/www.wallendorff.com\/belogue\/wp-content\/uploads\/2015\/04\/20050708-21.jpg","jetpack_shortlink":"https:\/\/wp.me\/p3b35P-5d","jetpack_sharing_enabled":true,"jetpack-related-posts":[{"id":129128,"url":"https:\/\/www.wallendorff.com\/belogue\/2024\/07\/07\/les-eurockeennes-2024-belfort-jour-3\/","url_meta":{"origin":323,"position":0},"title":"Les Eurock\u00e9ennes 2024, Belfort, jour 3.","author":"dpc","date":"7 juillet 2024","format":false,"excerpt":"Et on finit par une \u00e9pique journ\u00e9e bien bien boueuse des familles. Je m'arr\u00eate l\u00e0 pour cette ann\u00e9e. \u00c0 l'ann\u00e9e prochaine ? Les Eurock\u00e9ennes, Belfort, 06\/07\/2024 Bar Italia @ les Eurock\u00e9ennes, Belfort, 06\/07\/2024 Les Eurock\u00e9ennes, Belfort, 06\/07\/2024 Bar Italia @ les Eurock\u00e9ennes, Belfort, 06\/07\/2024 Les Eurock\u00e9ennes, Belfort, 06\/07\/2024 Bar Italia\u2026","rel":"","context":"Dans &quot;Alive&quot;","block_context":{"text":"Alive","link":"https:\/\/www.wallendorff.com\/belogue\/category\/alive\/"},"img":{"alt_text":"","src":"https:\/\/i0.wp.com\/www.wallendorff.com\/belogue\/wp-content\/uploads\/2024\/07\/20240707-81.jpg?resize=350%2C200&ssl=1","width":350,"height":200,"srcset":"https:\/\/i0.wp.com\/www.wallendorff.com\/belogue\/wp-content\/uploads\/2024\/07\/20240707-81.jpg?resize=350%2C200&ssl=1 1x, https:\/\/i0.wp.com\/www.wallendorff.com\/belogue\/wp-content\/uploads\/2024\/07\/20240707-81.jpg?resize=525%2C300&ssl=1 1.5x, https:\/\/i0.wp.com\/www.wallendorff.com\/belogue\/wp-content\/uploads\/2024\/07\/20240707-81.jpg?resize=700%2C400&ssl=1 2x, https:\/\/i0.wp.com\/www.wallendorff.com\/belogue\/wp-content\/uploads\/2024\/07\/20240707-81.jpg?resize=1050%2C600&ssl=1 3x"},"classes":[]},{"id":132766,"url":"https:\/\/www.wallendorff.com\/belogue\/2025\/07\/09\/les-eurockeennes-belfort-3-6-juillet-2025\/","url_meta":{"origin":323,"position":1},"title":"Les Eurock\u00e9ennes, Belfort, 3 \u2013 6 juillet 2025.","author":"dpc","date":"9 juillet 2025","format":false,"excerpt":"Parce que je suis \u00e0 un homme de tradition - tion-tion-tion-tion-tion-tion-tion-tion-tion-tion-tion-tion-tion-tion-tion. \u00c0 l'ann\u00e9e prochaine\u00a0? It's Better People Oasis","rel":"","context":"Dans &quot;Alive&quot;","block_context":{"text":"Alive","link":"https:\/\/www.wallendorff.com\/belogue\/category\/alive\/"},"img":{"alt_text":"","src":"https:\/\/i0.wp.com\/www.wallendorff.com\/belogue\/wp-content\/uploads\/2025\/07\/20250709.jpg?resize=350%2C200&ssl=1","width":350,"height":200,"srcset":"https:\/\/i0.wp.com\/www.wallendorff.com\/belogue\/wp-content\/uploads\/2025\/07\/20250709.jpg?resize=350%2C200&ssl=1 1x, https:\/\/i0.wp.com\/www.wallendorff.com\/belogue\/wp-content\/uploads\/2025\/07\/20250709.jpg?resize=525%2C300&ssl=1 1.5x, https:\/\/i0.wp.com\/www.wallendorff.com\/belogue\/wp-content\/uploads\/2025\/07\/20250709.jpg?resize=700%2C400&ssl=1 2x, https:\/\/i0.wp.com\/www.wallendorff.com\/belogue\/wp-content\/uploads\/2025\/07\/20250709.jpg?resize=1050%2C600&ssl=1 3x"},"classes":[]},{"id":129219,"url":"https:\/\/www.wallendorff.com\/belogue\/2024\/07\/09\/les-eurockeennes-belfort-4-6-juillet-2024\/","url_meta":{"origin":323,"position":2},"title":"Les Eurock\u00e9ennes, Belfort, 4 \u2013 6 juillet 2024.","author":"dpc","date":"9 juillet 2024","format":false,"excerpt":"Parce que je suis \u00e0 un homme de tradition-tion-tion-tion-tion-tion-tion-tion-tion-tion-tion-tion-tion-tion-tion. \u00c0 l'ann\u00e9e prochaine\u00a0? It's Better People Oasis","rel":"","context":"Dans &quot;Alive&quot;","block_context":{"text":"Alive","link":"https:\/\/www.wallendorff.com\/belogue\/category\/alive\/"},"img":{"alt_text":"","src":"https:\/\/i0.wp.com\/www.wallendorff.com\/belogue\/wp-content\/uploads\/2024\/07\/20240709.jpg?resize=350%2C200&ssl=1","width":350,"height":200,"srcset":"https:\/\/i0.wp.com\/www.wallendorff.com\/belogue\/wp-content\/uploads\/2024\/07\/20240709.jpg?resize=350%2C200&ssl=1 1x, https:\/\/i0.wp.com\/www.wallendorff.com\/belogue\/wp-content\/uploads\/2024\/07\/20240709.jpg?resize=525%2C300&ssl=1 1.5x, https:\/\/i0.wp.com\/www.wallendorff.com\/belogue\/wp-content\/uploads\/2024\/07\/20240709.jpg?resize=700%2C400&ssl=1 2x, https:\/\/i0.wp.com\/www.wallendorff.com\/belogue\/wp-content\/uploads\/2024\/07\/20240709.jpg?resize=1050%2C600&ssl=1 3x"},"classes":[]},{"id":125173,"url":"https:\/\/www.wallendorff.com\/belogue\/2023\/07\/04\/les-eurockeennes-belfort-29-juin-2-juillet-2023\/","url_meta":{"origin":323,"position":3},"title":"Les Eurock\u00e9ennes, Belfort, 29 juin \u2013 2 juillet 2023.","author":"dpc","date":"4 juillet 2023","format":false,"excerpt":"Parce que je suis \u00e0 un homme de tradition-tion-tion-tion-tion-tion-tion-tion-tion-tion-tion-tion-tion-tion. \u00c0 l'ann\u00e9e prochaine pour \u2013\u00a0esp\u00e9rons-le, en tout cas\u00a0\u2013 un retour \u00e0 la normale. It's Better People Oasis","rel":"","context":"Dans &quot;Alive&quot;","block_context":{"text":"Alive","link":"https:\/\/www.wallendorff.com\/belogue\/category\/alive\/"},"img":{"alt_text":"","src":"https:\/\/i0.wp.com\/www.wallendorff.com\/belogue\/wp-content\/uploads\/2023\/07\/20230704.jpg?resize=350%2C200&ssl=1","width":350,"height":200,"srcset":"https:\/\/i0.wp.com\/www.wallendorff.com\/belogue\/wp-content\/uploads\/2023\/07\/20230704.jpg?resize=350%2C200&ssl=1 1x, https:\/\/i0.wp.com\/www.wallendorff.com\/belogue\/wp-content\/uploads\/2023\/07\/20230704.jpg?resize=525%2C300&ssl=1 1.5x, https:\/\/i0.wp.com\/www.wallendorff.com\/belogue\/wp-content\/uploads\/2023\/07\/20230704.jpg?resize=700%2C400&ssl=1 2x, https:\/\/i0.wp.com\/www.wallendorff.com\/belogue\/wp-content\/uploads\/2023\/07\/20230704.jpg?resize=1050%2C600&ssl=1 3x"},"classes":[]},{"id":125131,"url":"https:\/\/www.wallendorff.com\/belogue\/2023\/07\/03\/les-eurockeennes-2023-belfort-jour-4\/","url_meta":{"origin":323,"position":4},"title":"Les Eurock\u00e9ennes 2023, Belfort, jour 4.","author":"dpc","date":"3 juillet 2023","format":false,"excerpt":"1 sc\u00e8ne + 3 groupes dont 1 t\u00eate d'affiche qui limite les photographes et qui bloque l'acc\u00e8s au front de sc\u00e8ne = une maigre galerie. Chef and the Gang @ les Eurock\u00e9ennes, Belfort, 02\/07\/2023 Les Eurock\u00e9ennes, Belfort, 02\/07\/2023 Chef and the Gang @ les Eurock\u00e9ennes, Belfort, 02\/07\/2023 Les Eurock\u00e9ennes, Belfort,\u2026","rel":"","context":"Dans &quot;Alive&quot;","block_context":{"text":"Alive","link":"https:\/\/www.wallendorff.com\/belogue\/category\/alive\/"},"img":{"alt_text":"","src":"https:\/\/i0.wp.com\/www.wallendorff.com\/belogue\/wp-content\/uploads\/2023\/07\/20230703-07.jpg?resize=350%2C200&ssl=1","width":350,"height":200,"srcset":"https:\/\/i0.wp.com\/www.wallendorff.com\/belogue\/wp-content\/uploads\/2023\/07\/20230703-07.jpg?resize=350%2C200&ssl=1 1x, https:\/\/i0.wp.com\/www.wallendorff.com\/belogue\/wp-content\/uploads\/2023\/07\/20230703-07.jpg?resize=525%2C300&ssl=1 1.5x, https:\/\/i0.wp.com\/www.wallendorff.com\/belogue\/wp-content\/uploads\/2023\/07\/20230703-07.jpg?resize=700%2C400&ssl=1 2x, https:\/\/i0.wp.com\/www.wallendorff.com\/belogue\/wp-content\/uploads\/2023\/07\/20230703-07.jpg?resize=1050%2C600&ssl=1 3x"},"classes":[]},{"id":124968,"url":"https:\/\/www.wallendorff.com\/belogue\/2023\/07\/01\/les-eurockeennes-2023-belfort-jour-2\/","url_meta":{"origin":323,"position":5},"title":"Les Eurock\u00e9ennes 2023, Belfort, jour 2.","author":"dpc","date":"1 juillet 2023","format":false,"excerpt":"Les Eurock\u00e9ennes, Belfort, 30\/06\/2023 Les Eurock\u00e9ennes, Belfort, 30\/06\/2023 Les Eurock\u00e9ennes, Belfort, 30\/06\/2023 Yard Act @ les Eurock\u00e9ennes, Belfort, 30\/06\/2023 Yard Act @ les Eurock\u00e9ennes, Belfort, 30\/06\/2023 Yard Act @ les Eurock\u00e9ennes, Belfort, 30\/06\/2023 Les Eurock\u00e9ennes, Belfort, 30\/06\/2023 Yard Act @ les Eurock\u00e9ennes, Belfort, 30\/06\/2023 Yard Act @ les Eurock\u00e9ennes, Belfort,\u2026","rel":"","context":"Dans &quot;Alive&quot;","block_context":{"text":"Alive","link":"https:\/\/www.wallendorff.com\/belogue\/category\/alive\/"},"img":{"alt_text":"","src":"https:\/\/i0.wp.com\/www.wallendorff.com\/belogue\/wp-content\/uploads\/2023\/07\/20230701-74.jpg?resize=350%2C200&ssl=1","width":350,"height":200,"srcset":"https:\/\/i0.wp.com\/www.wallendorff.com\/belogue\/wp-content\/uploads\/2023\/07\/20230701-74.jpg?resize=350%2C200&ssl=1 1x, https:\/\/i0.wp.com\/www.wallendorff.com\/belogue\/wp-content\/uploads\/2023\/07\/20230701-74.jpg?resize=525%2C300&ssl=1 1.5x, https:\/\/i0.wp.com\/www.wallendorff.com\/belogue\/wp-content\/uploads\/2023\/07\/20230701-74.jpg?resize=700%2C400&ssl=1 2x, https:\/\/i0.wp.com\/www.wallendorff.com\/belogue\/wp-content\/uploads\/2023\/07\/20230701-74.jpg?resize=1050%2C600&ssl=1 3x"},"classes":[]}],"_links":{"self":[{"href":"https:\/\/www.wallendorff.com\/belogue\/wp-json\/wp\/v2\/posts\/323","targetHints":{"allow":["GET"]}}],"collection":[{"href":"https:\/\/www.wallendorff.com\/belogue\/wp-json\/wp\/v2\/posts"}],"about":[{"href":"https:\/\/www.wallendorff.com\/belogue\/wp-json\/wp\/v2\/types\/post"}],"author":[{"embeddable":true,"href":"https:\/\/www.wallendorff.com\/belogue\/wp-json\/wp\/v2\/users\/1"}],"replies":[{"embeddable":true,"href":"https:\/\/www.wallendorff.com\/belogue\/wp-json\/wp\/v2\/comments?post=323"}],"version-history":[{"count":1,"href":"https:\/\/www.wallendorff.com\/belogue\/wp-json\/wp\/v2\/posts\/323\/revisions"}],"predecessor-version":[{"id":17374,"href":"https:\/\/www.wallendorff.com\/belogue\/wp-json\/wp\/v2\/posts\/323\/revisions\/17374"}],"wp:featuredmedia":[{"embeddable":true,"href":"https:\/\/www.wallendorff.com\/belogue\/wp-json\/wp\/v2\/media\/24263"}],"wp:attachment":[{"href":"https:\/\/www.wallendorff.com\/belogue\/wp-json\/wp\/v2\/media?parent=323"}],"wp:term":[{"taxonomy":"category","embeddable":true,"href":"https:\/\/www.wallendorff.com\/belogue\/wp-json\/wp\/v2\/categories?post=323"},{"taxonomy":"post_tag","embeddable":true,"href":"https:\/\/www.wallendorff.com\/belogue\/wp-json\/wp\/v2\/tags?post=323"}],"curies":[{"name":"wp","href":"https:\/\/api.w.org\/{rel}","templated":true}]}}