{"id":32291,"date":"2016-09-14T19:57:40","date_gmt":"2016-09-14T17:57:40","guid":{"rendered":"http:\/\/www.wallendorff.com\/belogue\/?p=32291"},"modified":"2016-09-14T19:57:40","modified_gmt":"2016-09-14T17:57:40","slug":"into-the-wide-75","status":"publish","type":"post","link":"https:\/\/www.wallendorff.com\/belogue\/2016\/09\/14\/into-the-wide-75\/","title":{"rendered":"Into the wide #75."},"content":{"rendered":"\n<div id=\"photo\">\n<p><img decoding=\"async\" src=\"https:\/\/www.wallendorff.com\/belogue\/photo\/2016\/09\/20160914.jpg\"><br \/>\nH&ocirc;tel de ville de Stockholm, 21 juin.<\/p>\n<\/p><\/div>\n<p style=\"text-align:right\">70 ans.<\/p>\n<div id=\"bandeson\">\n<p><img decoding=\"async\" src=\"https:\/\/www.wallendorff.com\/belogue\/photo\/pochettes\/p\/page_jimmy_plant_robert-no_quarter.jpg\" align=\"left\" \/><a style=\"font-weight:normal\" id=\"lienmp3\" href=\"http:\/\/www.youtube.com\/watch?v=9vbeilE0UrQ\"><em>Kashmir<\/em> (live)<\/a><br \/>\n<a href=\"http:\/\/www.ledzeppelin.com\/\">Jimmy Page &amp; Robert Plant<\/a><\/p>\n<\/div>\n","protected":false},"excerpt":{"rendered":"<p>H&ocirc;tel de ville de Stockholm, 21 juin. 70 ans. Kashmir (live) Jimmy Page &amp; Robert Plant<\/p>\n","protected":false},"author":1,"featured_media":32293,"comment_status":"open","ping_status":"open","sticky":false,"template":"","format":"standard","meta":{"_acf_changed":false,"ngg_post_thumbnail":0,"jetpack_post_was_ever_published":false,"_jetpack_newsletter_access":"","_jetpack_dont_email_post_to_subs":false,"_jetpack_newsletter_tier_id":0,"_jetpack_memberships_contains_paywalled_content":false,"_jetpack_memberships_contains_paid_content":false,"footnotes":"","jetpack_publicize_message":"","jetpack_publicize_feature_enabled":true,"jetpack_social_post_already_shared":true,"jetpack_social_options":{"image_generator_settings":{"template":"highway","default_image_id":0,"font":"","enabled":false},"version":2}},"categories":[7356],"tags":[8170,8351,10657,4350,10326,10629,12213,13117,1027,13273,11323,13272,4138],"class_list":["post-32291","post","type-post","status-publish","format-standard","has-post-thumbnail","hentry","category-into-the-wide","tag-ef-24-70-mm-f2-8l-ii-usm","tag-eos-6d","tag-colonne","tag-comte-de-stockholm","tag-crepuscule","tag-galerie","tag-hotel-de-ville","tag-hotel-de-ville-de-stockholm","tag-jimmy-page-robert-plant","tag-kashmir","tag-panoramique","tag-stockholme","tag-suede"],"acf":[],"geo":{"latitude":59.3272552,"longitude":18.0551605,"description":"Stockholm-globen, , 121 25, SE"},"jetpack_publicize_connections":[],"jetpack_featured_media_url":"https:\/\/www.wallendorff.com\/belogue\/wp-content\/uploads\/2016\/09\/20160914.jpg","jetpack_shortlink":"https:\/\/wp.me\/p3b35P-8oP","jetpack_sharing_enabled":true,"jetpack-related-posts":[{"id":32311,"url":"https:\/\/www.wallendorff.com\/belogue\/2016\/09\/21\/les-gens-dautomne\/","url_meta":{"origin":32291,"position":0},"title":"Les gens d&rsquo;automne.","author":"dpc","date":"21 septembre 2016","format":false,"excerpt":"H\u00f4tel de ville de Stockholm, 21 juin. Tess David Holmes","rel":"","context":"Dans &quot;DPC&quot;","block_context":{"text":"DPC","link":"https:\/\/www.wallendorff.com\/belogue\/category\/dpc\/"},"img":{"alt_text":"","src":"https:\/\/i0.wp.com\/www.wallendorff.com\/belogue\/wp-content\/uploads\/2016\/09\/20160921.jpg?resize=350%2C200&ssl=1","width":350,"height":200,"srcset":"https:\/\/i0.wp.com\/www.wallendorff.com\/belogue\/wp-content\/uploads\/2016\/09\/20160921.jpg?resize=350%2C200&ssl=1 1x, https:\/\/i0.wp.com\/www.wallendorff.com\/belogue\/wp-content\/uploads\/2016\/09\/20160921.jpg?resize=525%2C300&ssl=1 1.5x, https:\/\/i0.wp.com\/www.wallendorff.com\/belogue\/wp-content\/uploads\/2016\/09\/20160921.jpg?resize=700%2C400&ssl=1 2x"},"classes":[]},{"id":32219,"url":"https:\/\/www.wallendorff.com\/belogue\/2016\/08\/31\/filles-de-dos-sur-un-quai-scandinave-5\/","url_meta":{"origin":32291,"position":1},"title":"Filles-de-dos-sur-un-quai-scandinave #5.","author":"dpc","date":"31 ao\u00fbt 2016","format":false,"excerpt":"H\u00f4tel de ville de Stockholm, 21 juin. Enfin, presque de dos. Real Love Baby Father John Misty","rel":"","context":"Dans &quot;DPC&quot;","block_context":{"text":"DPC","link":"https:\/\/www.wallendorff.com\/belogue\/category\/dpc\/"},"img":{"alt_text":"","src":"https:\/\/i0.wp.com\/www.wallendorff.com\/belogue\/wp-content\/uploads\/2016\/08\/20160831.jpg?resize=350%2C200&ssl=1","width":350,"height":200,"srcset":"https:\/\/i0.wp.com\/www.wallendorff.com\/belogue\/wp-content\/uploads\/2016\/08\/20160831.jpg?resize=350%2C200&ssl=1 1x, https:\/\/i0.wp.com\/www.wallendorff.com\/belogue\/wp-content\/uploads\/2016\/08\/20160831.jpg?resize=525%2C300&ssl=1 1.5x"},"classes":[]},{"id":34351,"url":"https:\/\/www.wallendorff.com\/belogue\/2017\/06\/28\/into-the-wide-103\/","url_meta":{"origin":32291,"position":2},"title":"Into the wide #103.","author":"dpc","date":"28 juin 2017","format":false,"excerpt":"Fridtjof Nansens Plass, Oslo, 7 mai. Wait (non-electric) The Kills","rel":"","context":"Dans &quot;Into the wide&quot;","block_context":{"text":"Into the wide","link":"https:\/\/www.wallendorff.com\/belogue\/category\/into-the-wide\/"},"img":{"alt_text":"","src":"https:\/\/i0.wp.com\/www.wallendorff.com\/belogue\/wp-content\/uploads\/2017\/06\/20170628.jpg?resize=350%2C200&ssl=1","width":350,"height":200,"srcset":"https:\/\/i0.wp.com\/www.wallendorff.com\/belogue\/wp-content\/uploads\/2017\/06\/20170628.jpg?resize=350%2C200&ssl=1 1x, https:\/\/i0.wp.com\/www.wallendorff.com\/belogue\/wp-content\/uploads\/2017\/06\/20170628.jpg?resize=525%2C300&ssl=1 1.5x, https:\/\/i0.wp.com\/www.wallendorff.com\/belogue\/wp-content\/uploads\/2017\/06\/20170628.jpg?resize=700%2C400&ssl=1 2x, https:\/\/i0.wp.com\/www.wallendorff.com\/belogue\/wp-content\/uploads\/2017\/06\/20170628.jpg?resize=1050%2C600&ssl=1 3x"},"classes":[]},{"id":900,"url":"https:\/\/www.wallendorff.com\/belogue\/2007\/02\/20\/clairs-hiers\/","url_meta":{"origin":32291,"position":3},"title":"Clairs hiers.","author":"dpc","date":"20 f\u00e9vrier 2007","format":false,"excerpt":"For\u00eat de S\u00e9cheval, 11 f\u00e9vrier. \u201cDance in the dark of night, Sing to the morning light.\u201d \u00a0Jimmy Page \/ Robert Plant \u2013 The Battle of Evermore (live)","rel":"","context":"Dans &quot;DPC&quot;","block_context":{"text":"DPC","link":"https:\/\/www.wallendorff.com\/belogue\/category\/dpc\/"},"img":{"alt_text":"","src":"https:\/\/i0.wp.com\/www.wallendorff.com\/belogue\/wp-content\/uploads\/2015\/04\/200702201.jpg?resize=350%2C200&ssl=1","width":350,"height":200,"srcset":"https:\/\/i0.wp.com\/www.wallendorff.com\/belogue\/wp-content\/uploads\/2015\/04\/200702201.jpg?resize=350%2C200&ssl=1 1x, https:\/\/i0.wp.com\/www.wallendorff.com\/belogue\/wp-content\/uploads\/2015\/04\/200702201.jpg?resize=525%2C300&ssl=1 1.5x, https:\/\/i0.wp.com\/www.wallendorff.com\/belogue\/wp-content\/uploads\/2015\/04\/200702201.jpg?resize=700%2C400&ssl=1 2x"},"classes":[]},{"id":971,"url":"https:\/\/www.wallendorff.com\/belogue\/2007\/06\/07\/alliages-actent-a-est\/","url_meta":{"origin":32291,"position":4},"title":"Alliages actent \u00e0 Est.","author":"dpc","date":"7 juin 2007","format":false,"excerpt":"Impasse Saint-Denis, Paris, 28 avril. Je sais, faut que j'arr\u00eate avec mes ruelles. \u00a0Jimmy Page \/ Robert Plant \u2013 Friends (live)","rel":"","context":"Dans &quot;DPC&quot;","block_context":{"text":"DPC","link":"https:\/\/www.wallendorff.com\/belogue\/category\/dpc\/"},"img":{"alt_text":"","src":"https:\/\/i0.wp.com\/www.wallendorff.com\/belogue\/wp-content\/uploads\/2015\/04\/200706071.jpg?resize=350%2C200&ssl=1","width":350,"height":200,"srcset":"https:\/\/i0.wp.com\/www.wallendorff.com\/belogue\/wp-content\/uploads\/2015\/04\/200706071.jpg?resize=350%2C200&ssl=1 1x, https:\/\/i0.wp.com\/www.wallendorff.com\/belogue\/wp-content\/uploads\/2015\/04\/200706071.jpg?resize=525%2C300&ssl=1 1.5x"},"classes":[]},{"id":31292,"url":"https:\/\/www.wallendorff.com\/belogue\/2016\/06\/24\/into-the-wide-68\/","url_meta":{"origin":32291,"position":5},"title":"Into the wide #68.","author":"dpc","date":"24 juin 2016","format":false,"excerpt":"Rathauspark, Vienne, 22 avril. All the Pretty Girls Kaleo","rel":"","context":"Dans &quot;Into the wide&quot;","block_context":{"text":"Into the wide","link":"https:\/\/www.wallendorff.com\/belogue\/category\/into-the-wide\/"},"img":{"alt_text":"","src":"https:\/\/i0.wp.com\/www.wallendorff.com\/belogue\/wp-content\/uploads\/2016\/06\/20160624.jpg?resize=350%2C200&ssl=1","width":350,"height":200,"srcset":"https:\/\/i0.wp.com\/www.wallendorff.com\/belogue\/wp-content\/uploads\/2016\/06\/20160624.jpg?resize=350%2C200&ssl=1 1x, https:\/\/i0.wp.com\/www.wallendorff.com\/belogue\/wp-content\/uploads\/2016\/06\/20160624.jpg?resize=525%2C300&ssl=1 1.5x, https:\/\/i0.wp.com\/www.wallendorff.com\/belogue\/wp-content\/uploads\/2016\/06\/20160624.jpg?resize=700%2C400&ssl=1 2x"},"classes":[]}],"_links":{"self":[{"href":"https:\/\/www.wallendorff.com\/belogue\/wp-json\/wp\/v2\/posts\/32291","targetHints":{"allow":["GET"]}}],"collection":[{"href":"https:\/\/www.wallendorff.com\/belogue\/wp-json\/wp\/v2\/posts"}],"about":[{"href":"https:\/\/www.wallendorff.com\/belogue\/wp-json\/wp\/v2\/types\/post"}],"author":[{"embeddable":true,"href":"https:\/\/www.wallendorff.com\/belogue\/wp-json\/wp\/v2\/users\/1"}],"replies":[{"embeddable":true,"href":"https:\/\/www.wallendorff.com\/belogue\/wp-json\/wp\/v2\/comments?post=32291"}],"version-history":[{"count":2,"href":"https:\/\/www.wallendorff.com\/belogue\/wp-json\/wp\/v2\/posts\/32291\/revisions"}],"predecessor-version":[{"id":32294,"href":"https:\/\/www.wallendorff.com\/belogue\/wp-json\/wp\/v2\/posts\/32291\/revisions\/32294"}],"wp:featuredmedia":[{"embeddable":true,"href":"https:\/\/www.wallendorff.com\/belogue\/wp-json\/wp\/v2\/media\/32293"}],"wp:attachment":[{"href":"https:\/\/www.wallendorff.com\/belogue\/wp-json\/wp\/v2\/media?parent=32291"}],"wp:term":[{"taxonomy":"category","embeddable":true,"href":"https:\/\/www.wallendorff.com\/belogue\/wp-json\/wp\/v2\/categories?post=32291"},{"taxonomy":"post_tag","embeddable":true,"href":"https:\/\/www.wallendorff.com\/belogue\/wp-json\/wp\/v2\/tags?post=32291"}],"curies":[{"name":"wp","href":"https:\/\/api.w.org\/{rel}","templated":true}]}}