{"id":32219,"date":"2016-08-31T17:12:04","date_gmt":"2016-08-31T15:12:04","guid":{"rendered":"http:\/\/www.wallendorff.com\/belogue\/?p=32219"},"modified":"2016-08-31T17:12:04","modified_gmt":"2016-08-31T15:12:04","slug":"filles-de-dos-sur-un-quai-scandinave-5","status":"publish","type":"post","link":"https:\/\/www.wallendorff.com\/belogue\/2016\/08\/31\/filles-de-dos-sur-un-quai-scandinave-5\/","title":{"rendered":"Filles-de-dos-sur-un-quai-scandinave #5."},"content":{"rendered":"\n<div id=\"photo\">\n<p><img decoding=\"async\" src=\"https:\/\/www.wallendorff.com\/belogue\/photo\/2016\/08\/20160831.jpg\"><br \/>\nH&ocirc;tel de ville de Stockholm, 21 juin.<\/p>\n<\/p><\/div>\n<p style=\"text-align:right\">Enfin, <em>presque<\/em> de dos.<\/p>\n<div id=\"bandeson\">\n<p><img decoding=\"async\" src=\"https:\/\/www.wallendorff.com\/belogue\/photo\/pochettes\/f\/father_john_misty-i_love_you_honeybear.jpg\" align=\"left\" \/><a style=\"font-weight:normal\" id=\"lienmp3\" href=\"http:\/\/www.youtube.com\/watch?v=IOspC5B69L4\"><em>Real Love Baby<\/em><\/a><br \/>\n<a href=\"http:\/\/fatherjohnmisty.com\/\">Father John Misty<\/a><\/p>\n<\/div>\n","protected":false},"excerpt":{"rendered":"<p>H&ocirc;tel de ville de Stockholm, 21 juin. Enfin, presque de dos. Real Love Baby Father John Misty<\/p>\n","protected":false},"author":1,"featured_media":32221,"comment_status":"open","ping_status":"open","sticky":false,"template":"","format":"standard","meta":{"_acf_changed":false,"ngg_post_thumbnail":0,"jetpack_post_was_ever_published":false,"_jetpack_newsletter_access":"","_jetpack_dont_email_post_to_subs":false,"_jetpack_newsletter_tier_id":0,"_jetpack_memberships_contains_paywalled_content":false,"_jetpack_memberships_contains_paid_content":false,"footnotes":"","jetpack_publicize_message":"","jetpack_publicize_feature_enabled":true,"jetpack_social_post_already_shared":true,"jetpack_social_options":{"image_generator_settings":{"template":"highway","default_image_id":0,"font":"","enabled":false},"version":2}},"categories":[3],"tags":[8170,8351,4350,10311,10484,9647,10340,13182,13113,13117,10287,13222,4345,4138],"class_list":["post-32219","post","type-post","status-publish","format-standard","has-post-thumbnail","hentry","category-dpc","tag-ef-24-70-mm-f2-8l-ii-usm","tag-eos-6d","tag-comte-de-stockholm","tag-dos","tag-eau","tag-father-john-misty","tag-fille","tag-fille-de-dos-sur-un-quai-scandinave","tag-gamla-stan","tag-hotel-de-ville-de-stockholm","tag-quai","tag-real-love-baby","tag-stockholm","tag-suede"],"acf":[],"geo":{"latitude":59.3270874,"longitude":18.0562458,"description":"Stockholm-globen, , 121 25, SE"},"jetpack_publicize_connections":[],"jetpack_featured_media_url":"https:\/\/www.wallendorff.com\/belogue\/wp-content\/uploads\/2016\/08\/20160831.jpg","jetpack_shortlink":"https:\/\/wp.me\/p3b35P-8nF","jetpack_sharing_enabled":true,"jetpack-related-posts":[{"id":32063,"url":"https:\/\/www.wallendorff.com\/belogue\/2016\/08\/11\/filles-de-dos-sur-un-quai-scandinave-4\/","url_meta":{"origin":32219,"position":0},"title":"Filles-de-dos-sur-un-quai-scandinave #4.","author":"dpc","date":"11 ao\u00fbt 2016","format":false,"excerpt":"Skeppsbrokajen, Stockholm, 19 juin. \u00c7a y est, c'est [finalement] une s\u00e9rie. I Don't Mind (feat. Hope Sandoval) Psychic Ills","rel":"","context":"Dans &quot;DPC&quot;","block_context":{"text":"DPC","link":"https:\/\/www.wallendorff.com\/belogue\/category\/dpc\/"},"img":{"alt_text":"","src":"https:\/\/i0.wp.com\/www.wallendorff.com\/belogue\/wp-content\/uploads\/2016\/08\/20160811.jpg?resize=350%2C200&ssl=1","width":350,"height":200,"srcset":"https:\/\/i0.wp.com\/www.wallendorff.com\/belogue\/wp-content\/uploads\/2016\/08\/20160811.jpg?resize=350%2C200&ssl=1 1x, https:\/\/i0.wp.com\/www.wallendorff.com\/belogue\/wp-content\/uploads\/2016\/08\/20160811.jpg?resize=525%2C300&ssl=1 1.5x, https:\/\/i0.wp.com\/www.wallendorff.com\/belogue\/wp-content\/uploads\/2016\/08\/20160811.jpg?resize=700%2C400&ssl=1 2x"},"classes":[]},{"id":9682,"url":"https:\/\/www.wallendorff.com\/belogue\/2010\/10\/18\/fjord-siesta\/","url_meta":{"origin":32219,"position":1},"title":"Fjord Siesta.","author":"dpc","date":"18 octobre 2010","format":false,"excerpt":"Strandv\u00e4gen, Stockholm, 27 ao\u00fbt. Qu'on aurait pu \u00e9galement intituler Shooting Scandinaves de dos au bord de l'eau dans leur biotope #2 \u2015\u00a0le premier est l\u00e0\u00a0\u2015, mais j'ai peur que \u00e7a nous fasse encore une s\u00e9rie aux mises \u00e0 jours erratiques. Cataldo \u2013 Five Years Coming","rel":"","context":"Dans &quot;DPC&quot;","block_context":{"text":"DPC","link":"https:\/\/www.wallendorff.com\/belogue\/category\/dpc\/"},"img":{"alt_text":"","src":"https:\/\/i0.wp.com\/www.wallendorff.com\/belogue\/wp-content\/uploads\/2015\/04\/201010181.jpg?resize=350%2C200&ssl=1","width":350,"height":200,"srcset":"https:\/\/i0.wp.com\/www.wallendorff.com\/belogue\/wp-content\/uploads\/2015\/04\/201010181.jpg?resize=350%2C200&ssl=1 1x, https:\/\/i0.wp.com\/www.wallendorff.com\/belogue\/wp-content\/uploads\/2015\/04\/201010181.jpg?resize=525%2C300&ssl=1 1.5x, https:\/\/i0.wp.com\/www.wallendorff.com\/belogue\/wp-content\/uploads\/2015\/04\/201010181.jpg?resize=700%2C400&ssl=1 2x"},"classes":[]},{"id":1226,"url":"https:\/\/www.wallendorff.com\/belogue\/2008\/05\/14\/digue\/","url_meta":{"origin":32219,"position":2},"title":"Digue!","author":"dpc","date":"14 mai 2008","format":false,"excerpt":"H\u00f8norbrygga, R\u00e5dhusplassen, Oslo, 1er avril. Lyin' on a beach Darkness out of reach The world is not so cold But still it makes me fold. \u00a0Archive \u2013 Fold","rel":"","context":"Dans &quot;DPC&quot;","block_context":{"text":"DPC","link":"https:\/\/www.wallendorff.com\/belogue\/category\/dpc\/"},"img":{"alt_text":"","src":"https:\/\/i0.wp.com\/www.wallendorff.com\/belogue\/wp-content\/uploads\/2015\/04\/200805141.jpg?resize=350%2C200&ssl=1","width":350,"height":200,"srcset":"https:\/\/i0.wp.com\/www.wallendorff.com\/belogue\/wp-content\/uploads\/2015\/04\/200805141.jpg?resize=350%2C200&ssl=1 1x, https:\/\/i0.wp.com\/www.wallendorff.com\/belogue\/wp-content\/uploads\/2015\/04\/200805141.jpg?resize=525%2C300&ssl=1 1.5x"},"classes":[]},{"id":31583,"url":"https:\/\/www.wallendorff.com\/belogue\/2016\/06\/30\/juin-2016\/","url_meta":{"origin":32219,"position":3},"title":"Juin 2016.","author":"dpc","date":"30 juin 2016","format":false,"excerpt":"Un graffiti dyslexique, une inondation, un ap\u00e9ro, un pianiste, un atelier, un d\u00e9ji, des cornes, une poule, un cr\u00e2ne qui fait peur, un joli tricot, un festival, un crocodile, une le\u00e7on d'air guitar, un anniversaire, un chat pr\u00e9nomm\u00e9 Ayrton, un avion, une maison de la photo, un caf\u00e9, une nuit\u2026","rel":"","context":"Dans &quot;Blog-note&quot;","block_context":{"text":"Blog-note","link":"https:\/\/www.wallendorff.com\/belogue\/category\/blog-note\/"},"img":{"alt_text":"","src":"https:\/\/i0.wp.com\/www.wallendorff.com\/belogue\/wp-content\/uploads\/2016\/07\/20160718-50.jpg?resize=350%2C200&ssl=1","width":350,"height":200,"srcset":"https:\/\/i0.wp.com\/www.wallendorff.com\/belogue\/wp-content\/uploads\/2016\/07\/20160718-50.jpg?resize=350%2C200&ssl=1 1x, https:\/\/i0.wp.com\/www.wallendorff.com\/belogue\/wp-content\/uploads\/2016\/07\/20160718-50.jpg?resize=525%2C300&ssl=1 1.5x, https:\/\/i0.wp.com\/www.wallendorff.com\/belogue\/wp-content\/uploads\/2016\/07\/20160718-50.jpg?resize=700%2C400&ssl=1 2x"},"classes":[]},{"id":13180,"url":"https:\/\/www.wallendorff.com\/belogue\/2011\/08\/29\/quai-des-brunes\/","url_meta":{"origin":32219,"position":4},"title":"Quai des brunes.","author":"dpc","date":"29 ao\u00fbt 2011","format":false,"excerpt":"Station Assembl\u00e9e nationale, Paris, 26 juillet. \u00a0Radiohead \u2013 Where I End and You Begin (The Sky Is Falling in)","rel":"","context":"Dans &quot;DPC&quot;","block_context":{"text":"DPC","link":"https:\/\/www.wallendorff.com\/belogue\/category\/dpc\/"},"img":{"alt_text":"","src":"https:\/\/i0.wp.com\/www.wallendorff.com\/belogue\/wp-content\/uploads\/2015\/04\/201108291.jpg?resize=350%2C200&ssl=1","width":350,"height":200,"srcset":"https:\/\/i0.wp.com\/www.wallendorff.com\/belogue\/wp-content\/uploads\/2015\/04\/201108291.jpg?resize=350%2C200&ssl=1 1x, https:\/\/i0.wp.com\/www.wallendorff.com\/belogue\/wp-content\/uploads\/2015\/04\/201108291.jpg?resize=525%2C300&ssl=1 1.5x, https:\/\/i0.wp.com\/www.wallendorff.com\/belogue\/wp-content\/uploads\/2015\/04\/201108291.jpg?resize=700%2C400&ssl=1 2x"},"classes":[]},{"id":638,"url":"https:\/\/www.wallendorff.com\/belogue\/2006\/08\/16\/quai-qu-est-cake-est\/","url_meta":{"origin":32219,"position":5},"title":"Quai qu&rsquo;est cake, est.","author":"dpc","date":"16 ao\u00fbt 2006","format":false,"excerpt":"Station Bastille1, Paris, 13 ao\u00fbt. Je d\u00e9barque peut-\u00eatre une fois de plus apr\u00e8s tout le monde, mais apr\u00e8s avoir vu \u00e7a, je me dis que si Muse n'ont fait qu'un seul titre qui disjoint vraiment grave sur leur dernier album, au moins ils l'ont bien fait, et ce jusqu'au bout\u2026","rel":"","context":"Dans &quot;DPC&quot;","block_context":{"text":"DPC","link":"https:\/\/www.wallendorff.com\/belogue\/category\/dpc\/"},"img":{"alt_text":"","src":"https:\/\/i0.wp.com\/www.wallendorff.com\/belogue\/wp-content\/uploads\/2015\/04\/200608161.jpg?resize=350%2C200&ssl=1","width":350,"height":200,"srcset":"https:\/\/i0.wp.com\/www.wallendorff.com\/belogue\/wp-content\/uploads\/2015\/04\/200608161.jpg?resize=350%2C200&ssl=1 1x, https:\/\/i0.wp.com\/www.wallendorff.com\/belogue\/wp-content\/uploads\/2015\/04\/200608161.jpg?resize=525%2C300&ssl=1 1.5x, https:\/\/i0.wp.com\/www.wallendorff.com\/belogue\/wp-content\/uploads\/2015\/04\/200608161.jpg?resize=700%2C400&ssl=1 2x"},"classes":[]}],"_links":{"self":[{"href":"https:\/\/www.wallendorff.com\/belogue\/wp-json\/wp\/v2\/posts\/32219","targetHints":{"allow":["GET"]}}],"collection":[{"href":"https:\/\/www.wallendorff.com\/belogue\/wp-json\/wp\/v2\/posts"}],"about":[{"href":"https:\/\/www.wallendorff.com\/belogue\/wp-json\/wp\/v2\/types\/post"}],"author":[{"embeddable":true,"href":"https:\/\/www.wallendorff.com\/belogue\/wp-json\/wp\/v2\/users\/1"}],"replies":[{"embeddable":true,"href":"https:\/\/www.wallendorff.com\/belogue\/wp-json\/wp\/v2\/comments?post=32219"}],"version-history":[{"count":1,"href":"https:\/\/www.wallendorff.com\/belogue\/wp-json\/wp\/v2\/posts\/32219\/revisions"}],"predecessor-version":[{"id":32220,"href":"https:\/\/www.wallendorff.com\/belogue\/wp-json\/wp\/v2\/posts\/32219\/revisions\/32220"}],"wp:featuredmedia":[{"embeddable":true,"href":"https:\/\/www.wallendorff.com\/belogue\/wp-json\/wp\/v2\/media\/32221"}],"wp:attachment":[{"href":"https:\/\/www.wallendorff.com\/belogue\/wp-json\/wp\/v2\/media?parent=32219"}],"wp:term":[{"taxonomy":"category","embeddable":true,"href":"https:\/\/www.wallendorff.com\/belogue\/wp-json\/wp\/v2\/categories?post=32219"},{"taxonomy":"post_tag","embeddable":true,"href":"https:\/\/www.wallendorff.com\/belogue\/wp-json\/wp\/v2\/tags?post=32219"}],"curies":[{"name":"wp","href":"https:\/\/api.w.org\/{rel}","templated":true}]}}