{"id":322,"date":"2005-07-08T09:03:54","date_gmt":"2005-07-08T09:03:54","guid":{"rendered":"http:\/\/www.po-l.com\/wordpress\/?p=322"},"modified":"2013-09-17T12:12:37","modified_gmt":"2013-09-17T10:12:37","slug":"maybe-jasper-does-the-aspro","status":"publish","type":"post","link":"https:\/\/www.wallendorff.com\/belogue\/2005\/07\/08\/maybe-jasper-does-the-aspro\/","title":{"rendered":"&quot;Maybe Jasper does the Aspro&reg;&quot;."},"content":{"rendered":"<div id=\"photo\">\n<p><img decoding=\"async\" src=\"https:\/\/www.wallendorff.com\/belogue\/photo\/2005\/07\/20050708.jpg\"><br \/>\nJardin des Tuileries, Paris, 17 juin.<\/p>\n<\/div>\n<p>J&rsquo;ai oubli&eacute; mes lunettes. Dans 5 minutes, le mal de cr&acirc;ne va commencer &agrave; m&rsquo;envahir sournoisement. Ma journ&eacute;e sera un calvaire, et comme je ne suis pas myope, la douleur ne m&#8217;emp&ecirc;chera pas de voir ma chef<SUP>1<\/SUP>. Je lance un appel d&eacute;sesp&eacute;r&eacute;. Envoyez-moi des cachets d&rsquo;apirines, de vieilles lunettes anti-mal de cr&acirc;ne usag&eacute;es, appelez la bo&icirc;te et faites-vous passer pour le Pr&eacute;sident de la R&eacute;publique qui m&rsquo;appelle solennellement au secours, tel Super Dupont<SUP>2<\/SUP>, pour que j&rsquo;aille sauver la Patrie et, au passage, m&rsquo;&eacute;quiper pr&eacute;alablement de lunettes.<\/p>\n<p style=\"text-align:right\">Argh<\/p>\n<p>Je sens la douleur monter, mes yeux commencent &agrave; me faire souffrir. Non, laissez-moi l&agrave;, je suis foutu, de toutes fa&ccedil;ons, je n&rsquo;arriverai jamais &agrave; traverser ce d&eacute;sert, je vous ralentis. J&rsquo;ai si froid, si froiiiiiid, John, promets-moi de dire que je l&rsquo;aime &agrave;&#8230;. *COUIC*<\/p>\n<p style=\"text-align:right\">[Comment &ccedil;a, j&rsquo;en fais trop? \u00c7a fait super-mal, les maux de cr&acirc;ne&nbsp;!]<\/p>\n<p>\/Edit&nbsp;: Ma chef, me voyant geindre, pousser des r&acirc;les de douleur et &eacute;pancher des larmes torrentielles depuis deux heures, a fini par me demander \u00ab&nbsp;si elles n&rsquo;&eacute;taient pas b&ecirc;tement dans mon sac&nbsp;\u00bb. J&rsquo;ai bien &eacute;videmment r&eacute;fut&eacute; l&rsquo;hypoth&egrave;se<SUP>3<\/SUP> en joignant le geste &agrave; la parole et plongeant la main dans la besace pour en ressortir&#8230; les&nbsp;binocles tant regrett&eacute;es, qui ont aussit&ocirc;t dissip&eacute; mon mal de cr&acirc;ne.<\/p>\n<p>C&rsquo;est promis, je jure de ne plus critiquer ma chef jusqu&rsquo;&agrave; la fin de ma mission dans cette bo&icirc;te<SUP>4<\/SUP>. Voil&agrave;, maintenant vous pouvez vous foutre de ma gueule.<\/p>\n<div id=\"bandeson\">\n<p><img decoding=\"async\" src=\"https:\/\/www.wallendorff.com\/belogue\/photo\/pochettes\/w\/white_stripes_the-the_white_stripes.jpg\" align=\"left\" \/>&nbsp;<a href=\"http:\/\/www.whitestripes.com\/\">The White Stripes<\/a> &ndash; <em>Aspro<\/em>&reg;<\/p>\n<\/p><\/div>\n<p>_____<\/p>\n<div id=\"bas_note\">\n<p><sup>1<\/sup> &#8211; Ce qui aurait pu &ecirc;tre une petite consolation, mais non.<\/p>\n<p><sup>2<\/sup> &#8211; Ou Batman. Quoique le slip en vinyl me si&eacute;e<sup>a<\/sup> assez peu.<\/p>\n<p><sup>3<\/sup> &#8211; Car j&rsquo;ai toujours, mais alors toujours, raison.<\/p>\n<p><sup>4<\/sup> &#8211; Qui, &ccedil;a tombe bien, se termine dans 4&nbsp;h.<\/p>\n<p><sup>a<\/sup> &#8211; S&rsquo;il en fallait un pour utiliser seoir au subjonctif, aujourd&rsquo;hui, il fallait que ce soit moi.<\/p>\n<\/div>\n","protected":false},"excerpt":{"rendered":"<p>Jardin des Tuileries, Paris, 17 juin. J&rsquo;ai oubli&eacute; mes lunettes. Dans 5 minutes, le mal de cr&acirc;ne va commencer &agrave; m&rsquo;envahir sournoisement. Ma journ&eacute;e sera un calvaire, et comme je ne suis pas myope, la douleur ne m&#8217;emp&ecirc;chera pas de voir ma chef1. Je lance un appel d&eacute;sesp&eacute;r&eacute;. Envoyez-moi des cachets d&rsquo;apirines, de vieilles lunettes&hellip;<\/p>\n","protected":false},"author":1,"featured_media":24262,"comment_status":"open","ping_status":"open","sticky":false,"template":"","format":"standard","meta":{"_acf_changed":false,"ngg_post_thumbnail":0,"jetpack_post_was_ever_published":false,"_jetpack_newsletter_access":"","_jetpack_dont_email_post_to_subs":false,"_jetpack_newsletter_tier_id":0,"_jetpack_memberships_contains_paywalled_content":false,"_jetpack_memberships_contains_paid_content":false,"footnotes":"","jetpack_publicize_message":"","jetpack_publicize_feature_enabled":true,"jetpack_social_post_already_shared":false,"jetpack_social_options":{"image_generator_settings":{"template":"highway","default_image_id":0,"font":"","enabled":false},"version":2}},"categories":[3],"tags":[10182,1118,737,10145,155,132,10144,10500,10120,3590,10121,10299,10098,8024,10097],"class_list":["post-322","post","type-post","status-publish","format-standard","has-post-thumbnail","hentry","category-dpc","tag-10182","tag-astro","tag-bleu","tag-bureau","tag-ef-s-18-55-mm-f35-56-ii","tag-eos-20d","tag-ciel","tag-contre-plongee","tag-france","tag-grande-roue","tag-ile-de-france","tag-jardin-des-tuileries","tag-paris","tag-roue-de-paris","tag-the-white-stripes"],"acf":[],"geo":{"latitude":48.8637772,"longitude":2.3308585,"description":"Terrasse des Feuillants, 75001 Paris, France"},"jetpack_publicize_connections":[],"jetpack_featured_media_url":"https:\/\/www.wallendorff.com\/belogue\/wp-content\/uploads\/2015\/04\/20050708.jpg","jetpack_shortlink":"https:\/\/wp.me\/p3b35P-5c","jetpack_sharing_enabled":true,"jetpack-related-posts":[{"id":21625,"url":"https:\/\/www.wallendorff.com\/belogue\/2013\/09\/18\/into-the-wide-20\/","url_meta":{"origin":322,"position":0},"title":"Into the wide #20.","author":"dpc","date":"18 septembre 2013","format":false,"excerpt":"Jardin des Tuileries, Paris, 14 ao\u00fbt. The WireHaim","rel":"","context":"Dans &quot;Into the wide&quot;","block_context":{"text":"Into the wide","link":"https:\/\/www.wallendorff.com\/belogue\/category\/into-the-wide\/"},"img":{"alt_text":"","src":"https:\/\/i0.wp.com\/www.wallendorff.com\/belogue\/wp-content\/uploads\/2015\/04\/201309181.jpg?resize=350%2C200&ssl=1","width":350,"height":200,"srcset":"https:\/\/i0.wp.com\/www.wallendorff.com\/belogue\/wp-content\/uploads\/2015\/04\/201309181.jpg?resize=350%2C200&ssl=1 1x, https:\/\/i0.wp.com\/www.wallendorff.com\/belogue\/wp-content\/uploads\/2015\/04\/201309181.jpg?resize=525%2C300&ssl=1 1.5x, https:\/\/i0.wp.com\/www.wallendorff.com\/belogue\/wp-content\/uploads\/2015\/04\/201309181.jpg?resize=700%2C400&ssl=1 2x"},"classes":[]},{"id":21612,"url":"https:\/\/www.wallendorff.com\/belogue\/2013\/09\/17\/la-roue-quest-a-nu\/","url_meta":{"origin":322,"position":1},"title":"La roue [qu&rsquo;est \u00e0 nu].","author":"dpc","date":"17 septembre 2013","format":false,"excerpt":"Jardin des Tuileries, Paris, 14 ao\u00fbt. MercyTV on the Radio \u00a0","rel":"","context":"Dans &quot;DPC&quot;","block_context":{"text":"DPC","link":"https:\/\/www.wallendorff.com\/belogue\/category\/dpc\/"},"img":{"alt_text":"","src":"https:\/\/i0.wp.com\/www.wallendorff.com\/belogue\/wp-content\/uploads\/2015\/04\/201309171.jpg?resize=350%2C200&ssl=1","width":350,"height":200},"classes":[]},{"id":174,"url":"https:\/\/www.wallendorff.com\/belogue\/2006\/06\/16\/all-is-quiet-now\/","url_meta":{"origin":322,"position":2},"title":"All is quiet now.","author":"dpc","date":"16 juin 2006","format":false,"excerpt":"Jardin des Tuileries, Paris, 5 juin. Je ne sais pas pourquoi \u00e7a remarche1, mais \u00e7a remarche. \u00a0Ben Kweller \u2013 Down _____ 1 Tout comme je ne sais pas pourquoi \u00e7a ne marchait plus, d'ailleurs.","rel":"","context":"Dans &quot;DPC&quot;","block_context":{"text":"DPC","link":"https:\/\/www.wallendorff.com\/belogue\/category\/dpc\/"},"img":{"alt_text":"","src":"https:\/\/i0.wp.com\/www.wallendorff.com\/belogue\/wp-content\/uploads\/2015\/04\/200606161.jpg?resize=350%2C200&ssl=1","width":350,"height":200},"classes":[]},{"id":201,"url":"https:\/\/www.wallendorff.com\/belogue\/2006\/01\/10\/gros-rhume-dans-l-abri\/","url_meta":{"origin":322,"position":3},"title":"Gros rhume dans l&rsquo;abri.","author":"dpc","date":"10 janvier 2006","format":false,"excerpt":"Jardin des Tuileries, Paris, 5 janvier, 18h45. \u201cTin Tin tin tin Tin tin tin tin tiiiiiiiiiiin\u201d [C'est frustrant, de passer une heure \u00e0 chercher des paroles et de ne pas les trouver.] \u00a0The Warlocks \u2013 Inside Outside","rel":"","context":"Dans &quot;DPC&quot;","block_context":{"text":"DPC","link":"https:\/\/www.wallendorff.com\/belogue\/category\/dpc\/"},"img":{"alt_text":"","src":"https:\/\/i0.wp.com\/www.wallendorff.com\/belogue\/wp-content\/uploads\/2015\/04\/200601101.jpg?resize=350%2C200&ssl=1","width":350,"height":200},"classes":[]},{"id":1274,"url":"https:\/\/www.wallendorff.com\/belogue\/2008\/07\/21\/et-lemans-terres-monts-kerouac-sonne\/","url_meta":{"origin":322,"position":4},"title":"Et L\u00e9mans, terres, monts&#8230; Kerouac sonne.","author":"dpc","date":"21 juillet 2008","format":false,"excerpt":"Jardin des Tuileries, Paris, 23 juin. Je r\u00eave d'un monde o\u00f9 il n'y aurait plus de fronti\u00e8re, o\u00f9 l'on fusionnerait tous les pays et o\u00f9 l'on mettrait en commun les jours f\u00e9ri\u00e9s du monde, ce qui me laisserait dormir ce matin en fredonnant une onirique Braban\u00e7onne. \u00a0 Jack White \u2013\u2026","rel":"","context":"Dans &quot;DPC&quot;","block_context":{"text":"DPC","link":"https:\/\/www.wallendorff.com\/belogue\/category\/dpc\/"},"img":{"alt_text":"","src":"https:\/\/i0.wp.com\/www.wallendorff.com\/belogue\/wp-content\/uploads\/2015\/04\/200807211.jpg?resize=350%2C200&ssl=1","width":350,"height":200},"classes":[]},{"id":1035,"url":"https:\/\/www.wallendorff.com\/belogue\/2007\/09\/12\/gigognes-et-riens\/","url_meta":{"origin":322,"position":5},"title":"Gigognes et riens.","author":"dpc","date":"12 septembre 2007","format":false,"excerpt":"Oudehoogstraat, Amsterdam, 14 ao\u00fbt En anglais, le Schtroumpf \u00e0 Lunettes s'appelle Brainy Smurf. Ils ont rien compris, les Anglais. Tout le monde sait qu'\u00eatre Schtroumpf \u00e0 Lunettes n'est pas une question de cerveau, mais de lunettes. PJ Harvey hier soir \u00e0 Canal, c'\u00e9tait magique. Sans compter qu'elle ne m'a pas\u2026","rel":"","context":"Dans &quot;DPC&quot;","block_context":{"text":"DPC","link":"https:\/\/www.wallendorff.com\/belogue\/category\/dpc\/"},"img":{"alt_text":"","src":"https:\/\/i0.wp.com\/www.wallendorff.com\/belogue\/wp-content\/uploads\/2015\/04\/200709121.jpg?resize=350%2C200&ssl=1","width":350,"height":200},"classes":[]}],"_links":{"self":[{"href":"https:\/\/www.wallendorff.com\/belogue\/wp-json\/wp\/v2\/posts\/322","targetHints":{"allow":["GET"]}}],"collection":[{"href":"https:\/\/www.wallendorff.com\/belogue\/wp-json\/wp\/v2\/posts"}],"about":[{"href":"https:\/\/www.wallendorff.com\/belogue\/wp-json\/wp\/v2\/types\/post"}],"author":[{"embeddable":true,"href":"https:\/\/www.wallendorff.com\/belogue\/wp-json\/wp\/v2\/users\/1"}],"replies":[{"embeddable":true,"href":"https:\/\/www.wallendorff.com\/belogue\/wp-json\/wp\/v2\/comments?post=322"}],"version-history":[{"count":5,"href":"https:\/\/www.wallendorff.com\/belogue\/wp-json\/wp\/v2\/posts\/322\/revisions"}],"predecessor-version":[{"id":21617,"href":"https:\/\/www.wallendorff.com\/belogue\/wp-json\/wp\/v2\/posts\/322\/revisions\/21617"}],"wp:featuredmedia":[{"embeddable":true,"href":"https:\/\/www.wallendorff.com\/belogue\/wp-json\/wp\/v2\/media\/24262"}],"wp:attachment":[{"href":"https:\/\/www.wallendorff.com\/belogue\/wp-json\/wp\/v2\/media?parent=322"}],"wp:term":[{"taxonomy":"category","embeddable":true,"href":"https:\/\/www.wallendorff.com\/belogue\/wp-json\/wp\/v2\/categories?post=322"},{"taxonomy":"post_tag","embeddable":true,"href":"https:\/\/www.wallendorff.com\/belogue\/wp-json\/wp\/v2\/tags?post=322"}],"curies":[{"name":"wp","href":"https:\/\/api.w.org\/{rel}","templated":true}]}}