{"id":31873,"date":"2016-07-29T22:41:51","date_gmt":"2016-07-29T20:41:51","guid":{"rendered":"http:\/\/www.wallendorff.com\/belogue\/?p=31873"},"modified":"2016-07-30T22:15:08","modified_gmt":"2016-07-30T20:15:08","slug":"paleo-festival-2016-jour-4","status":"publish","type":"post","link":"https:\/\/www.wallendorff.com\/belogue\/2016\/07\/29\/paleo-festival-2016-jour-4\/","title":{"rendered":"Pal\u00e9o Festival 2016, jour 4."},"content":{"rendered":"\n<div id=\"photo\">\n<p><img decoding=\"async\" src=\"https:\/\/www.wallendorff.com\/belogue\/photo\/galeries\/2016\/07\/20160722-paleo\/20160729-64.jpg\"><\/p>\n<\/p><\/div>\n<p style=\"text-align:right\">L&rsquo;int&eacute;gralit&eacute; des photos est disponible sur ce <a href=\"http:\/\/wallendorff.com\/belogue\/tag\/paleo-festival-2016\">lien<\/a>.<\/p>\n<div id='gallery-1' class='gallery galleryid-31873 gallery-columns-3 gallery-size-large'><figure class='gallery-item'>\n\t\t\t<div class='gallery-icon landscape'>\n\t\t\t\t<a href='https:\/\/www.wallendorff.com\/belogue\/2016\/07\/29\/paleo-festival-2016-jour-4\/paleo-festival-nyon-22072016\/'><img fetchpriority=\"high\" decoding=\"async\" width=\"820\" height=\"547\" src=\"https:\/\/www.wallendorff.com\/belogue\/wp-content\/uploads\/2016\/07\/20160729-01.jpg\" class=\"attachment-large size-large\" alt=\"\" aria-describedby=\"gallery-1-31875\" srcset=\"https:\/\/www.wallendorff.com\/belogue\/wp-content\/uploads\/2016\/07\/20160729-01.jpg 820w, https:\/\/www.wallendorff.com\/belogue\/wp-content\/uploads\/2016\/07\/20160729-01-200x133.jpg 200w, https:\/\/www.wallendorff.com\/belogue\/wp-content\/uploads\/2016\/07\/20160729-01-300x200.jpg 300w, https:\/\/www.wallendorff.com\/belogue\/wp-content\/uploads\/2016\/07\/20160729-01-525x350.jpg 525w, https:\/\/www.wallendorff.com\/belogue\/wp-content\/uploads\/2016\/07\/20160729-01-600x400.jpg 600w\" sizes=\"(max-width: 820px) 100vw, 820px\" \/><\/a>\n\t\t\t<\/div>\n\t\t\t\t<figcaption class='wp-caption-text gallery-caption' id='gallery-1-31875'>\n\t\t\t\tPal\u00e9o Festival, Nyon, 22\/07\/2016\n\t\t\t\t<\/figcaption><\/figure><figure class='gallery-item'>\n\t\t\t<div class='gallery-icon landscape'>\n\t\t\t\t<a href='https:\/\/www.wallendorff.com\/belogue\/2016\/07\/29\/paleo-festival-2016-jour-4\/paleo-festival-nyon-22072016-2\/'><img decoding=\"async\" width=\"820\" height=\"547\" src=\"https:\/\/www.wallendorff.com\/belogue\/wp-content\/uploads\/2016\/07\/20160729-02.jpg\" class=\"attachment-large size-large\" alt=\"\" aria-describedby=\"gallery-1-31876\" srcset=\"https:\/\/www.wallendorff.com\/belogue\/wp-content\/uploads\/2016\/07\/20160729-02.jpg 820w, https:\/\/www.wallendorff.com\/belogue\/wp-content\/uploads\/2016\/07\/20160729-02-200x133.jpg 200w, https:\/\/www.wallendorff.com\/belogue\/wp-content\/uploads\/2016\/07\/20160729-02-300x200.jpg 300w, https:\/\/www.wallendorff.com\/belogue\/wp-content\/uploads\/2016\/07\/20160729-02-525x350.jpg 525w, https:\/\/www.wallendorff.com\/belogue\/wp-content\/uploads\/2016\/07\/20160729-02-600x400.jpg 600w\" sizes=\"(max-width: 820px) 100vw, 820px\" \/><\/a>\n\t\t\t<\/div>\n\t\t\t\t<figcaption class='wp-caption-text gallery-caption' id='gallery-1-31876'>\n\t\t\t\tPal\u00e9o Festival, Nyon, 22\/07\/2016\n\t\t\t\t<\/figcaption><\/figure><figure class='gallery-item'>\n\t\t\t<div class='gallery-icon landscape'>\n\t\t\t\t<a href='https:\/\/www.wallendorff.com\/belogue\/2016\/07\/29\/paleo-festival-2016-jour-4\/giedre-paleo-festival-nyon-22072016\/'><img decoding=\"async\" width=\"820\" height=\"547\" src=\"https:\/\/www.wallendorff.com\/belogue\/wp-content\/uploads\/2016\/07\/20160729-03.jpg\" class=\"attachment-large size-large\" alt=\"\" aria-describedby=\"gallery-1-31877\" srcset=\"https:\/\/www.wallendorff.com\/belogue\/wp-content\/uploads\/2016\/07\/20160729-03.jpg 820w, https:\/\/www.wallendorff.com\/belogue\/wp-content\/uploads\/2016\/07\/20160729-03-200x133.jpg 200w, https:\/\/www.wallendorff.com\/belogue\/wp-content\/uploads\/2016\/07\/20160729-03-300x200.jpg 300w, https:\/\/www.wallendorff.com\/belogue\/wp-content\/uploads\/2016\/07\/20160729-03-525x350.jpg 525w, https:\/\/www.wallendorff.com\/belogue\/wp-content\/uploads\/2016\/07\/20160729-03-600x400.jpg 600w\" sizes=\"(max-width: 820px) 100vw, 820px\" \/><\/a>\n\t\t\t<\/div>\n\t\t\t\t<figcaption class='wp-caption-text gallery-caption' id='gallery-1-31877'>\n\t\t\t\tGieDr\u00e9 @ Pal\u00e9o Festival, Nyon, 22\/07\/2016\n\t\t\t\t<\/figcaption><\/figure><figure class='gallery-item'>\n\t\t\t<div class='gallery-icon landscape'>\n\t\t\t\t<a href='https:\/\/www.wallendorff.com\/belogue\/2016\/07\/29\/paleo-festival-2016-jour-4\/paleo-festival-nyon-22072016-3\/'><img loading=\"lazy\" decoding=\"async\" width=\"820\" height=\"547\" src=\"https:\/\/www.wallendorff.com\/belogue\/wp-content\/uploads\/2016\/07\/20160729-04.jpg\" class=\"attachment-large size-large\" alt=\"\" aria-describedby=\"gallery-1-31878\" srcset=\"https:\/\/www.wallendorff.com\/belogue\/wp-content\/uploads\/2016\/07\/20160729-04.jpg 820w, https:\/\/www.wallendorff.com\/belogue\/wp-content\/uploads\/2016\/07\/20160729-04-200x133.jpg 200w, https:\/\/www.wallendorff.com\/belogue\/wp-content\/uploads\/2016\/07\/20160729-04-300x200.jpg 300w, https:\/\/www.wallendorff.com\/belogue\/wp-content\/uploads\/2016\/07\/20160729-04-525x350.jpg 525w, https:\/\/www.wallendorff.com\/belogue\/wp-content\/uploads\/2016\/07\/20160729-04-600x400.jpg 600w\" sizes=\"(max-width: 820px) 100vw, 820px\" \/><\/a>\n\t\t\t<\/div>\n\t\t\t\t<figcaption class='wp-caption-text gallery-caption' id='gallery-1-31878'>\n\t\t\t\tPal\u00e9o Festival, Nyon, 22\/07\/2016\n\t\t\t\t<\/figcaption><\/figure><figure class='gallery-item'>\n\t\t\t<div class='gallery-icon landscape'>\n\t\t\t\t<a href='https:\/\/www.wallendorff.com\/belogue\/2016\/07\/29\/paleo-festival-2016-jour-4\/giedre-paleo-festival-nyon-22072016-2\/'><img loading=\"lazy\" decoding=\"async\" width=\"820\" height=\"547\" src=\"https:\/\/www.wallendorff.com\/belogue\/wp-content\/uploads\/2016\/07\/20160729-05.jpg\" class=\"attachment-large size-large\" alt=\"\" aria-describedby=\"gallery-1-31879\" srcset=\"https:\/\/www.wallendorff.com\/belogue\/wp-content\/uploads\/2016\/07\/20160729-05.jpg 820w, https:\/\/www.wallendorff.com\/belogue\/wp-content\/uploads\/2016\/07\/20160729-05-200x133.jpg 200w, https:\/\/www.wallendorff.com\/belogue\/wp-content\/uploads\/2016\/07\/20160729-05-300x200.jpg 300w, https:\/\/www.wallendorff.com\/belogue\/wp-content\/uploads\/2016\/07\/20160729-05-525x350.jpg 525w, https:\/\/www.wallendorff.com\/belogue\/wp-content\/uploads\/2016\/07\/20160729-05-600x400.jpg 600w\" sizes=\"(max-width: 820px) 100vw, 820px\" \/><\/a>\n\t\t\t<\/div>\n\t\t\t\t<figcaption class='wp-caption-text gallery-caption' id='gallery-1-31879'>\n\t\t\t\tGieDr\u00e9 @ Pal\u00e9o Festival, Nyon, 22\/07\/2016\n\t\t\t\t<\/figcaption><\/figure><figure class='gallery-item'>\n\t\t\t<div class='gallery-icon landscape'>\n\t\t\t\t<a href='https:\/\/www.wallendorff.com\/belogue\/2016\/07\/29\/paleo-festival-2016-jour-4\/paleo-festival-nyon-22072016-4\/'><img loading=\"lazy\" decoding=\"async\" width=\"820\" height=\"547\" src=\"https:\/\/www.wallendorff.com\/belogue\/wp-content\/uploads\/2016\/07\/20160729-06.jpg\" class=\"attachment-large size-large\" alt=\"\" aria-describedby=\"gallery-1-31880\" srcset=\"https:\/\/www.wallendorff.com\/belogue\/wp-content\/uploads\/2016\/07\/20160729-06.jpg 820w, https:\/\/www.wallendorff.com\/belogue\/wp-content\/uploads\/2016\/07\/20160729-06-200x133.jpg 200w, https:\/\/www.wallendorff.com\/belogue\/wp-content\/uploads\/2016\/07\/20160729-06-300x200.jpg 300w, https:\/\/www.wallendorff.com\/belogue\/wp-content\/uploads\/2016\/07\/20160729-06-525x350.jpg 525w, https:\/\/www.wallendorff.com\/belogue\/wp-content\/uploads\/2016\/07\/20160729-06-600x400.jpg 600w\" sizes=\"(max-width: 820px) 100vw, 820px\" \/><\/a>\n\t\t\t<\/div>\n\t\t\t\t<figcaption class='wp-caption-text gallery-caption' id='gallery-1-31880'>\n\t\t\t\tPal\u00e9o Festival, Nyon, 22\/07\/2016\n\t\t\t\t<\/figcaption><\/figure><figure class='gallery-item'>\n\t\t\t<div class='gallery-icon landscape'>\n\t\t\t\t<a href='https:\/\/www.wallendorff.com\/belogue\/2016\/07\/29\/paleo-festival-2016-jour-4\/giedre-paleo-festival-nyon-22072016-3\/'><img loading=\"lazy\" decoding=\"async\" width=\"820\" height=\"547\" src=\"https:\/\/www.wallendorff.com\/belogue\/wp-content\/uploads\/2016\/07\/20160729-07.jpg\" class=\"attachment-large size-large\" alt=\"\" aria-describedby=\"gallery-1-31881\" srcset=\"https:\/\/www.wallendorff.com\/belogue\/wp-content\/uploads\/2016\/07\/20160729-07.jpg 820w, https:\/\/www.wallendorff.com\/belogue\/wp-content\/uploads\/2016\/07\/20160729-07-200x133.jpg 200w, https:\/\/www.wallendorff.com\/belogue\/wp-content\/uploads\/2016\/07\/20160729-07-300x200.jpg 300w, https:\/\/www.wallendorff.com\/belogue\/wp-content\/uploads\/2016\/07\/20160729-07-525x350.jpg 525w, https:\/\/www.wallendorff.com\/belogue\/wp-content\/uploads\/2016\/07\/20160729-07-600x400.jpg 600w\" sizes=\"(max-width: 820px) 100vw, 820px\" \/><\/a>\n\t\t\t<\/div>\n\t\t\t\t<figcaption class='wp-caption-text gallery-caption' id='gallery-1-31881'>\n\t\t\t\tGieDr\u00e9 @ Pal\u00e9o Festival, Nyon, 22\/07\/2016\n\t\t\t\t<\/figcaption><\/figure><figure class='gallery-item'>\n\t\t\t<div class='gallery-icon landscape'>\n\t\t\t\t<a href='https:\/\/www.wallendorff.com\/belogue\/2016\/07\/29\/paleo-festival-2016-jour-4\/giedre-paleo-festival-nyon-22072016-4\/'><img loading=\"lazy\" decoding=\"async\" width=\"820\" height=\"547\" src=\"https:\/\/www.wallendorff.com\/belogue\/wp-content\/uploads\/2016\/07\/20160729-08.jpg\" class=\"attachment-large size-large\" alt=\"\" aria-describedby=\"gallery-1-31882\" srcset=\"https:\/\/www.wallendorff.com\/belogue\/wp-content\/uploads\/2016\/07\/20160729-08.jpg 820w, https:\/\/www.wallendorff.com\/belogue\/wp-content\/uploads\/2016\/07\/20160729-08-200x133.jpg 200w, https:\/\/www.wallendorff.com\/belogue\/wp-content\/uploads\/2016\/07\/20160729-08-300x200.jpg 300w, https:\/\/www.wallendorff.com\/belogue\/wp-content\/uploads\/2016\/07\/20160729-08-525x350.jpg 525w, https:\/\/www.wallendorff.com\/belogue\/wp-content\/uploads\/2016\/07\/20160729-08-600x400.jpg 600w\" sizes=\"(max-width: 820px) 100vw, 820px\" \/><\/a>\n\t\t\t<\/div>\n\t\t\t\t<figcaption class='wp-caption-text gallery-caption' id='gallery-1-31882'>\n\t\t\t\tGieDr\u00e9 @ Pal\u00e9o Festival, Nyon, 22\/07\/2016\n\t\t\t\t<\/figcaption><\/figure><figure class='gallery-item'>\n\t\t\t<div class='gallery-icon landscape'>\n\t\t\t\t<a href='https:\/\/www.wallendorff.com\/belogue\/2016\/07\/29\/paleo-festival-2016-jour-4\/paleo-festival-nyon-22072016-5\/'><img loading=\"lazy\" decoding=\"async\" width=\"820\" height=\"547\" src=\"https:\/\/www.wallendorff.com\/belogue\/wp-content\/uploads\/2016\/07\/20160729-09.jpg\" class=\"attachment-large size-large\" alt=\"\" aria-describedby=\"gallery-1-31883\" srcset=\"https:\/\/www.wallendorff.com\/belogue\/wp-content\/uploads\/2016\/07\/20160729-09.jpg 820w, https:\/\/www.wallendorff.com\/belogue\/wp-content\/uploads\/2016\/07\/20160729-09-200x133.jpg 200w, https:\/\/www.wallendorff.com\/belogue\/wp-content\/uploads\/2016\/07\/20160729-09-300x200.jpg 300w, https:\/\/www.wallendorff.com\/belogue\/wp-content\/uploads\/2016\/07\/20160729-09-525x350.jpg 525w, https:\/\/www.wallendorff.com\/belogue\/wp-content\/uploads\/2016\/07\/20160729-09-600x400.jpg 600w\" sizes=\"(max-width: 820px) 100vw, 820px\" \/><\/a>\n\t\t\t<\/div>\n\t\t\t\t<figcaption class='wp-caption-text gallery-caption' id='gallery-1-31883'>\n\t\t\t\tPal\u00e9o Festival, Nyon, 22\/07\/2016\n\t\t\t\t<\/figcaption><\/figure><figure class='gallery-item'>\n\t\t\t<div class='gallery-icon landscape'>\n\t\t\t\t<a href='https:\/\/www.wallendorff.com\/belogue\/2016\/07\/29\/paleo-festival-2016-jour-4\/giedre-paleo-festival-nyon-22072016-5\/'><img loading=\"lazy\" decoding=\"async\" width=\"820\" height=\"547\" src=\"https:\/\/www.wallendorff.com\/belogue\/wp-content\/uploads\/2016\/07\/20160729-10.jpg\" class=\"attachment-large size-large\" alt=\"\" aria-describedby=\"gallery-1-31884\" srcset=\"https:\/\/www.wallendorff.com\/belogue\/wp-content\/uploads\/2016\/07\/20160729-10.jpg 820w, https:\/\/www.wallendorff.com\/belogue\/wp-content\/uploads\/2016\/07\/20160729-10-200x133.jpg 200w, https:\/\/www.wallendorff.com\/belogue\/wp-content\/uploads\/2016\/07\/20160729-10-300x200.jpg 300w, https:\/\/www.wallendorff.com\/belogue\/wp-content\/uploads\/2016\/07\/20160729-10-525x350.jpg 525w, https:\/\/www.wallendorff.com\/belogue\/wp-content\/uploads\/2016\/07\/20160729-10-600x400.jpg 600w\" sizes=\"(max-width: 820px) 100vw, 820px\" \/><\/a>\n\t\t\t<\/div>\n\t\t\t\t<figcaption class='wp-caption-text gallery-caption' id='gallery-1-31884'>\n\t\t\t\tGieDr\u00e9 @ Pal\u00e9o Festival, Nyon, 22\/07\/2016\n\t\t\t\t<\/figcaption><\/figure><figure class='gallery-item'>\n\t\t\t<div class='gallery-icon landscape'>\n\t\t\t\t<a href='https:\/\/www.wallendorff.com\/belogue\/2016\/07\/29\/paleo-festival-2016-jour-4\/paleo-festival-nyon-22072016-6\/'><img loading=\"lazy\" decoding=\"async\" width=\"820\" height=\"547\" src=\"https:\/\/www.wallendorff.com\/belogue\/wp-content\/uploads\/2016\/07\/20160729-11.jpg\" class=\"attachment-large size-large\" alt=\"\" aria-describedby=\"gallery-1-31885\" srcset=\"https:\/\/www.wallendorff.com\/belogue\/wp-content\/uploads\/2016\/07\/20160729-11.jpg 820w, https:\/\/www.wallendorff.com\/belogue\/wp-content\/uploads\/2016\/07\/20160729-11-200x133.jpg 200w, https:\/\/www.wallendorff.com\/belogue\/wp-content\/uploads\/2016\/07\/20160729-11-300x200.jpg 300w, https:\/\/www.wallendorff.com\/belogue\/wp-content\/uploads\/2016\/07\/20160729-11-525x350.jpg 525w, https:\/\/www.wallendorff.com\/belogue\/wp-content\/uploads\/2016\/07\/20160729-11-600x400.jpg 600w\" sizes=\"(max-width: 820px) 100vw, 820px\" \/><\/a>\n\t\t\t<\/div>\n\t\t\t\t<figcaption class='wp-caption-text gallery-caption' id='gallery-1-31885'>\n\t\t\t\tPal\u00e9o Festival, Nyon, 22\/07\/2016\n\t\t\t\t<\/figcaption><\/figure><figure class='gallery-item'>\n\t\t\t<div class='gallery-icon landscape'>\n\t\t\t\t<a href='https:\/\/www.wallendorff.com\/belogue\/2016\/07\/29\/paleo-festival-2016-jour-4\/giedre-paleo-festival-nyon-22072016-6\/'><img loading=\"lazy\" decoding=\"async\" width=\"820\" height=\"547\" src=\"https:\/\/www.wallendorff.com\/belogue\/wp-content\/uploads\/2016\/07\/20160729-12.jpg\" class=\"attachment-large size-large\" alt=\"\" aria-describedby=\"gallery-1-31886\" srcset=\"https:\/\/www.wallendorff.com\/belogue\/wp-content\/uploads\/2016\/07\/20160729-12.jpg 820w, https:\/\/www.wallendorff.com\/belogue\/wp-content\/uploads\/2016\/07\/20160729-12-200x133.jpg 200w, https:\/\/www.wallendorff.com\/belogue\/wp-content\/uploads\/2016\/07\/20160729-12-300x200.jpg 300w, https:\/\/www.wallendorff.com\/belogue\/wp-content\/uploads\/2016\/07\/20160729-12-525x350.jpg 525w, https:\/\/www.wallendorff.com\/belogue\/wp-content\/uploads\/2016\/07\/20160729-12-600x400.jpg 600w\" sizes=\"(max-width: 820px) 100vw, 820px\" \/><\/a>\n\t\t\t<\/div>\n\t\t\t\t<figcaption class='wp-caption-text gallery-caption' id='gallery-1-31886'>\n\t\t\t\tGieDr\u00e9 @ Pal\u00e9o Festival, Nyon, 22\/07\/2016\n\t\t\t\t<\/figcaption><\/figure><figure class='gallery-item'>\n\t\t\t<div class='gallery-icon landscape'>\n\t\t\t\t<a href='https:\/\/www.wallendorff.com\/belogue\/2016\/07\/29\/paleo-festival-2016-jour-4\/paleo-festival-nyon-22072016-7\/'><img loading=\"lazy\" decoding=\"async\" width=\"820\" height=\"547\" src=\"https:\/\/www.wallendorff.com\/belogue\/wp-content\/uploads\/2016\/07\/20160729-13.jpg\" class=\"attachment-large size-large\" alt=\"\" aria-describedby=\"gallery-1-31887\" srcset=\"https:\/\/www.wallendorff.com\/belogue\/wp-content\/uploads\/2016\/07\/20160729-13.jpg 820w, https:\/\/www.wallendorff.com\/belogue\/wp-content\/uploads\/2016\/07\/20160729-13-200x133.jpg 200w, https:\/\/www.wallendorff.com\/belogue\/wp-content\/uploads\/2016\/07\/20160729-13-300x200.jpg 300w, https:\/\/www.wallendorff.com\/belogue\/wp-content\/uploads\/2016\/07\/20160729-13-525x350.jpg 525w, https:\/\/www.wallendorff.com\/belogue\/wp-content\/uploads\/2016\/07\/20160729-13-600x400.jpg 600w\" sizes=\"(max-width: 820px) 100vw, 820px\" \/><\/a>\n\t\t\t<\/div>\n\t\t\t\t<figcaption class='wp-caption-text gallery-caption' id='gallery-1-31887'>\n\t\t\t\tPal\u00e9o Festival, Nyon, 22\/07\/2016\n\t\t\t\t<\/figcaption><\/figure><figure class='gallery-item'>\n\t\t\t<div class='gallery-icon landscape'>\n\t\t\t\t<a href='https:\/\/www.wallendorff.com\/belogue\/2016\/07\/29\/paleo-festival-2016-jour-4\/paleo-festival-nyon-22072016-8\/'><img loading=\"lazy\" decoding=\"async\" width=\"820\" height=\"547\" src=\"https:\/\/www.wallendorff.com\/belogue\/wp-content\/uploads\/2016\/07\/20160729-14.jpg\" class=\"attachment-large size-large\" alt=\"\" aria-describedby=\"gallery-1-31888\" srcset=\"https:\/\/www.wallendorff.com\/belogue\/wp-content\/uploads\/2016\/07\/20160729-14.jpg 820w, https:\/\/www.wallendorff.com\/belogue\/wp-content\/uploads\/2016\/07\/20160729-14-200x133.jpg 200w, https:\/\/www.wallendorff.com\/belogue\/wp-content\/uploads\/2016\/07\/20160729-14-300x200.jpg 300w, https:\/\/www.wallendorff.com\/belogue\/wp-content\/uploads\/2016\/07\/20160729-14-525x350.jpg 525w, https:\/\/www.wallendorff.com\/belogue\/wp-content\/uploads\/2016\/07\/20160729-14-600x400.jpg 600w\" sizes=\"(max-width: 820px) 100vw, 820px\" \/><\/a>\n\t\t\t<\/div>\n\t\t\t\t<figcaption class='wp-caption-text gallery-caption' id='gallery-1-31888'>\n\t\t\t\tPal\u00e9o Festival, Nyon, 22\/07\/2016\n\t\t\t\t<\/figcaption><\/figure><figure class='gallery-item'>\n\t\t\t<div class='gallery-icon landscape'>\n\t\t\t\t<a href='https:\/\/www.wallendorff.com\/belogue\/2016\/07\/29\/paleo-festival-2016-jour-4\/paleo-festival-nyon-22072016-9\/'><img loading=\"lazy\" decoding=\"async\" width=\"820\" height=\"547\" src=\"https:\/\/www.wallendorff.com\/belogue\/wp-content\/uploads\/2016\/07\/20160729-15.jpg\" class=\"attachment-large size-large\" alt=\"\" aria-describedby=\"gallery-1-31889\" srcset=\"https:\/\/www.wallendorff.com\/belogue\/wp-content\/uploads\/2016\/07\/20160729-15.jpg 820w, https:\/\/www.wallendorff.com\/belogue\/wp-content\/uploads\/2016\/07\/20160729-15-200x133.jpg 200w, https:\/\/www.wallendorff.com\/belogue\/wp-content\/uploads\/2016\/07\/20160729-15-300x200.jpg 300w, https:\/\/www.wallendorff.com\/belogue\/wp-content\/uploads\/2016\/07\/20160729-15-525x350.jpg 525w, https:\/\/www.wallendorff.com\/belogue\/wp-content\/uploads\/2016\/07\/20160729-15-600x400.jpg 600w\" sizes=\"(max-width: 820px) 100vw, 820px\" \/><\/a>\n\t\t\t<\/div>\n\t\t\t\t<figcaption class='wp-caption-text gallery-caption' id='gallery-1-31889'>\n\t\t\t\tPal\u00e9o Festival, Nyon, 22\/07\/2016\n\t\t\t\t<\/figcaption><\/figure><figure class='gallery-item'>\n\t\t\t<div class='gallery-icon landscape'>\n\t\t\t\t<a href='https:\/\/www.wallendorff.com\/belogue\/2016\/07\/29\/paleo-festival-2016-jour-4\/paleo-festival-nyon-22072016-10\/'><img loading=\"lazy\" decoding=\"async\" width=\"820\" height=\"547\" src=\"https:\/\/www.wallendorff.com\/belogue\/wp-content\/uploads\/2016\/07\/20160729-16.jpg\" class=\"attachment-large size-large\" alt=\"\" aria-describedby=\"gallery-1-31890\" srcset=\"https:\/\/www.wallendorff.com\/belogue\/wp-content\/uploads\/2016\/07\/20160729-16.jpg 820w, https:\/\/www.wallendorff.com\/belogue\/wp-content\/uploads\/2016\/07\/20160729-16-200x133.jpg 200w, https:\/\/www.wallendorff.com\/belogue\/wp-content\/uploads\/2016\/07\/20160729-16-300x200.jpg 300w, https:\/\/www.wallendorff.com\/belogue\/wp-content\/uploads\/2016\/07\/20160729-16-525x350.jpg 525w, https:\/\/www.wallendorff.com\/belogue\/wp-content\/uploads\/2016\/07\/20160729-16-600x400.jpg 600w\" sizes=\"(max-width: 820px) 100vw, 820px\" \/><\/a>\n\t\t\t<\/div>\n\t\t\t\t<figcaption class='wp-caption-text gallery-caption' id='gallery-1-31890'>\n\t\t\t\tPal\u00e9o Festival, Nyon, 22\/07\/2016\n\t\t\t\t<\/figcaption><\/figure><figure class='gallery-item'>\n\t\t\t<div class='gallery-icon landscape'>\n\t\t\t\t<a href='https:\/\/www.wallendorff.com\/belogue\/2016\/07\/29\/paleo-festival-2016-jour-4\/paleo-festival-nyon-22072016-11\/'><img loading=\"lazy\" decoding=\"async\" width=\"820\" height=\"547\" src=\"https:\/\/www.wallendorff.com\/belogue\/wp-content\/uploads\/2016\/07\/20160729-17.jpg\" class=\"attachment-large size-large\" alt=\"\" aria-describedby=\"gallery-1-31891\" srcset=\"https:\/\/www.wallendorff.com\/belogue\/wp-content\/uploads\/2016\/07\/20160729-17.jpg 820w, https:\/\/www.wallendorff.com\/belogue\/wp-content\/uploads\/2016\/07\/20160729-17-200x133.jpg 200w, https:\/\/www.wallendorff.com\/belogue\/wp-content\/uploads\/2016\/07\/20160729-17-300x200.jpg 300w, https:\/\/www.wallendorff.com\/belogue\/wp-content\/uploads\/2016\/07\/20160729-17-525x350.jpg 525w, https:\/\/www.wallendorff.com\/belogue\/wp-content\/uploads\/2016\/07\/20160729-17-600x400.jpg 600w\" sizes=\"(max-width: 820px) 100vw, 820px\" \/><\/a>\n\t\t\t<\/div>\n\t\t\t\t<figcaption class='wp-caption-text gallery-caption' id='gallery-1-31891'>\n\t\t\t\tPal\u00e9o Festival, Nyon, 22\/07\/2016\n\t\t\t\t<\/figcaption><\/figure><figure class='gallery-item'>\n\t\t\t<div class='gallery-icon landscape'>\n\t\t\t\t<a href='https:\/\/www.wallendorff.com\/belogue\/2016\/07\/29\/paleo-festival-2016-jour-4\/paleo-festival-nyon-22072016-12\/'><img loading=\"lazy\" decoding=\"async\" width=\"820\" height=\"547\" src=\"https:\/\/www.wallendorff.com\/belogue\/wp-content\/uploads\/2016\/07\/20160729-18.jpg\" class=\"attachment-large size-large\" alt=\"\" aria-describedby=\"gallery-1-31892\" srcset=\"https:\/\/www.wallendorff.com\/belogue\/wp-content\/uploads\/2016\/07\/20160729-18.jpg 820w, https:\/\/www.wallendorff.com\/belogue\/wp-content\/uploads\/2016\/07\/20160729-18-200x133.jpg 200w, https:\/\/www.wallendorff.com\/belogue\/wp-content\/uploads\/2016\/07\/20160729-18-300x200.jpg 300w, https:\/\/www.wallendorff.com\/belogue\/wp-content\/uploads\/2016\/07\/20160729-18-525x350.jpg 525w, https:\/\/www.wallendorff.com\/belogue\/wp-content\/uploads\/2016\/07\/20160729-18-600x400.jpg 600w\" sizes=\"(max-width: 820px) 100vw, 820px\" \/><\/a>\n\t\t\t<\/div>\n\t\t\t\t<figcaption class='wp-caption-text gallery-caption' id='gallery-1-31892'>\n\t\t\t\tPal\u00e9o Festival, Nyon, 22\/07\/2016\n\t\t\t\t<\/figcaption><\/figure><figure class='gallery-item'>\n\t\t\t<div class='gallery-icon landscape'>\n\t\t\t\t<a href='https:\/\/www.wallendorff.com\/belogue\/2016\/07\/29\/paleo-festival-2016-jour-4\/deluxe-paleo-festival-nyon-22072016\/'><img loading=\"lazy\" decoding=\"async\" width=\"820\" height=\"547\" src=\"https:\/\/www.wallendorff.com\/belogue\/wp-content\/uploads\/2016\/07\/20160729-19.jpg\" class=\"attachment-large size-large\" alt=\"\" aria-describedby=\"gallery-1-31893\" srcset=\"https:\/\/www.wallendorff.com\/belogue\/wp-content\/uploads\/2016\/07\/20160729-19.jpg 820w, https:\/\/www.wallendorff.com\/belogue\/wp-content\/uploads\/2016\/07\/20160729-19-200x133.jpg 200w, https:\/\/www.wallendorff.com\/belogue\/wp-content\/uploads\/2016\/07\/20160729-19-300x200.jpg 300w, https:\/\/www.wallendorff.com\/belogue\/wp-content\/uploads\/2016\/07\/20160729-19-525x350.jpg 525w, https:\/\/www.wallendorff.com\/belogue\/wp-content\/uploads\/2016\/07\/20160729-19-600x400.jpg 600w\" sizes=\"(max-width: 820px) 100vw, 820px\" \/><\/a>\n\t\t\t<\/div>\n\t\t\t\t<figcaption class='wp-caption-text gallery-caption' id='gallery-1-31893'>\n\t\t\t\tDeluxe @ Pal\u00e9o Festival, Nyon, 22\/07\/2016\n\t\t\t\t<\/figcaption><\/figure><figure class='gallery-item'>\n\t\t\t<div class='gallery-icon landscape'>\n\t\t\t\t<a href='https:\/\/www.wallendorff.com\/belogue\/2016\/07\/29\/paleo-festival-2016-jour-4\/deluxe-paleo-festival-nyon-22072016-2\/'><img loading=\"lazy\" decoding=\"async\" width=\"820\" height=\"547\" src=\"https:\/\/www.wallendorff.com\/belogue\/wp-content\/uploads\/2016\/07\/20160729-20.jpg\" class=\"attachment-large size-large\" alt=\"\" aria-describedby=\"gallery-1-31894\" srcset=\"https:\/\/www.wallendorff.com\/belogue\/wp-content\/uploads\/2016\/07\/20160729-20.jpg 820w, https:\/\/www.wallendorff.com\/belogue\/wp-content\/uploads\/2016\/07\/20160729-20-200x133.jpg 200w, https:\/\/www.wallendorff.com\/belogue\/wp-content\/uploads\/2016\/07\/20160729-20-300x200.jpg 300w, https:\/\/www.wallendorff.com\/belogue\/wp-content\/uploads\/2016\/07\/20160729-20-525x350.jpg 525w, https:\/\/www.wallendorff.com\/belogue\/wp-content\/uploads\/2016\/07\/20160729-20-600x400.jpg 600w\" sizes=\"(max-width: 820px) 100vw, 820px\" \/><\/a>\n\t\t\t<\/div>\n\t\t\t\t<figcaption class='wp-caption-text gallery-caption' id='gallery-1-31894'>\n\t\t\t\tDeluxe @ Pal\u00e9o Festival, Nyon, 22\/07\/2016\n\t\t\t\t<\/figcaption><\/figure><figure class='gallery-item'>\n\t\t\t<div class='gallery-icon landscape'>\n\t\t\t\t<a href='https:\/\/www.wallendorff.com\/belogue\/2016\/07\/29\/paleo-festival-2016-jour-4\/paleo-festival-nyon-22072016-13\/'><img loading=\"lazy\" decoding=\"async\" width=\"820\" height=\"547\" src=\"https:\/\/www.wallendorff.com\/belogue\/wp-content\/uploads\/2016\/07\/20160729-21.jpg\" class=\"attachment-large size-large\" alt=\"\" aria-describedby=\"gallery-1-31895\" srcset=\"https:\/\/www.wallendorff.com\/belogue\/wp-content\/uploads\/2016\/07\/20160729-21.jpg 820w, https:\/\/www.wallendorff.com\/belogue\/wp-content\/uploads\/2016\/07\/20160729-21-200x133.jpg 200w, https:\/\/www.wallendorff.com\/belogue\/wp-content\/uploads\/2016\/07\/20160729-21-300x200.jpg 300w, https:\/\/www.wallendorff.com\/belogue\/wp-content\/uploads\/2016\/07\/20160729-21-525x350.jpg 525w, https:\/\/www.wallendorff.com\/belogue\/wp-content\/uploads\/2016\/07\/20160729-21-600x400.jpg 600w\" sizes=\"(max-width: 820px) 100vw, 820px\" \/><\/a>\n\t\t\t<\/div>\n\t\t\t\t<figcaption class='wp-caption-text gallery-caption' id='gallery-1-31895'>\n\t\t\t\tPal\u00e9o Festival, Nyon, 22\/07\/2016\n\t\t\t\t<\/figcaption><\/figure><figure class='gallery-item'>\n\t\t\t<div class='gallery-icon landscape'>\n\t\t\t\t<a href='https:\/\/www.wallendorff.com\/belogue\/2016\/07\/29\/paleo-festival-2016-jour-4\/deluxe-paleo-festival-nyon-22072016-3\/'><img loading=\"lazy\" decoding=\"async\" width=\"820\" height=\"547\" src=\"https:\/\/www.wallendorff.com\/belogue\/wp-content\/uploads\/2016\/07\/20160729-22.jpg\" class=\"attachment-large size-large\" alt=\"\" aria-describedby=\"gallery-1-31896\" srcset=\"https:\/\/www.wallendorff.com\/belogue\/wp-content\/uploads\/2016\/07\/20160729-22.jpg 820w, https:\/\/www.wallendorff.com\/belogue\/wp-content\/uploads\/2016\/07\/20160729-22-200x133.jpg 200w, https:\/\/www.wallendorff.com\/belogue\/wp-content\/uploads\/2016\/07\/20160729-22-300x200.jpg 300w, https:\/\/www.wallendorff.com\/belogue\/wp-content\/uploads\/2016\/07\/20160729-22-525x350.jpg 525w, https:\/\/www.wallendorff.com\/belogue\/wp-content\/uploads\/2016\/07\/20160729-22-600x400.jpg 600w\" sizes=\"(max-width: 820px) 100vw, 820px\" \/><\/a>\n\t\t\t<\/div>\n\t\t\t\t<figcaption class='wp-caption-text gallery-caption' id='gallery-1-31896'>\n\t\t\t\tDeluxe @ Pal\u00e9o Festival, Nyon, 22\/07\/2016\n\t\t\t\t<\/figcaption><\/figure><figure class='gallery-item'>\n\t\t\t<div class='gallery-icon landscape'>\n\t\t\t\t<a href='https:\/\/www.wallendorff.com\/belogue\/2016\/07\/29\/paleo-festival-2016-jour-4\/deluxe-paleo-festival-nyon-22072016-4\/'><img loading=\"lazy\" decoding=\"async\" width=\"820\" height=\"547\" src=\"https:\/\/www.wallendorff.com\/belogue\/wp-content\/uploads\/2016\/07\/20160729-23.jpg\" class=\"attachment-large size-large\" alt=\"\" aria-describedby=\"gallery-1-31897\" srcset=\"https:\/\/www.wallendorff.com\/belogue\/wp-content\/uploads\/2016\/07\/20160729-23.jpg 820w, https:\/\/www.wallendorff.com\/belogue\/wp-content\/uploads\/2016\/07\/20160729-23-200x133.jpg 200w, https:\/\/www.wallendorff.com\/belogue\/wp-content\/uploads\/2016\/07\/20160729-23-300x200.jpg 300w, https:\/\/www.wallendorff.com\/belogue\/wp-content\/uploads\/2016\/07\/20160729-23-525x350.jpg 525w, https:\/\/www.wallendorff.com\/belogue\/wp-content\/uploads\/2016\/07\/20160729-23-600x400.jpg 600w\" sizes=\"(max-width: 820px) 100vw, 820px\" \/><\/a>\n\t\t\t<\/div>\n\t\t\t\t<figcaption class='wp-caption-text gallery-caption' id='gallery-1-31897'>\n\t\t\t\tDeluxe @ Pal\u00e9o Festival, Nyon, 22\/07\/2016\n\t\t\t\t<\/figcaption><\/figure><figure class='gallery-item'>\n\t\t\t<div class='gallery-icon landscape'>\n\t\t\t\t<a href='https:\/\/www.wallendorff.com\/belogue\/2016\/07\/29\/paleo-festival-2016-jour-4\/deluxe-paleo-festival-nyon-22072016-5\/'><img loading=\"lazy\" decoding=\"async\" width=\"820\" height=\"547\" src=\"https:\/\/www.wallendorff.com\/belogue\/wp-content\/uploads\/2016\/07\/20160729-24.jpg\" class=\"attachment-large size-large\" alt=\"\" aria-describedby=\"gallery-1-31898\" srcset=\"https:\/\/www.wallendorff.com\/belogue\/wp-content\/uploads\/2016\/07\/20160729-24.jpg 820w, https:\/\/www.wallendorff.com\/belogue\/wp-content\/uploads\/2016\/07\/20160729-24-200x133.jpg 200w, https:\/\/www.wallendorff.com\/belogue\/wp-content\/uploads\/2016\/07\/20160729-24-300x200.jpg 300w, https:\/\/www.wallendorff.com\/belogue\/wp-content\/uploads\/2016\/07\/20160729-24-525x350.jpg 525w, https:\/\/www.wallendorff.com\/belogue\/wp-content\/uploads\/2016\/07\/20160729-24-600x400.jpg 600w\" sizes=\"(max-width: 820px) 100vw, 820px\" \/><\/a>\n\t\t\t<\/div>\n\t\t\t\t<figcaption class='wp-caption-text gallery-caption' id='gallery-1-31898'>\n\t\t\t\tDeluxe @ Pal\u00e9o Festival, Nyon, 22\/07\/2016\n\t\t\t\t<\/figcaption><\/figure><figure class='gallery-item'>\n\t\t\t<div class='gallery-icon landscape'>\n\t\t\t\t<a href='https:\/\/www.wallendorff.com\/belogue\/2016\/07\/29\/paleo-festival-2016-jour-4\/deluxe-paleo-festival-nyon-22072016-6\/'><img loading=\"lazy\" decoding=\"async\" width=\"820\" height=\"547\" src=\"https:\/\/www.wallendorff.com\/belogue\/wp-content\/uploads\/2016\/07\/20160729-25.jpg\" class=\"attachment-large size-large\" alt=\"\" aria-describedby=\"gallery-1-31899\" srcset=\"https:\/\/www.wallendorff.com\/belogue\/wp-content\/uploads\/2016\/07\/20160729-25.jpg 820w, https:\/\/www.wallendorff.com\/belogue\/wp-content\/uploads\/2016\/07\/20160729-25-200x133.jpg 200w, https:\/\/www.wallendorff.com\/belogue\/wp-content\/uploads\/2016\/07\/20160729-25-300x200.jpg 300w, https:\/\/www.wallendorff.com\/belogue\/wp-content\/uploads\/2016\/07\/20160729-25-525x350.jpg 525w, https:\/\/www.wallendorff.com\/belogue\/wp-content\/uploads\/2016\/07\/20160729-25-600x400.jpg 600w\" sizes=\"(max-width: 820px) 100vw, 820px\" \/><\/a>\n\t\t\t<\/div>\n\t\t\t\t<figcaption class='wp-caption-text gallery-caption' id='gallery-1-31899'>\n\t\t\t\tDeluxe @ Pal\u00e9o Festival, Nyon, 22\/07\/2016\n\t\t\t\t<\/figcaption><\/figure><figure class='gallery-item'>\n\t\t\t<div class='gallery-icon landscape'>\n\t\t\t\t<a href='https:\/\/www.wallendorff.com\/belogue\/2016\/07\/29\/paleo-festival-2016-jour-4\/deluxe-paleo-festival-nyon-22072016-7\/'><img loading=\"lazy\" decoding=\"async\" width=\"820\" height=\"547\" src=\"https:\/\/www.wallendorff.com\/belogue\/wp-content\/uploads\/2016\/07\/20160729-26.jpg\" class=\"attachment-large size-large\" alt=\"\" aria-describedby=\"gallery-1-31900\" srcset=\"https:\/\/www.wallendorff.com\/belogue\/wp-content\/uploads\/2016\/07\/20160729-26.jpg 820w, https:\/\/www.wallendorff.com\/belogue\/wp-content\/uploads\/2016\/07\/20160729-26-200x133.jpg 200w, https:\/\/www.wallendorff.com\/belogue\/wp-content\/uploads\/2016\/07\/20160729-26-300x200.jpg 300w, https:\/\/www.wallendorff.com\/belogue\/wp-content\/uploads\/2016\/07\/20160729-26-525x350.jpg 525w, https:\/\/www.wallendorff.com\/belogue\/wp-content\/uploads\/2016\/07\/20160729-26-600x400.jpg 600w\" sizes=\"(max-width: 820px) 100vw, 820px\" \/><\/a>\n\t\t\t<\/div>\n\t\t\t\t<figcaption class='wp-caption-text gallery-caption' id='gallery-1-31900'>\n\t\t\t\tDeluxe @ Pal\u00e9o Festival, Nyon, 22\/07\/2016\n\t\t\t\t<\/figcaption><\/figure><figure class='gallery-item'>\n\t\t\t<div class='gallery-icon landscape'>\n\t\t\t\t<a href='https:\/\/www.wallendorff.com\/belogue\/2016\/07\/29\/paleo-festival-2016-jour-4\/deluxe-paleo-festival-nyon-22072016-8\/'><img loading=\"lazy\" decoding=\"async\" width=\"820\" height=\"547\" src=\"https:\/\/www.wallendorff.com\/belogue\/wp-content\/uploads\/2016\/07\/20160729-27.jpg\" class=\"attachment-large size-large\" alt=\"\" aria-describedby=\"gallery-1-31901\" srcset=\"https:\/\/www.wallendorff.com\/belogue\/wp-content\/uploads\/2016\/07\/20160729-27.jpg 820w, https:\/\/www.wallendorff.com\/belogue\/wp-content\/uploads\/2016\/07\/20160729-27-200x133.jpg 200w, https:\/\/www.wallendorff.com\/belogue\/wp-content\/uploads\/2016\/07\/20160729-27-300x200.jpg 300w, https:\/\/www.wallendorff.com\/belogue\/wp-content\/uploads\/2016\/07\/20160729-27-525x350.jpg 525w, https:\/\/www.wallendorff.com\/belogue\/wp-content\/uploads\/2016\/07\/20160729-27-600x400.jpg 600w\" sizes=\"(max-width: 820px) 100vw, 820px\" \/><\/a>\n\t\t\t<\/div>\n\t\t\t\t<figcaption class='wp-caption-text gallery-caption' id='gallery-1-31901'>\n\t\t\t\tDeluxe @ Pal\u00e9o Festival, Nyon, 22\/07\/2016\n\t\t\t\t<\/figcaption><\/figure><figure class='gallery-item'>\n\t\t\t<div class='gallery-icon landscape'>\n\t\t\t\t<a href='https:\/\/www.wallendorff.com\/belogue\/2016\/07\/29\/paleo-festival-2016-jour-4\/deluxe-paleo-festival-nyon-22072016-9\/'><img loading=\"lazy\" decoding=\"async\" width=\"820\" height=\"547\" src=\"https:\/\/www.wallendorff.com\/belogue\/wp-content\/uploads\/2016\/07\/20160729-28.jpg\" class=\"attachment-large size-large\" alt=\"\" aria-describedby=\"gallery-1-31902\" srcset=\"https:\/\/www.wallendorff.com\/belogue\/wp-content\/uploads\/2016\/07\/20160729-28.jpg 820w, https:\/\/www.wallendorff.com\/belogue\/wp-content\/uploads\/2016\/07\/20160729-28-200x133.jpg 200w, https:\/\/www.wallendorff.com\/belogue\/wp-content\/uploads\/2016\/07\/20160729-28-300x200.jpg 300w, https:\/\/www.wallendorff.com\/belogue\/wp-content\/uploads\/2016\/07\/20160729-28-525x350.jpg 525w, https:\/\/www.wallendorff.com\/belogue\/wp-content\/uploads\/2016\/07\/20160729-28-600x400.jpg 600w\" sizes=\"(max-width: 820px) 100vw, 820px\" \/><\/a>\n\t\t\t<\/div>\n\t\t\t\t<figcaption class='wp-caption-text gallery-caption' id='gallery-1-31902'>\n\t\t\t\tDeluxe @ Pal\u00e9o Festival, Nyon, 22\/07\/2016\n\t\t\t\t<\/figcaption><\/figure><figure class='gallery-item'>\n\t\t\t<div class='gallery-icon landscape'>\n\t\t\t\t<a href='https:\/\/www.wallendorff.com\/belogue\/2016\/07\/29\/paleo-festival-2016-jour-4\/paleo-festival-nyon-22072016-14\/'><img loading=\"lazy\" decoding=\"async\" width=\"820\" height=\"547\" src=\"https:\/\/www.wallendorff.com\/belogue\/wp-content\/uploads\/2016\/07\/20160729-29.jpg\" class=\"attachment-large size-large\" alt=\"\" aria-describedby=\"gallery-1-31903\" srcset=\"https:\/\/www.wallendorff.com\/belogue\/wp-content\/uploads\/2016\/07\/20160729-29.jpg 820w, https:\/\/www.wallendorff.com\/belogue\/wp-content\/uploads\/2016\/07\/20160729-29-200x133.jpg 200w, https:\/\/www.wallendorff.com\/belogue\/wp-content\/uploads\/2016\/07\/20160729-29-300x200.jpg 300w, https:\/\/www.wallendorff.com\/belogue\/wp-content\/uploads\/2016\/07\/20160729-29-525x350.jpg 525w, https:\/\/www.wallendorff.com\/belogue\/wp-content\/uploads\/2016\/07\/20160729-29-600x400.jpg 600w\" sizes=\"(max-width: 820px) 100vw, 820px\" \/><\/a>\n\t\t\t<\/div>\n\t\t\t\t<figcaption class='wp-caption-text gallery-caption' id='gallery-1-31903'>\n\t\t\t\tPal\u00e9o Festival, Nyon, 22\/07\/2016\n\t\t\t\t<\/figcaption><\/figure><figure class='gallery-item'>\n\t\t\t<div class='gallery-icon portrait'>\n\t\t\t\t<a href='https:\/\/www.wallendorff.com\/belogue\/2016\/07\/29\/paleo-festival-2016-jour-4\/bastille-paleo-festival-nyon-22072016\/'><img loading=\"lazy\" decoding=\"async\" width=\"547\" height=\"820\" src=\"https:\/\/www.wallendorff.com\/belogue\/wp-content\/uploads\/2016\/07\/20160729-30.jpg\" class=\"attachment-large size-large\" alt=\"\" aria-describedby=\"gallery-1-31904\" srcset=\"https:\/\/www.wallendorff.com\/belogue\/wp-content\/uploads\/2016\/07\/20160729-30.jpg 547w, https:\/\/www.wallendorff.com\/belogue\/wp-content\/uploads\/2016\/07\/20160729-30-133x200.jpg 133w, https:\/\/www.wallendorff.com\/belogue\/wp-content\/uploads\/2016\/07\/20160729-30-200x300.jpg 200w, https:\/\/www.wallendorff.com\/belogue\/wp-content\/uploads\/2016\/07\/20160729-30-233x350.jpg 233w\" sizes=\"(max-width: 547px) 100vw, 547px\" \/><\/a>\n\t\t\t<\/div>\n\t\t\t\t<figcaption class='wp-caption-text gallery-caption' id='gallery-1-31904'>\n\t\t\t\tBastille @ Pal\u00e9o Festival, Nyon, 22\/07\/2016\n\t\t\t\t<\/figcaption><\/figure><figure class='gallery-item'>\n\t\t\t<div class='gallery-icon landscape'>\n\t\t\t\t<a href='https:\/\/www.wallendorff.com\/belogue\/2016\/07\/29\/paleo-festival-2016-jour-4\/paleo-festival-nyon-22072016-15\/'><img loading=\"lazy\" decoding=\"async\" width=\"820\" height=\"547\" src=\"https:\/\/www.wallendorff.com\/belogue\/wp-content\/uploads\/2016\/07\/20160729-31.jpg\" class=\"attachment-large size-large\" alt=\"\" aria-describedby=\"gallery-1-31905\" srcset=\"https:\/\/www.wallendorff.com\/belogue\/wp-content\/uploads\/2016\/07\/20160729-31.jpg 820w, https:\/\/www.wallendorff.com\/belogue\/wp-content\/uploads\/2016\/07\/20160729-31-200x133.jpg 200w, https:\/\/www.wallendorff.com\/belogue\/wp-content\/uploads\/2016\/07\/20160729-31-300x200.jpg 300w, https:\/\/www.wallendorff.com\/belogue\/wp-content\/uploads\/2016\/07\/20160729-31-525x350.jpg 525w, https:\/\/www.wallendorff.com\/belogue\/wp-content\/uploads\/2016\/07\/20160729-31-600x400.jpg 600w\" sizes=\"(max-width: 820px) 100vw, 820px\" \/><\/a>\n\t\t\t<\/div>\n\t\t\t\t<figcaption class='wp-caption-text gallery-caption' id='gallery-1-31905'>\n\t\t\t\tPal\u00e9o Festival, Nyon, 22\/07\/2016\n\t\t\t\t<\/figcaption><\/figure><figure class='gallery-item'>\n\t\t\t<div class='gallery-icon portrait'>\n\t\t\t\t<a href='https:\/\/www.wallendorff.com\/belogue\/2016\/07\/29\/paleo-festival-2016-jour-4\/bastille-paleo-festival-nyon-22072016-2\/'><img loading=\"lazy\" decoding=\"async\" width=\"547\" height=\"820\" src=\"https:\/\/www.wallendorff.com\/belogue\/wp-content\/uploads\/2016\/07\/20160729-32.jpg\" class=\"attachment-large size-large\" alt=\"\" aria-describedby=\"gallery-1-31906\" srcset=\"https:\/\/www.wallendorff.com\/belogue\/wp-content\/uploads\/2016\/07\/20160729-32.jpg 547w, https:\/\/www.wallendorff.com\/belogue\/wp-content\/uploads\/2016\/07\/20160729-32-133x200.jpg 133w, https:\/\/www.wallendorff.com\/belogue\/wp-content\/uploads\/2016\/07\/20160729-32-200x300.jpg 200w, https:\/\/www.wallendorff.com\/belogue\/wp-content\/uploads\/2016\/07\/20160729-32-233x350.jpg 233w\" sizes=\"(max-width: 547px) 100vw, 547px\" \/><\/a>\n\t\t\t<\/div>\n\t\t\t\t<figcaption class='wp-caption-text gallery-caption' id='gallery-1-31906'>\n\t\t\t\tBastille @ Pal\u00e9o Festival, Nyon, 22\/07\/2016\n\t\t\t\t<\/figcaption><\/figure><figure class='gallery-item'>\n\t\t\t<div class='gallery-icon landscape'>\n\t\t\t\t<a href='https:\/\/www.wallendorff.com\/belogue\/2016\/07\/29\/paleo-festival-2016-jour-4\/bastille-paleo-festival-nyon-22072016-3\/'><img loading=\"lazy\" decoding=\"async\" width=\"820\" height=\"547\" src=\"https:\/\/www.wallendorff.com\/belogue\/wp-content\/uploads\/2016\/07\/20160729-33.jpg\" class=\"attachment-large size-large\" alt=\"\" aria-describedby=\"gallery-1-31907\" srcset=\"https:\/\/www.wallendorff.com\/belogue\/wp-content\/uploads\/2016\/07\/20160729-33.jpg 820w, https:\/\/www.wallendorff.com\/belogue\/wp-content\/uploads\/2016\/07\/20160729-33-200x133.jpg 200w, https:\/\/www.wallendorff.com\/belogue\/wp-content\/uploads\/2016\/07\/20160729-33-300x200.jpg 300w, https:\/\/www.wallendorff.com\/belogue\/wp-content\/uploads\/2016\/07\/20160729-33-525x350.jpg 525w, https:\/\/www.wallendorff.com\/belogue\/wp-content\/uploads\/2016\/07\/20160729-33-600x400.jpg 600w\" sizes=\"(max-width: 820px) 100vw, 820px\" \/><\/a>\n\t\t\t<\/div>\n\t\t\t\t<figcaption class='wp-caption-text gallery-caption' id='gallery-1-31907'>\n\t\t\t\tBastille @ Pal\u00e9o Festival, Nyon, 22\/07\/2016\n\t\t\t\t<\/figcaption><\/figure><figure class='gallery-item'>\n\t\t\t<div class='gallery-icon portrait'>\n\t\t\t\t<a href='https:\/\/www.wallendorff.com\/belogue\/2016\/07\/29\/paleo-festival-2016-jour-4\/paleo-festival-nyon-22072016-16\/'><img loading=\"lazy\" decoding=\"async\" width=\"547\" height=\"820\" src=\"https:\/\/www.wallendorff.com\/belogue\/wp-content\/uploads\/2016\/07\/20160729-34.jpg\" class=\"attachment-large size-large\" alt=\"\" aria-describedby=\"gallery-1-31908\" srcset=\"https:\/\/www.wallendorff.com\/belogue\/wp-content\/uploads\/2016\/07\/20160729-34.jpg 547w, https:\/\/www.wallendorff.com\/belogue\/wp-content\/uploads\/2016\/07\/20160729-34-133x200.jpg 133w, https:\/\/www.wallendorff.com\/belogue\/wp-content\/uploads\/2016\/07\/20160729-34-200x300.jpg 200w, https:\/\/www.wallendorff.com\/belogue\/wp-content\/uploads\/2016\/07\/20160729-34-233x350.jpg 233w\" sizes=\"(max-width: 547px) 100vw, 547px\" \/><\/a>\n\t\t\t<\/div>\n\t\t\t\t<figcaption class='wp-caption-text gallery-caption' id='gallery-1-31908'>\n\t\t\t\tPal\u00e9o Festival, Nyon, 22\/07\/2016\n\t\t\t\t<\/figcaption><\/figure><figure class='gallery-item'>\n\t\t\t<div class='gallery-icon landscape'>\n\t\t\t\t<a href='https:\/\/www.wallendorff.com\/belogue\/2016\/07\/29\/paleo-festival-2016-jour-4\/paleo-festival-nyon-22072016-17\/'><img loading=\"lazy\" decoding=\"async\" width=\"820\" height=\"547\" src=\"https:\/\/www.wallendorff.com\/belogue\/wp-content\/uploads\/2016\/07\/20160729-35.jpg\" class=\"attachment-large size-large\" alt=\"\" aria-describedby=\"gallery-1-31909\" srcset=\"https:\/\/www.wallendorff.com\/belogue\/wp-content\/uploads\/2016\/07\/20160729-35.jpg 820w, https:\/\/www.wallendorff.com\/belogue\/wp-content\/uploads\/2016\/07\/20160729-35-200x133.jpg 200w, https:\/\/www.wallendorff.com\/belogue\/wp-content\/uploads\/2016\/07\/20160729-35-300x200.jpg 300w, https:\/\/www.wallendorff.com\/belogue\/wp-content\/uploads\/2016\/07\/20160729-35-525x350.jpg 525w, https:\/\/www.wallendorff.com\/belogue\/wp-content\/uploads\/2016\/07\/20160729-35-600x400.jpg 600w\" sizes=\"(max-width: 820px) 100vw, 820px\" \/><\/a>\n\t\t\t<\/div>\n\t\t\t\t<figcaption class='wp-caption-text gallery-caption' id='gallery-1-31909'>\n\t\t\t\tPal\u00e9o Festival, Nyon, 22\/07\/2016\n\t\t\t\t<\/figcaption><\/figure><figure class='gallery-item'>\n\t\t\t<div class='gallery-icon landscape'>\n\t\t\t\t<a href='https:\/\/www.wallendorff.com\/belogue\/2016\/07\/29\/paleo-festival-2016-jour-4\/paleo-festival-nyon-22072016-18\/'><img loading=\"lazy\" decoding=\"async\" width=\"820\" height=\"547\" src=\"https:\/\/www.wallendorff.com\/belogue\/wp-content\/uploads\/2016\/07\/20160729-36.jpg\" class=\"attachment-large size-large\" alt=\"\" aria-describedby=\"gallery-1-31910\" srcset=\"https:\/\/www.wallendorff.com\/belogue\/wp-content\/uploads\/2016\/07\/20160729-36.jpg 820w, https:\/\/www.wallendorff.com\/belogue\/wp-content\/uploads\/2016\/07\/20160729-36-200x133.jpg 200w, https:\/\/www.wallendorff.com\/belogue\/wp-content\/uploads\/2016\/07\/20160729-36-300x200.jpg 300w, https:\/\/www.wallendorff.com\/belogue\/wp-content\/uploads\/2016\/07\/20160729-36-525x350.jpg 525w, https:\/\/www.wallendorff.com\/belogue\/wp-content\/uploads\/2016\/07\/20160729-36-600x400.jpg 600w\" sizes=\"(max-width: 820px) 100vw, 820px\" \/><\/a>\n\t\t\t<\/div>\n\t\t\t\t<figcaption class='wp-caption-text gallery-caption' id='gallery-1-31910'>\n\t\t\t\tPal\u00e9o Festival, Nyon, 22\/07\/2016\n\t\t\t\t<\/figcaption><\/figure><figure class='gallery-item'>\n\t\t\t<div class='gallery-icon landscape'>\n\t\t\t\t<a href='https:\/\/www.wallendorff.com\/belogue\/2016\/07\/29\/paleo-festival-2016-jour-4\/paleo-festival-nyon-22072016-19\/'><img loading=\"lazy\" decoding=\"async\" width=\"820\" height=\"547\" src=\"https:\/\/www.wallendorff.com\/belogue\/wp-content\/uploads\/2016\/07\/20160729-37.jpg\" class=\"attachment-large size-large\" alt=\"\" aria-describedby=\"gallery-1-31911\" srcset=\"https:\/\/www.wallendorff.com\/belogue\/wp-content\/uploads\/2016\/07\/20160729-37.jpg 820w, https:\/\/www.wallendorff.com\/belogue\/wp-content\/uploads\/2016\/07\/20160729-37-200x133.jpg 200w, https:\/\/www.wallendorff.com\/belogue\/wp-content\/uploads\/2016\/07\/20160729-37-300x200.jpg 300w, https:\/\/www.wallendorff.com\/belogue\/wp-content\/uploads\/2016\/07\/20160729-37-525x350.jpg 525w, https:\/\/www.wallendorff.com\/belogue\/wp-content\/uploads\/2016\/07\/20160729-37-600x400.jpg 600w\" sizes=\"(max-width: 820px) 100vw, 820px\" \/><\/a>\n\t\t\t<\/div>\n\t\t\t\t<figcaption class='wp-caption-text gallery-caption' id='gallery-1-31911'>\n\t\t\t\tPal\u00e9o Festival, Nyon, 22\/07\/2016\n\t\t\t\t<\/figcaption><\/figure><figure class='gallery-item'>\n\t\t\t<div class='gallery-icon landscape'>\n\t\t\t\t<a href='https:\/\/www.wallendorff.com\/belogue\/2016\/07\/29\/paleo-festival-2016-jour-4\/paleo-festival-nyon-22072016-20\/'><img loading=\"lazy\" decoding=\"async\" width=\"820\" height=\"547\" src=\"https:\/\/www.wallendorff.com\/belogue\/wp-content\/uploads\/2016\/07\/20160729-38.jpg\" class=\"attachment-large size-large\" alt=\"\" aria-describedby=\"gallery-1-31912\" srcset=\"https:\/\/www.wallendorff.com\/belogue\/wp-content\/uploads\/2016\/07\/20160729-38.jpg 820w, https:\/\/www.wallendorff.com\/belogue\/wp-content\/uploads\/2016\/07\/20160729-38-200x133.jpg 200w, https:\/\/www.wallendorff.com\/belogue\/wp-content\/uploads\/2016\/07\/20160729-38-300x200.jpg 300w, https:\/\/www.wallendorff.com\/belogue\/wp-content\/uploads\/2016\/07\/20160729-38-525x350.jpg 525w, https:\/\/www.wallendorff.com\/belogue\/wp-content\/uploads\/2016\/07\/20160729-38-600x400.jpg 600w\" sizes=\"(max-width: 820px) 100vw, 820px\" \/><\/a>\n\t\t\t<\/div>\n\t\t\t\t<figcaption class='wp-caption-text gallery-caption' id='gallery-1-31912'>\n\t\t\t\tPal\u00e9o Festival, Nyon, 22\/07\/2016\n\t\t\t\t<\/figcaption><\/figure><figure class='gallery-item'>\n\t\t\t<div class='gallery-icon landscape'>\n\t\t\t\t<a href='https:\/\/www.wallendorff.com\/belogue\/2016\/07\/29\/paleo-festival-2016-jour-4\/paleo-festival-nyon-22072016-21\/'><img loading=\"lazy\" decoding=\"async\" width=\"820\" height=\"547\" src=\"https:\/\/www.wallendorff.com\/belogue\/wp-content\/uploads\/2016\/07\/20160729-39.jpg\" class=\"attachment-large size-large\" alt=\"\" aria-describedby=\"gallery-1-31913\" srcset=\"https:\/\/www.wallendorff.com\/belogue\/wp-content\/uploads\/2016\/07\/20160729-39.jpg 820w, https:\/\/www.wallendorff.com\/belogue\/wp-content\/uploads\/2016\/07\/20160729-39-200x133.jpg 200w, https:\/\/www.wallendorff.com\/belogue\/wp-content\/uploads\/2016\/07\/20160729-39-300x200.jpg 300w, https:\/\/www.wallendorff.com\/belogue\/wp-content\/uploads\/2016\/07\/20160729-39-525x350.jpg 525w, https:\/\/www.wallendorff.com\/belogue\/wp-content\/uploads\/2016\/07\/20160729-39-600x400.jpg 600w\" sizes=\"(max-width: 820px) 100vw, 820px\" \/><\/a>\n\t\t\t<\/div>\n\t\t\t\t<figcaption class='wp-caption-text gallery-caption' id='gallery-1-31913'>\n\t\t\t\tPal\u00e9o Festival, Nyon, 22\/07\/2016\n\t\t\t\t<\/figcaption><\/figure><figure class='gallery-item'>\n\t\t\t<div class='gallery-icon landscape'>\n\t\t\t\t<a href='https:\/\/www.wallendorff.com\/belogue\/2016\/07\/29\/paleo-festival-2016-jour-4\/paleo-festival-nyon-22072016-22\/'><img loading=\"lazy\" decoding=\"async\" width=\"820\" height=\"547\" src=\"https:\/\/www.wallendorff.com\/belogue\/wp-content\/uploads\/2016\/07\/20160729-40.jpg\" class=\"attachment-large size-large\" alt=\"\" aria-describedby=\"gallery-1-31914\" srcset=\"https:\/\/www.wallendorff.com\/belogue\/wp-content\/uploads\/2016\/07\/20160729-40.jpg 820w, https:\/\/www.wallendorff.com\/belogue\/wp-content\/uploads\/2016\/07\/20160729-40-200x133.jpg 200w, https:\/\/www.wallendorff.com\/belogue\/wp-content\/uploads\/2016\/07\/20160729-40-300x200.jpg 300w, https:\/\/www.wallendorff.com\/belogue\/wp-content\/uploads\/2016\/07\/20160729-40-525x350.jpg 525w, https:\/\/www.wallendorff.com\/belogue\/wp-content\/uploads\/2016\/07\/20160729-40-600x400.jpg 600w\" sizes=\"(max-width: 820px) 100vw, 820px\" \/><\/a>\n\t\t\t<\/div>\n\t\t\t\t<figcaption class='wp-caption-text gallery-caption' id='gallery-1-31914'>\n\t\t\t\tPal\u00e9o Festival, Nyon, 22\/07\/2016\n\t\t\t\t<\/figcaption><\/figure><figure class='gallery-item'>\n\t\t\t<div class='gallery-icon landscape'>\n\t\t\t\t<a href='https:\/\/www.wallendorff.com\/belogue\/2016\/07\/29\/paleo-festival-2016-jour-4\/lilly-wood-and-the-prick-paleo-festival-nyon-22072016\/'><img loading=\"lazy\" decoding=\"async\" width=\"820\" height=\"547\" src=\"https:\/\/www.wallendorff.com\/belogue\/wp-content\/uploads\/2016\/07\/20160729-41.jpg\" class=\"attachment-large size-large\" alt=\"\" aria-describedby=\"gallery-1-31915\" srcset=\"https:\/\/www.wallendorff.com\/belogue\/wp-content\/uploads\/2016\/07\/20160729-41.jpg 820w, https:\/\/www.wallendorff.com\/belogue\/wp-content\/uploads\/2016\/07\/20160729-41-200x133.jpg 200w, https:\/\/www.wallendorff.com\/belogue\/wp-content\/uploads\/2016\/07\/20160729-41-300x200.jpg 300w, https:\/\/www.wallendorff.com\/belogue\/wp-content\/uploads\/2016\/07\/20160729-41-525x350.jpg 525w, https:\/\/www.wallendorff.com\/belogue\/wp-content\/uploads\/2016\/07\/20160729-41-600x400.jpg 600w\" sizes=\"(max-width: 820px) 100vw, 820px\" \/><\/a>\n\t\t\t<\/div>\n\t\t\t\t<figcaption class='wp-caption-text gallery-caption' id='gallery-1-31915'>\n\t\t\t\tLilly Wood and the Prick @ Pal\u00e9o Festival, Nyon, 22\/07\/2016\n\t\t\t\t<\/figcaption><\/figure><figure class='gallery-item'>\n\t\t\t<div class='gallery-icon portrait'>\n\t\t\t\t<a href='https:\/\/www.wallendorff.com\/belogue\/2016\/07\/29\/paleo-festival-2016-jour-4\/lilly-wood-and-the-prick-paleo-festival-nyon-22072016-2\/'><img loading=\"lazy\" decoding=\"async\" width=\"547\" height=\"820\" src=\"https:\/\/www.wallendorff.com\/belogue\/wp-content\/uploads\/2016\/07\/20160729-42.jpg\" class=\"attachment-large size-large\" alt=\"\" aria-describedby=\"gallery-1-31916\" srcset=\"https:\/\/www.wallendorff.com\/belogue\/wp-content\/uploads\/2016\/07\/20160729-42.jpg 547w, https:\/\/www.wallendorff.com\/belogue\/wp-content\/uploads\/2016\/07\/20160729-42-133x200.jpg 133w, https:\/\/www.wallendorff.com\/belogue\/wp-content\/uploads\/2016\/07\/20160729-42-200x300.jpg 200w, https:\/\/www.wallendorff.com\/belogue\/wp-content\/uploads\/2016\/07\/20160729-42-233x350.jpg 233w\" sizes=\"(max-width: 547px) 100vw, 547px\" \/><\/a>\n\t\t\t<\/div>\n\t\t\t\t<figcaption class='wp-caption-text gallery-caption' id='gallery-1-31916'>\n\t\t\t\tLilly Wood and the Prick @ Pal\u00e9o Festival, Nyon, 22\/07\/2016\n\t\t\t\t<\/figcaption><\/figure><figure class='gallery-item'>\n\t\t\t<div class='gallery-icon landscape'>\n\t\t\t\t<a href='https:\/\/www.wallendorff.com\/belogue\/2016\/07\/29\/paleo-festival-2016-jour-4\/paleo-festival-nyon-22072016-23\/'><img loading=\"lazy\" decoding=\"async\" width=\"820\" height=\"547\" src=\"https:\/\/www.wallendorff.com\/belogue\/wp-content\/uploads\/2016\/07\/20160729-43.jpg\" class=\"attachment-large size-large\" alt=\"\" aria-describedby=\"gallery-1-31917\" srcset=\"https:\/\/www.wallendorff.com\/belogue\/wp-content\/uploads\/2016\/07\/20160729-43.jpg 820w, https:\/\/www.wallendorff.com\/belogue\/wp-content\/uploads\/2016\/07\/20160729-43-200x133.jpg 200w, https:\/\/www.wallendorff.com\/belogue\/wp-content\/uploads\/2016\/07\/20160729-43-300x200.jpg 300w, https:\/\/www.wallendorff.com\/belogue\/wp-content\/uploads\/2016\/07\/20160729-43-525x350.jpg 525w, https:\/\/www.wallendorff.com\/belogue\/wp-content\/uploads\/2016\/07\/20160729-43-600x400.jpg 600w\" sizes=\"(max-width: 820px) 100vw, 820px\" \/><\/a>\n\t\t\t<\/div>\n\t\t\t\t<figcaption class='wp-caption-text gallery-caption' id='gallery-1-31917'>\n\t\t\t\tPal\u00e9o Festival, Nyon, 22\/07\/2016\n\t\t\t\t<\/figcaption><\/figure><figure class='gallery-item'>\n\t\t\t<div class='gallery-icon landscape'>\n\t\t\t\t<a href='https:\/\/www.wallendorff.com\/belogue\/2016\/07\/29\/paleo-festival-2016-jour-4\/lilly-wood-and-the-prick-paleo-festival-nyon-22072016-3\/'><img loading=\"lazy\" decoding=\"async\" width=\"820\" height=\"547\" src=\"https:\/\/www.wallendorff.com\/belogue\/wp-content\/uploads\/2016\/07\/20160729-44.jpg\" class=\"attachment-large size-large\" alt=\"\" aria-describedby=\"gallery-1-31918\" srcset=\"https:\/\/www.wallendorff.com\/belogue\/wp-content\/uploads\/2016\/07\/20160729-44.jpg 820w, https:\/\/www.wallendorff.com\/belogue\/wp-content\/uploads\/2016\/07\/20160729-44-200x133.jpg 200w, https:\/\/www.wallendorff.com\/belogue\/wp-content\/uploads\/2016\/07\/20160729-44-300x200.jpg 300w, https:\/\/www.wallendorff.com\/belogue\/wp-content\/uploads\/2016\/07\/20160729-44-525x350.jpg 525w, https:\/\/www.wallendorff.com\/belogue\/wp-content\/uploads\/2016\/07\/20160729-44-600x400.jpg 600w\" sizes=\"(max-width: 820px) 100vw, 820px\" \/><\/a>\n\t\t\t<\/div>\n\t\t\t\t<figcaption class='wp-caption-text gallery-caption' id='gallery-1-31918'>\n\t\t\t\tLilly Wood and the Prick @ Pal\u00e9o Festival, Nyon, 22\/07\/2016\n\t\t\t\t<\/figcaption><\/figure><figure class='gallery-item'>\n\t\t\t<div class='gallery-icon landscape'>\n\t\t\t\t<a href='https:\/\/www.wallendorff.com\/belogue\/2016\/07\/29\/paleo-festival-2016-jour-4\/paleo-festival-nyon-22072016-24\/'><img loading=\"lazy\" decoding=\"async\" width=\"820\" height=\"547\" src=\"https:\/\/www.wallendorff.com\/belogue\/wp-content\/uploads\/2016\/07\/20160729-45.jpg\" class=\"attachment-large size-large\" alt=\"\" aria-describedby=\"gallery-1-31919\" srcset=\"https:\/\/www.wallendorff.com\/belogue\/wp-content\/uploads\/2016\/07\/20160729-45.jpg 820w, https:\/\/www.wallendorff.com\/belogue\/wp-content\/uploads\/2016\/07\/20160729-45-200x133.jpg 200w, https:\/\/www.wallendorff.com\/belogue\/wp-content\/uploads\/2016\/07\/20160729-45-300x200.jpg 300w, https:\/\/www.wallendorff.com\/belogue\/wp-content\/uploads\/2016\/07\/20160729-45-525x350.jpg 525w, https:\/\/www.wallendorff.com\/belogue\/wp-content\/uploads\/2016\/07\/20160729-45-600x400.jpg 600w\" sizes=\"(max-width: 820px) 100vw, 820px\" \/><\/a>\n\t\t\t<\/div>\n\t\t\t\t<figcaption class='wp-caption-text gallery-caption' id='gallery-1-31919'>\n\t\t\t\tPal\u00e9o Festival, Nyon, 22\/07\/2016\n\t\t\t\t<\/figcaption><\/figure><figure class='gallery-item'>\n\t\t\t<div class='gallery-icon landscape'>\n\t\t\t\t<a href='https:\/\/www.wallendorff.com\/belogue\/2016\/07\/29\/paleo-festival-2016-jour-4\/lilly-wood-and-the-prick-paleo-festival-nyon-22072016-4\/'><img loading=\"lazy\" decoding=\"async\" width=\"820\" height=\"547\" src=\"https:\/\/www.wallendorff.com\/belogue\/wp-content\/uploads\/2016\/07\/20160729-46.jpg\" class=\"attachment-large size-large\" alt=\"\" aria-describedby=\"gallery-1-31920\" srcset=\"https:\/\/www.wallendorff.com\/belogue\/wp-content\/uploads\/2016\/07\/20160729-46.jpg 820w, https:\/\/www.wallendorff.com\/belogue\/wp-content\/uploads\/2016\/07\/20160729-46-200x133.jpg 200w, https:\/\/www.wallendorff.com\/belogue\/wp-content\/uploads\/2016\/07\/20160729-46-300x200.jpg 300w, https:\/\/www.wallendorff.com\/belogue\/wp-content\/uploads\/2016\/07\/20160729-46-525x350.jpg 525w, https:\/\/www.wallendorff.com\/belogue\/wp-content\/uploads\/2016\/07\/20160729-46-600x400.jpg 600w\" sizes=\"(max-width: 820px) 100vw, 820px\" \/><\/a>\n\t\t\t<\/div>\n\t\t\t\t<figcaption class='wp-caption-text gallery-caption' id='gallery-1-31920'>\n\t\t\t\tLilly Wood and the Prick @ Pal\u00e9o Festival, Nyon, 22\/07\/2016\n\t\t\t\t<\/figcaption><\/figure><figure class='gallery-item'>\n\t\t\t<div class='gallery-icon landscape'>\n\t\t\t\t<a href='https:\/\/www.wallendorff.com\/belogue\/2016\/07\/29\/paleo-festival-2016-jour-4\/lilly-wood-and-the-prick-paleo-festival-nyon-22072016-5\/'><img loading=\"lazy\" decoding=\"async\" width=\"820\" height=\"547\" src=\"https:\/\/www.wallendorff.com\/belogue\/wp-content\/uploads\/2016\/07\/20160729-47.jpg\" class=\"attachment-large size-large\" alt=\"\" aria-describedby=\"gallery-1-31921\" srcset=\"https:\/\/www.wallendorff.com\/belogue\/wp-content\/uploads\/2016\/07\/20160729-47.jpg 820w, https:\/\/www.wallendorff.com\/belogue\/wp-content\/uploads\/2016\/07\/20160729-47-200x133.jpg 200w, https:\/\/www.wallendorff.com\/belogue\/wp-content\/uploads\/2016\/07\/20160729-47-300x200.jpg 300w, https:\/\/www.wallendorff.com\/belogue\/wp-content\/uploads\/2016\/07\/20160729-47-525x350.jpg 525w, https:\/\/www.wallendorff.com\/belogue\/wp-content\/uploads\/2016\/07\/20160729-47-600x400.jpg 600w\" sizes=\"(max-width: 820px) 100vw, 820px\" \/><\/a>\n\t\t\t<\/div>\n\t\t\t\t<figcaption class='wp-caption-text gallery-caption' id='gallery-1-31921'>\n\t\t\t\tLilly Wood and the Prick @ Pal\u00e9o Festival, Nyon, 22\/07\/2016\n\t\t\t\t<\/figcaption><\/figure><figure class='gallery-item'>\n\t\t\t<div class='gallery-icon landscape'>\n\t\t\t\t<a href='https:\/\/www.wallendorff.com\/belogue\/2016\/07\/29\/paleo-festival-2016-jour-4\/lilly-wood-and-the-prick-paleo-festival-nyon-22072016-6\/'><img loading=\"lazy\" decoding=\"async\" width=\"820\" height=\"547\" src=\"https:\/\/www.wallendorff.com\/belogue\/wp-content\/uploads\/2016\/07\/20160729-48.jpg\" class=\"attachment-large size-large\" alt=\"\" aria-describedby=\"gallery-1-31922\" srcset=\"https:\/\/www.wallendorff.com\/belogue\/wp-content\/uploads\/2016\/07\/20160729-48.jpg 820w, https:\/\/www.wallendorff.com\/belogue\/wp-content\/uploads\/2016\/07\/20160729-48-200x133.jpg 200w, https:\/\/www.wallendorff.com\/belogue\/wp-content\/uploads\/2016\/07\/20160729-48-300x200.jpg 300w, https:\/\/www.wallendorff.com\/belogue\/wp-content\/uploads\/2016\/07\/20160729-48-525x350.jpg 525w, https:\/\/www.wallendorff.com\/belogue\/wp-content\/uploads\/2016\/07\/20160729-48-600x400.jpg 600w\" sizes=\"(max-width: 820px) 100vw, 820px\" \/><\/a>\n\t\t\t<\/div>\n\t\t\t\t<figcaption class='wp-caption-text gallery-caption' id='gallery-1-31922'>\n\t\t\t\tLilly Wood and the Prick @ Pal\u00e9o Festival, Nyon, 22\/07\/2016\n\t\t\t\t<\/figcaption><\/figure><figure class='gallery-item'>\n\t\t\t<div class='gallery-icon landscape'>\n\t\t\t\t<a href='https:\/\/www.wallendorff.com\/belogue\/2016\/07\/29\/paleo-festival-2016-jour-4\/les-insus-paleo-festival-nyon-22072016\/'><img loading=\"lazy\" decoding=\"async\" width=\"820\" height=\"547\" src=\"https:\/\/www.wallendorff.com\/belogue\/wp-content\/uploads\/2016\/07\/20160729-49.jpg\" class=\"attachment-large size-large\" alt=\"\" aria-describedby=\"gallery-1-31923\" srcset=\"https:\/\/www.wallendorff.com\/belogue\/wp-content\/uploads\/2016\/07\/20160729-49.jpg 820w, https:\/\/www.wallendorff.com\/belogue\/wp-content\/uploads\/2016\/07\/20160729-49-200x133.jpg 200w, https:\/\/www.wallendorff.com\/belogue\/wp-content\/uploads\/2016\/07\/20160729-49-300x200.jpg 300w, https:\/\/www.wallendorff.com\/belogue\/wp-content\/uploads\/2016\/07\/20160729-49-525x350.jpg 525w, https:\/\/www.wallendorff.com\/belogue\/wp-content\/uploads\/2016\/07\/20160729-49-600x400.jpg 600w\" sizes=\"(max-width: 820px) 100vw, 820px\" \/><\/a>\n\t\t\t<\/div>\n\t\t\t\t<figcaption class='wp-caption-text gallery-caption' id='gallery-1-31923'>\n\t\t\t\tLes Insus @ Pal\u00e9o Festival, Nyon, 22\/07\/2016\n\t\t\t\t<\/figcaption><\/figure><figure class='gallery-item'>\n\t\t\t<div class='gallery-icon landscape'>\n\t\t\t\t<a href='https:\/\/www.wallendorff.com\/belogue\/2016\/07\/29\/paleo-festival-2016-jour-4\/les-insus-paleo-festival-nyon-22072016-2\/'><img loading=\"lazy\" decoding=\"async\" width=\"820\" height=\"547\" src=\"https:\/\/www.wallendorff.com\/belogue\/wp-content\/uploads\/2016\/07\/20160729-50.jpg\" class=\"attachment-large size-large\" alt=\"\" aria-describedby=\"gallery-1-31924\" srcset=\"https:\/\/www.wallendorff.com\/belogue\/wp-content\/uploads\/2016\/07\/20160729-50.jpg 820w, https:\/\/www.wallendorff.com\/belogue\/wp-content\/uploads\/2016\/07\/20160729-50-200x133.jpg 200w, https:\/\/www.wallendorff.com\/belogue\/wp-content\/uploads\/2016\/07\/20160729-50-300x200.jpg 300w, https:\/\/www.wallendorff.com\/belogue\/wp-content\/uploads\/2016\/07\/20160729-50-525x350.jpg 525w, https:\/\/www.wallendorff.com\/belogue\/wp-content\/uploads\/2016\/07\/20160729-50-600x400.jpg 600w\" sizes=\"(max-width: 820px) 100vw, 820px\" \/><\/a>\n\t\t\t<\/div>\n\t\t\t\t<figcaption class='wp-caption-text gallery-caption' id='gallery-1-31924'>\n\t\t\t\tLes Insus @ Pal\u00e9o Festival, Nyon, 22\/07\/2016\n\t\t\t\t<\/figcaption><\/figure><figure class='gallery-item'>\n\t\t\t<div class='gallery-icon portrait'>\n\t\t\t\t<a href='https:\/\/www.wallendorff.com\/belogue\/2016\/07\/29\/paleo-festival-2016-jour-4\/les-insus-paleo-festival-nyon-22072016-3\/'><img loading=\"lazy\" decoding=\"async\" width=\"547\" height=\"820\" src=\"https:\/\/www.wallendorff.com\/belogue\/wp-content\/uploads\/2016\/07\/20160729-51.jpg\" class=\"attachment-large size-large\" alt=\"\" aria-describedby=\"gallery-1-31925\" srcset=\"https:\/\/www.wallendorff.com\/belogue\/wp-content\/uploads\/2016\/07\/20160729-51.jpg 547w, https:\/\/www.wallendorff.com\/belogue\/wp-content\/uploads\/2016\/07\/20160729-51-133x200.jpg 133w, https:\/\/www.wallendorff.com\/belogue\/wp-content\/uploads\/2016\/07\/20160729-51-200x300.jpg 200w, https:\/\/www.wallendorff.com\/belogue\/wp-content\/uploads\/2016\/07\/20160729-51-233x350.jpg 233w\" sizes=\"(max-width: 547px) 100vw, 547px\" \/><\/a>\n\t\t\t<\/div>\n\t\t\t\t<figcaption class='wp-caption-text gallery-caption' id='gallery-1-31925'>\n\t\t\t\tLes Insus @ Pal\u00e9o Festival, Nyon, 22\/07\/2016\n\t\t\t\t<\/figcaption><\/figure><figure class='gallery-item'>\n\t\t\t<div class='gallery-icon landscape'>\n\t\t\t\t<a href='https:\/\/www.wallendorff.com\/belogue\/2016\/07\/29\/paleo-festival-2016-jour-4\/les-insus-paleo-festival-nyon-22072016-4\/'><img loading=\"lazy\" decoding=\"async\" width=\"820\" height=\"547\" src=\"https:\/\/www.wallendorff.com\/belogue\/wp-content\/uploads\/2016\/07\/20160729-52.jpg\" class=\"attachment-large size-large\" alt=\"\" aria-describedby=\"gallery-1-31926\" srcset=\"https:\/\/www.wallendorff.com\/belogue\/wp-content\/uploads\/2016\/07\/20160729-52.jpg 820w, https:\/\/www.wallendorff.com\/belogue\/wp-content\/uploads\/2016\/07\/20160729-52-200x133.jpg 200w, https:\/\/www.wallendorff.com\/belogue\/wp-content\/uploads\/2016\/07\/20160729-52-300x200.jpg 300w, https:\/\/www.wallendorff.com\/belogue\/wp-content\/uploads\/2016\/07\/20160729-52-525x350.jpg 525w, https:\/\/www.wallendorff.com\/belogue\/wp-content\/uploads\/2016\/07\/20160729-52-600x400.jpg 600w\" sizes=\"(max-width: 820px) 100vw, 820px\" \/><\/a>\n\t\t\t<\/div>\n\t\t\t\t<figcaption class='wp-caption-text gallery-caption' id='gallery-1-31926'>\n\t\t\t\tLes Insus @ Pal\u00e9o Festival, Nyon, 22\/07\/2016\n\t\t\t\t<\/figcaption><\/figure><figure class='gallery-item'>\n\t\t\t<div class='gallery-icon landscape'>\n\t\t\t\t<a href='https:\/\/www.wallendorff.com\/belogue\/2016\/07\/29\/paleo-festival-2016-jour-4\/les-insus-paleo-festival-nyon-22072016-5\/'><img loading=\"lazy\" decoding=\"async\" width=\"820\" height=\"547\" src=\"https:\/\/www.wallendorff.com\/belogue\/wp-content\/uploads\/2016\/07\/20160729-53.jpg\" class=\"attachment-large size-large\" alt=\"\" aria-describedby=\"gallery-1-31927\" srcset=\"https:\/\/www.wallendorff.com\/belogue\/wp-content\/uploads\/2016\/07\/20160729-53.jpg 820w, https:\/\/www.wallendorff.com\/belogue\/wp-content\/uploads\/2016\/07\/20160729-53-200x133.jpg 200w, https:\/\/www.wallendorff.com\/belogue\/wp-content\/uploads\/2016\/07\/20160729-53-300x200.jpg 300w, https:\/\/www.wallendorff.com\/belogue\/wp-content\/uploads\/2016\/07\/20160729-53-525x350.jpg 525w, https:\/\/www.wallendorff.com\/belogue\/wp-content\/uploads\/2016\/07\/20160729-53-600x400.jpg 600w\" sizes=\"(max-width: 820px) 100vw, 820px\" \/><\/a>\n\t\t\t<\/div>\n\t\t\t\t<figcaption class='wp-caption-text gallery-caption' id='gallery-1-31927'>\n\t\t\t\tLes Insus @ Pal\u00e9o Festival, Nyon, 22\/07\/2016\n\t\t\t\t<\/figcaption><\/figure><figure class='gallery-item'>\n\t\t\t<div class='gallery-icon landscape'>\n\t\t\t\t<a href='https:\/\/www.wallendorff.com\/belogue\/2016\/07\/29\/paleo-festival-2016-jour-4\/les-insus-paleo-festival-nyon-22072016-6\/'><img loading=\"lazy\" decoding=\"async\" width=\"820\" height=\"547\" src=\"https:\/\/www.wallendorff.com\/belogue\/wp-content\/uploads\/2016\/07\/20160729-54.jpg\" class=\"attachment-large size-large\" alt=\"\" aria-describedby=\"gallery-1-31928\" srcset=\"https:\/\/www.wallendorff.com\/belogue\/wp-content\/uploads\/2016\/07\/20160729-54.jpg 820w, https:\/\/www.wallendorff.com\/belogue\/wp-content\/uploads\/2016\/07\/20160729-54-200x133.jpg 200w, https:\/\/www.wallendorff.com\/belogue\/wp-content\/uploads\/2016\/07\/20160729-54-300x200.jpg 300w, https:\/\/www.wallendorff.com\/belogue\/wp-content\/uploads\/2016\/07\/20160729-54-525x350.jpg 525w, https:\/\/www.wallendorff.com\/belogue\/wp-content\/uploads\/2016\/07\/20160729-54-600x400.jpg 600w\" sizes=\"(max-width: 820px) 100vw, 820px\" \/><\/a>\n\t\t\t<\/div>\n\t\t\t\t<figcaption class='wp-caption-text gallery-caption' id='gallery-1-31928'>\n\t\t\t\tLes Insus @ Pal\u00e9o Festival, Nyon, 22\/07\/2016\n\t\t\t\t<\/figcaption><\/figure><figure class='gallery-item'>\n\t\t\t<div class='gallery-icon landscape'>\n\t\t\t\t<a href='https:\/\/www.wallendorff.com\/belogue\/2016\/07\/29\/paleo-festival-2016-jour-4\/les-insus-paleo-festival-nyon-22072016-7\/'><img loading=\"lazy\" decoding=\"async\" width=\"820\" height=\"547\" src=\"https:\/\/www.wallendorff.com\/belogue\/wp-content\/uploads\/2016\/07\/20160729-55.jpg\" class=\"attachment-large size-large\" alt=\"\" aria-describedby=\"gallery-1-31929\" srcset=\"https:\/\/www.wallendorff.com\/belogue\/wp-content\/uploads\/2016\/07\/20160729-55.jpg 820w, https:\/\/www.wallendorff.com\/belogue\/wp-content\/uploads\/2016\/07\/20160729-55-200x133.jpg 200w, https:\/\/www.wallendorff.com\/belogue\/wp-content\/uploads\/2016\/07\/20160729-55-300x200.jpg 300w, https:\/\/www.wallendorff.com\/belogue\/wp-content\/uploads\/2016\/07\/20160729-55-525x350.jpg 525w, https:\/\/www.wallendorff.com\/belogue\/wp-content\/uploads\/2016\/07\/20160729-55-600x400.jpg 600w\" sizes=\"(max-width: 820px) 100vw, 820px\" \/><\/a>\n\t\t\t<\/div>\n\t\t\t\t<figcaption class='wp-caption-text gallery-caption' id='gallery-1-31929'>\n\t\t\t\tLes Insus @ Pal\u00e9o Festival, Nyon, 22\/07\/2016\n\t\t\t\t<\/figcaption><\/figure><figure class='gallery-item'>\n\t\t\t<div class='gallery-icon landscape'>\n\t\t\t\t<a href='https:\/\/www.wallendorff.com\/belogue\/2016\/07\/29\/paleo-festival-2016-jour-4\/les-insus-paleo-festival-nyon-22072016-8\/'><img loading=\"lazy\" decoding=\"async\" width=\"820\" height=\"547\" src=\"https:\/\/www.wallendorff.com\/belogue\/wp-content\/uploads\/2016\/07\/20160729-56.jpg\" class=\"attachment-large size-large\" alt=\"\" aria-describedby=\"gallery-1-31930\" srcset=\"https:\/\/www.wallendorff.com\/belogue\/wp-content\/uploads\/2016\/07\/20160729-56.jpg 820w, https:\/\/www.wallendorff.com\/belogue\/wp-content\/uploads\/2016\/07\/20160729-56-200x133.jpg 200w, https:\/\/www.wallendorff.com\/belogue\/wp-content\/uploads\/2016\/07\/20160729-56-300x200.jpg 300w, https:\/\/www.wallendorff.com\/belogue\/wp-content\/uploads\/2016\/07\/20160729-56-525x350.jpg 525w, https:\/\/www.wallendorff.com\/belogue\/wp-content\/uploads\/2016\/07\/20160729-56-600x400.jpg 600w\" sizes=\"(max-width: 820px) 100vw, 820px\" \/><\/a>\n\t\t\t<\/div>\n\t\t\t\t<figcaption class='wp-caption-text gallery-caption' id='gallery-1-31930'>\n\t\t\t\tLes Insus @ Pal\u00e9o Festival, Nyon, 22\/07\/2016\n\t\t\t\t<\/figcaption><\/figure><figure class='gallery-item'>\n\t\t\t<div class='gallery-icon landscape'>\n\t\t\t\t<a href='https:\/\/www.wallendorff.com\/belogue\/2016\/07\/29\/paleo-festival-2016-jour-4\/paleo-festival-nyon-22072016-25\/'><img loading=\"lazy\" decoding=\"async\" width=\"820\" height=\"547\" src=\"https:\/\/www.wallendorff.com\/belogue\/wp-content\/uploads\/2016\/07\/20160729-57.jpg\" class=\"attachment-large size-large\" alt=\"\" aria-describedby=\"gallery-1-31931\" srcset=\"https:\/\/www.wallendorff.com\/belogue\/wp-content\/uploads\/2016\/07\/20160729-57.jpg 820w, https:\/\/www.wallendorff.com\/belogue\/wp-content\/uploads\/2016\/07\/20160729-57-200x133.jpg 200w, https:\/\/www.wallendorff.com\/belogue\/wp-content\/uploads\/2016\/07\/20160729-57-300x200.jpg 300w, https:\/\/www.wallendorff.com\/belogue\/wp-content\/uploads\/2016\/07\/20160729-57-525x350.jpg 525w, https:\/\/www.wallendorff.com\/belogue\/wp-content\/uploads\/2016\/07\/20160729-57-600x400.jpg 600w\" sizes=\"(max-width: 820px) 100vw, 820px\" \/><\/a>\n\t\t\t<\/div>\n\t\t\t\t<figcaption class='wp-caption-text gallery-caption' id='gallery-1-31931'>\n\t\t\t\tPal\u00e9o Festival, Nyon, 22\/07\/2016\n\t\t\t\t<\/figcaption><\/figure><figure class='gallery-item'>\n\t\t\t<div class='gallery-icon portrait'>\n\t\t\t\t<a href='https:\/\/www.wallendorff.com\/belogue\/2016\/07\/29\/paleo-festival-2016-jour-4\/les-insus-paleo-festival-nyon-22072016-9\/'><img loading=\"lazy\" decoding=\"async\" width=\"547\" height=\"820\" src=\"https:\/\/www.wallendorff.com\/belogue\/wp-content\/uploads\/2016\/07\/20160729-58.jpg\" class=\"attachment-large size-large\" alt=\"\" aria-describedby=\"gallery-1-31932\" srcset=\"https:\/\/www.wallendorff.com\/belogue\/wp-content\/uploads\/2016\/07\/20160729-58.jpg 547w, https:\/\/www.wallendorff.com\/belogue\/wp-content\/uploads\/2016\/07\/20160729-58-133x200.jpg 133w, https:\/\/www.wallendorff.com\/belogue\/wp-content\/uploads\/2016\/07\/20160729-58-200x300.jpg 200w, https:\/\/www.wallendorff.com\/belogue\/wp-content\/uploads\/2016\/07\/20160729-58-233x350.jpg 233w\" sizes=\"(max-width: 547px) 100vw, 547px\" \/><\/a>\n\t\t\t<\/div>\n\t\t\t\t<figcaption class='wp-caption-text gallery-caption' id='gallery-1-31932'>\n\t\t\t\tLes Insus @ Pal\u00e9o Festival, Nyon, 22\/07\/2016\n\t\t\t\t<\/figcaption><\/figure><figure class='gallery-item'>\n\t\t\t<div class='gallery-icon landscape'>\n\t\t\t\t<a href='https:\/\/www.wallendorff.com\/belogue\/2016\/07\/29\/paleo-festival-2016-jour-4\/paleo-festival-nyon-22072016-26\/'><img loading=\"lazy\" decoding=\"async\" width=\"820\" height=\"547\" src=\"https:\/\/www.wallendorff.com\/belogue\/wp-content\/uploads\/2016\/07\/20160729-59.jpg\" class=\"attachment-large size-large\" alt=\"\" aria-describedby=\"gallery-1-31933\" srcset=\"https:\/\/www.wallendorff.com\/belogue\/wp-content\/uploads\/2016\/07\/20160729-59.jpg 820w, https:\/\/www.wallendorff.com\/belogue\/wp-content\/uploads\/2016\/07\/20160729-59-200x133.jpg 200w, https:\/\/www.wallendorff.com\/belogue\/wp-content\/uploads\/2016\/07\/20160729-59-300x200.jpg 300w, https:\/\/www.wallendorff.com\/belogue\/wp-content\/uploads\/2016\/07\/20160729-59-525x350.jpg 525w, https:\/\/www.wallendorff.com\/belogue\/wp-content\/uploads\/2016\/07\/20160729-59-600x400.jpg 600w\" sizes=\"(max-width: 820px) 100vw, 820px\" \/><\/a>\n\t\t\t<\/div>\n\t\t\t\t<figcaption class='wp-caption-text gallery-caption' id='gallery-1-31933'>\n\t\t\t\tPal\u00e9o Festival, Nyon, 22\/07\/2016\n\t\t\t\t<\/figcaption><\/figure><figure class='gallery-item'>\n\t\t\t<div class='gallery-icon landscape'>\n\t\t\t\t<a href='https:\/\/www.wallendorff.com\/belogue\/2016\/07\/29\/paleo-festival-2016-jour-4\/les-insus-paleo-festival-nyon-22072016-10\/'><img loading=\"lazy\" decoding=\"async\" width=\"820\" height=\"547\" src=\"https:\/\/www.wallendorff.com\/belogue\/wp-content\/uploads\/2016\/07\/20160729-60.jpg\" class=\"attachment-large size-large\" alt=\"\" aria-describedby=\"gallery-1-31934\" srcset=\"https:\/\/www.wallendorff.com\/belogue\/wp-content\/uploads\/2016\/07\/20160729-60.jpg 820w, https:\/\/www.wallendorff.com\/belogue\/wp-content\/uploads\/2016\/07\/20160729-60-200x133.jpg 200w, https:\/\/www.wallendorff.com\/belogue\/wp-content\/uploads\/2016\/07\/20160729-60-300x200.jpg 300w, https:\/\/www.wallendorff.com\/belogue\/wp-content\/uploads\/2016\/07\/20160729-60-525x350.jpg 525w, https:\/\/www.wallendorff.com\/belogue\/wp-content\/uploads\/2016\/07\/20160729-60-600x400.jpg 600w\" sizes=\"(max-width: 820px) 100vw, 820px\" \/><\/a>\n\t\t\t<\/div>\n\t\t\t\t<figcaption class='wp-caption-text gallery-caption' id='gallery-1-31934'>\n\t\t\t\tLes Insus @ Pal\u00e9o Festival, Nyon, 22\/07\/2016\n\t\t\t\t<\/figcaption><\/figure><figure class='gallery-item'>\n\t\t\t<div class='gallery-icon portrait'>\n\t\t\t\t<a href='https:\/\/www.wallendorff.com\/belogue\/2016\/07\/29\/paleo-festival-2016-jour-4\/les-insus-paleo-festival-nyon-22072016-11\/'><img loading=\"lazy\" decoding=\"async\" width=\"547\" height=\"820\" src=\"https:\/\/www.wallendorff.com\/belogue\/wp-content\/uploads\/2016\/07\/20160729-61.jpg\" class=\"attachment-large size-large\" alt=\"\" aria-describedby=\"gallery-1-31935\" srcset=\"https:\/\/www.wallendorff.com\/belogue\/wp-content\/uploads\/2016\/07\/20160729-61.jpg 547w, https:\/\/www.wallendorff.com\/belogue\/wp-content\/uploads\/2016\/07\/20160729-61-133x200.jpg 133w, https:\/\/www.wallendorff.com\/belogue\/wp-content\/uploads\/2016\/07\/20160729-61-200x300.jpg 200w, https:\/\/www.wallendorff.com\/belogue\/wp-content\/uploads\/2016\/07\/20160729-61-233x350.jpg 233w\" sizes=\"(max-width: 547px) 100vw, 547px\" \/><\/a>\n\t\t\t<\/div>\n\t\t\t\t<figcaption class='wp-caption-text gallery-caption' id='gallery-1-31935'>\n\t\t\t\tLes Insus @ Pal\u00e9o Festival, Nyon, 22\/07\/2016\n\t\t\t\t<\/figcaption><\/figure><figure class='gallery-item'>\n\t\t\t<div class='gallery-icon landscape'>\n\t\t\t\t<a href='https:\/\/www.wallendorff.com\/belogue\/2016\/07\/29\/paleo-festival-2016-jour-4\/paleo-festival-nyon-22072016-27\/'><img loading=\"lazy\" decoding=\"async\" width=\"820\" height=\"547\" src=\"https:\/\/www.wallendorff.com\/belogue\/wp-content\/uploads\/2016\/07\/20160729-62.jpg\" class=\"attachment-large size-large\" alt=\"\" aria-describedby=\"gallery-1-31936\" srcset=\"https:\/\/www.wallendorff.com\/belogue\/wp-content\/uploads\/2016\/07\/20160729-62.jpg 820w, https:\/\/www.wallendorff.com\/belogue\/wp-content\/uploads\/2016\/07\/20160729-62-200x133.jpg 200w, https:\/\/www.wallendorff.com\/belogue\/wp-content\/uploads\/2016\/07\/20160729-62-300x200.jpg 300w, https:\/\/www.wallendorff.com\/belogue\/wp-content\/uploads\/2016\/07\/20160729-62-525x350.jpg 525w, https:\/\/www.wallendorff.com\/belogue\/wp-content\/uploads\/2016\/07\/20160729-62-600x400.jpg 600w\" sizes=\"(max-width: 820px) 100vw, 820px\" \/><\/a>\n\t\t\t<\/div>\n\t\t\t\t<figcaption class='wp-caption-text gallery-caption' id='gallery-1-31936'>\n\t\t\t\tPal\u00e9o Festival, Nyon, 22\/07\/2016\n\t\t\t\t<\/figcaption><\/figure><figure class='gallery-item'>\n\t\t\t<div class='gallery-icon portrait'>\n\t\t\t\t<a href='https:\/\/www.wallendorff.com\/belogue\/2016\/07\/29\/paleo-festival-2016-jour-4\/les-insus-paleo-festival-nyon-22072016-12\/'><img loading=\"lazy\" decoding=\"async\" width=\"547\" height=\"820\" src=\"https:\/\/www.wallendorff.com\/belogue\/wp-content\/uploads\/2016\/07\/20160729-63.jpg\" class=\"attachment-large size-large\" alt=\"\" aria-describedby=\"gallery-1-31937\" srcset=\"https:\/\/www.wallendorff.com\/belogue\/wp-content\/uploads\/2016\/07\/20160729-63.jpg 547w, https:\/\/www.wallendorff.com\/belogue\/wp-content\/uploads\/2016\/07\/20160729-63-133x200.jpg 133w, https:\/\/www.wallendorff.com\/belogue\/wp-content\/uploads\/2016\/07\/20160729-63-200x300.jpg 200w, https:\/\/www.wallendorff.com\/belogue\/wp-content\/uploads\/2016\/07\/20160729-63-233x350.jpg 233w\" sizes=\"(max-width: 547px) 100vw, 547px\" \/><\/a>\n\t\t\t<\/div>\n\t\t\t\t<figcaption class='wp-caption-text gallery-caption' id='gallery-1-31937'>\n\t\t\t\tLes Insus @ Pal\u00e9o Festival, Nyon, 22\/07\/2016\n\t\t\t\t<\/figcaption><\/figure><figure class='gallery-item'>\n\t\t\t<div class='gallery-icon landscape'>\n\t\t\t\t<a href='https:\/\/www.wallendorff.com\/belogue\/2016\/07\/29\/paleo-festival-2016-jour-4\/les-insus-paleo-festival-nyon-22072016-13\/'><img loading=\"lazy\" decoding=\"async\" width=\"820\" height=\"547\" src=\"https:\/\/www.wallendorff.com\/belogue\/wp-content\/uploads\/2016\/07\/20160729-64.jpg\" class=\"attachment-large size-large\" alt=\"\" aria-describedby=\"gallery-1-31938\" srcset=\"https:\/\/www.wallendorff.com\/belogue\/wp-content\/uploads\/2016\/07\/20160729-64.jpg 820w, https:\/\/www.wallendorff.com\/belogue\/wp-content\/uploads\/2016\/07\/20160729-64-200x133.jpg 200w, https:\/\/www.wallendorff.com\/belogue\/wp-content\/uploads\/2016\/07\/20160729-64-300x200.jpg 300w, https:\/\/www.wallendorff.com\/belogue\/wp-content\/uploads\/2016\/07\/20160729-64-525x350.jpg 525w, https:\/\/www.wallendorff.com\/belogue\/wp-content\/uploads\/2016\/07\/20160729-64-600x400.jpg 600w\" sizes=\"(max-width: 820px) 100vw, 820px\" \/><\/a>\n\t\t\t<\/div>\n\t\t\t\t<figcaption class='wp-caption-text gallery-caption' id='gallery-1-31938'>\n\t\t\t\tLes Insus @ Pal\u00e9o Festival, Nyon, 22\/07\/2016\n\t\t\t\t<\/figcaption><\/figure>\n\t\t<\/div>\n\n","protected":false},"excerpt":{"rendered":"<p>L&rsquo;int&eacute;gralit&eacute; des photos est disponible sur ce lien.<\/p>\n","protected":false},"author":1,"featured_media":32001,"comment_status":"open","ping_status":"open","sticky":false,"template":"","format":"standard","meta":{"_acf_changed":false,"ngg_post_thumbnail":0,"jetpack_post_was_ever_published":false,"_jetpack_newsletter_access":"","_jetpack_dont_email_post_to_subs":false,"_jetpack_newsletter_tier_id":0,"_jetpack_memberships_contains_paywalled_content":false,"_jetpack_memberships_contains_paid_content":false,"footnotes":"","jetpack_publicize_message":"","jetpack_publicize_feature_enabled":true,"jetpack_social_post_already_shared":true,"jetpack_social_options":{"image_generator_settings":{"template":"highway","default_image_id":0,"font":"","enabled":false},"version":2}},"categories":[7],"tags":[12813,10084,6103,11424,8170,181,6766,8351,10887,12029,7859,10136,11109,13079,3045,10449,1708,13152,12099,10135,8243,10886,13083,10007],"class_list":["post-31873","post","type-post","status-publish","format-standard","has-post-thumbnail","hentry","category-alive","tag-12813","tag-alive","tag-ambiance-2","tag-bastille-groupe","tag-ef-24-70-mm-f2-8l-ii-usm","tag-ef-70-200-mm-f28l-usm","tag-eos-5d-mark-iii","tag-eos-6d","tag-canton-de-vaud","tag-deluxe","tag-district-de-nyon","tag-festival","tag-giedre","tag-les-insus","tag-lilly-wood-and-the-prick","tag-nyon","tag-paleo-festival","tag-paleo-festival-2016","tag-plaine-de-lasse","tag-public","tag-sigma-15-mm-f2-8-ex-dg-diagonal-fish-eye","tag-suisse","tag-telephone-groupe","tag-trelex"],"acf":[],"geo":{"latitude":46.4043083,"longitude":6.2068462,"description":"Signy, Canton de Vaud, 1274, CH"},"jetpack_publicize_connections":[],"jetpack_featured_media_url":"https:\/\/www.wallendorff.com\/belogue\/wp-content\/uploads\/2016\/07\/20160729-64-1.jpg","jetpack_shortlink":"https:\/\/wp.me\/p3b35P-8i5","jetpack_sharing_enabled":true,"jetpack-related-posts":[{"id":129565,"url":"https:\/\/www.wallendorff.com\/belogue\/2024\/07\/26\/paleo-festival-2024-nyon-jour-3\/","url_meta":{"origin":31873,"position":0},"title":"Pal\u00e9o Festival 2024, Nyon, jour 3.","author":"dpc","date":"26 juillet 2024","format":false,"excerpt":"Ambiance, Pal\u00e9o Festival Nyon 2024 Ambiance, Pal\u00e9o Festival Nyon 2024 Ambiance, Pal\u00e9o Festival Nyon 2024 Ambiance, Pal\u00e9o Festival Nyon 2024 Ambiance, Pal\u00e9o Festival Nyon 2024 Ambiance, Pal\u00e9o Festival Nyon 2024 Ambiance, Pal\u00e9o Festival Nyon 2024 Ambiance, Pal\u00e9o Festival Nyon 2024","rel":"","context":"Dans &quot;Alive&quot;","block_context":{"text":"Alive","link":"https:\/\/www.wallendorff.com\/belogue\/category\/alive\/"},"img":{"alt_text":"","src":"https:\/\/i0.wp.com\/www.wallendorff.com\/belogue\/wp-content\/uploads\/2024\/07\/20240726-55.jpg?resize=350%2C200&ssl=1","width":350,"height":200,"srcset":"https:\/\/i0.wp.com\/www.wallendorff.com\/belogue\/wp-content\/uploads\/2024\/07\/20240726-55.jpg?resize=350%2C200&ssl=1 1x, https:\/\/i0.wp.com\/www.wallendorff.com\/belogue\/wp-content\/uploads\/2024\/07\/20240726-55.jpg?resize=525%2C300&ssl=1 1.5x, https:\/\/i0.wp.com\/www.wallendorff.com\/belogue\/wp-content\/uploads\/2024\/07\/20240726-55.jpg?resize=700%2C400&ssl=1 2x, https:\/\/i0.wp.com\/www.wallendorff.com\/belogue\/wp-content\/uploads\/2024\/07\/20240726-55.jpg?resize=1050%2C600&ssl=1 3x"},"classes":[]},{"id":129644,"url":"https:\/\/www.wallendorff.com\/belogue\/2024\/07\/27\/paleo-festival-2024-nyon-jour-4\/","url_meta":{"origin":31873,"position":1},"title":"Pal\u00e9o Festival 2024, Nyon, jour 4.","author":"dpc","date":"27 juillet 2024","format":false,"excerpt":"","rel":"","context":"Dans &quot;Alive&quot;","block_context":{"text":"Alive","link":"https:\/\/www.wallendorff.com\/belogue\/category\/alive\/"},"img":{"alt_text":"","src":"https:\/\/i0.wp.com\/www.wallendorff.com\/belogue\/wp-content\/uploads\/2024\/07\/20240727-27.jpg?resize=350%2C200&ssl=1","width":350,"height":200,"srcset":"https:\/\/i0.wp.com\/www.wallendorff.com\/belogue\/wp-content\/uploads\/2024\/07\/20240727-27.jpg?resize=350%2C200&ssl=1 1x, https:\/\/i0.wp.com\/www.wallendorff.com\/belogue\/wp-content\/uploads\/2024\/07\/20240727-27.jpg?resize=525%2C300&ssl=1 1.5x, https:\/\/i0.wp.com\/www.wallendorff.com\/belogue\/wp-content\/uploads\/2024\/07\/20240727-27.jpg?resize=700%2C400&ssl=1 2x, https:\/\/i0.wp.com\/www.wallendorff.com\/belogue\/wp-content\/uploads\/2024\/07\/20240727-27.jpg?resize=1050%2C600&ssl=1 3x"},"classes":[]},{"id":129779,"url":"https:\/\/www.wallendorff.com\/belogue\/2024\/07\/30\/paleo-festival-2024-nyon-jour-6\/","url_meta":{"origin":31873,"position":2},"title":"Pal\u00e9o Festival 2024, Nyon, jour 6.","author":"dpc","date":"30 juillet 2024","format":false,"excerpt":"","rel":"","context":"Dans &quot;Alive&quot;","block_context":{"text":"Alive","link":"https:\/\/www.wallendorff.com\/belogue\/category\/alive\/"},"img":{"alt_text":"","src":"https:\/\/i0.wp.com\/www.wallendorff.com\/belogue\/wp-content\/uploads\/2024\/07\/20240729-35.jpg?resize=350%2C200&ssl=1","width":350,"height":200,"srcset":"https:\/\/i0.wp.com\/www.wallendorff.com\/belogue\/wp-content\/uploads\/2024\/07\/20240729-35.jpg?resize=350%2C200&ssl=1 1x, https:\/\/i0.wp.com\/www.wallendorff.com\/belogue\/wp-content\/uploads\/2024\/07\/20240729-35.jpg?resize=525%2C300&ssl=1 1.5x, https:\/\/i0.wp.com\/www.wallendorff.com\/belogue\/wp-content\/uploads\/2024\/07\/20240729-35.jpg?resize=700%2C400&ssl=1 2x, https:\/\/i0.wp.com\/www.wallendorff.com\/belogue\/wp-content\/uploads\/2024\/07\/20240729-35.jpg?resize=1050%2C600&ssl=1 3x"},"classes":[]},{"id":42794,"url":"https:\/\/www.wallendorff.com\/belogue\/2019\/07\/25\/paleo-festival-2019-nyon-jour-2\/","url_meta":{"origin":31873,"position":3},"title":"Pal\u00e9o Festival 2019, Nyon, jour 2.","author":"dpc","date":"25 juillet 2019","format":false,"excerpt":"","rel":"","context":"Dans &quot;Alive&quot;","block_context":{"text":"Alive","link":"https:\/\/www.wallendorff.com\/belogue\/category\/alive\/"},"img":{"alt_text":"","src":"https:\/\/i0.wp.com\/www.wallendorff.com\/belogue\/wp-content\/uploads\/2019\/07\/20190725-64.jpg?resize=350%2C200&ssl=1","width":350,"height":200,"srcset":"https:\/\/i0.wp.com\/www.wallendorff.com\/belogue\/wp-content\/uploads\/2019\/07\/20190725-64.jpg?resize=350%2C200&ssl=1 1x, https:\/\/i0.wp.com\/www.wallendorff.com\/belogue\/wp-content\/uploads\/2019\/07\/20190725-64.jpg?resize=525%2C300&ssl=1 1.5x, https:\/\/i0.wp.com\/www.wallendorff.com\/belogue\/wp-content\/uploads\/2019\/07\/20190725-64.jpg?resize=700%2C400&ssl=1 2x, https:\/\/i0.wp.com\/www.wallendorff.com\/belogue\/wp-content\/uploads\/2019\/07\/20190725-64.jpg?resize=1050%2C600&ssl=1 3x"},"classes":[]},{"id":46270,"url":"https:\/\/www.wallendorff.com\/belogue\/2020\/07\/23\/8-ans-de-paleo-festival-2016\/","url_meta":{"origin":31873,"position":4},"title":"8 ans de Pal\u00e9o Festival : 2016","author":"dpc","date":"23 juillet 2020","format":false,"excerpt":"","rel":"","context":"Dans &quot;Alive&quot;","block_context":{"text":"Alive","link":"https:\/\/www.wallendorff.com\/belogue\/category\/alive\/"},"img":{"alt_text":"","src":"https:\/\/i0.wp.com\/www.wallendorff.com\/belogue\/wp-content\/uploads\/2020\/07\/20200723-04.jpg?resize=350%2C200&ssl=1","width":350,"height":200,"srcset":"https:\/\/i0.wp.com\/www.wallendorff.com\/belogue\/wp-content\/uploads\/2020\/07\/20200723-04.jpg?resize=350%2C200&ssl=1 1x, https:\/\/i0.wp.com\/www.wallendorff.com\/belogue\/wp-content\/uploads\/2020\/07\/20200723-04.jpg?resize=525%2C300&ssl=1 1.5x, https:\/\/i0.wp.com\/www.wallendorff.com\/belogue\/wp-content\/uploads\/2020\/07\/20200723-04.jpg?resize=700%2C400&ssl=1 2x, https:\/\/i0.wp.com\/www.wallendorff.com\/belogue\/wp-content\/uploads\/2020\/07\/20200723-04.jpg?resize=1050%2C600&ssl=1 3x"},"classes":[]},{"id":43204,"url":"https:\/\/www.wallendorff.com\/belogue\/2019\/07\/30\/paleo-festival-2019-nyon-jour-6\/","url_meta":{"origin":31873,"position":5},"title":"Pal\u00e9o Festival 2019, Nyon, jour 6.","author":"dpc","date":"30 juillet 2019","format":false,"excerpt":"","rel":"","context":"Dans &quot;Alive&quot;","block_context":{"text":"Alive","link":"https:\/\/www.wallendorff.com\/belogue\/category\/alive\/"},"img":{"alt_text":"","src":"https:\/\/i0.wp.com\/www.wallendorff.com\/belogue\/wp-content\/uploads\/2019\/07\/20190730-54.jpg?resize=350%2C200&ssl=1","width":350,"height":200,"srcset":"https:\/\/i0.wp.com\/www.wallendorff.com\/belogue\/wp-content\/uploads\/2019\/07\/20190730-54.jpg?resize=350%2C200&ssl=1 1x, https:\/\/i0.wp.com\/www.wallendorff.com\/belogue\/wp-content\/uploads\/2019\/07\/20190730-54.jpg?resize=525%2C300&ssl=1 1.5x, https:\/\/i0.wp.com\/www.wallendorff.com\/belogue\/wp-content\/uploads\/2019\/07\/20190730-54.jpg?resize=700%2C400&ssl=1 2x, https:\/\/i0.wp.com\/www.wallendorff.com\/belogue\/wp-content\/uploads\/2019\/07\/20190730-54.jpg?resize=1050%2C600&ssl=1 3x"},"classes":[]}],"_links":{"self":[{"href":"https:\/\/www.wallendorff.com\/belogue\/wp-json\/wp\/v2\/posts\/31873","targetHints":{"allow":["GET"]}}],"collection":[{"href":"https:\/\/www.wallendorff.com\/belogue\/wp-json\/wp\/v2\/posts"}],"about":[{"href":"https:\/\/www.wallendorff.com\/belogue\/wp-json\/wp\/v2\/types\/post"}],"author":[{"embeddable":true,"href":"https:\/\/www.wallendorff.com\/belogue\/wp-json\/wp\/v2\/users\/1"}],"replies":[{"embeddable":true,"href":"https:\/\/www.wallendorff.com\/belogue\/wp-json\/wp\/v2\/comments?post=31873"}],"version-history":[{"count":3,"href":"https:\/\/www.wallendorff.com\/belogue\/wp-json\/wp\/v2\/posts\/31873\/revisions"}],"predecessor-version":[{"id":32026,"href":"https:\/\/www.wallendorff.com\/belogue\/wp-json\/wp\/v2\/posts\/31873\/revisions\/32026"}],"wp:featuredmedia":[{"embeddable":true,"href":"https:\/\/www.wallendorff.com\/belogue\/wp-json\/wp\/v2\/media\/32001"}],"wp:attachment":[{"href":"https:\/\/www.wallendorff.com\/belogue\/wp-json\/wp\/v2\/media?parent=31873"}],"wp:term":[{"taxonomy":"category","embeddable":true,"href":"https:\/\/www.wallendorff.com\/belogue\/wp-json\/wp\/v2\/categories?post=31873"},{"taxonomy":"post_tag","embeddable":true,"href":"https:\/\/www.wallendorff.com\/belogue\/wp-json\/wp\/v2\/tags?post=31873"}],"curies":[{"name":"wp","href":"https:\/\/api.w.org\/{rel}","templated":true}]}}